{"id":775,"date":"2020-06-15T08:33:47","date_gmt":"2020-06-15T08:33:47","guid":{"rendered":"https:\/\/fpvoleibol.pt\/fpv\/?p=775"},"modified":"2020-06-17T08:35:13","modified_gmt":"2020-06-17T08:35:13","slug":"orgaos-sociais-da-fpv-tomaram-posse-para-enfrentar-o-maior-desafio-de-sempre","status":"publish","type":"post","link":"https:\/\/fpvoleibol.pt\/fpv\/2020\/06\/15\/orgaos-sociais-da-fpv-tomaram-posse-para-enfrentar-o-maior-desafio-de-sempre\/","title":{"rendered":"\u00d3RG\u00c3OS SOCIAIS DA FPV TOMARAM POSSE PARA ENFRENTAR O MAIOR DESAFIO DE SEMPRE"},"content":{"rendered":"<p class=\"descricaonoticia\" align=\"center\"><img loading=\"lazy\" decoding=\"async\" src=\"https:\/\/www.fpvoleibol.pt\/noticias\/2020\/imagens\/tomada_posse_2020_b.jpg\" width=\"480\" height=\"270\" border=\"1\" \/><\/p>\n<p class=\"descricaonoticia\" align=\"justify\">Os\u00a0<a href=\"https:\/\/www.fpvoleibol.pt\/orgaos_sociais.php\" target=\"_blank\" rel=\"noopener noreferrer\">\u00d3rg\u00e3os Sociais<\/a>\u00a0da Federa\u00e7\u00e3o Portuguesa de Voleibol (FPV) para o quadri\u00e9nio 2020-2024, eleitos no passado dia 6, tomaram posse hoje, em cerim\u00f3nia realizada no anfiteatro da sede federativa.<br \/>\nComo n\u00e3o podia deixar de ser, foi uma cerim\u00f3nia marcada pelas condicionantes originadas pela pandemia de Covid-19, sem convidados e com as medidas de seguran\u00e7a aconselhadas pela Direc\u00e7\u00e3o Geral de Sa\u00fade.<\/p>\n<p class=\"auto-style6\"><img loading=\"lazy\" decoding=\"async\" class=\"aligncenter\" src=\"https:\/\/www.fpvoleibol.pt\/noticias\/2020\/imagens\/tomada_VA.jpg\" width=\"480\" height=\"270\" border=\"1\" \/><\/p>\n<p class=\"descricaonoticia\" align=\"justify\">A Direc\u00e7\u00e3o da FPV volta a ser liderada por\u00a0<strong>Vicente Ara\u00fajo<\/strong>, Presidente federativo de 1996 a 2016 e Vice-Presidente Executivo da FPV em 2016\/2020.<br \/>\nNo seu discurso de tomada de posse para o quinto mandato, o Presidente (re)eleito relembrou o facto de a Direc\u00e7\u00e3o liderada por si de 1996 a 2016 ter superado, com \u00eaxito, outras crises econ\u00f3micas, mas que este ser\u00e1 o maior desafio enfrentado pela modalidade, j\u00e1 que \u201c<em>esta \u00e9 uma crise diferente das outras, pois junta \u00e0 crise econ\u00f3mica a crise desportiva, provocada pela aus\u00eancia da competi\u00e7\u00e3o, o que causa transtornos enormes e coloca em perigo o apoio dos sponsors\u201d<\/em>.<\/p>\n<p class=\"descricaonoticia\" align=\"justify\">Contudo, e fiel aos seus princ\u00edpios de nunca voltar a cara \u00e0 luta, o Presidente da FPV mostra-se confiante em quem o rodeia e exorta \u00e0 uni\u00e3o da Fam\u00edlia do Voleibol, pois ser\u00e1 \u201c<em>juntos que construiremos o futuro<\/em>\u201d da modalidade.<\/p>\n<p class=\"descricaonoticia\" align=\"justify\">\u201c<em>Ao assumir a Presid\u00eancia da FPV, cumpre-me agradecer \u00e0queles que me elegeram, que em mim depositaram a sua confian\u00e7a, e afirmar que, em colabora\u00e7\u00e3o com os outros \u00d3rg\u00e3os, irei exercer o cargo para o qual acabo de ser empossado com todo o meu empenho e responsabilidade, no cumprimento rigoroso dos estatutos e dos regulamentos.<br \/>\nQuero agradecer, igualmente, a todos aqueles que, ap\u00f3s as elei\u00e7\u00f5es, me enviaram mensagens de apoio<\/em>\u201d, referiu, lembrando:<br \/>\n\u201c<em>No momento em que o Pa\u00eds e o mundo atravessam uma grave crise econ\u00f3mica, fica o compromisso de sempre procurar responder de forma assertiva aos desafios com que nos fomos deparando e, em equipa, trabalhar por forma a servir com qualidade o Voleibol nacional, visando a excel\u00eancia como meta a atingir<\/em>\u201d.<\/p>\n<p class=\"descricaonoticia\" align=\"justify\">No momento de enfrentar o \u201c<em>maior desafio j\u00e1 enfrentado<\/em>\u201d pela modalidade, Vicente Ara\u00fajo mostra-se realista mas igualmente confiante na resposta que ser\u00e1 dada:<br \/>\n\u201c<em>Sabemos que n\u00e3o vai ser f\u00e1cil, que vamos encontrar pela frente muitos e dif\u00edceis desafios para vencer. Mas n\u00e3o iremos perder tempo, nem energias, com o \u00abacess\u00f3rio\u00bb.<br \/>\nSabemos que o sucesso se constr\u00f3i no desafio de n\u00f3s pr\u00f3prios, na capacidade de lan\u00e7armos novas ideias, de enfrentarmos os nossos receios.<br \/>\nTrabalharemos, pois, afincadamente para continuar a fazer crescer a nossa modalidade.<br \/>\nE o que quer que fa\u00e7amos, iremos sempre faz\u00ea-lo de acordo com princ\u00edpios que consideramos fundamentais: o rigor, o respeito pelos compromissos assumidos, a transpar\u00eancia de processos, a consci\u00eancia da nossa fun\u00e7\u00e3o social<\/em>\u201d.<\/p>\n<p class=\"descricaonoticia\" align=\"justify\">E fica a promessa:<br \/>\n\u201c<em>A nossa actua\u00e7\u00e3o ser\u00e1 sempre baseada em crit\u00e9rios de boa governan\u00e7a, numa Direc\u00e7\u00e3o, administra\u00e7\u00e3o e gest\u00e3o desportiva e financeira eficazes, na capacidade de explora\u00e7\u00e3o de oportunidades comerciais geradas pelos eventos desportivos, na constitui\u00e7\u00e3o de parcerias com as Autarquias Amigas e outras institui\u00e7\u00f5es.<br \/>\nPretendemos refor\u00e7ar, diversificar e continuar a inovar com outras formas de relacionamento e de coopera\u00e7\u00e3o prof\u00edcua com os dirigentes associativos, com os dirigentes dos clubes e com os representantes das associa\u00e7\u00f5es de treinadores e de \u00e1rbitros, no sentido da afirma\u00e7\u00e3o do Voleibol no quadro do Desporto nacional; da consolida\u00e7\u00e3o da sua presen\u00e7a na Europa e no mundo; da reafirma\u00e7\u00e3o do Voleibol como uma marca, como um produto atraente para os \u00abMedia\u00bb e para os agentes econ\u00f3micos.<br \/>\nPropomo-nos, neste momento dif\u00edcil e sem paralelo, enfrentar esta nova era de responsabilidade conjugando efic\u00e1cia com valores e efici\u00eancia com sucesso.<br \/>\n\u00c9 com todos aqueles que sentem e vivem o Voleibol, que eu e a minha equipa temos plena convic\u00e7\u00e3o de que conseguiremos ultrapassar e vencer a crise.<br \/>\nEstou certo que dela sairemos mais fortes e com um Voleibol de que todos se possam orgulhar e do qual todos, sem excep\u00e7\u00e3o, ser\u00e3o parte integrante, pois ser\u00e1 juntos que construiremos o futuro do Voleibo<\/em>l\u201d.<\/p>\n<p class=\"descricaonoticia\" align=\"justify\">Ver composi\u00e7\u00e3o dos \u00d3rg\u00e3os Sociais\u00a0<a href=\"https:\/\/www.fpvoleibol.pt\/orgaos_sociais.php\" target=\"_blank\" rel=\"noopener noreferrer\">aqui<\/a><\/p>\n<p class=\"auto-style6\"><img loading=\"lazy\" decoding=\"async\" class=\"aligncenter\" src=\"https:\/\/www.fpvoleibol.pt\/noticias\/2020\/imagens\/tomada_posse_2020.jpg\" width=\"480\" height=\"270\" border=\"1\" \/><\/p>\n<p class=\"descricaonoticia\" align=\"justify\">Avelino Azevedo, Presidente do Conselho de Arbitragem da FPV, afina pelo mesmo diapas\u00e3o:<br \/>\n\u201c<em>Naturalmente que, neste momento, a nossa prioridade ser\u00e1 a de ultrapassarmos esta crise, mas vamos fazer uma aposta forte na forma\u00e7\u00e3o, introduzindo de forma inovadora a forma\u00e7\u00e3o cont\u00ednua, como temos vindo a fazer, atrav\u00e9s de videoconfer\u00eancias, nesta s\u00e9rie de sucesso de \u00abUm Apito com\u2026\u00bb, fazendo a revis\u00e3o e cria\u00e7\u00e3o de novas no\u00e7\u00f5es e conceitos no Manual de Forma\u00e7\u00e3o de Arbitragem, em articula\u00e7\u00e3o com a maioria dos nossos \u00e1rbitros internacionais e com o Departamento de Forma\u00e7\u00e3o.<br \/>\nNeste mandato renovado e perante os sinais positivos de mudan\u00e7a que implement\u00e1mos no \u00faltimo quadri\u00e9nio, a equipa do Conselho de Arbitragem vai continuar a apostar na transpar\u00eancia, na partilha e no di\u00e1logo com todos interlocutores do Voleibol e do Desporto, dentro e principalmente fora da estrutura federativa, no sentido de continuarmos a receber e articular os respectivos contributos, visando o desenvolvimento da arbitragem portuguesa nacional e internacional, e assim, consequentemente, contribuindo para a melhoria do nosso Voleibol e Voleibol de Praia<\/em>\u201d.<\/p>\n<p class=\"auto-style6\"><img loading=\"lazy\" decoding=\"async\" class=\"aligncenter\" src=\"https:\/\/www.fpvoleibol.pt\/noticias\/2020\/imagens\/VA_foto_sede.jpg\" width=\"480\" height=\"270\" border=\"1\" \/><\/p>\n<p class=\"descricaonoticia\" align=\"justify\">Eleito pela primeira vez para a Presid\u00eancia do organismo que tutela o Voleibol a n\u00edvel nacional, em 1996, cargo que desempenhou at\u00e9 2016,\u00a0<strong>Vicente Ara\u00fajo<\/strong>, que recebeu a Medalha de M\u00e9rito Desportivo atribu\u00edda pelo Governo em 2005, tamb\u00e9m desempenha cargos de elevada import\u00e2ncia noutros organismos, como o Comit\u00e9 Ol\u00edmpico de Portugal (COP), do qual \u00e9 Vice-Presidente, e a n\u00edvel mundial na Federa\u00e7\u00e3o Internacional de Voleibol (FIVB), onde \u00e9 Membro do Conselho Executivo respons\u00e1vel pelo Voleibol de Praia e Presidente da Comiss\u00e3o de Voleibol de Praia e do Conselho Mundial.<br \/>\nVicente Ara\u00fajo \u00e9, tamb\u00e9m, Supervisor da Liga Mundial desde 1994 e Presidente da Western European Volleyball Zonal Association (WEVZA), tendo sido Membro do Comit\u00e9 de Controlo dos Jogos Ol\u00edmpicos de 1996 a 2016 e desempenha actualmente o cargo de Delegado T\u00e9cnico do Voleibol de Praia naquele que \u00e9 considerado \u00abo maior espect\u00e1culo desportivo do mundo\u00bb.<br \/>\n\u00c9 ainda o respons\u00e1vel m\u00e1ximo pela organiza\u00e7\u00e3o e realiza\u00e7\u00e3o de dezenas de competi\u00e7\u00f5es internacionais de enorme relevo no nosso Pa\u00eds.<\/p>\n<p class=\"descricaonoticia\" align=\"justify\">A\u00a0<span class=\"auto-style5\">FPV nasceu no dia 7 de Abril de 1947<\/span>\u00a0e foi uma das fundadoras da Federa\u00e7\u00e3o Internacional de Voleibol (FIVB).<\/p>\n<p class=\"descricaonoticia\" align=\"justify\">Informa\u00e7\u00f5es adicionais sobre as actividades do Voleibol\u00a0<a href=\"https:\/\/www.fpvoleibol.pt\/historia\/historiavoleibol-portugal.php\" target=\"_blank\" rel=\"noopener noreferrer\">aqui<\/a>\u00a0e\u00a0<a href=\"https:\/\/www.fpvoleibol.pt\/historia\/historiavoleibolpraia-portugal.php\" target=\"_blank\" rel=\"noopener noreferrer\">aqui<\/a><\/p>\n","protected":false},"excerpt":{"rendered":"<p>Os\u00a0\u00d3rg\u00e3os Sociais\u00a0da Federa\u00e7\u00e3o Portuguesa de Voleibol (FPV) para o quadri\u00e9nio 2020-2024, eleitos no passado dia 6, tomaram posse hoje, em cerim\u00f3nia realizada no anfiteatro da sede federativa. Como n\u00e3o podia [&hellip;]<\/p>\n","protected":false},"author":1,"featured_media":776,"comment_status":"open","ping_status":"open","sticky":false,"template":"","format":"standard","meta":{"_monsterinsights_skip_tracking":false,"_monsterinsights_sitenote_active":false,"_monsterinsights_sitenote_note":"","_monsterinsights_sitenote_category":0,"footnotes":""},"categories":[14],"tags":[],"class_list":{"0":"post-775","1":"post","2":"type-post","3":"status-publish","4":"format-standard","5":"has-post-thumbnail","7":"category-institucional","8":"czr-hentry"},"aioseo_notices":[],"_links":{"self":[{"href":"https:\/\/fpvoleibol.pt\/fpv\/wp-json\/wp\/v2\/posts\/775","targetHints":{"allow":["GET"]}}],"collection":[{"href":"https:\/\/fpvoleibol.pt\/fpv\/wp-json\/wp\/v2\/posts"}],"about":[{"href":"https:\/\/fpvoleibol.pt\/fpv\/wp-json\/wp\/v2\/types\/post"}],"author":[{"embeddable":true,"href":"https:\/\/fpvoleibol.pt\/fpv\/wp-json\/wp\/v2\/users\/1"}],"replies":[{"embeddable":true,"href":"https:\/\/fpvoleibol.pt\/fpv\/wp-json\/wp\/v2\/comments?post=775"}],"version-history":[{"count":1,"href":"https:\/\/fpvoleibol.pt\/fpv\/wp-json\/wp\/v2\/posts\/775\/revisions"}],"predecessor-version":[{"id":777,"href":"https:\/\/fpvoleibol.pt\/fpv\/wp-json\/wp\/v2\/posts\/775\/revisions\/777"}],"wp:featuredmedia":[{"embeddable":true,"href":"https:\/\/fpvoleibol.pt\/fpv\/wp-json\/wp\/v2\/media\/776"}],"wp:attachment":[{"href":"https:\/\/fpvoleibol.pt\/fpv\/wp-json\/wp\/v2\/media?parent=775"}],"wp:term":[{"taxonomy":"category","embeddable":true,"href":"https:\/\/fpvoleibol.pt\/fpv\/wp-json\/wp\/v2\/categories?post=775"},{"taxonomy":"post_tag","embeddable":true,"href":"https:\/\/fpvoleibol.pt\/fpv\/wp-json\/wp\/v2\/tags?post=775"}],"curies":[{"name":"wp","href":"https:\/\/api.w.org\/{rel}","templated":true}]}}