{"id":772,"date":"2020-06-15T08:31:20","date_gmt":"2020-06-15T08:31:20","guid":{"rendered":"https:\/\/fpvoleibol.pt\/fpv\/?p=772"},"modified":"2020-06-17T08:32:53","modified_gmt":"2020-06-17T08:32:53","slug":"cev-cancela-qualificacao-europeia-dos-escaloes-de-formacao","status":"publish","type":"post","link":"https:\/\/fpvoleibol.pt\/fpv\/2020\/06\/15\/cev-cancela-qualificacao-europeia-dos-escaloes-de-formacao\/","title":{"rendered":"CEV CANCELA QUALIFICA\u00c7\u00c3O EUROPEIA DOS ESCAL\u00d5ES DE FORMA\u00c7\u00c3O"},"content":{"rendered":"<p class=\"descricaonoticia\" align=\"center\"><img loading=\"lazy\" decoding=\"async\" src=\"https:\/\/www.fpvoleibol.pt\/noticias\/2020\/imagens\/200111_128.jpg\" width=\"480\" height=\"270\" border=\"1\" \/><\/p>\n<p class=\"descricaonoticia\" align=\"justify\">A Confedera\u00e7\u00e3o Europeia de Voleibol (CEV) cancelou hoje as segundas fases de qualifica\u00e7\u00e3o para os Campeonatos da Europa dos escal\u00f5es mais jovens, nomeadamente de Sub-17 Femininos, Sub-18 Masculinos, Sub-19 Femininos e Sub-20 Masculinos.<br \/>\nBaseando a decis\u00e3o numa &#8220;<em>cuidadosa avalia\u00e7\u00e3o das condi\u00e7\u00f5es de sa\u00fade e seguran\u00e7a em toda a Europa<\/em>&#8220;, bem como na realiza\u00e7\u00e3o de &#8220;<em>v\u00e1rias teleconfer\u00eancias com representantes das Federa\u00e7\u00f5es Nacionais&#8221;<\/em>, a CEV decidiu cancelar todos as fases de qualifica\u00e7\u00e3o para os respectivos Campeonatos da Europa&#8221;.<\/p>\n<p class=\"descricaonoticia\" align=\"justify\">As Selec\u00e7\u00f5es Nacionais de Sub-18 e Sub-20 Masculinos, orientadas por Nuno Pereira, tinham conseguido o apuramento para a 2.\u00aa fase, agendada inicialmente para Abril\/Maio \u00faltimo e posteriormente \u00abadiada\u00bb para Agosto.<br \/>\nA CEV entrar\u00e1 em contacto com as Federa\u00e7\u00f5es Nacionais para mais informa\u00e7\u00f5es.<br \/>\nVer an\u00fancio\u00a0<a href=\"https:\/\/www.cev.eu\/News.aspx?NewsID=30771&amp;ID=5\" target=\"_blank\" rel=\"noopener noreferrer\">aqui<\/a><\/p>\n","protected":false},"excerpt":{"rendered":"<p>A Confedera\u00e7\u00e3o Europeia de Voleibol (CEV) cancelou hoje as segundas fases de qualifica\u00e7\u00e3o para os Campeonatos da Europa dos escal\u00f5es mais jovens, nomeadamente de Sub-17 Femininos, Sub-18 Masculinos, Sub-19 Femininos [&hellip;]<\/p>\n","protected":false},"author":1,"featured_media":773,"comment_status":"open","ping_status":"open","sticky":false,"template":"","format":"standard","meta":{"_monsterinsights_skip_tracking":false,"_monsterinsights_sitenote_active":false,"_monsterinsights_sitenote_note":"","_monsterinsights_sitenote_category":0,"footnotes":""},"categories":[8],"tags":[],"class_list":{"0":"post-772","1":"post","2":"type-post","3":"status-publish","4":"format-standard","5":"has-post-thumbnail","7":"category-voleibol","8":"czr-hentry"},"aioseo_notices":[],"_links":{"self":[{"href":"https:\/\/fpvoleibol.pt\/fpv\/wp-json\/wp\/v2\/posts\/772","targetHints":{"allow":["GET"]}}],"collection":[{"href":"https:\/\/fpvoleibol.pt\/fpv\/wp-json\/wp\/v2\/posts"}],"about":[{"href":"https:\/\/fpvoleibol.pt\/fpv\/wp-json\/wp\/v2\/types\/post"}],"author":[{"embeddable":true,"href":"https:\/\/fpvoleibol.pt\/fpv\/wp-json\/wp\/v2\/users\/1"}],"replies":[{"embeddable":true,"href":"https:\/\/fpvoleibol.pt\/fpv\/wp-json\/wp\/v2\/comments?post=772"}],"version-history":[{"count":1,"href":"https:\/\/fpvoleibol.pt\/fpv\/wp-json\/wp\/v2\/posts\/772\/revisions"}],"predecessor-version":[{"id":774,"href":"https:\/\/fpvoleibol.pt\/fpv\/wp-json\/wp\/v2\/posts\/772\/revisions\/774"}],"wp:featuredmedia":[{"embeddable":true,"href":"https:\/\/fpvoleibol.pt\/fpv\/wp-json\/wp\/v2\/media\/773"}],"wp:attachment":[{"href":"https:\/\/fpvoleibol.pt\/fpv\/wp-json\/wp\/v2\/media?parent=772"}],"wp:term":[{"taxonomy":"category","embeddable":true,"href":"https:\/\/fpvoleibol.pt\/fpv\/wp-json\/wp\/v2\/categories?post=772"},{"taxonomy":"post_tag","embeddable":true,"href":"https:\/\/fpvoleibol.pt\/fpv\/wp-json\/wp\/v2\/tags?post=772"}],"curies":[{"name":"wp","href":"https:\/\/api.w.org\/{rel}","templated":true}]}}