{"id":769,"date":"2020-06-15T08:29:11","date_gmt":"2020-06-15T08:29:11","guid":{"rendered":"https:\/\/fpvoleibol.pt\/fpv\/?p=769"},"modified":"2020-06-17T08:30:28","modified_gmt":"2020-06-17T08:30:28","slug":"mario-martins-e-marcel-matz-no-cifo-2020","status":"publish","type":"post","link":"https:\/\/fpvoleibol.pt\/fpv\/2020\/06\/15\/mario-martins-e-marcel-matz-no-cifo-2020\/","title":{"rendered":"M\u00c1RIO MARTINS E MARCEL MATZ NO CIFO 2020"},"content":{"rendered":"<p class=\"descricaonoticia\" align=\"center\"><a href=\"https:\/\/www.fpvoleibol.pt\/noticias\/2020\/imagens\/CIFO2020mmartins_gd.jpg\" target=\"_blank\" rel=\"noopener noreferrer\"><img loading=\"lazy\" decoding=\"async\" src=\"https:\/\/www.fpvoleibol.pt\/noticias\/2020\/imagens\/CIFO2020mmartins_pq.jpg\" width=\"430\" height=\"537\" border=\"1\" \/><\/a><\/p>\n<p class=\"descricaonoticia\" align=\"justify\">O\u00a0<strong>Ciclo Internacional de Forma\u00e7\u00e3o Online<\/strong>, organizado pela\u00a0<span class=\"auto-style1\">Associa\u00e7\u00e3o Nacional de Treinadores de Voleibol (ANAVOL)<\/span>\u00a0em colabora\u00e7\u00e3o com a\u00a0<span class=\"auto-style1\">Federa\u00e7\u00e3o Portuguesa de Voleibol (FPV)<\/span>, vai entrar na sua sexta semana de realiza\u00e7\u00e3o com mais dois m\u00f3dulos da categoria de alto rendimento.<\/p>\n<p class=\"descricaonoticia\" align=\"justify\"><strong>M\u00e1rio Martins<\/strong>\u00a0apresenta amanh\u00e3 o tema \u00abRecep\u00e7\u00e3o: quais as vari\u00e1veis a considerar na constru\u00e7\u00e3o e implementa\u00e7\u00e3o de um sistema de recep\u00e7\u00e3o\u00bb.<\/p>\n<p class=\"descricaonoticia\" align=\"justify\">Na quinta-feira, o convidado ser\u00e1 novamente o brasileiro\u00a0<strong>Marcel Matz<\/strong>, desta vez acompanhado do restante staff t\u00e9cnico do SL Benfica, para abordagem do tema \u00abA equipa multidisciplinar\u00bb.<\/p>\n<p class=\"descricaonoticia\" align=\"justify\">O\u00a0<strong>Ciclo Internacional de Forma\u00e7\u00e3o Online<\/strong>\u00a0prolonga-se por tr\u00eas meses e ter\u00e1 38 horas de forma\u00e7\u00e3o, divididas em 20 m\u00f3dulos de curta dura\u00e7\u00e3o, classificados em 6 categorias e num total de 28 formadores, atribuindo\u00a0<span class=\"auto-style1\">7,6 unidades de cr\u00e9dito (UC).<\/span><\/p>\n<p class=\"descricaonoticia\" align=\"justify\">Inscri\u00e7\u00f5es em\u00a0<a href=\"https:\/\/docs.google.com\/forms\/d\/e\/1FAIpQLSeLsWe6ES2QH6HloV8pJUEVDfAP2-cIyNZSUINezzqptiTqGA\/viewform\" target=\"_blank\" rel=\"noopener noreferrer\">bit.ly\/inscricaoantv2020<\/a><\/p>\n<p class=\"descricaonoticia\" align=\"justify\">Para mais informa\u00e7\u00f5es:\u00a0<a href=\"mailto:antvoleibol@gmail.com\" target=\"_blank\" rel=\"noopener noreferrer\">antvoleibol@gmail.com<\/a><\/p>\n<p class=\"descricaonoticia\" align=\"justify\"><span class=\"auto-style1\">Programa de Maio<\/span>\u00a0<a href=\"https:\/\/www.fpvoleibol.pt\/noticias\/2020\/PROGRAMA_MAIO.pdf\" target=\"_blank\" rel=\"noopener noreferrer\">aqui<\/a><\/p>\n<p class=\"descricaonoticia\" align=\"justify\"><span class=\"auto-style1\">Programa de Junho\/Julho<\/span>\u00a0<a href=\"https:\/\/www.fpvoleibol.pt\/noticias\/2020\/PROGRAMA_JUNJUL.pdf\" target=\"_blank\" rel=\"noopener noreferrer\">aqui<\/a><\/p>\n","protected":false},"excerpt":{"rendered":"<p>O\u00a0Ciclo Internacional de Forma\u00e7\u00e3o Online, organizado pela\u00a0Associa\u00e7\u00e3o Nacional de Treinadores de Voleibol (ANAVOL)\u00a0em colabora\u00e7\u00e3o com a\u00a0Federa\u00e7\u00e3o Portuguesa de Voleibol (FPV), vai entrar na sua sexta semana de realiza\u00e7\u00e3o com mais [&hellip;]<\/p>\n","protected":false},"author":1,"featured_media":770,"comment_status":"open","ping_status":"open","sticky":false,"template":"","format":"standard","meta":{"_monsterinsights_skip_tracking":false,"_monsterinsights_sitenote_active":false,"_monsterinsights_sitenote_note":"","_monsterinsights_sitenote_category":0,"footnotes":""},"categories":[11,8],"tags":[],"class_list":{"0":"post-769","1":"post","2":"type-post","3":"status-publish","4":"format-standard","5":"has-post-thumbnail","7":"category-formacao","8":"category-voleibol","9":"czr-hentry"},"aioseo_notices":[],"_links":{"self":[{"href":"https:\/\/fpvoleibol.pt\/fpv\/wp-json\/wp\/v2\/posts\/769","targetHints":{"allow":["GET"]}}],"collection":[{"href":"https:\/\/fpvoleibol.pt\/fpv\/wp-json\/wp\/v2\/posts"}],"about":[{"href":"https:\/\/fpvoleibol.pt\/fpv\/wp-json\/wp\/v2\/types\/post"}],"author":[{"embeddable":true,"href":"https:\/\/fpvoleibol.pt\/fpv\/wp-json\/wp\/v2\/users\/1"}],"replies":[{"embeddable":true,"href":"https:\/\/fpvoleibol.pt\/fpv\/wp-json\/wp\/v2\/comments?post=769"}],"version-history":[{"count":1,"href":"https:\/\/fpvoleibol.pt\/fpv\/wp-json\/wp\/v2\/posts\/769\/revisions"}],"predecessor-version":[{"id":771,"href":"https:\/\/fpvoleibol.pt\/fpv\/wp-json\/wp\/v2\/posts\/769\/revisions\/771"}],"wp:featuredmedia":[{"embeddable":true,"href":"https:\/\/fpvoleibol.pt\/fpv\/wp-json\/wp\/v2\/media\/770"}],"wp:attachment":[{"href":"https:\/\/fpvoleibol.pt\/fpv\/wp-json\/wp\/v2\/media?parent=769"}],"wp:term":[{"taxonomy":"category","embeddable":true,"href":"https:\/\/fpvoleibol.pt\/fpv\/wp-json\/wp\/v2\/categories?post=769"},{"taxonomy":"post_tag","embeddable":true,"href":"https:\/\/fpvoleibol.pt\/fpv\/wp-json\/wp\/v2\/tags?post=769"}],"curies":[{"name":"wp","href":"https:\/\/api.w.org\/{rel}","templated":true}]}}