{"id":765,"date":"2020-06-12T20:47:49","date_gmt":"2020-06-12T20:47:49","guid":{"rendered":"https:\/\/fpvoleibol.pt\/fpv\/?p=765"},"modified":"2020-06-12T20:47:49","modified_gmt":"2020-06-12T20:47:49","slug":"volei-a-mesa-com-miguel-coelho-e-manuel-loureiro","status":"publish","type":"post","link":"https:\/\/fpvoleibol.pt\/fpv\/2020\/06\/12\/volei-a-mesa-com-miguel-coelho-e-manuel-loureiro\/","title":{"rendered":"\u00abVOLEI \u00c0 MESA\u00bb COM MIGUEL COELHO E MANUEL LOUREIRO"},"content":{"rendered":"<p class=\"descricaonoticia\" align=\"center\"><img loading=\"lazy\" decoding=\"async\" src=\"https:\/\/www.fpvoleibol.pt\/noticias\/2020\/imagens\/Ep5VoleiaMesa_d.jpg\" width=\"480\" height=\"320\" border=\"1\" \/><\/p>\n<p class=\"descricaonoticia\" align=\"justify\">Os treinadores de Voleibol indoor Miguel Coelho e Manuel Loreiro<strong>\u00a0<\/strong>s\u00e3o os pr\u00f3ximos convidados do programa produzido pela\u00a0<strong>Volei TV<\/strong>, canal multim\u00e9dia da Federa\u00e7\u00e3o Portuguesa de Voleibol (FPV), e denominado \u00ab<strong>Volei \u00e0 Mesa<\/strong>\u00bb.<\/p>\n<p class=\"descricaonoticia\" align=\"justify\">O moderador \u00e9\u00a0<strong>Ant\u00f3nio Guerra<\/strong>, um dos respons\u00e1veis pelo Departamento da Forma\u00e7\u00e3o da FPV e antigo seleccionador nacional, e o 5.\u00ba epis\u00f3dio do<strong>\u00a0\u00abVolei \u00e0 Mesa\u00bb<\/strong>\u00a0\u2013 subordinado ao tema \u00abAtaque na Alta Competi\u00e7\u00e3o\u00bb \u2013 vai para o ar hoje, pelas\u00a0<span class=\"auto-style2\">18h00,<\/span>\u00a0no canal YouTube da Volei TV.<\/p>\n<p class=\"descricaonoticia\" align=\"justify\">A n\u00e3o perder\u00a0<a href=\"https:\/\/youtu.be\/z4Fh8kw_K98\" target=\"_blank\" rel=\"noopener noreferrer\">aqui<\/a><\/p>\n<p class=\"auto-style1\"><img loading=\"lazy\" decoding=\"async\" class=\"aligncenter\" src=\"https:\/\/www.fpvoleibol.pt\/noticias\/2020\/imagens\/VM480x270.jpg\" width=\"480\" height=\"270\" border=\"1\" \/><\/p>\n<p class=\"descricaonoticia\" align=\"justify\">De acordo com Jessica Silva, respons\u00e1vel pela Volei TV, no \u00abVolei \u00e0 Mesa\u00bb &#8220;<em>estar\u00e3o sempre \u00abem cima da mesa\u00bb, de um forma informal, v\u00e1rios temas ligados ao panorama do Voleibol nacional e internacional, que abordar\u00e3o desde a hist\u00f3ria da modalidade, gestos t\u00e9cnicos, organiza\u00e7\u00e3o t\u00e1ctica e colectiva a especificidades do Voleibol, Voleibol de Praia e ParaVole<\/em>i&#8221;.<\/p>\n<p class=\"descricaonoticia\" align=\"justify\"><strong><span class=\"auto-style2\">Voleibol na TV\u00a0<\/span><\/strong>\u00e9 no\u00a0<strong><a href=\"http:\/\/www.volei.tv\/\" target=\"_blank\" rel=\"noopener noreferrer\">www.volei.tv<\/a><\/strong><\/p>\n","protected":false},"excerpt":{"rendered":"<p>Os treinadores de Voleibol indoor Miguel Coelho e Manuel Loreiro\u00a0s\u00e3o os pr\u00f3ximos convidados do programa produzido pela\u00a0Volei TV, canal multim\u00e9dia da Federa\u00e7\u00e3o Portuguesa de Voleibol (FPV), e denominado \u00abVolei \u00e0 [&hellip;]<\/p>\n","protected":false},"author":1,"featured_media":766,"comment_status":"open","ping_status":"open","sticky":false,"template":"","format":"standard","meta":{"_monsterinsights_skip_tracking":false,"_monsterinsights_sitenote_active":false,"_monsterinsights_sitenote_note":"","_monsterinsights_sitenote_category":0,"footnotes":""},"categories":[14,8],"tags":[],"class_list":{"0":"post-765","1":"post","2":"type-post","3":"status-publish","4":"format-standard","5":"has-post-thumbnail","7":"category-institucional","8":"category-voleibol","9":"czr-hentry"},"aioseo_notices":[],"_links":{"self":[{"href":"https:\/\/fpvoleibol.pt\/fpv\/wp-json\/wp\/v2\/posts\/765","targetHints":{"allow":["GET"]}}],"collection":[{"href":"https:\/\/fpvoleibol.pt\/fpv\/wp-json\/wp\/v2\/posts"}],"about":[{"href":"https:\/\/fpvoleibol.pt\/fpv\/wp-json\/wp\/v2\/types\/post"}],"author":[{"embeddable":true,"href":"https:\/\/fpvoleibol.pt\/fpv\/wp-json\/wp\/v2\/users\/1"}],"replies":[{"embeddable":true,"href":"https:\/\/fpvoleibol.pt\/fpv\/wp-json\/wp\/v2\/comments?post=765"}],"version-history":[{"count":1,"href":"https:\/\/fpvoleibol.pt\/fpv\/wp-json\/wp\/v2\/posts\/765\/revisions"}],"predecessor-version":[{"id":767,"href":"https:\/\/fpvoleibol.pt\/fpv\/wp-json\/wp\/v2\/posts\/765\/revisions\/767"}],"wp:featuredmedia":[{"embeddable":true,"href":"https:\/\/fpvoleibol.pt\/fpv\/wp-json\/wp\/v2\/media\/766"}],"wp:attachment":[{"href":"https:\/\/fpvoleibol.pt\/fpv\/wp-json\/wp\/v2\/media?parent=765"}],"wp:term":[{"taxonomy":"category","embeddable":true,"href":"https:\/\/fpvoleibol.pt\/fpv\/wp-json\/wp\/v2\/categories?post=765"},{"taxonomy":"post_tag","embeddable":true,"href":"https:\/\/fpvoleibol.pt\/fpv\/wp-json\/wp\/v2\/tags?post=765"}],"curies":[{"name":"wp","href":"https:\/\/api.w.org\/{rel}","templated":true}]}}