{"id":762,"date":"2020-06-12T20:45:57","date_gmt":"2020-06-12T20:45:57","guid":{"rendered":"https:\/\/fpvoleibol.pt\/fpv\/?p=762"},"modified":"2021-12-17T13:18:01","modified_gmt":"2021-12-17T12:18:01","slug":"orgaos-sociais-da-fpv-tomam-posse-no-dia-15","status":"publish","type":"post","link":"https:\/\/fpvoleibol.pt\/fpv\/2020\/06\/12\/orgaos-sociais-da-fpv-tomam-posse-no-dia-15\/","title":{"rendered":"\u00d3RG\u00c3OS SOCIAIS DA FPV TOMAM POSSE NO DIA 15"},"content":{"rendered":"<p class=\"descricaonoticia\" align=\"center\"><img loading=\"lazy\" decoding=\"async\" src=\"https:\/\/www.fpvoleibol.pt\/noticias\/2020\/imagens\/FPV2.jpg\" width=\"480\" height=\"270\" border=\"1\" \/><\/p>\n<p class=\"descricaonoticia\" align=\"justify\">A tomada de posse dos \u00d3rg\u00e3os Sociais da Federa\u00e7\u00e3o Portuguesa de Voleibol para o quadri\u00e9nio de 2020\/2024 est\u00e1 agendada para as 18h30 da pr\u00f3xima segunda-feira, dia 15 de Junho, no anfiteatro da sede federativa.<\/p>\n<p class=\"descricaonoticia\" align=\"justify\">A Direc\u00e7\u00e3o da FPV volta a ser liderada por Vicente Ara\u00fajo, Presidente federativo de 1996 a 2016 e Vice-Presidente Executivo da FPV em 2016\/2020.<br \/>\nO actual Presidente da FPV, \u00c1lvaro Lopes, integra a lista de Vicente Ara\u00fajo, assim como a maioria dos elementos que compunham a Direc\u00e7\u00e3o e os corpos gerentes em 2016\/2020.<\/p>\n<p class=\"auto-style6\"><img loading=\"lazy\" decoding=\"async\" class=\"aligncenter\" src=\"https:\/\/www.fpvoleibol.pt\/noticias\/2020\/imagens\/VA_foto_sede.jpg\" width=\"480\" height=\"270\" border=\"1\" \/><\/p>\n<p class=\"descricaonoticia\" align=\"justify\">Eleito pela primeira vez para a Presid\u00eancia do organismo que tutela o Voleibol a n\u00edvel nacional, em 1996, cargo que desempenhou at\u00e9 2016, Vicente Ara\u00fajo, que recebeu a Medalha de M\u00e9rito Desportivo atribu\u00edda pelo Governo em 2005, tamb\u00e9m desempenha cargos de elevada import\u00e2ncia noutros organismos, como o Comit\u00e9 Ol\u00edmpico de Portugal (COP), do qual \u00e9 Vice-Presidente, e a n\u00edvel mundial na Federa\u00e7\u00e3o Internacional de Voleibol (FIVB), onde \u00e9 Membro do Conselho Executivo respons\u00e1vel pelo Voleibol de Praia e Presidente da Comiss\u00e3o de Voleibol de Praia e do Conselho Mundial.<br \/>\nVicente Ara\u00fajo \u00e9, tamb\u00e9m, Supervisor da Liga Mundial desde 1994 e Presidente da Western European Volleyball Zonal Association (WEVZA), tendo sido Membro do Comit\u00e9 de Controlo dos Jogos Ol\u00edmpicos de 1996 a 2016 e desempenha actualmente o cargo de Delegado T\u00e9cnico do Voleibol de Praia naquele que \u00e9 considerado \u00abo maior espect\u00e1culo desportivo do mundo\u00bb.<br \/>\n\u00c9 ainda o respons\u00e1vel m\u00e1ximo pela organiza\u00e7\u00e3o e realiza\u00e7\u00e3o de dezenas de competi\u00e7\u00f5es internacionais de enorme relevo no nosso Pa\u00eds.<\/p>\n<p class=\"descricaonoticia\" align=\"justify\">A nova Direc\u00e7\u00e3o foi eleita em Assembleia Geral realizada no passado dia 6 de Junho.<\/p>\n<p class=\"descricaonoticia\" align=\"justify\">A\u00a0<span class=\"auto-style5\">FPV nasceu no dia 7 de Abril de 1947<\/span>\u00a0e foi uma das fundadoras da Federa\u00e7\u00e3o Internacional de Voleibol (FIVB).<\/p>\n<p class=\"descricaonoticia\" align=\"justify\">Informa\u00e7\u00f5es adicionais sobre as actividades do Voleibol\u00a0<a href=\"https:\/\/www.fpvoleibol.pt\/historia\/historiavoleibol-portugal.php\" target=\"_blank\" rel=\"noopener noreferrer\">aqui<\/a>\u00a0e\u00a0<a href=\"https:\/\/www.fpvoleibol.pt\/historia\/historiavoleibolpraia-portugal.php\" target=\"_blank\" rel=\"noopener noreferrer\">aqui<\/a><\/p>\n","protected":false},"excerpt":{"rendered":"<p>A tomada de posse dos \u00d3rg\u00e3os Sociais da Federa\u00e7\u00e3o Portuguesa de Voleibol para o quadri\u00e9nio de 2020\/2024 est\u00e1 agendada para as 18h30 da pr\u00f3xima segunda-feira, dia 15 de Junho, no [&hellip;]<\/p>\n","protected":false},"author":1,"featured_media":763,"comment_status":"open","ping_status":"open","sticky":false,"template":"","format":"standard","meta":{"_monsterinsights_skip_tracking":false,"_monsterinsights_sitenote_active":false,"_monsterinsights_sitenote_note":"","_monsterinsights_sitenote_category":0,"footnotes":""},"categories":[14],"tags":[],"class_list":{"0":"post-762","1":"post","2":"type-post","3":"status-publish","4":"format-standard","5":"has-post-thumbnail","7":"category-institucional","8":"czr-hentry"},"aioseo_notices":[],"_links":{"self":[{"href":"https:\/\/fpvoleibol.pt\/fpv\/wp-json\/wp\/v2\/posts\/762","targetHints":{"allow":["GET"]}}],"collection":[{"href":"https:\/\/fpvoleibol.pt\/fpv\/wp-json\/wp\/v2\/posts"}],"about":[{"href":"https:\/\/fpvoleibol.pt\/fpv\/wp-json\/wp\/v2\/types\/post"}],"author":[{"embeddable":true,"href":"https:\/\/fpvoleibol.pt\/fpv\/wp-json\/wp\/v2\/users\/1"}],"replies":[{"embeddable":true,"href":"https:\/\/fpvoleibol.pt\/fpv\/wp-json\/wp\/v2\/comments?post=762"}],"version-history":[{"count":2,"href":"https:\/\/fpvoleibol.pt\/fpv\/wp-json\/wp\/v2\/posts\/762\/revisions"}],"predecessor-version":[{"id":11989,"href":"https:\/\/fpvoleibol.pt\/fpv\/wp-json\/wp\/v2\/posts\/762\/revisions\/11989"}],"wp:featuredmedia":[{"embeddable":true,"href":"https:\/\/fpvoleibol.pt\/fpv\/wp-json\/wp\/v2\/media\/763"}],"wp:attachment":[{"href":"https:\/\/fpvoleibol.pt\/fpv\/wp-json\/wp\/v2\/media?parent=762"}],"wp:term":[{"taxonomy":"category","embeddable":true,"href":"https:\/\/fpvoleibol.pt\/fpv\/wp-json\/wp\/v2\/categories?post=762"},{"taxonomy":"post_tag","embeddable":true,"href":"https:\/\/fpvoleibol.pt\/fpv\/wp-json\/wp\/v2\/tags?post=762"}],"curies":[{"name":"wp","href":"https:\/\/api.w.org\/{rel}","templated":true}]}}