{"id":7598,"date":"2021-07-06T17:27:03","date_gmt":"2021-07-06T16:27:03","guid":{"rendered":"https:\/\/fpvoleibol.pt\/fpv\/?p=7598"},"modified":"2021-07-07T17:02:42","modified_gmt":"2021-07-07T16:02:42","slug":"voleibol-de-praia-europeu-de-sub-20","status":"publish","type":"post","link":"https:\/\/fpvoleibol.pt\/fpv\/2021\/07\/06\/voleibol-de-praia-europeu-de-sub-20\/","title":{"rendered":"VOLEIBOL DE PRAIA: EUROPEU DE SUB-20"},"content":{"rendered":"<p align=\"justify\"><img loading=\"lazy\" decoding=\"async\" class=\"alignnone size-large wp-image-7389\" src=\"https:\/\/fpvoleibol.pt\/fpv\/wp-content\/uploads\/2021\/06\/Guilherme_Filipe_f-1024x554.jpg\" alt=\"\" width=\"1024\" height=\"554\" srcset=\"https:\/\/fpvoleibol.pt\/fpv\/wp-content\/uploads\/2021\/06\/Guilherme_Filipe_f-1024x554.jpg 1024w, https:\/\/fpvoleibol.pt\/fpv\/wp-content\/uploads\/2021\/06\/Guilherme_Filipe_f-300x162.jpg 300w, https:\/\/fpvoleibol.pt\/fpv\/wp-content\/uploads\/2021\/06\/Guilherme_Filipe_f-768x416.jpg 768w, https:\/\/fpvoleibol.pt\/fpv\/wp-content\/uploads\/2021\/06\/Guilherme_Filipe_f.jpg 1459w\" sizes=\"auto, (max-width: 1024px) 100vw, 1024px\" \/><\/p>\n<p class=\"descricaonoticia\" align=\"justify\">A dupla de Voleibol de Praia portuguesa formada por <strong>Guilherme Maia e Filipe Leite<\/strong> come\u00e7a na quinta-feira a disputar o <strong>Quadro Principal<\/strong> do <a href=\"https:\/\/www.cev.eu\/beach\/age-groups\/u20\/men\/\">Campeonato da Europa de Sub-20<\/a>, que decorrer\u00e1 de 8 a 11 de Julho no local designado por Bal\u00e7ova Inciralti Spor Tesisleri, em Izmir, cidade turca que acolheu igualmente a \u00faltima edi\u00e7\u00e3o da fase final do Europeu de Sub-18.<\/p>\n<p class=\"descricaonoticia\" align=\"justify\">Em 2020, os portugueses foram 17.\u00ba classificados no Campeonato da Europa de Sub-20.<\/p>\n<p style=\"text-align: center;\" align=\"justify\"><img loading=\"lazy\" decoding=\"async\" class=\"size-full wp-image-7601 aligncenter\" src=\"https:\/\/fpvoleibol.pt\/fpv\/wp-content\/uploads\/2021\/07\/izmir_d1.jpg\" alt=\"\" width=\"960\" height=\"539\" srcset=\"https:\/\/fpvoleibol.pt\/fpv\/wp-content\/uploads\/2021\/07\/izmir_d1.jpg 960w, https:\/\/fpvoleibol.pt\/fpv\/wp-content\/uploads\/2021\/07\/izmir_d1-300x168.jpg 300w, https:\/\/fpvoleibol.pt\/fpv\/wp-content\/uploads\/2021\/07\/izmir_d1-768x431.jpg 768w, https:\/\/fpvoleibol.pt\/fpv\/wp-content\/uploads\/2021\/07\/izmir_d1-528x297.jpg 528w\" sizes=\"auto, (max-width: 960px) 100vw, 960px\" \/><span style=\"text-decoration: underline;\"><em><strong><span style=\"font-size: 8pt;\">Bal\u00e7ova Inciralti Spor Tesisleri<\/span><\/strong><\/em><\/span><\/p>\n<p class=\"descricaonoticia\" align=\"justify\">Na sua estreia a n\u00edvel mundial, que ocorreu em Agosto de 2020, Guilherme, filho do ex-atleta ol\u00edmpico Miguel Maia, e Filipe classificaram-se no 21.\u00ba lugar no Open de Montpellier, etapa do <span style=\"text-decoration: underline;\">Circuito Mundial de Voleibol de Praia<\/span> (Beach Volley World Tour).<\/p>\n<p align=\"justify\">Em 2018 e 2019, a dupla disputou o Campeonato da Europa de Sub-18, tendo-se classificado respectivamente em 17.\u00ba e 9.\u00ba lugar.<\/p>\n<p><strong>Guilherme Maia e Filipe Leite<\/strong>, que t\u00eam ambos 19 anos e foram 4.\u00bas classificados no <span style=\"text-decoration: underline;\">Campeonato Lidl 2020<\/span>, disputam o #EuroBeachVolleyU20 acompanhados pelo treinador <strong>Leonel Gomes<\/strong>, antigo jogador que participou no Open de Espinho em 2003, 2004 e 2005.<\/p>\n<p><img loading=\"lazy\" decoding=\"async\" class=\"size-large wp-image-7637 aligncenter\" src=\"https:\/\/fpvoleibol.pt\/fpv\/wp-content\/uploads\/2021\/07\/gui_leo_fil-1024x1024.jpg\" alt=\"\" width=\"1024\" height=\"1024\" srcset=\"https:\/\/fpvoleibol.pt\/fpv\/wp-content\/uploads\/2021\/07\/gui_leo_fil-1024x1024.jpg 1024w, https:\/\/fpvoleibol.pt\/fpv\/wp-content\/uploads\/2021\/07\/gui_leo_fil-300x300.jpg 300w, https:\/\/fpvoleibol.pt\/fpv\/wp-content\/uploads\/2021\/07\/gui_leo_fil-150x150.jpg 150w, https:\/\/fpvoleibol.pt\/fpv\/wp-content\/uploads\/2021\/07\/gui_leo_fil-768x768.jpg 768w, https:\/\/fpvoleibol.pt\/fpv\/wp-content\/uploads\/2021\/07\/gui_leo_fil-510x510.jpg 510w, https:\/\/fpvoleibol.pt\/fpv\/wp-content\/uploads\/2021\/07\/gui_leo_fil.jpg 1036w\" sizes=\"auto, (max-width: 1024px) 100vw, 1024px\" \/><\/p>\n<p>Ver curr\u00edculo internacional de <a href=\"https:\/\/www.fivb.com\/en\/beachvolleyball\/beachplayersdatabase\/169663-guilherme-maia\">Guilherme Maia aqui<\/a> e de <a href=\"https:\/\/www.fivb.com\/en\/beachvolleyball\/beachplayersdatabase\/166321-filipe-leite\">Filipe Leite aqui<\/a><\/p>\n<p><strong><em>Live Streaming<\/em><\/strong>\u00a0na\u00a0<a href=\"https:\/\/www.eurovolley.tv\/en-int\/page\/home-cev\" target=\"_blank\" rel=\"noopener noreferrer\">EuroVolleyTV<\/a><\/p>\n","protected":false},"excerpt":{"rendered":"<p>A dupla de Voleibol de Praia portuguesa formada por Guilherme Maia e Filipe Leite come\u00e7a na quinta-feira a disputar o Quadro Principal do Campeonato da Europa de Sub-20, que decorrer\u00e1 [&hellip;]<\/p>\n","protected":false},"author":2,"featured_media":7602,"comment_status":"open","ping_status":"open","sticky":false,"template":"","format":"standard","meta":{"_monsterinsights_skip_tracking":false,"_monsterinsights_sitenote_active":false,"_monsterinsights_sitenote_note":"","_monsterinsights_sitenote_category":0,"footnotes":""},"categories":[9],"tags":[44],"class_list":{"0":"post-7598","1":"post","2":"type-post","3":"status-publish","4":"format-standard","5":"has-post-thumbnail","7":"category-voleibol-de-praia","8":"tag-europeu-sub-20-voleibol-de-praia","9":"czr-hentry"},"aioseo_notices":[],"_links":{"self":[{"href":"https:\/\/fpvoleibol.pt\/fpv\/wp-json\/wp\/v2\/posts\/7598","targetHints":{"allow":["GET"]}}],"collection":[{"href":"https:\/\/fpvoleibol.pt\/fpv\/wp-json\/wp\/v2\/posts"}],"about":[{"href":"https:\/\/fpvoleibol.pt\/fpv\/wp-json\/wp\/v2\/types\/post"}],"author":[{"embeddable":true,"href":"https:\/\/fpvoleibol.pt\/fpv\/wp-json\/wp\/v2\/users\/2"}],"replies":[{"embeddable":true,"href":"https:\/\/fpvoleibol.pt\/fpv\/wp-json\/wp\/v2\/comments?post=7598"}],"version-history":[{"count":7,"href":"https:\/\/fpvoleibol.pt\/fpv\/wp-json\/wp\/v2\/posts\/7598\/revisions"}],"predecessor-version":[{"id":7639,"href":"https:\/\/fpvoleibol.pt\/fpv\/wp-json\/wp\/v2\/posts\/7598\/revisions\/7639"}],"wp:featuredmedia":[{"embeddable":true,"href":"https:\/\/fpvoleibol.pt\/fpv\/wp-json\/wp\/v2\/media\/7602"}],"wp:attachment":[{"href":"https:\/\/fpvoleibol.pt\/fpv\/wp-json\/wp\/v2\/media?parent=7598"}],"wp:term":[{"taxonomy":"category","embeddable":true,"href":"https:\/\/fpvoleibol.pt\/fpv\/wp-json\/wp\/v2\/categories?post=7598"},{"taxonomy":"post_tag","embeddable":true,"href":"https:\/\/fpvoleibol.pt\/fpv\/wp-json\/wp\/v2\/tags?post=7598"}],"curies":[{"name":"wp","href":"https:\/\/api.w.org\/{rel}","templated":true}]}}