{"id":759,"date":"2020-06-12T20:43:36","date_gmt":"2020-06-12T20:43:36","guid":{"rendered":"https:\/\/fpvoleibol.pt\/fpv\/?p=759"},"modified":"2020-06-12T20:43:36","modified_gmt":"2020-06-12T20:43:36","slug":"trabalho-de-seleccao-no-17-o-congresso-tecnico","status":"publish","type":"post","link":"https:\/\/fpvoleibol.pt\/fpv\/2020\/06\/12\/trabalho-de-seleccao-no-17-o-congresso-tecnico\/","title":{"rendered":"TRABALHO DE SELEC\u00c7\u00c3O NO 17.\u00ba CONGRESSO T\u00c9CNICO"},"content":{"rendered":"<p class=\"descricaonoticia\" align=\"center\"><img loading=\"lazy\" decoding=\"async\" src=\"https:\/\/www.fpvoleibol.pt\/noticias\/2020\/imagens\/q1.jpg\" width=\"500\" height=\"290\" border=\"1\" \/><\/p>\n<p class=\"descricaonoticia\" align=\"justify\">O\u00a0<strong>17.\u00ba Congresso T\u00e9cnico Cient\u00edfico de Andebol<\/strong>, organizado pela Federa\u00e7\u00e3o Portuguesa da modalidade (FPA), juntou no P<strong>ainel \u00abTreinadores de Portugal\u00bb<\/strong>\u00a0os seleccionadores das\u00a0<a href=\"https:\/\/www.fpvoleibol.pt\/noticias\/2020\/20200529-1626_federas.html\" target=\"_blank\" rel=\"noopener noreferrer\">as cinco modalidades que se aliaram em prol do desporto portugu\u00eas no combate aos efeitos da pandemia de Covid-19<\/a>.<\/p>\n<p class=\"descricaonoticia\" align=\"justify\">No dia 10 de Junho, Dia de Portugal e das Comunidades Portuguesas, e depois da Cerim\u00f3nia de Abertura do congresso, que contou com a participa\u00e7\u00e3o de diversas personalidades, a homenagem ao treinador portugu\u00eas foi consubstanciada atrav\u00e9s do Painel \u00abTreinadores de Portugal, com os seleccionadores nacionais Hugo Silva (Voleibol), Jorge Braz (Futsal), M\u00e1rio Gomes (Basquetebol), Paulo Pereira (Andebol) e Renato Garrido (H\u00f3quei em Patins).<\/p>\n<p class=\"auto-style5\"><img loading=\"lazy\" decoding=\"async\" class=\"aligncenter\" src=\"https:\/\/www.fpvoleibol.pt\/noticias\/2020\/imagens\/q2.jpg\" width=\"500\" height=\"290\" border=\"1\" \/><\/p>\n<p class=\"descricaonoticia\" align=\"justify\">As formas de planear e de executar a prepara\u00e7\u00e3o para as diversas competi\u00e7\u00f5es, que no Voleibol compreendem provas t\u00e3o prestigiantes quanto exigentes como a Challenger Cup da Liga das Na\u00e7\u00f5es ou o Campeonato da Europa foram dissecadas por Hugo Silva, tendo o Seleccionador Nacional de Seniores Masculinos revelado alguns \u00absegredos\u00bb da organiza\u00e7\u00e3o das sess\u00f5es de treino, do volume di\u00e1rio ou do volume total por fundamentos do jogo, e deixado mesmo algumas\u00a0<em>dicas<\/em>:<br \/>\n&#8220;<em>O processo de treino tem como objectivo obter o m\u00e1ximo de cada atleta em cada treino, sem nunca abdicar da integridade f\u00edsica do atleta; para tal, evitamos o salto ao princ\u00edpio da manh\u00e3 e tarde, excepto no servi\u00e7o<\/em>&#8220;.<\/p>\n<p class=\"auto-style5\"><img loading=\"lazy\" decoding=\"async\" class=\"aligncenter\" src=\"https:\/\/www.fpvoleibol.pt\/noticias\/2020\/imagens\/q3.jpg\" width=\"500\" height=\"290\" border=\"1\" \/><\/p>\n<p class=\"descricaonoticia\" align=\"justify\">A 17.\u00aa edi\u00e7\u00e3o do Congresso, em formato online, registou mais de 7000 visualiza\u00e7\u00f5es e contou com a participa\u00e7\u00e3o de treinadores das diversas modalidades e nacionalidades na prelec\u00e7\u00e3o, sendo tamb\u00e9m aberto a Espanha e aos pa\u00edses da CPLP.<\/p>\n<p class=\"descricaonoticia\" align=\"justify\">Ver v\u00eddeo com as interven\u00e7\u00f5es\u00a0<a href=\"https:\/\/drive.google.com\/open?id=1lNAe9gCZUYnOZ-_10Yqu4JKwa3AyTZMb\" target=\"_blank\" rel=\"noopener noreferrer\">aqui<\/a><\/p>\n<p class=\"descricaonoticia\" align=\"justify\">Na conclus\u00e3o do evento, Pedro Sequeira, Vice-Presidente da FAP, salientou:<br \/>\n\u201cE<em>stamos muito satisfeitos. Atrav\u00e9s dos feedbacks que fomos recebendo durante estes tr\u00eas dias percebemos que este formato foi ao encontro dos treinadores, o que obviamente nos deixa muito felizes. Queria tamb\u00e9m destacar a onda de solidariedade que o Congresso criou. Treinadores, Prelectores e Moderadores aderiram desde a primeira hora o que nos deixa muito orgulhosos. A \u00abAcreditar\u00bb merece. Estamos satisfeitos por termos conseguido, neste formato, chegar a treinadores que muitas vezes, pela dist\u00e2ncia e trabalho, n\u00e3o conseguiam vir ao Congresso. Desta forma conseguimos chegar a todos os locais a n\u00edvel nacional, mas tamb\u00e9m a treinadores de outras modalidades, treinadores dos Pa\u00edses da CPLP e de todo o mundo<\/em>.\u201d<br \/>\nAs receitas do 17.\u00ba Congresso T\u00e9cnico Cient\u00edfico reverteram para a institui\u00e7\u00e3o\u00a0<span class=\"auto-style4\">Acreditar<\/span>, que tem como miss\u00e3o &#8220;<em>Tratar a crian\u00e7a ou o jovem com cancro e n\u00e3o s\u00f3 o cancro na crian\u00e7a ou jovem, promovendo a sua qualidade de vida e da fam\u00edlia<\/em>.&#8221;<\/p>\n<p class=\"descricaonoticia\" align=\"justify\">Marco dos Santos, Director Nacional de Andebol, destacou, dirigindo-se aos prelectores participantes:<br \/>\n&#8220;<em>Agrade\u00e7o a vossa disponibilidade para participarem no 17.\u00ba Congresso T\u00e9cnico Cientifico de Andebol.<br \/>\nJ\u00e1 h\u00e1 alguns anos que v\u00ednhamos a tentar fazer algo deste g\u00e9nero, mas devido aos diversos compromissos, nunca foi poss\u00edvel, mas quis o destino que, esta reuni\u00e3o acontecesse talvez no momento mais incerto da nossa hist\u00f3ria, o que acrescentou a import\u00e2ncia desta sess\u00e3o.<br \/>\nFoi um momento \u00fanico e de enorme partilha, pois conseguiram provar que, \u00e9 poss\u00edvel, diferentes modalidades coabitar e unir esfor\u00e7os para o desenvolvimento desportivo.<br \/>\nO vosso testemunho, como l\u00edderes das sele\u00e7\u00f5es das diversas modalidades, servir\u00e1 como um bom exemplo e que influenciar\u00e1 os restantes treinadore<\/em>s&#8221;.<\/p>\n<p class=\"descricaonoticia\" align=\"justify\">Mais informa\u00e7\u00f5es\u00a0<a href=\"https:\/\/portal.fpa.pt\/2020\/06\/programa-oficial-do-17o-congresso-tecnico-cientifico\/\" target=\"_blank\" rel=\"noopener noreferrer\">aqui<\/a><\/p>\n","protected":false},"excerpt":{"rendered":"<p>O\u00a017.\u00ba Congresso T\u00e9cnico Cient\u00edfico de Andebol, organizado pela Federa\u00e7\u00e3o Portuguesa da modalidade (FPA), juntou no Painel \u00abTreinadores de Portugal\u00bb\u00a0os seleccionadores das\u00a0as cinco modalidades que se aliaram em prol do desporto [&hellip;]<\/p>\n","protected":false},"author":1,"featured_media":760,"comment_status":"open","ping_status":"open","sticky":false,"template":"","format":"standard","meta":{"_monsterinsights_skip_tracking":false,"_monsterinsights_sitenote_active":false,"_monsterinsights_sitenote_note":"","_monsterinsights_sitenote_category":0,"footnotes":""},"categories":[8],"tags":[],"class_list":{"0":"post-759","1":"post","2":"type-post","3":"status-publish","4":"format-standard","5":"has-post-thumbnail","7":"category-voleibol","8":"czr-hentry"},"aioseo_notices":[],"_links":{"self":[{"href":"https:\/\/fpvoleibol.pt\/fpv\/wp-json\/wp\/v2\/posts\/759","targetHints":{"allow":["GET"]}}],"collection":[{"href":"https:\/\/fpvoleibol.pt\/fpv\/wp-json\/wp\/v2\/posts"}],"about":[{"href":"https:\/\/fpvoleibol.pt\/fpv\/wp-json\/wp\/v2\/types\/post"}],"author":[{"embeddable":true,"href":"https:\/\/fpvoleibol.pt\/fpv\/wp-json\/wp\/v2\/users\/1"}],"replies":[{"embeddable":true,"href":"https:\/\/fpvoleibol.pt\/fpv\/wp-json\/wp\/v2\/comments?post=759"}],"version-history":[{"count":1,"href":"https:\/\/fpvoleibol.pt\/fpv\/wp-json\/wp\/v2\/posts\/759\/revisions"}],"predecessor-version":[{"id":761,"href":"https:\/\/fpvoleibol.pt\/fpv\/wp-json\/wp\/v2\/posts\/759\/revisions\/761"}],"wp:featuredmedia":[{"embeddable":true,"href":"https:\/\/fpvoleibol.pt\/fpv\/wp-json\/wp\/v2\/media\/760"}],"wp:attachment":[{"href":"https:\/\/fpvoleibol.pt\/fpv\/wp-json\/wp\/v2\/media?parent=759"}],"wp:term":[{"taxonomy":"category","embeddable":true,"href":"https:\/\/fpvoleibol.pt\/fpv\/wp-json\/wp\/v2\/categories?post=759"},{"taxonomy":"post_tag","embeddable":true,"href":"https:\/\/fpvoleibol.pt\/fpv\/wp-json\/wp\/v2\/tags?post=759"}],"curies":[{"name":"wp","href":"https:\/\/api.w.org\/{rel}","templated":true}]}}