{"id":7589,"date":"2021-07-06T17:41:26","date_gmt":"2021-07-06T16:41:26","guid":{"rendered":"https:\/\/fpvoleibol.pt\/fpv\/?p=7589"},"modified":"2021-07-09T16:42:32","modified_gmt":"2021-07-09T15:42:32","slug":"titulo-das-infantis-decide-se-em-esmoriz","status":"publish","type":"post","link":"https:\/\/fpvoleibol.pt\/fpv\/2021\/07\/06\/titulo-das-infantis-decide-se-em-esmoriz\/","title":{"rendered":"T\u00cdTULO NACIONAL DAS INFANTIS DECIDE-SE EM ESMORIZ"},"content":{"rendered":"<p><img loading=\"lazy\" decoding=\"async\" class=\"size-large wp-image-7591 aligncenter\" src=\"https:\/\/fpvoleibol.pt\/fpv\/wp-content\/uploads\/2021\/07\/cartaz_inffem_d-724x1024.jpg\" alt=\"\" width=\"724\" height=\"1024\" srcset=\"https:\/\/fpvoleibol.pt\/fpv\/wp-content\/uploads\/2021\/07\/cartaz_inffem_d-724x1024.jpg 724w, https:\/\/fpvoleibol.pt\/fpv\/wp-content\/uploads\/2021\/07\/cartaz_inffem_d-212x300.jpg 212w, https:\/\/fpvoleibol.pt\/fpv\/wp-content\/uploads\/2021\/07\/cartaz_inffem_d-768x1086.jpg 768w, https:\/\/fpvoleibol.pt\/fpv\/wp-content\/uploads\/2021\/07\/cartaz_inffem_d.jpg 960w\" sizes=\"auto, (max-width: 724px) 100vw, 724px\" \/><\/p>\n<p style=\"text-align: left;\">A <a href=\"https:\/\/www.fpvoleibol.pt\/nacional\/20_21\/sorteios\/inffem_final.pdf?_ga=2.216603667.469735135.1625424409-1952709887.1623877442\">Fase Final do Campeonato Nacional de Infantis Femininos<\/a> realiza-se nos dias 10 e 11 de Julho no <strong>Pavilh\u00e3o do Esmoriz Gin\u00e1sio Clube<\/strong>, sendo organizada pela Federa\u00e7\u00e3o Portuguesa de Voleibol com o apoio do <a href=\"https:\/\/www.facebook.com\/esmorizgc\">Esmoriz GC<\/a>.<\/p>\n<p>Escola Madeira Torres, Esmoriz GC, Leix\u00f5es SC e CS Estoril s\u00e3o as equipas que ir\u00e3o disputar o <em>ceptro<\/em> nacional<strong>*<\/strong>.<\/p>\n<p style=\"text-align: center;\"><a href=\"https:\/\/www.portugalvoleibol.com\/classificacao\"><span style=\"text-decoration: underline;\"><strong>Calend\u00e1rio de Jogos<\/strong><\/span><\/a>*<br \/>\n<strong>Pavilh\u00e3o do Esmoriz GC<\/strong><\/p>\n<p style=\"text-align: center;\"><strong><em>Dia<\/em><\/strong> <strong><em>10.07.2021<\/em><\/strong> <strong><em>(S\u00e1bado)<\/em><\/strong><\/p>\n<table style=\"width: 100.23%;\">\n<tbody>\n<tr>\n<td style=\"width: 22.2931%;\" width=\"92\"><strong>Jogo n\u00b0 1631<\/strong><\/td>\n<td style=\"width: 24.0053%; text-align: center;\" width=\"137\"><strong>Esmoriz GC<\/strong><\/td>\n<td style=\"width: 23.0646%; text-align: center;\" width=\"153\"><strong>Salesianos Estoril<\/strong><\/td>\n<td style=\"width: 10.0132%;\" width=\"49\"><strong>15H00<\/strong><\/td>\n<td style=\"width: 54.9465%; text-align: center;\" width=\"136\"><strong>N\u00e3o se realiza<\/strong><\/td>\n<\/tr>\n<tr>\n<td style=\"width: 22.2931%;\" width=\"92\"><strong>Jogo n\u00b0 1632<\/strong><\/td>\n<td style=\"width: 24.0053%; text-align: center;\" width=\"137\">Escola Madeira Torres<\/td>\n<td style=\"width: 23.0646%; text-align: center;\" width=\"153\">Leix\u00f5es SC<\/td>\n<td style=\"width: 10.0132%;\" width=\"49\">18H00<\/td>\n<td style=\"width: 54.9465%;\" width=\"136\">Campo Principal<\/td>\n<\/tr>\n<\/tbody>\n<\/table>\n<p style=\"text-align: center;\"><strong><em>Dia 11.07.2021 (Domingo)*<\/em><\/strong><\/p>\n<table width=\"100%\">\n<tbody>\n<tr>\n<td width=\"21%\"><strong>Jogo<\/strong> <strong>n\u00b0<\/strong> <strong>1634<\/strong><\/td>\n<td width=\"23%\">\n<p style=\"text-align: center;\"><strong>Esmoriz GC<\/strong><\/p>\n<\/td>\n<td width=\"23%\">Venc. Jogo 1632<\/td>\n<td width=\"9%\">\n<p style=\"text-align: center;\"><strong>16H00<\/strong><\/p>\n<\/td>\n<td width=\"20%\">Campo Principal<\/td>\n<\/tr>\n<\/tbody>\n<\/table>\n<p style=\"text-align: center;\"><span style=\"font-size: 8pt;\"><strong>*Alterado em 9 de Julho<\/strong><\/span><\/p>\n<p style=\"text-align: center;\"><strong>Na \u00e9poca desportiva 2020\/2021, e excepcionalmente, as Fases Finais s\u00e3o realizadas com formato de meias-finais, jogo de defini\u00e7\u00e3o dos 3.\u00ba e 4.\u00ba classificados e Final.<\/strong><\/p>\n<p style=\"text-align: center;\"><strong>Ver <a href=\"https:\/\/fpvoleibol.pt\/fpv\/wp-content\/uploads\/2021\/06\/Circular_60-1.pdf\">aqui Formato dos Sorteios<\/a>\u00a0 \u00a0 \/\u00a0 \u00a0 Mais informa\u00e7\u00f5es <a href=\"https:\/\/fpvoleibol.pt\/fpv\/2021\/06\/17\/comunicado-n-o-29\/\">aqui<\/a><\/strong><\/p>\n<p style=\"text-align: center;\"><strong><span style=\"text-decoration: underline;\">CAMPEONATOS NACIONAIS &#8211; FASES FINAIS<\/span><br \/>\nESCAL\u00d5ES DE FORMA\u00c7\u00c3O, JUNIORES A, SUB-21 (JB) MASCULINOS E FEMININOS <\/strong><\/p>\n<table style=\"width: 100.398%;\">\n<tbody>\n<tr>\n<td style=\"width: 24.5336%; text-align: center;\" width=\"126\">\u00a0<strong>Prova <\/strong><\/td>\n<td style=\"width: 18.7075%; text-align: center;\" width=\"126\"><strong>Finais <\/strong><\/td>\n<td style=\"width: 17.408%; text-align: center;\" width=\"126\"><strong>Sorteios <\/strong><\/td>\n<td style=\"width: 27.1226%; text-align: center;\" width=\"126\"><strong>Participantes <\/strong><\/td>\n<td style=\"width: 34.3841%; text-align: center;\" width=\"126\"><strong>Local <\/strong><\/td>\n<\/tr>\n<tr>\n<td style=\"width: 24.5336%; text-align: center;\" width=\"126\"><strong>Juniores B Masculinos <\/strong><\/td>\n<td style=\"width: 18.7075%; text-align: center;\" width=\"126\"><strong>24 e 25 de Julho de 2021 <\/strong><\/td>\n<td style=\"width: 17.408%; text-align: center;\" width=\"126\"><strong>19.Julho.2021 18H00 <\/strong><\/td>\n<td style=\"width: 27.1226%; text-align: center;\" width=\"126\"><strong>1.\u00ba e 2\u00ba S\u00e9rie Primeiros + Rep.\u00a0<\/strong><strong>A\u00e7ores + Rep. Madeira <\/strong><\/td>\n<td style=\"width: 34.3841%; text-align: center;\" width=\"126\">A Definir<\/td>\n<\/tr>\n<tr>\n<td style=\"width: 24.5336%; text-align: center;\" width=\"126\"><strong>Juniores B Femininos <\/strong><\/td>\n<td style=\"width: 18.7075%; text-align: center;\" width=\"126\"><strong>24 e 25 de Julho de 2021 <\/strong><\/td>\n<td style=\"width: 17.408%; text-align: center;\" width=\"126\"><strong>19.Julho.2021 18H00 <\/strong><\/td>\n<td style=\"width: 27.1226%; text-align: center;\" width=\"126\"><strong>1\u00ba e 2\u00ba S\u00e9rie Primeiros + Rep.\u00a0<\/strong><strong>A\u00e7ores + Rep. Madeira <\/strong><\/td>\n<td style=\"width: 34.3841%; text-align: center;\" width=\"126\">A Definir<\/td>\n<\/tr>\n<tr>\n<td style=\"width: 24.5336%; text-align: center;\" width=\"126\"><strong>Juniores A Masculinos <\/strong><\/td>\n<td style=\"width: 18.7075%; text-align: center;\" width=\"126\"><strong>17 e 18 de Julho <\/strong><\/td>\n<td style=\"width: 17.408%; text-align: center;\" width=\"126\"><strong>12.Julho.2021 18H00 <\/strong><\/td>\n<td style=\"width: 27.1226%; text-align: center;\" width=\"126\"><strong>1\u00ba e 2\u00ba Zona Norte + 1\u00ba e 2\u00ba Zona Sul <\/strong><\/td>\n<td style=\"width: 34.3841%; text-align: center;\" width=\"126\">A Definir<\/td>\n<\/tr>\n<tr>\n<td style=\"width: 24.5336%; text-align: center;\" width=\"126\"><strong>Juniores A Femininos <\/strong><\/td>\n<td style=\"width: 18.7075%; text-align: center;\" width=\"126\"><strong>3 e 4 de Julho de 2021 <\/strong><\/td>\n<td style=\"width: 17.408%; text-align: center;\" width=\"126\"><strong>28.Junho.2021 18H00 <\/strong><\/td>\n<td style=\"width: 27.1226%; text-align: center;\" width=\"126\"><strong>1\u00ba e 2\u00ba Zona Norte + 1\u00ba e 2\u00ba <\/strong><strong>Zona Sul <\/strong><\/td>\n<td style=\"width: 34.3841%; text-align: center;\" width=\"126\"><a href=\"https:\/\/fpvoleibol.pt\/fpv\/wp-content\/uploads\/2021\/06\/FASE_FINAL_JUNIORES_A_FEM.pdf\"><strong>Bustos<\/strong><\/a><\/td>\n<\/tr>\n<tr>\n<td style=\"width: 24.5336%; text-align: center;\" width=\"126\"><a href=\"https:\/\/fpvoleibol.pt\/fpv\/features\/sorteios-epoca-2020-2021\/\"><strong>Juvenis Masculinos <\/strong><\/a><\/td>\n<td style=\"width: 18.7075%; text-align: center;\" width=\"126\"><a href=\"https:\/\/fpvoleibol.pt\/fpv\/features\/sorteios-epoca-2020-2021\/\"><strong>19 e 20 de Junho de 2021 <\/strong><\/a><\/td>\n<td style=\"width: 17.408%; text-align: center;\" width=\"126\"><a href=\"https:\/\/fpvoleibol.pt\/fpv\/features\/sorteios-epoca-2020-2021\/\"><strong>14.Junho.2021 18H00 <\/strong><\/a><\/td>\n<td style=\"width: 27.1226%; text-align: center;\" width=\"126\"><a href=\"https:\/\/fpvoleibol.pt\/fpv\/features\/sorteios-epoca-2020-2021\/\"><strong>1\u00ba Norte + 1\u00ba e 2\u00ba Sul + Rep. A\u00e7ores <\/strong><\/a><\/td>\n<td style=\"width: 34.3841%; text-align: center;\" width=\"126\"><a href=\"https:\/\/www.fpvoleibol.pt\/nacional\/20_21\/sorteios\/juvmasc_final.pdf?_ga=2.84666206.692357332.1623696524-1520097796.1623606741\">Pav. MTBA, em Sintra<\/a><\/td>\n<\/tr>\n<tr>\n<td style=\"width: 24.5336%; text-align: center;\" width=\"126\"><strong>Juvenis Femininos <\/strong><\/td>\n<td style=\"width: 18.7075%; text-align: center;\" width=\"126\"><strong>10 e 11 de Julho de 2021 <\/strong><\/td>\n<td style=\"width: 17.408%; text-align: center;\" width=\"126\"><strong>5.Julho.2021 18H00 <\/strong><\/td>\n<td style=\"width: 27.1226%; text-align: center;\" width=\"126\"><strong>1\u00ba Norte + 1\u00ba <\/strong><strong>Sul + Rep. A\u00e7ores + Rep. <\/strong><strong>Madeira <\/strong><\/td>\n<td style=\"width: 34.3841%; text-align: center;\" width=\"126\"><strong>T. Vedras \u2013 Pav. Escola EB de S. Gon\u00e7alo<\/strong><\/td>\n<\/tr>\n<tr>\n<td style=\"width: 24.5336%; text-align: center;\" width=\"126\"><strong>Cadetes Masculinos <\/strong><\/td>\n<td style=\"width: 18.7075%; text-align: center;\" width=\"126\"><strong>17 e 18 de Julho de 2021 <\/strong><\/td>\n<td style=\"width: 17.408%; text-align: center;\" width=\"126\"><strong>12.Julho.2021 18H30 <\/strong><\/td>\n<td style=\"width: 27.1226%; text-align: center;\" width=\"126\"><strong>1\u00ba e 2\u00ba Zona Norte + 1\u00ba e 2\u00ba Zona Sul <\/strong><\/td>\n<td style=\"width: 34.3841%; text-align: center;\" width=\"126\">A Definir<\/td>\n<\/tr>\n<tr>\n<td style=\"width: 24.5336%; text-align: center;\" width=\"126\"><strong>Cadetes Femininos <\/strong><\/td>\n<td style=\"width: 18.7075%; text-align: center;\" width=\"126\"><strong>17 e 18 de Julho <\/strong><\/td>\n<td style=\"width: 17.408%; text-align: center;\" width=\"126\"><strong>12.Julho.2021 18H30 <\/strong><\/td>\n<td style=\"width: 27.1226%; text-align: center;\" width=\"126\"><strong>1\u00ba e 2\u00ba Zona Norte + 1\u00ba e 2\u00ba Zona Sul <\/strong><\/td>\n<td style=\"width: 34.3841%; text-align: center;\" width=\"126\">A Definir<\/td>\n<\/tr>\n<tr>\n<td style=\"width: 24.5336%; text-align: center;\" width=\"126\"><a href=\"https:\/\/fpvoleibol.pt\/fpv\/features\/sorteios-epoca-2020-2021\/\"><strong>Iniciados Masculinos <\/strong><\/a><\/td>\n<td style=\"width: 18.7075%; text-align: center;\" width=\"126\"><strong>26 e 27 de Junho <\/strong><\/td>\n<td style=\"width: 17.408%; text-align: center;\" width=\"126\"><strong>21.Junho.2021 18H00 <\/strong><\/td>\n<td style=\"width: 27.1226%; text-align: center;\" width=\"126\"><strong>1\u00ba, 2\u00ba e 3\u00ba Classificados Continente + Rep. A\u00e7ores <\/strong><\/td>\n<td style=\"width: 34.3841%; text-align: center;\" width=\"126\"><a href=\"https:\/\/fpvoleibol.pt\/fpv\/features\/sorteios-epoca-2020-2021\/\">Pav. Col\u00e9gio de Lamego<\/a><\/td>\n<\/tr>\n<tr>\n<td style=\"width: 24.5336%; text-align: center;\" width=\"126\"><strong>Iniciados Femininos <\/strong><\/td>\n<td style=\"width: 18.7075%; text-align: center;\" width=\"126\"><strong>24 e 25 de Julho de 2021 <\/strong><\/td>\n<td style=\"width: 17.408%; text-align: center;\" width=\"126\"><strong>19.Julho.2021 18H30 <\/strong><\/td>\n<td style=\"width: 27.1226%; text-align: center;\" width=\"126\"><strong>1\u00ba Norte +1\u00ba <\/strong><strong>Sul+Rep. A\u00e7ores + Rep.\u00a0<\/strong><strong>Madeira <\/strong><\/td>\n<td style=\"width: 34.3841%; text-align: center;\" width=\"126\">A Definir<\/td>\n<\/tr>\n<tr>\n<td style=\"width: 24.5336%; text-align: center;\" width=\"126\"><strong>Infantis Masculinos <\/strong><\/td>\n<td style=\"width: 18.7075%; text-align: center;\" width=\"126\"><strong>17 e 18 de Julho de 2021 <\/strong><\/td>\n<td style=\"width: 17.408%; text-align: center;\" width=\"126\"><strong>12.Julho.2021 19H00 <\/strong><\/td>\n<td style=\"width: 27.1226%; text-align: center;\" width=\"126\"><strong>1\u00ba, 2\u00ba e 3\u00ba Zona Norte+ 1\u00ba Zona Sul <\/strong><\/td>\n<td style=\"width: 34.3841%; text-align: center;\" width=\"126\">A Definir<\/td>\n<\/tr>\n<tr>\n<td style=\"width: 24.5336%; text-align: center;\" width=\"126\"><strong>Infantis Femininos <\/strong><\/td>\n<td style=\"width: 18.7075%; text-align: center;\" width=\"126\"><strong>10 e 11 de Julho de 2021 <\/strong><\/td>\n<td style=\"width: 17.408%; text-align: center;\" width=\"126\"><strong>5.Julho.2021 18H30 <\/strong><\/td>\n<td style=\"width: 27.1226%; text-align: center;\" width=\"126\"><strong>1\u00ba e 2\u00ba Zona Norte + 1\u00ba e 2\u00ba <\/strong><strong>da Zona Sul <\/strong><\/td>\n<td style=\"width: 34.3841%; text-align: center;\" width=\"126\"><a href=\"https:\/\/www.facebook.com\/esmorizgc\">Pav. Esmoriz GC<\/a><\/td>\n<\/tr>\n<\/tbody>\n<\/table>\n<p>&nbsp;<\/p>\n","protected":false},"excerpt":{"rendered":"<p>A Fase Final do Campeonato Nacional de Infantis Femininos realiza-se nos dias 10 e 11 de Julho no Pavilh\u00e3o do Esmoriz Gin\u00e1sio Clube, sendo organizada pela Federa\u00e7\u00e3o Portuguesa de Voleibol [&hellip;]<\/p>\n","protected":false},"author":2,"featured_media":7592,"comment_status":"open","ping_status":"open","sticky":false,"template":"","format":"standard","meta":{"_monsterinsights_skip_tracking":false,"_monsterinsights_sitenote_active":false,"_monsterinsights_sitenote_note":"","_monsterinsights_sitenote_category":0,"footnotes":""},"categories":[11,8],"tags":[],"class_list":{"0":"post-7589","1":"post","2":"type-post","3":"status-publish","4":"format-standard","5":"has-post-thumbnail","7":"category-formacao","8":"category-voleibol","9":"czr-hentry"},"aioseo_notices":[],"_links":{"self":[{"href":"https:\/\/fpvoleibol.pt\/fpv\/wp-json\/wp\/v2\/posts\/7589","targetHints":{"allow":["GET"]}}],"collection":[{"href":"https:\/\/fpvoleibol.pt\/fpv\/wp-json\/wp\/v2\/posts"}],"about":[{"href":"https:\/\/fpvoleibol.pt\/fpv\/wp-json\/wp\/v2\/types\/post"}],"author":[{"embeddable":true,"href":"https:\/\/fpvoleibol.pt\/fpv\/wp-json\/wp\/v2\/users\/2"}],"replies":[{"embeddable":true,"href":"https:\/\/fpvoleibol.pt\/fpv\/wp-json\/wp\/v2\/comments?post=7589"}],"version-history":[{"count":9,"href":"https:\/\/fpvoleibol.pt\/fpv\/wp-json\/wp\/v2\/posts\/7589\/revisions"}],"predecessor-version":[{"id":7708,"href":"https:\/\/fpvoleibol.pt\/fpv\/wp-json\/wp\/v2\/posts\/7589\/revisions\/7708"}],"wp:featuredmedia":[{"embeddable":true,"href":"https:\/\/fpvoleibol.pt\/fpv\/wp-json\/wp\/v2\/media\/7592"}],"wp:attachment":[{"href":"https:\/\/fpvoleibol.pt\/fpv\/wp-json\/wp\/v2\/media?parent=7589"}],"wp:term":[{"taxonomy":"category","embeddable":true,"href":"https:\/\/fpvoleibol.pt\/fpv\/wp-json\/wp\/v2\/categories?post=7589"},{"taxonomy":"post_tag","embeddable":true,"href":"https:\/\/fpvoleibol.pt\/fpv\/wp-json\/wp\/v2\/tags?post=7589"}],"curies":[{"name":"wp","href":"https:\/\/api.w.org\/{rel}","templated":true}]}}