{"id":7563,"date":"2021-07-06T14:55:25","date_gmt":"2021-07-06T13:55:25","guid":{"rendered":"https:\/\/fpvoleibol.pt\/fpv\/?p=7563"},"modified":"2021-07-06T14:55:25","modified_gmt":"2021-07-06T13:55:25","slug":"voleibol-nao-para-em-vila-real","status":"publish","type":"post","link":"https:\/\/fpvoleibol.pt\/fpv\/2021\/07\/06\/voleibol-nao-para-em-vila-real\/","title":{"rendered":"VOLEIBOL \u00abN\u00c3O P\u00c1RA\u00bb EM VILA REAL"},"content":{"rendered":"<p><img loading=\"lazy\" decoding=\"async\" class=\"alignnone size-full wp-image-7572\" src=\"https:\/\/fpvoleibol.pt\/fpv\/wp-content\/uploads\/2021\/07\/AVTM_julho_d1.jpg\" alt=\"\" width=\"960\" height=\"720\" srcset=\"https:\/\/fpvoleibol.pt\/fpv\/wp-content\/uploads\/2021\/07\/AVTM_julho_d1.jpg 960w, https:\/\/fpvoleibol.pt\/fpv\/wp-content\/uploads\/2021\/07\/AVTM_julho_d1-300x225.jpg 300w, https:\/\/fpvoleibol.pt\/fpv\/wp-content\/uploads\/2021\/07\/AVTM_julho_d1-768x576.jpg 768w\" sizes=\"auto, (max-width: 960px) 100vw, 960px\" \/><\/p>\n<p>A regi\u00e3o transmontana voltou a ter um fim-de-semana alargado de Voleibol, proporcionado pela <strong>Associa\u00e7\u00e3o de Voleibol de Tr\u00e1s-os-Montes (AVTM) <\/strong>e pelo <strong>Sport Clube de Vila Real<\/strong>, entidades que, em colabora\u00e7\u00e3o com a <strong>Associa\u00e7\u00e3o de Voleibol de Braga (AVB)<\/strong><strong>,<\/strong> levaram a cabo a organiza\u00e7\u00e3o de tr\u00eas mini-torneios de Voleibol \u2013 realizados de acordo com as restri\u00e7\u00f5es impostas pelo combate \u00e0 pandemia de COVID-19 \u2013 na cidade de Vila Real.<\/p>\n<p>Assim, os dias 2, 3 e 4 de Julho foram dedicados \u00e0 realiza\u00e7\u00e3o de tr\u00eas torneios, que abarcaram os escal\u00f5es de Infantis,\u00a0 Iniciados, Cadetes e Juvenis e Juniores Femininos, e contaram com a participa\u00e7\u00e3o de 14 equipas dos clubes Academia de Voleibol de Vila Real, Clube Acad\u00e9mico de Bragan\u00e7a, Sport Clube de Vila Real, Sport Vila Real e Benfica, Juventude Pacense, Col\u00e9gio Jo\u00e3o Paulo II e Sporting Clube de Braga.<br \/>\nNa sexta-feira, e antes do come\u00e7o dos jogos, foi cumprido um minuto de sil\u00eancio em mem\u00f3ria de Lu\u00eds Caldeira, Vice-Presidente do Clube Acad\u00e9mico de Bragan\u00e7a, falecido nesse dia.<\/p>\n<p>No balan\u00e7o das competi\u00e7\u00f5es, treinadores e jogadoras referiram-se aos torneios como &#8220;<em>encontros muito positivos<\/em>&#8220;, tendo real\u00e7ado &#8220;<em>o esp\u00edrito competitivo e o fair-play<\/em>&#8221; existente ao longo de toda a competi\u00e7\u00e3o.<\/p>\n<p>Entretanto, a <strong>Associa\u00e7\u00e3o de Voleibol de Tr\u00e1s-os-Montes<\/strong> <em>n\u00e3o p\u00e1ra<\/em> e vai organizar amanh\u00e3, em colabora\u00e7\u00e3o com a <span style=\"text-decoration: underline;\">C\u00e2mara Municipal de Vinhais<\/span> e o <span style=\"text-decoration: underline;\">Agrupamento de Escolas D. Afonso III<\/span>, um Encontro Municipal de Gira-Volei, que decorrer\u00e1 no largo do Santo Ant\u00f3nio, na vila de Vinhais, distrito de Bragan\u00e7a.<\/p>\n<p><img loading=\"lazy\" decoding=\"async\" class=\"size-large wp-image-7574 aligncenter\" src=\"https:\/\/fpvoleibol.pt\/fpv\/wp-content\/uploads\/2021\/07\/EMGV_Vinhais-728x1024.jpg\" alt=\"\" width=\"728\" height=\"1024\" srcset=\"https:\/\/fpvoleibol.pt\/fpv\/wp-content\/uploads\/2021\/07\/EMGV_Vinhais-728x1024.jpg 728w, https:\/\/fpvoleibol.pt\/fpv\/wp-content\/uploads\/2021\/07\/EMGV_Vinhais-213x300.jpg 213w, https:\/\/fpvoleibol.pt\/fpv\/wp-content\/uploads\/2021\/07\/EMGV_Vinhais-768x1080.jpg 768w, https:\/\/fpvoleibol.pt\/fpv\/wp-content\/uploads\/2021\/07\/EMGV_Vinhais.jpg 960w\" sizes=\"auto, (max-width: 728px) 100vw, 728px\" \/><\/p>\n","protected":false},"excerpt":{"rendered":"<p>A regi\u00e3o transmontana voltou a ter um fim-de-semana alargado de Voleibol, proporcionado pela Associa\u00e7\u00e3o de Voleibol de Tr\u00e1s-os-Montes (AVTM) e pelo Sport Clube de Vila Real, entidades que, em colabora\u00e7\u00e3o [&hellip;]<\/p>\n","protected":false},"author":2,"featured_media":7570,"comment_status":"open","ping_status":"open","sticky":false,"template":"","format":"standard","meta":{"_monsterinsights_skip_tracking":false,"_monsterinsights_sitenote_active":false,"_monsterinsights_sitenote_note":"","_monsterinsights_sitenote_category":0,"footnotes":""},"categories":[11,12,8],"tags":[],"class_list":{"0":"post-7563","1":"post","2":"type-post","3":"status-publish","4":"format-standard","5":"has-post-thumbnail","7":"category-formacao","8":"category-gira-volei","9":"category-voleibol","10":"czr-hentry"},"aioseo_notices":[],"_links":{"self":[{"href":"https:\/\/fpvoleibol.pt\/fpv\/wp-json\/wp\/v2\/posts\/7563","targetHints":{"allow":["GET"]}}],"collection":[{"href":"https:\/\/fpvoleibol.pt\/fpv\/wp-json\/wp\/v2\/posts"}],"about":[{"href":"https:\/\/fpvoleibol.pt\/fpv\/wp-json\/wp\/v2\/types\/post"}],"author":[{"embeddable":true,"href":"https:\/\/fpvoleibol.pt\/fpv\/wp-json\/wp\/v2\/users\/2"}],"replies":[{"embeddable":true,"href":"https:\/\/fpvoleibol.pt\/fpv\/wp-json\/wp\/v2\/comments?post=7563"}],"version-history":[{"count":8,"href":"https:\/\/fpvoleibol.pt\/fpv\/wp-json\/wp\/v2\/posts\/7563\/revisions"}],"predecessor-version":[{"id":7578,"href":"https:\/\/fpvoleibol.pt\/fpv\/wp-json\/wp\/v2\/posts\/7563\/revisions\/7578"}],"wp:featuredmedia":[{"embeddable":true,"href":"https:\/\/fpvoleibol.pt\/fpv\/wp-json\/wp\/v2\/media\/7570"}],"wp:attachment":[{"href":"https:\/\/fpvoleibol.pt\/fpv\/wp-json\/wp\/v2\/media?parent=7563"}],"wp:term":[{"taxonomy":"category","embeddable":true,"href":"https:\/\/fpvoleibol.pt\/fpv\/wp-json\/wp\/v2\/categories?post=7563"},{"taxonomy":"post_tag","embeddable":true,"href":"https:\/\/fpvoleibol.pt\/fpv\/wp-json\/wp\/v2\/tags?post=7563"}],"curies":[{"name":"wp","href":"https:\/\/api.w.org\/{rel}","templated":true}]}}