{"id":749,"date":"2020-06-09T16:04:24","date_gmt":"2020-06-09T16:04:24","guid":{"rendered":"https:\/\/fpvoleibol.pt\/fpv\/?p=749"},"modified":"2020-06-09T16:04:24","modified_gmt":"2020-06-09T16:04:24","slug":"hugo-silva-prelector-no-17-o-congresso-tecnico","status":"publish","type":"post","link":"https:\/\/fpvoleibol.pt\/fpv\/2020\/06\/09\/hugo-silva-prelector-no-17-o-congresso-tecnico\/","title":{"rendered":"HUGO SILVA PRELECTOR NO 17.\u00ba CONGRESSO T\u00c9CNICO"},"content":{"rendered":"<p class=\"descricaonoticia\" align=\"center\"><img loading=\"lazy\" decoding=\"async\" src=\"https:\/\/www.fpvoleibol.pt\/noticias\/2020\/imagens\/Hugo-Silva-DiaPortugal.jpg\" width=\"430\" height=\"430\" border=\"1\" \/><\/p>\n<p class=\"descricaonoticia\" align=\"justify\"><strong>Hugo Silva, Selecionador Nacional de Voleibol,<\/strong>\u00a0\u00e9 um dos principais prelectores do\u00a0<strong>Painel \u00abTreinadores de Portugal\u00bb &#8211; 17.\u00ba Congresso T\u00e9cnico Cient\u00edfico de Andebo<\/strong><span class=\"auto-style4\">l<\/span>, a realizar a<span class=\"auto-style4\">manh\u00e3, Dia de Portugal e das Comunidades Portuguesas<\/span>, e que junta os treinadores principais das selec\u00e7\u00f5es de Andebol, Basquetebol, Futsal, Patinagem e Voleibol,\u00a0<a href=\"https:\/\/www.fpvoleibol.pt\/noticias\/2020\/20200529-1626_federas.html\" target=\"_blank\" rel=\"noopener noreferrer\">as cinco modalidades que se aliaram em prol do desporto portugu\u00eas no combate aos efeitos da pandemia de Covid-19<\/a>.<\/p>\n<p class=\"descricaonoticia\" align=\"justify\">Organizada pela Federa\u00e7\u00e3o de Andebol de Portugal, a 17.\u00aa edi\u00e7\u00e3o do Congresso de T\u00e9cnico Cient\u00edfico daquela modalidade dedica o dia 10 de Junho ao Treinador Portugu\u00eas, homenageando o trabalho dos treinadores que se encontram em solo nacional, como \u00e9 o caso dos prelectores do \u00abTreinadores de Portugal\u00bb, a decorrer das 11h00 \u00e0s 13h00, com a presen\u00e7a dos Seleccionadores Nacionais das Federa\u00e7\u00f5es de Andebol, Basquetebol, Futsal, Patinagem e Voleibol.<\/p>\n<p class=\"auto-style5\"><img loading=\"lazy\" decoding=\"async\" class=\"aligncenter\" src=\"https:\/\/www.fpvoleibol.pt\/noticias\/2020\/imagens\/Painel-Treinadores%20de%20Portugal_d.jpg\" width=\"480\" height=\"230\" border=\"1\" \/><\/p>\n<p class=\"descricaonoticia\" align=\"justify\">A sess\u00e3o ser\u00e1 transmitida em Livestream e pelo Facebook e as receitas do 17.\u00ba Congresso T\u00e9cnico Cient\u00edfico reverter\u00e3o para a institui\u00e7\u00e3o\u00a0<span class=\"auto-style4\">Acreditar<\/span>, que tem como miss\u00e3o &#8220;<em>Tratar a crian\u00e7a ou o jovem com cancro e n\u00e3o s\u00f3 o cancro na crian\u00e7a ou jovem, promovendo a sua qualidade de vida e da fam\u00edlia<\/em>.&#8221;<\/p>\n<p class=\"descricaonoticia\" align=\"justify\">\u00a0O Painel \u00abTreinadores de Portugal\u00bb conta com os prelectores Hugo Silva (Voleibol), Jorge Braz (Futsal), M\u00e1rio Gomes (Basquetebol), Paulo Pereira (Andebol) e Renato Garrido (H\u00f3quei em Patins) e ser\u00e1 moderado por Pedro Sequeira.<br \/>\nEste painel est\u00e1 homologado para efeitos da forma\u00e7\u00e3o cont\u00ednua de treinadores, para componente espec\u00edfica com 0,4 Unidades de Cr\u00e9dito (UC).<\/p>\n<p class=\"descricaonoticia\" align=\"justify\">Ver Programa e mais informa\u00e7\u00f5es\u00a0<a href=\"https:\/\/portal.fpa.pt\/2020\/06\/programa-oficial-do-17o-congresso-tecnico-cientifico\/\" target=\"_blank\" rel=\"noopener noreferrer\">aqui<\/a><\/p>\n","protected":false},"excerpt":{"rendered":"<p>Hugo Silva, Selecionador Nacional de Voleibol,\u00a0\u00e9 um dos principais prelectores do\u00a0Painel \u00abTreinadores de Portugal\u00bb &#8211; 17.\u00ba Congresso T\u00e9cnico Cient\u00edfico de Andebol, a realizar amanh\u00e3, Dia de Portugal e das Comunidades [&hellip;]<\/p>\n","protected":false},"author":1,"featured_media":750,"comment_status":"open","ping_status":"open","sticky":false,"template":"","format":"standard","meta":{"_monsterinsights_skip_tracking":false,"_monsterinsights_sitenote_active":false,"_monsterinsights_sitenote_note":"","_monsterinsights_sitenote_category":0,"footnotes":""},"categories":[8],"tags":[],"class_list":{"0":"post-749","1":"post","2":"type-post","3":"status-publish","4":"format-standard","5":"has-post-thumbnail","7":"category-voleibol","8":"czr-hentry"},"aioseo_notices":[],"_links":{"self":[{"href":"https:\/\/fpvoleibol.pt\/fpv\/wp-json\/wp\/v2\/posts\/749","targetHints":{"allow":["GET"]}}],"collection":[{"href":"https:\/\/fpvoleibol.pt\/fpv\/wp-json\/wp\/v2\/posts"}],"about":[{"href":"https:\/\/fpvoleibol.pt\/fpv\/wp-json\/wp\/v2\/types\/post"}],"author":[{"embeddable":true,"href":"https:\/\/fpvoleibol.pt\/fpv\/wp-json\/wp\/v2\/users\/1"}],"replies":[{"embeddable":true,"href":"https:\/\/fpvoleibol.pt\/fpv\/wp-json\/wp\/v2\/comments?post=749"}],"version-history":[{"count":1,"href":"https:\/\/fpvoleibol.pt\/fpv\/wp-json\/wp\/v2\/posts\/749\/revisions"}],"predecessor-version":[{"id":751,"href":"https:\/\/fpvoleibol.pt\/fpv\/wp-json\/wp\/v2\/posts\/749\/revisions\/751"}],"wp:featuredmedia":[{"embeddable":true,"href":"https:\/\/fpvoleibol.pt\/fpv\/wp-json\/wp\/v2\/media\/750"}],"wp:attachment":[{"href":"https:\/\/fpvoleibol.pt\/fpv\/wp-json\/wp\/v2\/media?parent=749"}],"wp:term":[{"taxonomy":"category","embeddable":true,"href":"https:\/\/fpvoleibol.pt\/fpv\/wp-json\/wp\/v2\/categories?post=749"},{"taxonomy":"post_tag","embeddable":true,"href":"https:\/\/fpvoleibol.pt\/fpv\/wp-json\/wp\/v2\/tags?post=749"}],"curies":[{"name":"wp","href":"https:\/\/api.w.org\/{rel}","templated":true}]}}