{"id":742,"date":"2020-06-05T10:21:16","date_gmt":"2020-06-05T10:21:16","guid":{"rendered":"https:\/\/fpvoleibol.pt\/fpv\/?p=742"},"modified":"2020-06-08T10:23:15","modified_gmt":"2020-06-08T10:23:15","slug":"voleibol-de-praia-europeu-de-sub-20-reagendado-para-setembro-em-brno","status":"publish","type":"post","link":"https:\/\/fpvoleibol.pt\/fpv\/2020\/06\/05\/voleibol-de-praia-europeu-de-sub-20-reagendado-para-setembro-em-brno\/","title":{"rendered":"VOLEIBOL DE PRAIA: EUROPEU DE SUB-20 REAGENDADO PARA SETEMBRO EM BRNO"},"content":{"rendered":"<p class=\"descricaonoticia\" align=\"center\"><img loading=\"lazy\" decoding=\"async\" src=\"https:\/\/www.fpvoleibol.pt\/noticias\/2020\/imagens\/Sokolske_d.jpg\" width=\"480\" height=\"337\" border=\"1\" \/><\/p>\n<p class=\"descricaonoticia\" align=\"justify\">A Confedera\u00e7\u00e3o Europeia de Voleibol (CEV) e a Federa\u00e7\u00e3o de Voleibol da Rep\u00fablica Checa reagendaram a realiza\u00e7\u00e3o do Campeonato da Europa de Sub-20, em Voleibol de Praia, para os dias 9 a 13 de Setembro do ano corrente, na cidade checa de Brno.<br \/>\nOs organizadores consideram que o EuroVolley &#8220;<em>servir\u00e1 como um sinal positivo de que o desporto competitivo est\u00e1 a voltar ao normal<\/em>&#8220;.<\/p>\n<p class=\"descricaonoticia\" align=\"justify\">No seguimento do chamado \u00ab<a href=\"https:\/\/www.fpvoleibol.pt\/noticias\/2020\/20200423-1589_cev.html\" target=\"_blank\" rel=\"noopener noreferrer\">Plano Marshall\u00bb<\/a>\u00a0para o Voleibol Europeu anunciado em Abril para combater os efeitos nefastos da pandemia de Covid-19, a CEV fornecer\u00e1 apoio financeiro adicional aos organizadores do torneio e \u00e0s duplas participantes.<\/p>\n<p class=\"descricaonoticia\" align=\"justify\">O Sokolske Koupaliste Sports Centre recebeu j\u00e1 as edi\u00e7\u00f5es de 2003, 2007, 2012, 2016 e 2018 do Europeu de Sub-18, enquanto a cidade de Brno acolheu, em 2004, o Campeonato da Europa de Sub-23.<\/p>\n<p class=\"auto-style1\"><strong>Participa\u00e7\u00f5es de duplas portuguesas na competi\u00e7\u00e3o<\/strong><\/p>\n<p class=\"descricaonoticia\" align=\"justify\"><strong>1996\u00a0<\/strong>\u2013 Jorge Alves e Jo\u00e3o Silva foram vice-campe\u00f5es europeus de Sub-20, em Jurmala, na Let\u00f3nia.<br \/>\n<strong>1997\u00a0<\/strong>\u2013 Jos\u00e9 Pedrosa e Jos\u00e9 Teixeira foram medalhados com o bronze no Europeu de Zagreb, na Cro\u00e1cia.<br \/>\n<strong>2007\u00a0<\/strong>\u2013 O Campeonato da Europa de Sub-20 Femininos disputou-se em Scheveningen, na Holanda, e a dupla T\u00e2nia Oliveira \/ Filipa Marques a classificou-se no 21.\u00ba lugar.<br \/>\n<strong>2009<\/strong>\u00a0\u2013 No Campeonato da Europa realizado em Kos, na Gr\u00e9cia, a dupla Lu\u00eds Puga\/Pedro Miranda classificou-se no 19.\u00ba lugar.<br \/>\n<strong>2010<\/strong>\u00a0\u2013 Diogo Maia e Jos\u00e9 Soares classificaram-se em 19.\u00ba lugar no Europeu que decorreu na cidade austr\u00edaca de Hartberg.<br \/>\n<strong>2014<\/strong>\u00a0\u2013 No Europeu de Cesenatico (It\u00e1lia), a dupla Diogo Maia\/Tom\u00e1s Silva somou 48 pontos no Ranking da CEV ao rubricar o 8.\u00ba lugar.<br \/>\n<strong>2015<\/strong>\u00a0\u2013 No Campeonato da Europa realizado na cidade cipriota de Larnaca, Jos\u00e9 Jardim e Francisco Pombeiro classificaram-se no 9.\u00ba lugar;<br \/>\n<strong>2017\u00a0<\/strong>\u2013 Merc\u00ea do 17.\u00ba lugar alcan\u00e7ado, as duplas portuguesas Afonso Reis\/Andr\u00e9 Marques e Beatriz Pinheiro\/In\u00eas Castro somaram ambas 32 pontos no ranking da CEV.<br \/>\n<strong>2018<\/strong>\u00a0\u2013 No Campeonato da Europa de Anapa (R\u00fassia), a dupla Beatriz Pinheiro\/In\u00eas Castro classificou-se no 17.\u00ba lugar, enquanto Jo\u00e3o Pedrosa e Hugo Campos terminaram na 25.\u00aa posi\u00e7\u00e3o.<br \/>\n<strong>2019<\/strong>\u00a0\u2013 Hugo Campos\/Jo\u00e3o Pedrosa classificou-se na 17.\u00aa posi\u00e7\u00e3o no Europeu realizado na cidade sueca de Gotemburgo.<\/p>\n<p class=\"descricaonoticia\" align=\"justify\">Mais informa\u00e7\u00f5es em\u00a0<a href=\"http:\/\/www.cev.eu\/\" target=\"_blank\" rel=\"noopener noreferrer\">www.cev.eu<\/a><\/p>\n","protected":false},"excerpt":{"rendered":"<p>A Confedera\u00e7\u00e3o Europeia de Voleibol (CEV) e a Federa\u00e7\u00e3o de Voleibol da Rep\u00fablica Checa reagendaram a realiza\u00e7\u00e3o do Campeonato da Europa de Sub-20, em Voleibol de Praia, para os dias [&hellip;]<\/p>\n","protected":false},"author":1,"featured_media":743,"comment_status":"open","ping_status":"open","sticky":false,"template":"","format":"standard","meta":{"_monsterinsights_skip_tracking":false,"_monsterinsights_sitenote_active":false,"_monsterinsights_sitenote_note":"","_monsterinsights_sitenote_category":0,"footnotes":""},"categories":[9],"tags":[],"class_list":{"0":"post-742","1":"post","2":"type-post","3":"status-publish","4":"format-standard","5":"has-post-thumbnail","7":"category-voleibol-de-praia","8":"czr-hentry"},"aioseo_notices":[],"_links":{"self":[{"href":"https:\/\/fpvoleibol.pt\/fpv\/wp-json\/wp\/v2\/posts\/742","targetHints":{"allow":["GET"]}}],"collection":[{"href":"https:\/\/fpvoleibol.pt\/fpv\/wp-json\/wp\/v2\/posts"}],"about":[{"href":"https:\/\/fpvoleibol.pt\/fpv\/wp-json\/wp\/v2\/types\/post"}],"author":[{"embeddable":true,"href":"https:\/\/fpvoleibol.pt\/fpv\/wp-json\/wp\/v2\/users\/1"}],"replies":[{"embeddable":true,"href":"https:\/\/fpvoleibol.pt\/fpv\/wp-json\/wp\/v2\/comments?post=742"}],"version-history":[{"count":1,"href":"https:\/\/fpvoleibol.pt\/fpv\/wp-json\/wp\/v2\/posts\/742\/revisions"}],"predecessor-version":[{"id":744,"href":"https:\/\/fpvoleibol.pt\/fpv\/wp-json\/wp\/v2\/posts\/742\/revisions\/744"}],"wp:featuredmedia":[{"embeddable":true,"href":"https:\/\/fpvoleibol.pt\/fpv\/wp-json\/wp\/v2\/media\/743"}],"wp:attachment":[{"href":"https:\/\/fpvoleibol.pt\/fpv\/wp-json\/wp\/v2\/media?parent=742"}],"wp:term":[{"taxonomy":"category","embeddable":true,"href":"https:\/\/fpvoleibol.pt\/fpv\/wp-json\/wp\/v2\/categories?post=742"},{"taxonomy":"post_tag","embeddable":true,"href":"https:\/\/fpvoleibol.pt\/fpv\/wp-json\/wp\/v2\/tags?post=742"}],"curies":[{"name":"wp","href":"https:\/\/api.w.org\/{rel}","templated":true}]}}