{"id":739,"date":"2020-06-04T22:18:21","date_gmt":"2020-06-04T22:18:21","guid":{"rendered":"https:\/\/fpvoleibol.pt\/fpv\/?p=739"},"modified":"2020-06-08T10:20:24","modified_gmt":"2020-06-08T10:20:24","slug":"um-apito-com-paulo-turci","status":"publish","type":"post","link":"https:\/\/fpvoleibol.pt\/fpv\/2020\/06\/04\/um-apito-com-paulo-turci\/","title":{"rendered":"\u00abUM APITO COM&#8230;\u00bb PAULO TURCI"},"content":{"rendered":"<p class=\"descricaonoticia\" align=\"center\"><a href=\"https:\/\/www.fpvoleibol.pt\/noticias\/2020\/imagens\/paulo_turci_gd.jpg\" target=\"_blank\" rel=\"noopener noreferrer\"><img loading=\"lazy\" decoding=\"async\" src=\"https:\/\/www.fpvoleibol.pt\/noticias\/2020\/imagens\/paulo_turci_pq.jpg\" width=\"430\" height=\"608\" border=\"1\" \/><\/a><\/p>\n<p class=\"descricaonoticia\" align=\"justify\">O \u00e1rbitro internacional brasileiro\u00a0<strong>Paulo Turci<\/strong>\u00a0\u00e9 o pr\u00f3ximo convidado do ciclo de videoconfer\u00eancias denominado \u00abUm Apito com\u2026\u00bb, cuja sess\u00e3o vai ter lugar no pr\u00f3ximo domingo, dia 7 de Junho, pelas 21 horas. Depois das primeiras sess\u00f5es com a s\u00e9rvia Zorica Bjelic, a espanhola Susana Rodriguez e o portugu\u00eas Jos\u00e9 Casanova, \u00e9 a vez do brasileiro\u00a0<strong>Paulo Ricardo Turci<\/strong>.<\/p>\n<p class=\"descricaonoticia\" align=\"justify\">\u00c1rbitro de categoria internacional desde 2004, Turci j\u00e1 foi indicado para diversas provas de n\u00edvel mundial, como os Jogos Ol\u00edmpicos do Rio de Janeiro, tendo dirigido finais de Campeonatos do Mundos (selec\u00e7\u00f5es e clubes), da Ta\u00e7a do Mundo, da Liga Mundial\/Liga das Na\u00e7\u00f5es e, naturalmente, da Superliga Brasileira, estando indicado para os Jogos Ol\u00edmpicos de T\u00f3quio.<\/p>\n<p class=\"auto-style2\">Est\u00e1, assim, proporcionada mais uma excelente oportunidade aos \u00e1rbitros portugueses internacionais e de n\u00edvel III de Voleibol para assistirem e participarem em mais uma sess\u00e3o de qualidade ineg\u00e1vel e com algumas novidades, conforme salienta o\u00a0<span class=\"auto-style3\">Presidente do Conselho de Arbitragem da Federa\u00e7\u00e3o Portuguesa de Voleibol , Avelino Azevedo<\/span>:<br \/>\n\u201c<em>Denominada\u00a0\u00abA arbitragem nacional e internacional\u00bb, o objectivo desta quarta videoconfer\u00eancia ser\u00e1 mostrar o caminho que um \u00e1rbitro de Voleibol de refer\u00eancia percorreu at\u00e9 chegar ao topo da carreira internacional, para a seguir ouvirmos as principais diferen\u00e7as entre dirigir jogos nacionais e internacionais, para percebermos os poss\u00edveis caminhos da evolu\u00e7\u00e3o das nossa arbitragem, para al\u00e9m de irmos seguramente abordar quest\u00f5es sobre as in\u00fameras finais que dirigiu. Uma sess\u00e3o seguramente muito interessante dirigida a todos os nossos \u00e1rbitros que dirigem jogos das competi\u00e7\u00f5es nacionais de divis\u00f5es fechadas<\/em>\u201d.<\/p>\n<p class=\"auto-style2\">Esta quarta sess\u00e3o tamb\u00e9m inclui uma segunda parte para observa\u00e7\u00e3o de<span class=\"auto-style3\">\u00a0Casos de Jogo<\/span>:<br \/>\n\u201c<em>Vamos continuar a aproveitar estes eventos para uma din\u00e2mica formativa com os \u00e1rbitros presentes e proporcionar a discuss\u00e3o de alguns casos de jogo de Voleibol, atrav\u00e9s do visionamento de alguns v\u00eddeos. Para esta sess\u00e3o convidamos novamente os internacionais portugueses Jos\u00e9 Caramez, Nuno Teixeira e Raquel Portela para cada num nos apresentar um caso de jogo , seguindo-se uma troca de opini\u00f5es sobre os princ\u00edpios que devem presidir \u00e0 interpreta\u00e7\u00e3o deste tipo de casos<\/em>.\u201d, conclui.<\/p>\n<p class=\"auto-style2\">Este conjunto de iniciativas visa melhorar todos os pressupostos para uma arbitragem nacional a um patamar mais elevado nas pr\u00f3ximas temporadas, contribuindo assim, de uma maneira construtiva e pedag\u00f3gica, para a melhoria e o desenvolvimento do Voleibol e do Voleibol de Praia em Portugal.<\/p>\n","protected":false},"excerpt":{"rendered":"<p>O \u00e1rbitro internacional brasileiro\u00a0Paulo Turci\u00a0\u00e9 o pr\u00f3ximo convidado do ciclo de videoconfer\u00eancias denominado \u00abUm Apito com\u2026\u00bb, cuja sess\u00e3o vai ter lugar no pr\u00f3ximo domingo, dia 7 de Junho, pelas 21 [&hellip;]<\/p>\n","protected":false},"author":1,"featured_media":740,"comment_status":"open","ping_status":"open","sticky":false,"template":"","format":"standard","meta":{"_monsterinsights_skip_tracking":false,"_monsterinsights_sitenote_active":false,"_monsterinsights_sitenote_note":"","_monsterinsights_sitenote_category":0,"footnotes":""},"categories":[13,8],"tags":[],"class_list":{"0":"post-739","1":"post","2":"type-post","3":"status-publish","4":"format-standard","5":"has-post-thumbnail","7":"category-arbitragem","8":"category-voleibol","9":"czr-hentry"},"aioseo_notices":[],"_links":{"self":[{"href":"https:\/\/fpvoleibol.pt\/fpv\/wp-json\/wp\/v2\/posts\/739","targetHints":{"allow":["GET"]}}],"collection":[{"href":"https:\/\/fpvoleibol.pt\/fpv\/wp-json\/wp\/v2\/posts"}],"about":[{"href":"https:\/\/fpvoleibol.pt\/fpv\/wp-json\/wp\/v2\/types\/post"}],"author":[{"embeddable":true,"href":"https:\/\/fpvoleibol.pt\/fpv\/wp-json\/wp\/v2\/users\/1"}],"replies":[{"embeddable":true,"href":"https:\/\/fpvoleibol.pt\/fpv\/wp-json\/wp\/v2\/comments?post=739"}],"version-history":[{"count":1,"href":"https:\/\/fpvoleibol.pt\/fpv\/wp-json\/wp\/v2\/posts\/739\/revisions"}],"predecessor-version":[{"id":741,"href":"https:\/\/fpvoleibol.pt\/fpv\/wp-json\/wp\/v2\/posts\/739\/revisions\/741"}],"wp:featuredmedia":[{"embeddable":true,"href":"https:\/\/fpvoleibol.pt\/fpv\/wp-json\/wp\/v2\/media\/740"}],"wp:attachment":[{"href":"https:\/\/fpvoleibol.pt\/fpv\/wp-json\/wp\/v2\/media?parent=739"}],"wp:term":[{"taxonomy":"category","embeddable":true,"href":"https:\/\/fpvoleibol.pt\/fpv\/wp-json\/wp\/v2\/categories?post=739"},{"taxonomy":"post_tag","embeddable":true,"href":"https:\/\/fpvoleibol.pt\/fpv\/wp-json\/wp\/v2\/tags?post=739"}],"curies":[{"name":"wp","href":"https:\/\/api.w.org\/{rel}","templated":true}]}}