{"id":736,"date":"2020-06-04T16:18:35","date_gmt":"2020-06-04T16:18:35","guid":{"rendered":"https:\/\/fpvoleibol.pt\/fpv\/?p=736"},"modified":"2020-06-04T16:18:35","modified_gmt":"2020-06-04T16:18:35","slug":"percy-oncken-conversa-com-o-seleccionador-nacional","status":"publish","type":"post","link":"https:\/\/fpvoleibol.pt\/fpv\/2020\/06\/04\/percy-oncken-conversa-com-o-seleccionador-nacional\/","title":{"rendered":"PERCY ONCKEN \u00abCONVERSA\u00bb COM O SELECCIONADOR NACIONAL"},"content":{"rendered":"<p class=\"descricaonoticia\" align=\"center\"><img loading=\"lazy\" decoding=\"async\" title=\"Foto 1\" src=\"https:\/\/www.fpvoleibol.pt\/noticias\/2020\/imagens\/Luso_HugoSilva_d.jpg\" width=\"430\" height=\"500\" border=\"1\" \/><\/p>\n<p class=\"auto-style1\">A\u00a0<span class=\"auto-style2\">Lus\u00f3fona Voleibol e o brasileiro Percy Oncken<\/span>\u00a0\u2013 antigo treinador das selec\u00e7\u00f5es jovens\u00a0<em>canarinhas<\/em>, actualmente ao servi\u00e7o da Lus\u00f3fona Voleibol \u2013 v\u00e3o estar,\u00a0<strong>hoje (19h00),<\/strong>\u00a0\u00ab\u00e0 conversa\u00bb, atrav\u00e9s do\u00a0<a href=\"https:\/\/www.youtube.com\/channel\/UCxZQ7R3PZTxGMBgkNWaAkdQ\" target=\"_blank\" rel=\"noopener noreferrer\">YouTube Lus\u00f3fona Voleibol<\/a>\u00a0\/ Instagram, com\u00a0<a href=\"https:\/\/www.volleyball.world\/en\/vnl\/2019\/men\/teams\/por-portugal\" target=\"_blank\" rel=\"noopener noreferrer\">Hugo Silva<\/a>, treinador principal da Selec\u00e7\u00e3o Nacional de Seniores Masculinos.<\/p>\n<p class=\"auto-style1\">Para al\u00e9m do seu vasto percurso como Seleccionador Nacional,<strong>\u00a0Hugo Silva<\/strong>, de 46 anos, tem no seu curr\u00edculo como treinador t\u00edtulos de campe\u00e3o nacional ao servi\u00e7o de equipas como o Sporting CP e o SC Espinho.<\/p>\n<p class=\"auto-style1\"><span class=\"auto-style2\">Percy Oncken<\/span>\u00a0\u00abconversou\u00bb anteriormente com os brasileiros Roberley Leonaldo (Rubinho),\u00a0<a href=\"https:\/\/www.youtube.com\/watch?v=8djaZd7UiuA\" target=\"_blank\" rel=\"noopener noreferrer\">Bernardo Rezende (Bernardinho)<\/a>\u00a0e Z\u00e9 Roberto, respectivamente ex-treinador adjunto, ex-seleccionador da Selec\u00e7\u00e3o Brasileira de Seniores Masculinos e treinador principal da Selec\u00e7\u00e3o Brasileira de Seniores Femininos, Marcos Kwiek, actual treinador da Selec\u00e7\u00e3o de Seniores Femininos da Rep\u00fablica Dominicana, e Marcos Lerbach, director de cursos da CBV, com o argentino Ra\u00fal Lozano, que orientou j\u00e1 selec\u00e7\u00f5es como as de Espanha, Ir\u00e3o, Alemanha, Pol\u00f3nia e China, e com o italiano Stefano Lavarini, treinador da Selec\u00e7\u00e3o de Voleibol da Coreia do Sul, em seniores femininos.<\/p>\n","protected":false},"excerpt":{"rendered":"<p>A\u00a0Lus\u00f3fona Voleibol e o brasileiro Percy Oncken\u00a0\u2013 antigo treinador das selec\u00e7\u00f5es jovens\u00a0canarinhas, actualmente ao servi\u00e7o da Lus\u00f3fona Voleibol \u2013 v\u00e3o estar,\u00a0hoje (19h00),\u00a0\u00ab\u00e0 conversa\u00bb, atrav\u00e9s do\u00a0YouTube Lus\u00f3fona Voleibol\u00a0\/ Instagram, com\u00a0Hugo Silva, [&hellip;]<\/p>\n","protected":false},"author":1,"featured_media":737,"comment_status":"open","ping_status":"open","sticky":false,"template":"","format":"standard","meta":{"_monsterinsights_skip_tracking":false,"_monsterinsights_sitenote_active":false,"_monsterinsights_sitenote_note":"","_monsterinsights_sitenote_category":0,"footnotes":""},"categories":[8],"tags":[],"class_list":{"0":"post-736","1":"post","2":"type-post","3":"status-publish","4":"format-standard","5":"has-post-thumbnail","7":"category-voleibol","8":"czr-hentry"},"aioseo_notices":[],"_links":{"self":[{"href":"https:\/\/fpvoleibol.pt\/fpv\/wp-json\/wp\/v2\/posts\/736","targetHints":{"allow":["GET"]}}],"collection":[{"href":"https:\/\/fpvoleibol.pt\/fpv\/wp-json\/wp\/v2\/posts"}],"about":[{"href":"https:\/\/fpvoleibol.pt\/fpv\/wp-json\/wp\/v2\/types\/post"}],"author":[{"embeddable":true,"href":"https:\/\/fpvoleibol.pt\/fpv\/wp-json\/wp\/v2\/users\/1"}],"replies":[{"embeddable":true,"href":"https:\/\/fpvoleibol.pt\/fpv\/wp-json\/wp\/v2\/comments?post=736"}],"version-history":[{"count":1,"href":"https:\/\/fpvoleibol.pt\/fpv\/wp-json\/wp\/v2\/posts\/736\/revisions"}],"predecessor-version":[{"id":738,"href":"https:\/\/fpvoleibol.pt\/fpv\/wp-json\/wp\/v2\/posts\/736\/revisions\/738"}],"wp:featuredmedia":[{"embeddable":true,"href":"https:\/\/fpvoleibol.pt\/fpv\/wp-json\/wp\/v2\/media\/737"}],"wp:attachment":[{"href":"https:\/\/fpvoleibol.pt\/fpv\/wp-json\/wp\/v2\/media?parent=736"}],"wp:term":[{"taxonomy":"category","embeddable":true,"href":"https:\/\/fpvoleibol.pt\/fpv\/wp-json\/wp\/v2\/categories?post=736"},{"taxonomy":"post_tag","embeddable":true,"href":"https:\/\/fpvoleibol.pt\/fpv\/wp-json\/wp\/v2\/tags?post=736"}],"curies":[{"name":"wp","href":"https:\/\/api.w.org\/{rel}","templated":true}]}}