{"id":733,"date":"2020-06-04T16:16:32","date_gmt":"2020-06-04T16:16:32","guid":{"rendered":"https:\/\/fpvoleibol.pt\/fpv\/?p=733"},"modified":"2020-06-04T16:16:32","modified_gmt":"2020-06-04T16:16:32","slug":"fpv-elege-orgaos-sociais-no-sabado","status":"publish","type":"post","link":"https:\/\/fpvoleibol.pt\/fpv\/2020\/06\/04\/fpv-elege-orgaos-sociais-no-sabado\/","title":{"rendered":"FPV ELEGE \u00d3RG\u00c3OS SOCIAIS NO S\u00c1BADO"},"content":{"rendered":"<p class=\"descricaonoticia\" align=\"center\"><img loading=\"lazy\" decoding=\"async\" src=\"https:\/\/www.fpvoleibol.pt\/noticias\/2019\/imagens\/FPV2.jpg\" width=\"480\" height=\"270\" border=\"1\" \/><\/p>\n<p class=\"descricaonoticia\" align=\"justify\">A\u00a0<strong>Federa\u00e7\u00e3o Portuguesa de Voleibol (FPV)\u00a0<\/strong>elege, no s\u00e1bado, pelas 10h30, os seus \u00f3rg\u00e3os sociais para o quadri\u00e9nio 2020\/2024.<\/p>\n<p class=\"descricaonoticia\" align=\"justify\">A \u00fanica lista que ir\u00e1 a sufr\u00e1gio \u00e9 liderada por\u00a0<strong>Vicente Ara\u00fajo<\/strong>, actual Vice-Presidente Executivo da FPV e Presidente federativo de 1996 a 2016.<br \/>\nO actual Presidente da FPV,\u00a0<strong>\u00c1lvaro Lopes,<\/strong>\u00a0integra a lista de Vicente Ara\u00fajo, assim como a maioria dos elementos que comp\u00f5em a actual Direc\u00e7\u00e3o e os corpos gerentes.<\/p>\n<p class=\"descricaonoticia\" align=\"justify\">Eleito pela primeira vez para a Presid\u00eancia do organismo que tutela o Voleibol a n\u00edvel nacional, em 1996, cargo que desempenhou at\u00e9 2016,\u00a0<strong>Vicente Ara\u00fajo<\/strong>, que recebeu a Medalha de M\u00e9rito Desportivo atribu\u00edda pelo Governo em 2005, tamb\u00e9m desempenha cargos de elevada import\u00e2ncia noutros organismos, como o Comit\u00e9 Ol\u00edmpico de Portugal (COP), do qual \u00e9 Vice-Presidente, e a n\u00edvel mundial na Federa\u00e7\u00e3o Internacional de Voleibol (FIVB), onde \u00e9 Membro do Conselho Executivo respons\u00e1vel pelo Voleibol de Praia e Presidente da Comiss\u00e3o de Voleibol de Praia e do Conselho Mundial.<br \/>\nVicente Ara\u00fajo \u00e9, tamb\u00e9m, Supervisor da Liga Mundial desde 1994 e Presidente da Western European Volleyball Zonal Association (WEVZA), tendo sido Membro do Comit\u00e9 de Controlo dos Jogos Ol\u00edmpicos de 1996 a 2016 e desempenha actualmente o cargo de Delegado T\u00e9cnico do Voleibol de Praia naquele que \u00e9 considerado \u00abo maior espect\u00e1culo desportivo do mundo\u00bb.<br \/>\n\u00c9 ainda o respons\u00e1vel m\u00e1ximo pela organiza\u00e7\u00e3o e realiza\u00e7\u00e3o de dezenas de competi\u00e7\u00f5es internacionais de enorme relevo no nosso Pa\u00eds.<\/p>\n<p class=\"descricaonoticia\" align=\"justify\">A\u00a0<span class=\"auto-style5\">FPV nasceu no dia 7 de Abril de 1947<\/span>\u00a0e foi uma das fundadoras da Federa\u00e7\u00e3o Internacional de Voleibol (FIVB).<\/p>\n<p class=\"descricaonoticia\" align=\"justify\">Informa\u00e7\u00f5es adicionais sobre as actividades do Voleibol\u00a0<a href=\"https:\/\/www.fpvoleibol.pt\/historia\/historiavoleibol-portugal.php\" target=\"_blank\" rel=\"noopener noreferrer\">aqui<\/a>\u00a0e\u00a0<a href=\"https:\/\/www.fpvoleibol.pt\/historia\/historiavoleibolpraia-portugal.php\" target=\"_blank\" rel=\"noopener noreferrer\">aqui<\/a><\/p>\n","protected":false},"excerpt":{"rendered":"<p>A\u00a0Federa\u00e7\u00e3o Portuguesa de Voleibol (FPV)\u00a0elege, no s\u00e1bado, pelas 10h30, os seus \u00f3rg\u00e3os sociais para o quadri\u00e9nio 2020\/2024. A \u00fanica lista que ir\u00e1 a sufr\u00e1gio \u00e9 liderada por\u00a0Vicente Ara\u00fajo, actual Vice-Presidente [&hellip;]<\/p>\n","protected":false},"author":1,"featured_media":734,"comment_status":"open","ping_status":"open","sticky":false,"template":"","format":"standard","meta":{"_monsterinsights_skip_tracking":false,"_monsterinsights_sitenote_active":false,"_monsterinsights_sitenote_note":"","_monsterinsights_sitenote_category":0,"footnotes":""},"categories":[14],"tags":[],"class_list":{"0":"post-733","1":"post","2":"type-post","3":"status-publish","4":"format-standard","5":"has-post-thumbnail","7":"category-institucional","8":"czr-hentry"},"aioseo_notices":[],"_links":{"self":[{"href":"https:\/\/fpvoleibol.pt\/fpv\/wp-json\/wp\/v2\/posts\/733","targetHints":{"allow":["GET"]}}],"collection":[{"href":"https:\/\/fpvoleibol.pt\/fpv\/wp-json\/wp\/v2\/posts"}],"about":[{"href":"https:\/\/fpvoleibol.pt\/fpv\/wp-json\/wp\/v2\/types\/post"}],"author":[{"embeddable":true,"href":"https:\/\/fpvoleibol.pt\/fpv\/wp-json\/wp\/v2\/users\/1"}],"replies":[{"embeddable":true,"href":"https:\/\/fpvoleibol.pt\/fpv\/wp-json\/wp\/v2\/comments?post=733"}],"version-history":[{"count":1,"href":"https:\/\/fpvoleibol.pt\/fpv\/wp-json\/wp\/v2\/posts\/733\/revisions"}],"predecessor-version":[{"id":735,"href":"https:\/\/fpvoleibol.pt\/fpv\/wp-json\/wp\/v2\/posts\/733\/revisions\/735"}],"wp:featuredmedia":[{"embeddable":true,"href":"https:\/\/fpvoleibol.pt\/fpv\/wp-json\/wp\/v2\/media\/734"}],"wp:attachment":[{"href":"https:\/\/fpvoleibol.pt\/fpv\/wp-json\/wp\/v2\/media?parent=733"}],"wp:term":[{"taxonomy":"category","embeddable":true,"href":"https:\/\/fpvoleibol.pt\/fpv\/wp-json\/wp\/v2\/categories?post=733"},{"taxonomy":"post_tag","embeddable":true,"href":"https:\/\/fpvoleibol.pt\/fpv\/wp-json\/wp\/v2\/tags?post=733"}],"curies":[{"name":"wp","href":"https:\/\/api.w.org\/{rel}","templated":true}]}}