{"id":722,"date":"2020-06-03T15:55:54","date_gmt":"2020-06-03T15:55:54","guid":{"rendered":"https:\/\/fpvoleibol.pt\/fpv\/?p=722"},"modified":"2020-06-03T15:55:54","modified_gmt":"2020-06-03T15:55:54","slug":"hugo-silva-prelector-no-dia-de-portugal","status":"publish","type":"post","link":"https:\/\/fpvoleibol.pt\/fpv\/2020\/06\/03\/hugo-silva-prelector-no-dia-de-portugal\/","title":{"rendered":"HUGO SILVA PRELECTOR NO DIA DE PORTUGAL"},"content":{"rendered":"<p class=\"descricaonoticia\" align=\"center\"><img loading=\"lazy\" decoding=\"async\" src=\"https:\/\/www.fpvoleibol.pt\/noticias\/2020\/imagens\/Painel-Treinadores%20de%20Portugal_d.jpg\" width=\"480\" height=\"230\" border=\"1\" \/><\/p>\n<p class=\"descricaonoticia\" align=\"justify\"><strong>Hugo Silva, Selecionador Nacional de Voleibol,<\/strong>\u00a0\u00e9 um dos prelectores do\u00a0<span class=\"auto-style4\">Painel \u00abTreinadores de Portugal\u00bb &#8211; 17.\u00ba Congresso T\u00e9cnico Cient\u00edfico de Andebol<\/span>, a realizar no dia 10 de Junho, Dia de Portugal e das Comunidades Portuguesas, e que junta os treinadores principais das selec\u00e7\u00f5es de Andebol, Basquetebol, Futsal, Patinagem e Voleibol,\u00a0<a href=\"https:\/\/www.fpvoleibol.pt\/noticias\/2020\/20200529-1626_federas.html\" target=\"_blank\" rel=\"noopener noreferrer\">as cinco modalidades que se aliaram em prol do desporto portugu\u00eas no combate aos efeitos da pandemia de Covid-19<\/a>.<\/p>\n<p class=\"descricaonoticia\" align=\"justify\">Organizada pela Federa\u00e7\u00e3o de Andebol de Portugal, esta 17.\u00aa edi\u00e7\u00e3o do seu Congresso de T\u00e9cnico Cient\u00edfico daquela modalidade apresenta, a partir das 11h00 e at\u00e9 \u00e1s 13h00, um painel denominado \u00abTreinadores de Portugal\u00bb, que contar\u00e1 com a presen\u00e7a dos Seleccionadores Nacionais das Federa\u00e7\u00f5es de Andebol, Basquetebol, Futsal, Patinagem e Voleibol.<\/p>\n<p class=\"descricaonoticia\" align=\"justify\">A sess\u00e3o ser\u00e1 transmitida em Livestream e pelo Facebook, podendo as inscri\u00e7\u00f5es serem feitas at\u00e9 ao dia 7 de Junho atrav\u00e9s do link\u00a0<a href=\"https:\/\/forms.gle\/eLsXk3yURnamhMMA7\">https:\/\/forms.gle\/eLsXk3yURnamhMMA7<\/a><\/p>\n<p class=\"descricaonoticia\" align=\"justify\">O Painel \u00abTreinadores de Portugal\u00bb conta com os prelectores Hugo Silva (Voleibol), Jorge Braz (Futsal), M\u00e1rio Gomes (Basquetebol), Paulo Pereira (Andebol) e Renato Garrido (H\u00f3quei em Patins) e ser\u00e1 moderado por Pedro Sequeira.<br \/>\nEste painel est\u00e1 homologado para efeitos da forma\u00e7\u00e3o cont\u00ednua de treinadores, para componente espec\u00edfica com 0,4 Unidades de Cr\u00e9dito (UC).<\/p>\n<p class=\"descricaonoticia\" align=\"justify\">Mais informa\u00e7\u00f5es\u00a0<a href=\"https:\/\/portal.fpa.pt\/2020\/05\/apresentacao-do-painel-treinadores-de-portugal-inscricoes-abertas\/\" target=\"_blank\" rel=\"noopener noreferrer\">aqui<\/a><\/p>\n","protected":false},"excerpt":{"rendered":"<p>Hugo Silva, Selecionador Nacional de Voleibol,\u00a0\u00e9 um dos prelectores do\u00a0Painel \u00abTreinadores de Portugal\u00bb &#8211; 17.\u00ba Congresso T\u00e9cnico Cient\u00edfico de Andebol, a realizar no dia 10 de Junho, Dia de Portugal [&hellip;]<\/p>\n","protected":false},"author":1,"featured_media":723,"comment_status":"open","ping_status":"open","sticky":false,"template":"","format":"standard","meta":{"_monsterinsights_skip_tracking":false,"_monsterinsights_sitenote_active":false,"_monsterinsights_sitenote_note":"","_monsterinsights_sitenote_category":0,"footnotes":""},"categories":[11,8],"tags":[],"class_list":{"0":"post-722","1":"post","2":"type-post","3":"status-publish","4":"format-standard","5":"has-post-thumbnail","7":"category-formacao","8":"category-voleibol","9":"czr-hentry"},"aioseo_notices":[],"_links":{"self":[{"href":"https:\/\/fpvoleibol.pt\/fpv\/wp-json\/wp\/v2\/posts\/722","targetHints":{"allow":["GET"]}}],"collection":[{"href":"https:\/\/fpvoleibol.pt\/fpv\/wp-json\/wp\/v2\/posts"}],"about":[{"href":"https:\/\/fpvoleibol.pt\/fpv\/wp-json\/wp\/v2\/types\/post"}],"author":[{"embeddable":true,"href":"https:\/\/fpvoleibol.pt\/fpv\/wp-json\/wp\/v2\/users\/1"}],"replies":[{"embeddable":true,"href":"https:\/\/fpvoleibol.pt\/fpv\/wp-json\/wp\/v2\/comments?post=722"}],"version-history":[{"count":1,"href":"https:\/\/fpvoleibol.pt\/fpv\/wp-json\/wp\/v2\/posts\/722\/revisions"}],"predecessor-version":[{"id":724,"href":"https:\/\/fpvoleibol.pt\/fpv\/wp-json\/wp\/v2\/posts\/722\/revisions\/724"}],"wp:featuredmedia":[{"embeddable":true,"href":"https:\/\/fpvoleibol.pt\/fpv\/wp-json\/wp\/v2\/media\/723"}],"wp:attachment":[{"href":"https:\/\/fpvoleibol.pt\/fpv\/wp-json\/wp\/v2\/media?parent=722"}],"wp:term":[{"taxonomy":"category","embeddable":true,"href":"https:\/\/fpvoleibol.pt\/fpv\/wp-json\/wp\/v2\/categories?post=722"},{"taxonomy":"post_tag","embeddable":true,"href":"https:\/\/fpvoleibol.pt\/fpv\/wp-json\/wp\/v2\/tags?post=722"}],"curies":[{"name":"wp","href":"https:\/\/api.w.org\/{rel}","templated":true}]}}