{"id":6476,"date":"2021-05-29T18:43:39","date_gmt":"2021-05-29T17:43:39","guid":{"rendered":"https:\/\/fpvoleibol.pt\/fpv\/?p=6476"},"modified":"2021-05-29T18:52:53","modified_gmt":"2021-05-29T17:52:53","slug":"portuguesas-invictas-na-silver-league","status":"publish","type":"post","link":"https:\/\/fpvoleibol.pt\/fpv\/2021\/05\/29\/portuguesas-invictas-na-silver-league\/","title":{"rendered":"PORTUGUESAS INVICTAS NA SILVER LEAGUE"},"content":{"rendered":"<p><img loading=\"lazy\" decoding=\"async\" class=\"alignnone size-full wp-image-6482 aligncenter\" src=\"https:\/\/fpvoleibol.pt\/fpv\/wp-content\/uploads\/2021\/05\/portugalxletonia.jpg\" alt=\"\" width=\"960\" height=\"640\" srcset=\"https:\/\/fpvoleibol.pt\/fpv\/wp-content\/uploads\/2021\/05\/portugalxletonia.jpg 960w, https:\/\/fpvoleibol.pt\/fpv\/wp-content\/uploads\/2021\/05\/portugalxletonia-300x200.jpg 300w, https:\/\/fpvoleibol.pt\/fpv\/wp-content\/uploads\/2021\/05\/portugalxletonia-768x512.jpg 768w\" sizes=\"auto, (max-width: 960px) 100vw, 960px\" \/><\/p>\n<p>A <strong>Selec\u00e7\u00e3o Nacional de Seniores Femininos<\/strong>, orientada por Jo\u00e3o Jos\u00e9, venceu hoje, pela margem m\u00e1xima (<a href=\"https:\/\/www-old.cev.eu\/Competition-Area\/MatchStatistics.aspx?ID=40419\">3-0: 25-18, 25-19 e 25-21<\/a>), a Let\u00f3nia e mant\u00e9m-se invicta na <a href=\"https:\/\/fpvoleibol.pt\/euroleague2021\/silverleague.html\">Pool B<\/a> da fase preliminar da <a href=\"https:\/\/www.cev.eu\/national-team\/european-league\/european-silver-league\/women\/\"><strong>European Silver League 2021<\/strong><\/a>.<br \/>\nO jogo de amanh\u00e3, com a B\u00f3snia-Herzegovina, selec\u00e7\u00e3o que se apurou para a final do Europeu 2021, servir\u00e1 para definir a lideran\u00e7a do grupo no final do 1.\u00ba torneio da Pool B.<br \/>\nNa ter\u00e7a-feira come\u00e7a a disputar-se o 2.\u00ba torneio, igualmente no Gradska Arena \u00abHusejin Smajlovic\u00bb, em Zenica, na B\u00f3snia-Herzegovina, com Portugal a enfrentar novamente a Est\u00f3nia e a Let\u00f3nia a equipa da casa.<\/p>\n<p><img loading=\"lazy\" decoding=\"async\" class=\"size-full wp-image-6481 aligncenter\" src=\"https:\/\/fpvoleibol.pt\/fpv\/wp-content\/uploads\/2021\/05\/aline_d.jpg\" alt=\"\" width=\"960\" height=\"640\" srcset=\"https:\/\/fpvoleibol.pt\/fpv\/wp-content\/uploads\/2021\/05\/aline_d.jpg 960w, https:\/\/fpvoleibol.pt\/fpv\/wp-content\/uploads\/2021\/05\/aline_d-300x200.jpg 300w, https:\/\/fpvoleibol.pt\/fpv\/wp-content\/uploads\/2021\/05\/aline_d-768x512.jpg 768w\" sizes=\"auto, (max-width: 960px) 100vw, 960px\" \/><\/p>\n<p>As portuguesas Aline Timm Rodrigues e Maria Reis Lopes, com 8 pontos cada, foram as melhores pontuadoras do jogo, enquanto Vlada Pridatko e Ingrida Sveigere, com 5, foram as melhores da Let\u00f3nia nesse cap\u00edtulo.<br \/>\nAline, com 6 blocos, cotou-se ainda como a melhor em campo.<\/p>\n<p><strong>Jo\u00e3o Jos\u00e9<\/strong>, Seleccionador Nacional:<br \/>\n&#8220;<em>A B\u00f3snia \u00e9 uma equipa f\u00edsica, bem organizada e mais s\u00f3lida do que as selec\u00e7\u00f5es que j\u00e1 defront\u00e1mos. Possui outros recursos e vai apresentar-nos outros problemas. De qualquer forma, temos de pensar um dia de cada vez. As duas horas de jogo que disput\u00e1mos ontem fizeram-se sentir hoje frente \u00e0 Let\u00f3nia e n\u00e3o podemos esquecer que jogamos amanh\u00e3, folgamos segunda e jogamos novamente ter\u00e7a, quarta e quinta-feira<\/em>&#8220;.<\/p>\n<p><img loading=\"lazy\" decoding=\"async\" class=\"size-full wp-image-6480 aligncenter\" src=\"https:\/\/fpvoleibol.pt\/fpv\/wp-content\/uploads\/2021\/05\/joao_jose_d.jpg\" alt=\"\" width=\"960\" height=\"640\" srcset=\"https:\/\/fpvoleibol.pt\/fpv\/wp-content\/uploads\/2021\/05\/joao_jose_d.jpg 960w, https:\/\/fpvoleibol.pt\/fpv\/wp-content\/uploads\/2021\/05\/joao_jose_d-300x200.jpg 300w, https:\/\/fpvoleibol.pt\/fpv\/wp-content\/uploads\/2021\/05\/joao_jose_d-768x512.jpg 768w\" sizes=\"auto, (max-width: 960px) 100vw, 960px\" \/><\/p>\n<p>Amanh\u00e3, a <em>turma das quinas<\/em> defronta a B\u00f3snia-Herzegovina \u00e0s 19h00.<\/p>\n<p>Todas as informa\u00e7\u00f5es sobre a <a href=\"https:\/\/fpvoleibol.pt\/euroleague2021\/silverleague.html\">Silver League aqui<\/a><\/p>\n<p><img loading=\"lazy\" decoding=\"async\" class=\"alignnone size-full wp-image-6448 aligncenter\" src=\"https:\/\/fpvoleibol.pt\/fpv\/wp-content\/uploads\/2021\/05\/EstaoniaxPortugal_ESL_d2.jpg\" alt=\"\" width=\"960\" height=\"640\" srcset=\"https:\/\/fpvoleibol.pt\/fpv\/wp-content\/uploads\/2021\/05\/EstaoniaxPortugal_ESL_d2.jpg 960w, https:\/\/fpvoleibol.pt\/fpv\/wp-content\/uploads\/2021\/05\/EstaoniaxPortugal_ESL_d2-300x200.jpg 300w, https:\/\/fpvoleibol.pt\/fpv\/wp-content\/uploads\/2021\/05\/EstaoniaxPortugal_ESL_d2-768x512.jpg 768w\" sizes=\"auto, (max-width: 960px) 100vw, 960px\" \/><\/p>\n<p style=\"text-align: center;\"><span style=\"text-decoration: underline;\"><strong>Comitiva Portuguesa<\/strong><\/span><\/p>\n<p style=\"text-align: center;\"><strong>Team Manager<\/strong> \u2013 Arnaldo Rocha<br \/>\n<strong>Treinador Principal<\/strong> \u2013 Jo\u00e3o Jos\u00e9<br \/>\n<strong>Treinador Adjunto<\/strong> \u2013 Manuel Silva<br \/>\n<strong>Estat\u00edstico<\/strong> \u2013 Gon\u00e7alo Arezes<br \/>\n<strong>Fisioterapeuta<\/strong> \u2013 Mariana Maia<br \/>\n<strong>Jornalista<\/strong> \u2013 C\u00e9lia Louren\u00e7o (A Bola)<\/p>\n<p style=\"text-align: center;\"><strong><u>Atletas<\/u><\/strong><\/p>\n<p style=\"text-align: left;\">1\u00a0\u00a0\u00a0\u00a0\u00a0\u00a0\u00a0\u00a0\u00a0\u00a0\u00a0\u00a0 Amanda Cavalcanti\u00a0 \u00a0 \u00a0 Sporting CP\u00a0 \u00a0 \u00a0 \u00a0 \u00a0 \u00a0 \u00a0 \u00a0 \u00a0 \u00a0 \u00a0 \u00a0Central<\/p>\n<p style=\"text-align: left;\">3\u00a0\u00a0\u00a0\u00a0\u00a0\u00a0\u00a0\u00a0\u00a0\u00a0\u00a0\u00a0 Marlene Pereira\u00a0 \u00a0 \u00a0 \u00a0 \u00a0 \u00a0 Cast\u00ealo da Maia GC\u00a0 \u00a0 \u00a0 \u00a0 \u00a0Central<\/p>\n<p style=\"text-align: left;\">4\u00a0\u00a0\u00a0\u00a0\u00a0\u00a0\u00a0\u00a0\u00a0\u00a0\u00a0\u00a0 Ana Couto\u00a0 \u00a0 \u00a0 \u00a0 \u00a0 \u00a0 \u00a0 \u00a0 \u00a0 \u00a0 \u00a0 Sporting CP\u00a0 \u00a0 \u00a0 \u00a0 \u00a0 \u00a0 \u00a0 \u00a0 \u00a0 \u00a0 \u00a0 \u00a0Distribuidora<\/p>\n<p style=\"text-align: left;\">5\u00a0\u00a0\u00a0\u00a0\u00a0\u00a0\u00a0\u00a0\u00a0\u00a0\u00a0\u00a0 In\u00eas Pereira\u00a0 \u00a0 \u00a0 \u00a0 \u00a0 \u00a0 \u00a0 \u00a0 \u00a0 \u00a0GC Vilacondense\u00a0 \u00a0 \u00a0 \u00a0 \u00a0 \u00a0 \u00a0 \u00a0Zona 4<\/p>\n<p style=\"text-align: left;\">6\u00a0\u00a0\u00a0\u00a0\u00a0\u00a0\u00a0\u00a0\u00a0\u00a0\u00a0\u00a0 Helena Monteiro\u00a0 \u00a0 \u00a0 \u00a0 \u00a0 PV 2014\/AVC Efanor\u00a0 \u00a0 \u00a0 \u00a0 Central<\/p>\n<p style=\"text-align: left;\">7\u00a0\u00a0\u00a0\u00a0\u00a0\u00a0\u00a0\u00a0\u00a0\u00a0\u00a0\u00a0 Eliana Dur\u00e3o\u00a0 \u00a0 \u00a0 \u00a0 \u00a0 \u00a0 \u00a0 \u00a0 \u00a0Leix\u00f5es SC\u00a0 \u00a0 \u00a0 \u00a0 \u00a0 \u00a0 \u00a0 \u00a0 \u00a0 \u00a0 \u00a0 \u00a0 \u00a0 Distribuidora<\/p>\n<p style=\"text-align: left;\">8\u00a0\u00a0\u00a0\u00a0\u00a0\u00a0\u00a0\u00a0\u00a0\u00a0\u00a0\u00a0 Ana Afonso\u00a0 \u00a0 \u00a0 \u00a0 \u00a0 \u00a0 \u00a0 \u00a0 \u00a0 \u00a0GC Vilacondense\u00a0 \u00a0 \u00a0 \u00a0 \u00a0 \u00a0 \u00a0 \u00a0 Z4\/Oposta<\/p>\n<p>9\u00a0 \u00a0 \u00a0 \u00a0 \u00a0 \u00a0Alice Clemente\u00a0 \u00a0 \u00a0 \u00a0 \u00a0 \u00a0 \u00a0 CD F\u00e1tima\u00a0 \u00a0 \u00a0 \u00a0 \u00a0 \u00a0 \u00a0 \u00a0 \u00a0 \u00a0 \u00a0 \u00a0 \u00a0 \u00a0 Zona 4<\/p>\n<p style=\"text-align: left;\">10\u00a0\u00a0\u00a0\u00a0\u00a0\u00a0\u00a0\u00a0\u00a0\u00a0 Marta Hurst\u00a0 \u00a0 \u00a0 \u00a0 \u00a0 \u00a0 \u00a0 \u00a0 \u00a0 Osacc Haro RV (Esp)\u00a0\u00a0\u00a0\u00a0\u00a0\u00a0 Zona 4<\/p>\n<p style=\"text-align: left;\">11\u00a0\u00a0\u00a0\u00a0\u00a0\u00a0\u00a0\u00a0\u00a0\u00a0 Joana Resende\u00a0 \u00a0 \u00a0 \u00a0 \u00a0 \u00a0 \u00a0 AJM\/FC Porto\u00a0 \u00a0 \u00a0 \u00a0 \u00a0 \u00a0 \u00a0 \u00a0 \u00a0 \u00a0Libero<\/p>\n<p style=\"text-align: left;\">13\u00a0\u00a0\u00a0\u00a0\u00a0\u00a0\u00a0\u00a0\u00a0\u00a0 Margarida Maia\u00a0 \u00a0 \u00a0 \u00a0 \u00a0 \u00a0GC Vilacondense\u00a0 \u00a0 \u00a0 \u00a0 \u00a0 \u00a0 \u00a0 \u00a0Oposta<\/p>\n<p style=\"text-align: left;\">14\u00a0\u00a0\u00a0\u00a0\u00a0\u00a0\u00a0\u00a0\u00a0\u00a0 Aline Rodrigues\u00a0 \u00a0 \u00a0 \u00a0 \u00a0 \u00a0Sporting CP\u00a0\u00a0\u00a0\u00a0\u00a0\u00a0\u00a0\u00a0\u00a0\u00a0\u00a0\u00a0\u00a0\u00a0\u00a0\u00a0\u00a0\u00a0\u00a0\u00a0\u00a0\u00a0\u00a0 Central<\/p>\n<p style=\"text-align: left;\">16\u00a0\u00a0\u00a0\u00a0\u00a0\u00a0\u00a0\u00a0\u00a0\u00a0 Maria Reis Lopes\u00a0 \u00a0 \u00a0 \u00a0 \u00a0PV 2014\/AV Efanor\u00a0\u00a0\u00a0\u00a0\u00a0\u00a0\u00a0\u00a0\u00a0 Oposta\/Z4<\/p>\n<p style=\"text-align: left;\">18\u00a0\u00a0\u00a0\u00a0\u00a0\u00a0\u00a0\u00a0\u00a0\u00a0 Matilde Rodrigues\u00a0 \u00a0 \u00a0 \u00a0PV 2014\/AVC Efanor\u00a0 \u00a0 \u00a0 \u00a0Libero<\/p>\n<p style=\"text-align: left;\">A\u00a0<a href=\"https:\/\/www.cev.eu\/national-team\/european-league\/european-silver-league\/women\/\"><strong>European Silver League<\/strong><\/a> \u00e9 uma competi\u00e7\u00e3o de acesso \u00e0 <span style=\"text-decoration: underline;\">European Golden League<\/span>, disputada por algumas das principais selec\u00e7\u00f5es europeias e que, por sua vez, pode abrir as portas da <span style=\"text-decoration: underline;\">Liga das Na\u00e7\u00f5es de Voleibol (Volleyball Nations League)<\/span>, onde est\u00e1 a elite internacional.<\/p>\n<p style=\"text-align: left;\">A edi\u00e7\u00e3o de 2021 realiza-se de 27 de Maio a 12 de Junho.<\/p>\n<p>Na <a href=\"https:\/\/www.cev.eu\/national-team\/european-league\/european-silver-league\/women\/\">European Silver League 2021<\/a>, as portuguesas v\u00e3o defrontar, na <span style=\"text-decoration: underline;\">Pool B<\/span> da Fase Preliminar, a B\u00f3snia-Herzegovina, a Est\u00f3nia e a Let\u00f3nia. A <span style=\"text-decoration: underline;\">Pool A<\/span> \u00e9 formada por \u00c1ustria, Israel e Luxemburgo e Eslov\u00e9nia, que j\u00e1 est\u00e1 apurada para a fase final por ser a organizadora.<\/p>\n<p style=\"text-align: center;\"><span style=\"text-decoration: underline;\"><strong>European Silver League &#8211; Pool B<\/strong><\/span><\/p>\n<p style=\"text-align: center;\"><strong><span style=\"text-decoration: underline;\">1.\u00ba e 2.\u00ba Torneio (B\u00f3snia-Herzegovina)<\/span><br \/>\n<\/strong><strong>Jogos no Gradska Arena \u00abHusejin Smajlovic\u00bb, em Zenica<\/strong><br \/>\n<strong>(horas em Portugal continental)<\/strong><\/p>\n<p style=\"text-align: center;\"><strong>28 de Maio<\/strong><br \/>\nB\u00f3snia-Herzegovina x Let\u00f3nia, 3-0<br \/>\nEst\u00f3nia x PORTUGAL, 2-3<\/p>\n<p style=\"text-align: center;\"><strong>29 de Maio<\/strong><br \/>\nLet\u00f3nia x PORTUGAL, 0-3<br \/>\n19h00 \u2013 B\u00f3snia-Herzegovina x Est\u00f3nia<\/p>\n<p style=\"text-align: center;\"><strong>30 de Maio<\/strong><br \/>\n16h00 \u2013 Est\u00f3nia x Let\u00f3nia<br \/>\n19h00 \u2013 PORTUGAL x B\u00f3snia-Herzegovina<\/p>\n<p style=\"text-align: center;\"><span style=\"text-decoration: underline;\"><strong>2.\u00ba Torneio<\/strong><\/span><\/p>\n<p style=\"text-align: center;\"><strong>1 de Junho<\/strong><br \/>\n16h00 \u2013 Est\u00f3nia x PORTUGAL<br \/>\n19h00 \u2013 B\u00f3snia-Herzegovina x Let\u00f3nia<\/p>\n<p style=\"text-align: center;\"><strong>2 de Junho<\/strong><br \/>\n16h00 \u2013 Let\u00f3nia x PORTUGAL<br \/>\n19h00 \u2013 B\u00f3snia-Herzegovina x Est\u00f3nia<\/p>\n<p style=\"text-align: center;\"><strong>3 de Junho<\/strong><br \/>\n16h00 \u2013 Est\u00f3nia x Let\u00f3nia<br \/>\n19h00 \u2013 PORTUGAL x B\u00f3snia-Herzegovina<\/p>\n<p style=\"text-align: center;\">Portugal foi 12.\u00ba na European Golden League de 2018 e 7.\u00ba na European Silver League em 2019.<\/p>\n<p>Apuram-se para a Final Four (11 e 12 de Junho, em Maribor) a selec\u00e7\u00e3o do pa\u00eds organizador (Eslov\u00e9nia), os dois primeiros classificados de cada pool e o melhor segundo classificado. O vencedor desta fase recebe <a href=\"https:\/\/www.cev.eu\/media\/jcqoltps\/esl_oc-no-web-version.pdf\">50 mil euros de pr\u00e9mio<\/a>.<\/p>\n<p>A European Silver League foi criada em 2018, a partir da Liga Europeia.\u00a0A Su\u00e9cia conquistou a primeira medalha de ouro em 2018. A Rom\u00e9nia, que venceu a prova em 2019, \u00e9 a actual campe\u00e3 em t\u00edtulo.<\/p>\n","protected":false},"excerpt":{"rendered":"<p>A Selec\u00e7\u00e3o Nacional de Seniores Femininos, orientada por Jo\u00e3o Jos\u00e9, venceu hoje, pela margem m\u00e1xima (3-0: 25-18, 25-19 e 25-21), a Let\u00f3nia e mant\u00e9m-se invicta na Pool B da fase [&hellip;]<\/p>\n","protected":false},"author":2,"featured_media":6483,"comment_status":"open","ping_status":"open","sticky":false,"template":"","format":"standard","meta":{"_monsterinsights_skip_tracking":false,"_monsterinsights_sitenote_active":false,"_monsterinsights_sitenote_note":"","_monsterinsights_sitenote_category":0,"footnotes":""},"categories":[8],"tags":[40],"class_list":{"0":"post-6476","1":"post","2":"type-post","3":"status-publish","4":"format-standard","5":"has-post-thumbnail","7":"category-voleibol","8":"tag-european-silver-league","9":"czr-hentry"},"aioseo_notices":[],"_links":{"self":[{"href":"https:\/\/fpvoleibol.pt\/fpv\/wp-json\/wp\/v2\/posts\/6476","targetHints":{"allow":["GET"]}}],"collection":[{"href":"https:\/\/fpvoleibol.pt\/fpv\/wp-json\/wp\/v2\/posts"}],"about":[{"href":"https:\/\/fpvoleibol.pt\/fpv\/wp-json\/wp\/v2\/types\/post"}],"author":[{"embeddable":true,"href":"https:\/\/fpvoleibol.pt\/fpv\/wp-json\/wp\/v2\/users\/2"}],"replies":[{"embeddable":true,"href":"https:\/\/fpvoleibol.pt\/fpv\/wp-json\/wp\/v2\/comments?post=6476"}],"version-history":[{"count":7,"href":"https:\/\/fpvoleibol.pt\/fpv\/wp-json\/wp\/v2\/posts\/6476\/revisions"}],"predecessor-version":[{"id":6487,"href":"https:\/\/fpvoleibol.pt\/fpv\/wp-json\/wp\/v2\/posts\/6476\/revisions\/6487"}],"wp:featuredmedia":[{"embeddable":true,"href":"https:\/\/fpvoleibol.pt\/fpv\/wp-json\/wp\/v2\/media\/6483"}],"wp:attachment":[{"href":"https:\/\/fpvoleibol.pt\/fpv\/wp-json\/wp\/v2\/media?parent=6476"}],"wp:term":[{"taxonomy":"category","embeddable":true,"href":"https:\/\/fpvoleibol.pt\/fpv\/wp-json\/wp\/v2\/categories?post=6476"},{"taxonomy":"post_tag","embeddable":true,"href":"https:\/\/fpvoleibol.pt\/fpv\/wp-json\/wp\/v2\/tags?post=6476"}],"curies":[{"name":"wp","href":"https:\/\/api.w.org\/{rel}","templated":true}]}}