{"id":6460,"date":"2021-05-29T16:44:21","date_gmt":"2021-05-29T15:44:21","guid":{"rendered":"https:\/\/fpvoleibol.pt\/fpv\/?p=6460"},"modified":"2021-05-29T16:52:13","modified_gmt":"2021-05-29T15:52:13","slug":"turcos-puxam-dos-galoes-na-golden-league","status":"publish","type":"post","link":"https:\/\/fpvoleibol.pt\/fpv\/2021\/05\/29\/turcos-puxam-dos-galoes-na-golden-league\/","title":{"rendered":"TURCOS PUXAM DOS GAL\u00d5ES NA GOLDEN LEAGUE"},"content":{"rendered":"<p><img loading=\"lazy\" decoding=\"async\" class=\"alignnone size-full wp-image-6466 aligncenter\" src=\"https:\/\/fpvoleibol.pt\/fpv\/wp-content\/uploads\/2021\/05\/andre_marques_turc.jpg\" alt=\"\" width=\"960\" height=\"640\" srcset=\"https:\/\/fpvoleibol.pt\/fpv\/wp-content\/uploads\/2021\/05\/andre_marques_turc.jpg 960w, https:\/\/fpvoleibol.pt\/fpv\/wp-content\/uploads\/2021\/05\/andre_marques_turc-300x200.jpg 300w, https:\/\/fpvoleibol.pt\/fpv\/wp-content\/uploads\/2021\/05\/andre_marques_turc-768x512.jpg 768w\" sizes=\"auto, (max-width: 960px) 100vw, 960px\" \/><\/p>\n<p>A <span style=\"text-decoration: underline;\">Turquia<\/span>, campe\u00e3 em t\u00edtulo da European Golden League (a \u00faltima edi\u00e7\u00e3o disputou-se em 2019), venceu hoje (<a href=\"https:\/\/www-old.cev.eu\/Competition-Area\/MatchStatistics.aspx?ID=40431\">3-0: 25-19, 26-24 e 25-17<\/a>) a <strong>Selec\u00e7\u00e3o Nacional de Seniores Masculinos<\/strong>, orientada por Hugo Silva, e refor\u00e7ou a lideran\u00e7a na <a href=\"https:\/\/www.cev.eu\/national-team\/european-league\/european-golden-league\/men\/\">Pool C<\/a> da fase preliminar da <a href=\"http:\/\/www.fpvoleibol.pt\/euroleague2021\"><strong>European Golden League 2021<\/strong><\/a>.<\/p>\n<p>O turco Adis Lagumdzija, autor de 20 pontos, foi o melhor pontuador do jogo, enquanto Marco Ferreira, com 10 pontos, foi o portugu\u00eas mais concretizador. Ver <a href=\"https:\/\/www-old.cev.eu\/Competition-Area\/MatchStatistics.aspx?ID=40431\">estat\u00edstica aqui<\/a><\/p>\n<p><strong>Hugo Silva<\/strong>, Seleccionador Nacional:<br \/>\n&#8220;<em>Um jogo em que n\u00e3o tivemos a efic\u00e1cia de side out, algo que \u00e9 decisivo a este n\u00edvel e que penalizou a equipa. <\/em><br \/>\n<em>Temos de tentar crescer rapidamente de jogo para jogo para melhorar o que d\u00e1 para melhorar e assim lutar pelas vit\u00f3rias. \u00c9 fundamental saber perder e tamb\u00e9m aprender com os erros colectivamente, pois j\u00e1 sab\u00edamos que com tantas mudan\u00e7as n\u00e3o seria f\u00e1cil a equipa ter uma resposta imediata.<\/em><br \/>\n<em>Vamos aproveitar cada jogo para acrescentar algo e assim tornar a equipa mais equilibrada para os muitos jogos dif\u00edceis que temos pela frente<\/em>&#8220;.<\/p>\n<p>Amanh\u00e3, Portugal <em>mede for\u00e7as<\/em> com a <span style=\"text-decoration: underline;\">Rep\u00fablica Checa<\/span>, selec\u00e7\u00e3o que venceu (3-1) na final da Challenger Cup 2018, estando reservado para segunda-feira o reencontro com a <span style=\"text-decoration: underline;\">Bielorr\u00fassia, <\/span>vice-campe\u00e3 da EGL e advers\u00e1rio que Portugal <em>bateu<\/em> (3-2 e 3-1) na fase de qualifica\u00e7\u00e3o para o EuroVolley 2021.<\/p>\n<p style=\"text-align: center;\"><a href=\"http:\/\/www.fpvoleibol.pt\/euroleague2021\"><span style=\"text-decoration: underline;\"><strong>European Golden League &#8211; Pool C<\/strong><\/span><\/a><\/p>\n<p style=\"text-align: center;\"><strong>1.\u00ba Torneio (Bielorr\u00fassia)<\/strong><\/p>\n<p style=\"text-align: center;\"><span style=\"text-decoration: underline;\"><strong>Jogos no Chyzhovka-Arena, Team Sports Hall Minsk<\/strong><\/span><br \/>\n<strong>(horas em Portugal continental)<\/strong><\/p>\n<p style=\"text-align: center;\"><strong>28 de Maio<\/strong><br \/>\nRep\u00fablica Checa x Turquia, 1-3<\/p>\n<p style=\"text-align: center;\"><strong>29 de Maio<\/strong><br \/>\nPORTUGAL x Turquia, 0-3<br \/>\n17h00 \u2013 Bielorr\u00fassia x Rep\u00fablica Checa<\/p>\n<p style=\"text-align: center;\"><strong>30 de Maio<\/strong><br \/>\n14h00 \u2013 Rep\u00fablica Checa x PORTUGAL<br \/>\n17h00 \u2013 Turquia x Bielorr\u00fassia<\/p>\n<p style=\"text-align: center;\"><strong>31 de Maio<br \/>\n<\/strong>12h00 \u2013 Bielorr\u00fassia x PORTUGAL<\/p>\n<p style=\"text-align: center;\"><strong>2.\u00ba Torneio (Portugal)<\/strong><\/p>\n<p style=\"text-align: center;\"><span style=\"text-decoration: underline;\"><strong>Jogos no Pavilh\u00e3o Desportivo Municipal de Santo Tirso<\/strong><\/span><\/p>\n<p style=\"text-align: center;\"><strong>4 de Junho<\/strong><br \/>\n16h00 \u2013 Turquia x Bielorr\u00fassia<br \/>\n19h00 \u2013 Rep\u00fablica Checa x PORTUGAL<\/p>\n<p style=\"text-align: center;\"><strong>5 de Junho<\/strong><br \/>\n15h00 \u2013 Bielorr\u00fassia x Rep\u00fablica Checa<br \/>\n18h00 \u2013 PORTUGAL x Turquia<\/p>\n<p style=\"text-align: center;\"><strong>6 de Junho<\/strong><br \/>\n15h00 \u2013 Rep\u00fablica Checa x Turquia<br \/>\n18h00 \u2013 Bielorr\u00fassia x PORTUGAL<\/p>\n<p style=\"text-align: center;\"><span style=\"text-decoration: underline;\"><strong>\u00c1rbitro portugu\u00eas<\/strong>: Pedro Lopes Pinto<\/span><\/p>\n<p><img loading=\"lazy\" decoding=\"async\" class=\"alignnone size-full wp-image-6356 aligncenter\" src=\"https:\/\/fpvoleibol.pt\/fpv\/wp-content\/uploads\/2021\/05\/POR_EuropeanGoldenLeague.jpg\" alt=\"\" width=\"960\" height=\"960\" srcset=\"https:\/\/fpvoleibol.pt\/fpv\/wp-content\/uploads\/2021\/05\/POR_EuropeanGoldenLeague.jpg 960w, https:\/\/fpvoleibol.pt\/fpv\/wp-content\/uploads\/2021\/05\/POR_EuropeanGoldenLeague-300x300.jpg 300w, https:\/\/fpvoleibol.pt\/fpv\/wp-content\/uploads\/2021\/05\/POR_EuropeanGoldenLeague-150x150.jpg 150w, https:\/\/fpvoleibol.pt\/fpv\/wp-content\/uploads\/2021\/05\/POR_EuropeanGoldenLeague-768x768.jpg 768w, https:\/\/fpvoleibol.pt\/fpv\/wp-content\/uploads\/2021\/05\/POR_EuropeanGoldenLeague-510x510.jpg 510w\" sizes=\"auto, (max-width: 960px) 100vw, 960px\" \/><\/p>\n<p style=\"text-align: center;\">Todas as informa\u00e7\u00f5es sobre a <a href=\"https:\/\/www.cev.eu\/national-team\/european-league\/european-golden-league\/men\/\">European Golden League\u00a0<\/a>em <a href=\"http:\/\/www.fpvoleibol.pt\/euroleague2021\">www.fpvoleibol.pt\/euroleague2021<\/a><\/p>\n<p style=\"text-align: left;\">Na <em>Golden League 2021<\/em>, a Selec\u00e7\u00e3o Nacional volta a defrontar advers\u00e1rios bem conhecidos: a <span style=\"text-decoration: underline;\">Turquia<\/span> (campe\u00e3 da EGL em 2019), a <span style=\"text-decoration: underline;\">Bielorr\u00fassia<\/span> (vice-campe\u00e3), advers\u00e1rio que Portugal bateu (3-2 e 3-1) na fase de qualifica\u00e7\u00e3o para o EuroVolley 2021, e a <span style=\"text-decoration: underline;\">Rep\u00fablica Checa<\/span>, que os lusitanos venceram (3-1) na final da Challenger Cup 2018.<\/p>\n<p style=\"text-align: left;\">Apuram-se para a Final Four (19 e 20 de Junho, em Kortrijk) a selec\u00e7\u00e3o do pa\u00eds organizador (B\u00e9lgica) e os primeiros classificados de cada pool. O vencedor da Final Four, a disputar na B\u00e9lgica de 18 a 20 de Junho, embolsa um <a href=\"https:\/\/www.cev.eu\/media\/pz3lvrtl\/egl_oc-no-web-version.pdf\">pr\u00e9mio de 125 mil euros<\/a>. O <em>prize money<\/em> da prova \u00e9 de 395 mil euros.<\/p>\n<p>Portugal disputou a EGL pela \u00faltima vez em 2018. Nesse ano, apurou-se para a Final 4, juntamente a Turquia, com quem travou um interessante duelo nas meias-finais (2-3), e com a Rep\u00fablica Checa, que os portugueses viriam a vencer (3-1) na final da Challenger Cup, em Matosinhos, apurando-se para a Liga das Na\u00e7\u00f5es 2019.<\/p>\n<p>A Liga Europeia nasceu em 2004. Em 2018, foi <em>transformada<\/em> na European Golden League e na European Silver League. A Est\u00f3nia, a Holanda e a Eslov\u00e1quia venceram a competi\u00e7\u00e3o por duas vezes. A Turquia \u00e9 a actual campe\u00e3 da EGL e a Bielorr\u00fassia a vice-campe\u00e3.<br \/>\nPortugal venceu a Liga Europeia de 2010 e qualificou-se no 4.\u00ba lugar da European Golden League em 2018.<\/p>\n<p style=\"text-align: center;\"><span style=\"text-decoration: underline;\"><strong>Comitiva Portuguesa<\/strong><\/span><\/p>\n<p style=\"text-align: center;\"><strong>Team Manager<\/strong> \u2013 Carlos Prata<br \/>\n<strong>Seleccionador Nacional<\/strong> \u2013 Hugo Silva<br \/>\n<strong>Treinador Adjunto<\/strong> \u2013 Filipe Vit\u00f3<br \/>\n<strong>Scouter<\/strong> \u2013 Jo\u00e3o Santos<br \/>\n<strong>M\u00e9dico<\/strong> \u2013 Carlos Magalh\u00e3es<br \/>\n<strong>Fisioterapeuta<\/strong> \u2013 Daniel Vilas-Boas<br \/>\n<strong>Jornalista<\/strong> \u2013 Alberto Peres (Lusa)<\/p>\n<p style=\"text-align: center;\"><span style=\"text-decoration: underline;\"><strong>Atletas<\/strong><\/span><\/p>\n<p><strong>Miguel Rodrigues<\/strong>\u00a0(Cuprum Lubin\/Pol\u00f3nia) \u2013 Distribuidor<br \/>\n<strong>Tiago Violas<\/strong> (SL Benfica) \u2013 Distribuidor<\/p>\n<p><strong>Phelipe Martins<\/strong>\u00a0(Leix\u00f5es SC) \u2013 Central<br \/>\n<strong>Filip Cveticanin<\/strong>\u00a0(SC Espinho) \u2013 Central<br \/>\n<strong>Gerson Gomes Pereira<\/strong> (Martigues VB\/Fran\u00e7a) \u2013 Central<br \/>\n<strong>Nuno Teixeira<\/strong> (VC Viana) \u2013 Central<\/p>\n<p><strong>Louren\u00e7o Martins<\/strong>\u00a0(SAEMS Tourcoing\/Fran\u00e7a) \u2013 Zona 4<br \/>\n<strong>Sebasti\u00e3o Le\u00e3o<\/strong>\u00a0(AA S\u00e3o Mamede) \u2013 Zona 4<br \/>\n<strong>Andr\u00e9 Marques<\/strong>\u00a0(Cast\u00ealo da Maia GC) \u2013 Zona 4<br \/>\n<strong>Tiago Pereira<\/strong> (UVC Holding Graz\/\u00c1ustria)\u00a0 \u2013 Zona 4<\/p>\n<p><strong>Dinis Le\u00e3o<\/strong> (SC Espinho) \u2013 Oposto<strong><br \/>\nMarco Ferreira<\/strong>\u00a0(Al Jazira SC\/Emirados \u00c1rabes Unidos) \u2013 Oposto<\/p>\n<p><strong>Ivo Casas<\/strong>\u00a0(SL Benfica) \u2013 Libero<br \/>\n<strong>Jo\u00e3o Fidalgo<\/strong> (Sporting CP) \u2013 Libero<\/p>\n<p><img loading=\"lazy\" decoding=\"async\" class=\"alignnone size-full wp-image-6468\" src=\"https:\/\/fpvoleibol.pt\/fpv\/wp-content\/uploads\/2021\/05\/portxturco_d2.jpg\" alt=\"\" width=\"960\" height=\"566\" srcset=\"https:\/\/fpvoleibol.pt\/fpv\/wp-content\/uploads\/2021\/05\/portxturco_d2.jpg 960w, https:\/\/fpvoleibol.pt\/fpv\/wp-content\/uploads\/2021\/05\/portxturco_d2-300x177.jpg 300w, https:\/\/fpvoleibol.pt\/fpv\/wp-content\/uploads\/2021\/05\/portxturco_d2-768x453.jpg 768w\" sizes=\"auto, (max-width: 960px) 100vw, 960px\" \/><\/p>\n<p class=\"descricaonoticia\" style=\"text-align: center;\" align=\"justify\"><span style=\"text-decoration: underline;\"><strong>\u00c0 aten\u00e7\u00e3o da Comunica\u00e7\u00e3o Social (Santo Tirso)<\/strong><\/span><\/p>\n<p class=\"descricaonoticia\" align=\"justify\">A pandemia de Covid-19 obrigou a que fossem <a href=\"http:\/\/www.fpvoleibol.pt\/regulamentos\/reg_retoma_competicoes.pdf\" target=\"_blank\" rel=\"noopener noreferrer\">aplicadas medidas que limitam<\/a>\u00a0o n\u00famero de pessoas presentes em eventos desportivos e condicionou o contacto entre os representantes da Comunica\u00e7\u00e3o Social e o Departamento de Informa\u00e7\u00e3o da FPV.<br \/>\nOs pedidos de acredita\u00e7\u00e3o dever\u00e3o ser efectuados por jornalistas (fotojornalista\/rep\u00f3rter de imagem) que representem \u00d3rg\u00e3os de Comunica\u00e7\u00e3o Social, n\u00e3o sendo permitido recolher dados estat\u00edsticos para al\u00e9m daqueles que s\u00e3o fornecidos pela organiza\u00e7\u00e3o da competi\u00e7\u00e3o.<br \/>\n<strong>*IMPORTANTE<\/strong>: <strong><span style=\"text-decoration: underline;\">Os jornalistas e os fot\u00f3grafos n\u00e3o t\u00eam acesso \u00e0 \u00e1rea do jogo, nem durante nem no final do jogo, n\u00e3o sendo poss\u00edvel fazer reportagens no recinto do jogo<\/span><\/strong>.<\/p>\n<p style=\"text-align: center;\" align=\"justify\"><a href=\"https:\/\/fpvoleibol.pt\/fpv\/wp-content\/uploads\/2021\/05\/Acreditacao-formula_jornalistas_ELG2021_v.doc\">FORMUL\u00c1RIO DE ACREDITA\u00c7\u00c3O <strong>aqui<\/strong><\/a><br \/>\n(Enviar pedido para jorgecastro.fpv@gmail.com <strong>at\u00e9 31 de Maio<\/strong>)<\/p>\n<p style=\"text-align: center;\" align=\"justify\"><span style=\"text-decoration: underline;\"><strong>Selec\u00e7\u00f5es da Pool C<\/strong><\/span><\/p>\n<p style=\"text-align: center;\" align=\"justify\"><a href=\"https:\/\/fpvoleibol.pt\/fpv\/wp-content\/uploads\/2021\/05\/team_POR_SNSM.pdf\"><strong>Portugal<\/strong><\/a>\u00a0 \u00a0 \/\u00a0 \u00a0 <a href=\"https:\/\/fpvoleibol.pt\/fpv\/wp-content\/uploads\/2021\/05\/team_BLR_SNSM.pdf\"><strong>Bielorr\u00fassia<\/strong><\/a>\u00a0 \/ <a href=\"https:\/\/www.cvf.cz\/reprezentace\/systemove-clanky\/reprezentace-muzi-tym-708.html\">Rep\u00fablica Checa<\/a> \/ <a href=\"https:\/\/www.tvf.org.tr\/a-milli-erkek-takimi-kadro\/\">Turquia<\/a><\/p>\n","protected":false},"excerpt":{"rendered":"<p>A Turquia, campe\u00e3 em t\u00edtulo da European Golden League (a \u00faltima edi\u00e7\u00e3o disputou-se em 2019), venceu hoje (3-0: 25-19, 26-24 e 25-17) a Selec\u00e7\u00e3o Nacional de Seniores Masculinos, orientada por [&hellip;]<\/p>\n","protected":false},"author":2,"featured_media":6467,"comment_status":"open","ping_status":"open","sticky":false,"template":"","format":"standard","meta":{"_monsterinsights_skip_tracking":false,"_monsterinsights_sitenote_active":false,"_monsterinsights_sitenote_note":"","_monsterinsights_sitenote_category":0,"footnotes":""},"categories":[8],"tags":[41],"class_list":{"0":"post-6460","1":"post","2":"type-post","3":"status-publish","4":"format-standard","5":"has-post-thumbnail","7":"category-voleibol","8":"tag-european-golden-league-2021","9":"czr-hentry"},"aioseo_notices":[],"_links":{"self":[{"href":"https:\/\/fpvoleibol.pt\/fpv\/wp-json\/wp\/v2\/posts\/6460","targetHints":{"allow":["GET"]}}],"collection":[{"href":"https:\/\/fpvoleibol.pt\/fpv\/wp-json\/wp\/v2\/posts"}],"about":[{"href":"https:\/\/fpvoleibol.pt\/fpv\/wp-json\/wp\/v2\/types\/post"}],"author":[{"embeddable":true,"href":"https:\/\/fpvoleibol.pt\/fpv\/wp-json\/wp\/v2\/users\/2"}],"replies":[{"embeddable":true,"href":"https:\/\/fpvoleibol.pt\/fpv\/wp-json\/wp\/v2\/comments?post=6460"}],"version-history":[{"count":12,"href":"https:\/\/fpvoleibol.pt\/fpv\/wp-json\/wp\/v2\/posts\/6460\/revisions"}],"predecessor-version":[{"id":6475,"href":"https:\/\/fpvoleibol.pt\/fpv\/wp-json\/wp\/v2\/posts\/6460\/revisions\/6475"}],"wp:featuredmedia":[{"embeddable":true,"href":"https:\/\/fpvoleibol.pt\/fpv\/wp-json\/wp\/v2\/media\/6467"}],"wp:attachment":[{"href":"https:\/\/fpvoleibol.pt\/fpv\/wp-json\/wp\/v2\/media?parent=6460"}],"wp:term":[{"taxonomy":"category","embeddable":true,"href":"https:\/\/fpvoleibol.pt\/fpv\/wp-json\/wp\/v2\/categories?post=6460"},{"taxonomy":"post_tag","embeddable":true,"href":"https:\/\/fpvoleibol.pt\/fpv\/wp-json\/wp\/v2\/tags?post=6460"}],"curies":[{"name":"wp","href":"https:\/\/api.w.org\/{rel}","templated":true}]}}