{"id":6185,"date":"2021-05-21T13:00:05","date_gmt":"2021-05-21T12:00:05","guid":{"rendered":"https:\/\/fpvoleibol.pt\/fpv\/?p=6185"},"modified":"2021-06-14T14:50:43","modified_gmt":"2021-06-14T13:50:43","slug":"dupla-lusitana-soma-e-segue-no-world-tour","status":"publish","type":"post","link":"https:\/\/fpvoleibol.pt\/fpv\/2021\/05\/21\/dupla-lusitana-soma-e-segue-no-world-tour\/","title":{"rendered":"DUPLA LUSITANA SOMA E SEGUE NO WORLD TOUR"},"content":{"rendered":"<p><img loading=\"lazy\" decoding=\"async\" class=\"size-large wp-image-6189 aligncenter\" src=\"https:\/\/fpvoleibol.pt\/fpv\/wp-content\/uploads\/2021\/05\/campos_pedrosa_d.jpg\" alt=\"\" width=\"960\" height=\"570\" srcset=\"https:\/\/fpvoleibol.pt\/fpv\/wp-content\/uploads\/2021\/05\/campos_pedrosa_d.jpg 960w, https:\/\/fpvoleibol.pt\/fpv\/wp-content\/uploads\/2021\/05\/campos_pedrosa_d-300x178.jpg 300w, https:\/\/fpvoleibol.pt\/fpv\/wp-content\/uploads\/2021\/05\/campos_pedrosa_d-768x456.jpg 768w\" sizes=\"auto, (max-width: 960px) 100vw, 960px\" \/><\/p>\n<p>A dupla portuguesa de Voleibol de Praia <strong>Jo\u00e3o Pedrosa\/Hugo Campos\u00a0<\/strong>venceu hoje a dupla canadiana Jake MacNeil\/William Hoey por 2-0 (21-17 e 21-15) no Quadro Principal do<a href=\"https:\/\/en.volleyballworld.com\/en\/beachvolleyball\/worldtour\/2021\/1017\/event%20schedule\"> <span style=\"text-decoration: underline;\"><em>Sofia Beach Open 1<\/em><\/span><\/a>, etapa de uma estrela do Circuito Mundial (Beach Volleyball World Tour) a decorrer na Bulg\u00e1ria.<\/p>\n<p>Somando tr\u00eas vit\u00f3rias em outros tantos jogos j\u00e1 disputados na capital b\u00falgara, os portugueses continuam com a<em> m\u00e3o quente<\/em> e, depois de terem j\u00e1 assegurado o 9.\u00ba lugar na prova, partem para o pr\u00f3ximo compromisso \u2013 amanh\u00e3, com os iranianos Bahman Salemiinjehboroun\/Arash Vakili \u2013 com a mira apontada para o 5.\u00ba lugar&#8230; para j\u00e1.<\/p>\n<p>Mais informa\u00e7\u00f5es sobre este jogo <a href=\"https:\/\/en.volleyballworld.com\/en\/beachvolleyball\/worldtour\/2021\/msof2021\/men\/results\/maindraw\">aqui<\/a> e em <a href=\"https:\/\/www.facebook.com\/fpvoleibol\">www.facebook.com\/fpvoleibol<\/a><\/p>\n<p>Na fase de qualifica\u00e7\u00e3o, Pedrosa e Campos derrotaram\u00a0 os belgas Yorik Van Tigchelt e Arne Darras (2-0: 21-14 e 21-13) e os polacos <a href=\"https:\/\/en.volleyballworld.com\/en\/beachvolleyball\/worldtour\/2021\/msof2021\/men\/teams\/962291-florczyk-prudel\/mariusz_prudel?id=116715\">Mateusz Florczyk e Mariusz Prudel<\/a>\u00a0(2-0: 21-17 e 29 -27).<\/p>\n<p>Em S\u00f3fia, a dupla lusitana \u00e9 acompanhada pelo treinador <strong>Ricardo Rocha<\/strong>.<\/p>\n<p>Na semana passada, o <em>duo din\u00e2mico<\/em> classificou-se em 9.\u00ba lugar no Campeonato da Europa de Sub-22, realizado na localidade austr\u00edaca de Baden, tendo amealhado 80 pontos para o Ranking da CEV.<br \/>\nOs portugueses foram afastados da prova nos oitavos-de-final pelos suecos Ahman e Hellvig, que se sagrariam depois campe\u00f5es europeus.<\/p>\n<p>Em finais de Setembro de 2020, Jo\u00e3o Pedrosa e Hugo Campos classificaram-se no 17.\u00ba lugar na \u00faltima edi\u00e7\u00e3o do Campeonato da Europa de Sub-22, realizada na cidade turca de Izmir, tendo somado 64 pontos no Ranking\u00a0 internacional.<br \/>\nApesar da sua juventude, t\u00eam j\u00e1 um registo significativo nos \u00faltimos anos:<\/p>\n<p><span style=\"text-decoration: underline;\"><strong>2020<\/strong><\/span><br \/>\nEuropeu Sub-22 (Izmir\/Turquia) &#8211; 17.\u00ba lugar<br \/>\nWorld Tour 1* (Montpellier\/Fran\u00e7a) &#8211; 9.\u00ba lugar<br \/>\n<span style=\"text-decoration: underline;\"><strong>2019<\/strong><\/span><br \/>\nJogos do Mediterr\u00e2neo \u2013 5.\u00ba lugar<br \/>\nWorld Tour 1* (Knokke-Heist\/B\u00e9lgica) \u2013 21.\u00ba lugar<br \/>\nWorld Tour 4* (Espinho\/Portugal) \u2013 25.\u00ba lugar<br \/>\nEuropeu Sub-20 (Gotemburgo\/Su\u00e9cia) \u2013 17.\u00ba lugar<br \/>\n<span style=\"text-decoration: underline;\"><strong>2018<\/strong><\/span><br \/>\nTorneio WEVZA (Quarteira\/Portugal) \u2013 4.\u00ba lugar<br \/>\nEuropeu Sub-20 (Anapa\/R\u00fassia) \u2013 25.\u00ba lugar<br \/>\nEuropeu Sub-18 (Kazan\/R\u00fassia) \u2013 17.\u00ba lugar<br \/>\n<span style=\"text-decoration: underline;\"><strong>2017<\/strong><\/span><br \/>\nCEV Youth Continental Cup &#8211; 3.\u00ba lugar<\/p>\n<p>Mais informa\u00e7\u00f5es <a href=\"https:\/\/en.volleyballworld.com\/en\/beachvolleyball\/worldtour\/2021\/msof2021\/men\/results\/qualifications\">aqui<\/a><\/p>\n","protected":false},"excerpt":{"rendered":"<p>A dupla portuguesa de Voleibol de Praia Jo\u00e3o Pedrosa\/Hugo Campos\u00a0venceu hoje a dupla canadiana Jake MacNeil\/William Hoey por 2-0 (21-17 e 21-15) no Quadro Principal do Sofia Beach Open 1, [&hellip;]<\/p>\n","protected":false},"author":2,"featured_media":1063,"comment_status":"open","ping_status":"open","sticky":false,"template":"","format":"standard","meta":{"_monsterinsights_skip_tracking":false,"_monsterinsights_sitenote_active":false,"_monsterinsights_sitenote_note":"","_monsterinsights_sitenote_category":0,"footnotes":""},"categories":[9],"tags":[42],"class_list":{"0":"post-6185","1":"post","2":"type-post","3":"status-publish","4":"format-standard","5":"has-post-thumbnail","7":"category-voleibol-de-praia","8":"tag-world-tour","9":"czr-hentry"},"aioseo_notices":[],"_links":{"self":[{"href":"https:\/\/fpvoleibol.pt\/fpv\/wp-json\/wp\/v2\/posts\/6185","targetHints":{"allow":["GET"]}}],"collection":[{"href":"https:\/\/fpvoleibol.pt\/fpv\/wp-json\/wp\/v2\/posts"}],"about":[{"href":"https:\/\/fpvoleibol.pt\/fpv\/wp-json\/wp\/v2\/types\/post"}],"author":[{"embeddable":true,"href":"https:\/\/fpvoleibol.pt\/fpv\/wp-json\/wp\/v2\/users\/2"}],"replies":[{"embeddable":true,"href":"https:\/\/fpvoleibol.pt\/fpv\/wp-json\/wp\/v2\/comments?post=6185"}],"version-history":[{"count":5,"href":"https:\/\/fpvoleibol.pt\/fpv\/wp-json\/wp\/v2\/posts\/6185\/revisions"}],"predecessor-version":[{"id":6191,"href":"https:\/\/fpvoleibol.pt\/fpv\/wp-json\/wp\/v2\/posts\/6185\/revisions\/6191"}],"wp:featuredmedia":[{"embeddable":true,"href":"https:\/\/fpvoleibol.pt\/fpv\/wp-json\/wp\/v2\/media\/1063"}],"wp:attachment":[{"href":"https:\/\/fpvoleibol.pt\/fpv\/wp-json\/wp\/v2\/media?parent=6185"}],"wp:term":[{"taxonomy":"category","embeddable":true,"href":"https:\/\/fpvoleibol.pt\/fpv\/wp-json\/wp\/v2\/categories?post=6185"},{"taxonomy":"post_tag","embeddable":true,"href":"https:\/\/fpvoleibol.pt\/fpv\/wp-json\/wp\/v2\/tags?post=6185"}],"curies":[{"name":"wp","href":"https:\/\/api.w.org\/{rel}","templated":true}]}}