{"id":6060,"date":"2021-05-14T22:32:27","date_gmt":"2021-05-14T21:32:27","guid":{"rendered":"https:\/\/fpvoleibol.pt\/fpv\/?p=6060"},"modified":"2021-05-18T12:23:37","modified_gmt":"2021-05-18T11:23:37","slug":"com-o-gira-volei-no-horizonte","status":"publish","type":"post","link":"https:\/\/fpvoleibol.pt\/fpv\/2021\/05\/14\/com-o-gira-volei-no-horizonte\/","title":{"rendered":"COM O GIRA-VOLEI NO HORIZONTE"},"content":{"rendered":"<p><img loading=\"lazy\" decoding=\"async\" class=\"size-large wp-image-6062 aligncenter\" src=\"https:\/\/fpvoleibol.pt\/fpv\/wp-content\/uploads\/2021\/05\/GV_CHorizonte-1024x835.jpg\" alt=\"\" width=\"1024\" height=\"835\" srcset=\"https:\/\/fpvoleibol.pt\/fpv\/wp-content\/uploads\/2021\/05\/GV_CHorizonte-1024x835.jpg 1024w, https:\/\/fpvoleibol.pt\/fpv\/wp-content\/uploads\/2021\/05\/GV_CHorizonte-300x245.jpg 300w, https:\/\/fpvoleibol.pt\/fpv\/wp-content\/uploads\/2021\/05\/GV_CHorizonte-768x626.jpg 768w, https:\/\/fpvoleibol.pt\/fpv\/wp-content\/uploads\/2021\/05\/GV_CHorizonte.jpg 1104w\" sizes=\"auto, (max-width: 1024px) 100vw, 1024px\" \/><\/p>\n<p>O Gira-Volei est\u00e1 de regresso e promete n\u00e3o parar!<br \/>\nNo dia 14 de Maio, o\u00a0<a href=\"https:\/\/www.facebook.com\/fomento.colegiohorizonte\/\">Col\u00e9gio Horizonte\u00a0<\/a>realizou uma actividade de Gira-Volei que contou com a participa\u00e7\u00e3o das\u00a0alunas.<br \/>\nEste estabelecimento de ensino situa-se em Vila Nova de Gaia e abriu as suas portas aos primeiros alunos no dia 8 de Setembro de 1979.<\/p>\n<p>No decorrer desta semana est\u00e3o previstas as seguintes actividades:<\/p>\n<p><u><strong>Dias 19 e 26 de Maio<\/strong><\/u><br \/>\nNo Agrupamento de Escolas de \u00c1guas Santas (Maia), dinamiza\u00e7\u00e3o de actividade nas quatro escolas prim\u00e1rias pertencentes ao agrupamento.<\/p>\n<p><strong><u>Dia 21 de Maio<\/u><\/strong><br \/>\nNo Col\u00e9gio de Ermesinde (Valongo), realiza\u00e7\u00e3o de um torneio no \u00e2mbito das comemora\u00e7\u00f5es do Col\u00e9gio e de Santa Rita.<\/p>\n<p>Informa\u00e7\u00f5es adicionais em <a href=\"https:\/\/www.giravolei.com\/\">www.giravolei.com<\/a><\/p>\n","protected":false},"excerpt":{"rendered":"<p>O Gira-Volei est\u00e1 de regresso e promete n\u00e3o parar! No dia 14 de Maio, o\u00a0Col\u00e9gio Horizonte\u00a0realizou uma actividade de Gira-Volei que contou com a participa\u00e7\u00e3o das\u00a0alunas. Este estabelecimento de ensino [&hellip;]<\/p>\n","protected":false},"author":2,"featured_media":6063,"comment_status":"open","ping_status":"open","sticky":false,"template":"","format":"standard","meta":{"_monsterinsights_skip_tracking":false,"_monsterinsights_sitenote_active":false,"_monsterinsights_sitenote_note":"","_monsterinsights_sitenote_category":0,"footnotes":""},"categories":[12],"tags":[],"class_list":{"0":"post-6060","1":"post","2":"type-post","3":"status-publish","4":"format-standard","5":"has-post-thumbnail","7":"category-gira-volei","8":"czr-hentry"},"aioseo_notices":[],"_links":{"self":[{"href":"https:\/\/fpvoleibol.pt\/fpv\/wp-json\/wp\/v2\/posts\/6060","targetHints":{"allow":["GET"]}}],"collection":[{"href":"https:\/\/fpvoleibol.pt\/fpv\/wp-json\/wp\/v2\/posts"}],"about":[{"href":"https:\/\/fpvoleibol.pt\/fpv\/wp-json\/wp\/v2\/types\/post"}],"author":[{"embeddable":true,"href":"https:\/\/fpvoleibol.pt\/fpv\/wp-json\/wp\/v2\/users\/2"}],"replies":[{"embeddable":true,"href":"https:\/\/fpvoleibol.pt\/fpv\/wp-json\/wp\/v2\/comments?post=6060"}],"version-history":[{"count":2,"href":"https:\/\/fpvoleibol.pt\/fpv\/wp-json\/wp\/v2\/posts\/6060\/revisions"}],"predecessor-version":[{"id":6064,"href":"https:\/\/fpvoleibol.pt\/fpv\/wp-json\/wp\/v2\/posts\/6060\/revisions\/6064"}],"wp:featuredmedia":[{"embeddable":true,"href":"https:\/\/fpvoleibol.pt\/fpv\/wp-json\/wp\/v2\/media\/6063"}],"wp:attachment":[{"href":"https:\/\/fpvoleibol.pt\/fpv\/wp-json\/wp\/v2\/media?parent=6060"}],"wp:term":[{"taxonomy":"category","embeddable":true,"href":"https:\/\/fpvoleibol.pt\/fpv\/wp-json\/wp\/v2\/categories?post=6060"},{"taxonomy":"post_tag","embeddable":true,"href":"https:\/\/fpvoleibol.pt\/fpv\/wp-json\/wp\/v2\/tags?post=6060"}],"curies":[{"name":"wp","href":"https:\/\/api.w.org\/{rel}","templated":true}]}}