{"id":5865,"date":"2021-05-14T18:36:11","date_gmt":"2021-05-14T17:36:11","guid":{"rendered":"https:\/\/fpvoleibol.pt\/fpv\/?p=5865"},"modified":"2021-05-14T22:50:34","modified_gmt":"2021-05-14T21:50:34","slug":"eurovolley-portugal-vence-georgia","status":"publish","type":"post","link":"https:\/\/fpvoleibol.pt\/fpv\/2021\/05\/14\/eurovolley-portugal-vence-georgia\/","title":{"rendered":"EUROVOLLEY: PORTUGAL VENCE GE\u00d3RGIA"},"content":{"rendered":"<p>&nbsp;<\/p>\n<p style=\"text-align: center;\"><img loading=\"lazy\" decoding=\"async\" class=\"alignnone size-full wp-image-5913\" src=\"https:\/\/fpvoleibol.pt\/fpv\/wp-content\/uploads\/2021\/05\/PortugaxGeorgia_fest.jpg\" alt=\"\" width=\"960\" height=\"640\" srcset=\"https:\/\/fpvoleibol.pt\/fpv\/wp-content\/uploads\/2021\/05\/PortugaxGeorgia_fest.jpg 960w, https:\/\/fpvoleibol.pt\/fpv\/wp-content\/uploads\/2021\/05\/PortugaxGeorgia_fest-300x200.jpg 300w, https:\/\/fpvoleibol.pt\/fpv\/wp-content\/uploads\/2021\/05\/PortugaxGeorgia_fest-768x512.jpg 768w\" sizes=\"auto, (max-width: 960px) 100vw, 960px\" \/><\/p>\n<p>A Selec\u00e7\u00e3o Nacional de Seniores Femininos venceu hoje a Ge\u00f3rgia pela margem m\u00e1xima (<a href=\"https:\/\/www-old.cev.eu\/Competition-Area\/MatchStatistics.aspx?ID=39100\">3-0: 25-19, 25-15 e 25-16<\/a>) no jogo inaugural do 2.\u00ba Torneio da <a href=\"https:\/\/eurovolley.cev.eu\/en\/women-2021\/\"><span style=\"font-size: 13.5pt; font-family: 'Arial',sans-serif; color: #1e73be; background: white;\">Pool B de qualifica\u00e7\u00e3o para o Campeonato de Europa de 2021<\/span><\/a>, a decorrer at\u00e9 domingo em Tbilisi, capital da Ge\u00f3rgia.<\/p>\n<p>J\u00falia Kavalenka e Amanda Cavalcanti, com 14 pontos cada, foram as melhores pontuadoras do jogo, enquanto Ann Kalandadze, com 10 pontos, foi a melhor da Ge\u00f3rgia nesse cap\u00edtulo. Ver estat\u00edstica <a href=\"https:\/\/www-old.cev.eu\/Competition-Area\/MatchStatistics.aspx?ID=39100\">aqui<\/a><\/p>\n<p>Mais informa\u00e7\u00f5es <a href=\"https:\/\/eurovolley.cev.eu\/en\/match-centres\/cev-eurovolley-2021\/women\/wb-07-georgia-v-portugal\/\">aqui<\/a><\/p>\n<p><img loading=\"lazy\" decoding=\"async\" class=\"alignnone size-full wp-image-5912\" src=\"https:\/\/fpvoleibol.pt\/fpv\/wp-content\/uploads\/2021\/05\/PortugaxGeorgia_JJ.jpg\" alt=\"\" width=\"960\" height=\"640\" srcset=\"https:\/\/fpvoleibol.pt\/fpv\/wp-content\/uploads\/2021\/05\/PortugaxGeorgia_JJ.jpg 960w, https:\/\/fpvoleibol.pt\/fpv\/wp-content\/uploads\/2021\/05\/PortugaxGeorgia_JJ-300x200.jpg 300w, https:\/\/fpvoleibol.pt\/fpv\/wp-content\/uploads\/2021\/05\/PortugaxGeorgia_JJ-768x512.jpg 768w\" sizes=\"auto, (max-width: 960px) 100vw, 960px\" \/><\/p>\n<p><strong>Jo\u00e3o Jos\u00e9, Seleccionador Nacional,<\/strong> salientou:<br \/>\n&#8220;<em>Foi um jogo em que as nossas jogadoras come\u00e7aram muito nervosas, talvez pela obriga\u00e7\u00e3o de ganhar para podermos continuar a lutar pela qualifica\u00e7\u00e3o e contra um advers\u00e1rio que em teoria somos favoritos.<\/em><br \/>\n<em>Com o decorrer do jogo, logr\u00e1mos controlar esse nervosismo e fomos muito competentes em explorar os problemas da equipa advers\u00e1ria, o que permitiu dar algum volume de jogo a outras atletas<\/em>&#8220;.<\/p>\n<p>Mais <a href=\"https:\/\/www.facebook.com\/fpvoleibol\/videos\/339222640958253\/\">declara\u00e7\u00f5es da capit\u00e3 Marta Hurst aqui<\/a><\/p>\n<p>No outro jogo da pool, a Su\u00e9cia venceu a Ucr\u00e2nia por 3-2, com 37 pontos de Isabelle Haak.<\/p>\n<p>A fase final do Europeu 2021 realiza-se em quatro pa\u00edses: Bulg\u00e1ria, Cro\u00e1cia, Rom\u00e9nia e S\u00e9rvia, de 18 de Agosto a 4 de Setembro.<\/p>\n<p style=\"text-align: center;\"><span style=\"text-decoration: underline;\"><strong>2.\u00aa Ronda da Fase de Qualifica\u00e7\u00e3o para o EuroVolley<\/strong><\/span>:<\/p>\n<p style=\"text-align: center;\"><span style=\"text-decoration: underline;\"><strong>2.\u00ba Torneio &#8211; Tbilisi<br \/>\n<u>(horas em Portugal continental)<\/u><br \/>\n<\/strong><\/span><\/p>\n<p style=\"text-align: center;\"><strong>14.05.2021<br \/>\n<\/strong><strong>12h30<\/strong> \u2013 Ge\u00f3rgia x PORTUGAL, 0-3<br \/>\n15h30 \u2013 Su\u00e9cia x Ucr\u00e2nia, 3-2<\/p>\n<p style=\"text-align: center;\"><strong>15.05.2021<\/strong><br \/>\n<strong>12h30<\/strong> \u2013 PORTUGAL x Ucr\u00e2nia*<br \/>\n15h30 \u2013 Ge\u00f3rgia x Su\u00e9cia<\/p>\n<p style=\"text-align: center;\"><strong>16.05.2021<\/strong><br \/>\n12h30 \u2013 Ucr\u00e2nia x Ge\u00f3rgia<br \/>\n<strong>15h30<\/strong> \u2013 PORTUGAL x Su\u00e9cia*<\/p>\n<p style=\"text-align: center;\"><span style=\"text-decoration: underline;\"><strong>1.\u00ba Torneio &#8211; Matosinhos<\/strong><\/span><\/p>\n<p style=\"text-align: center;\"><strong>7.05.2021<\/strong><br \/>\n16h00 \u2013 Ge\u00f3rgia x Su\u00e9cia (<span style=\"color: #ff0000;\">n\u00e3o se realizou<\/span>)<br \/>\n19h00 \u2013 Portugal x Ucr\u00e2<span style=\"color: #000000;\">ni<\/span>a, 1-3<\/p>\n<p style=\"text-align: center;\"><strong>8.05.2021<\/strong><br \/>\n15h00 \u2013 Su\u00e9cia x Ucr\u00e2nia<br \/>\n18h00 \u2013 Ge\u00f3rgia x Portugal (<span style=\"color: #ff0000;\">n\u00e3o se realizou<\/span>)<\/p>\n<p style=\"text-align: center;\"><strong>9.05.2021<\/strong><br \/>\n15h00 \u2013 Ucr\u00e2nia x Ge\u00f3rgia (<span style=\"color: #ff0000;\">n\u00e3o se realizou<\/span>)<br \/>\n<strong>15h00<\/strong> \u2013 Su\u00e9cia x Portugal<\/p>\n<p style=\"text-align: center;\"><strong>*<span style=\"font-size: 10pt;\">Na Sport TV<\/span><\/strong><\/p>\n<p>&nbsp;<\/p>\n<p style=\"text-align: center;\"><img loading=\"lazy\" decoding=\"async\" class=\"alignnone size-full wp-image-5897\" src=\"https:\/\/fpvoleibol.pt\/fpv\/wp-content\/uploads\/2021\/05\/portugaxgeo_d.jpg\" alt=\"\" width=\"960\" height=\"570\" srcset=\"https:\/\/fpvoleibol.pt\/fpv\/wp-content\/uploads\/2021\/05\/portugaxgeo_d.jpg 960w, https:\/\/fpvoleibol.pt\/fpv\/wp-content\/uploads\/2021\/05\/portugaxgeo_d-300x178.jpg 300w, https:\/\/fpvoleibol.pt\/fpv\/wp-content\/uploads\/2021\/05\/portugaxgeo_d-768x456.jpg 768w\" sizes=\"auto, (max-width: 960px) 100vw, 960px\" \/><\/p>\n<p style=\"text-align: center;\"><span style=\"text-decoration: underline;\"><strong>Comitiva Portuguesa<\/strong><\/span><\/p>\n<p style=\"text-align: center;\"><strong>Team Manager<\/strong> \u2013 Arnaldo Rocha<br \/>\n<strong>Treinador Principal<\/strong> \u2013 Jo\u00e3o Jos\u00e9<br \/>\n<strong>Treinador Adjunto<\/strong> \u2013 Manuel Silva<br \/>\n<strong>Estat\u00edstico<\/strong> \u2013 Gon\u00e7alo Arezes<br \/>\n<strong>Fisioterapeuta<\/strong> \u2013 Mariana Maia<\/p>\n<p style=\"text-align: center;\"><strong><u>Atletas<\/u><\/strong><\/p>\n<p style=\"text-align: left;\">1\u00a0\u00a0\u00a0\u00a0\u00a0\u00a0\u00a0\u00a0\u00a0\u00a0\u00a0\u00a0 Amanda Cavalcanti\u00a0 \u00a0 \u00a0 Sporting CP\u00a0 \u00a0 \u00a0 \u00a0 \u00a0 \u00a0 \u00a0 \u00a0 \u00a0 \u00a0 \u00a0 \u00a0Central<\/p>\n<p style=\"text-align: left;\">3\u00a0\u00a0\u00a0\u00a0\u00a0\u00a0\u00a0\u00a0\u00a0\u00a0\u00a0\u00a0 Marlene Pereira\u00a0 \u00a0 \u00a0 \u00a0 \u00a0 \u00a0 Cast\u00ealo da Maia GC\u00a0 \u00a0 \u00a0 \u00a0 \u00a0Central<\/p>\n<p style=\"text-align: left;\">4\u00a0\u00a0\u00a0\u00a0\u00a0\u00a0\u00a0\u00a0\u00a0\u00a0\u00a0\u00a0 Ana Couto\u00a0 \u00a0 \u00a0 \u00a0 \u00a0 \u00a0 \u00a0 \u00a0 \u00a0 \u00a0 \u00a0 Sporting CP\u00a0 \u00a0 \u00a0 \u00a0 \u00a0 \u00a0 \u00a0 \u00a0 \u00a0 \u00a0 \u00a0 \u00a0Distribuidora<\/p>\n<p style=\"text-align: left;\">5\u00a0\u00a0\u00a0\u00a0\u00a0\u00a0\u00a0\u00a0\u00a0\u00a0\u00a0\u00a0 In\u00eas Pereira\u00a0 \u00a0 \u00a0 \u00a0 \u00a0 \u00a0 \u00a0 \u00a0 \u00a0 \u00a0GC Vilacondense\u00a0 \u00a0 \u00a0 \u00a0 \u00a0 \u00a0 \u00a0 \u00a0Zona 4<\/p>\n<p style=\"text-align: left;\">6\u00a0\u00a0\u00a0\u00a0\u00a0\u00a0\u00a0\u00a0\u00a0\u00a0\u00a0\u00a0 Helena Monteiro\u00a0 \u00a0 \u00a0 \u00a0 \u00a0 PV2014\/AVC Efanor\u00a0 \u00a0 \u00a0 \u00a0 Central<\/p>\n<p style=\"text-align: left;\">7\u00a0\u00a0\u00a0\u00a0\u00a0\u00a0\u00a0\u00a0\u00a0\u00a0\u00a0\u00a0 Eliana Dur\u00e3o\u00a0 \u00a0 \u00a0 \u00a0 \u00a0 \u00a0 \u00a0 \u00a0 \u00a0Leix\u00f5es SC\u00a0 \u00a0 \u00a0 \u00a0 \u00a0 \u00a0 \u00a0 \u00a0 \u00a0 \u00a0 \u00a0 \u00a0 \u00a0 Distribuidora<\/p>\n<p style=\"text-align: left;\">8\u00a0\u00a0\u00a0\u00a0\u00a0\u00a0\u00a0\u00a0\u00a0\u00a0\u00a0\u00a0 Ana Afonso\u00a0 \u00a0 \u00a0 \u00a0 \u00a0 \u00a0 \u00a0 \u00a0 \u00a0 \u00a0GC Vilacondense\u00a0 \u00a0 \u00a0 \u00a0 \u00a0 \u00a0 \u00a0 \u00a0 Z4\/Oposta<\/p>\n<p style=\"text-align: left;\">10\u00a0\u00a0\u00a0\u00a0\u00a0\u00a0\u00a0\u00a0\u00a0\u00a0 Marta Hurst\u00a0 \u00a0 \u00a0 \u00a0 \u00a0 \u00a0 \u00a0 \u00a0 \u00a0 Osacc Haro RV (Esp)\u00a0\u00a0\u00a0\u00a0\u00a0\u00a0 Zona 4<\/p>\n<p style=\"text-align: left;\">11\u00a0\u00a0\u00a0\u00a0\u00a0\u00a0\u00a0\u00a0\u00a0\u00a0 Joana Resende\u00a0 \u00a0 \u00a0 \u00a0 \u00a0 \u00a0 \u00a0 AJM\/FC Porto\u00a0 \u00a0 \u00a0 \u00a0 \u00a0 \u00a0 \u00a0 \u00a0 \u00a0 \u00a0Libero<\/p>\n<p style=\"text-align: left;\">13\u00a0\u00a0\u00a0\u00a0\u00a0\u00a0\u00a0\u00a0\u00a0\u00a0 Margarida Maia\u00a0 \u00a0 \u00a0 \u00a0 \u00a0 \u00a0GC Vilacondense\u00a0 \u00a0 \u00a0 \u00a0 \u00a0 \u00a0 \u00a0 \u00a0Oposta<\/p>\n<p style=\"text-align: left;\">14\u00a0\u00a0\u00a0\u00a0\u00a0\u00a0\u00a0\u00a0\u00a0\u00a0 Aline Rodrigues\u00a0 \u00a0 \u00a0 \u00a0 \u00a0 \u00a0Sporting CP\u00a0\u00a0\u00a0\u00a0\u00a0\u00a0\u00a0\u00a0\u00a0\u00a0\u00a0\u00a0\u00a0\u00a0\u00a0\u00a0\u00a0\u00a0\u00a0\u00a0\u00a0\u00a0\u00a0 Central<\/p>\n<p style=\"text-align: left;\">15\u00a0\u00a0\u00a0\u00a0\u00a0\u00a0\u00a0\u00a0\u00a0\u00a0 J\u00falia Kavalenka\u00a0 \u00a0 \u00a0 \u00a0 \u00a0 \u00a0 OT Ravenna (It\u00e1lia)\u00a0\u00a0\u00a0\u00a0\u00a0\u00a0\u00a0\u00a0 Oposta<\/p>\n<p style=\"text-align: left;\">16\u00a0\u00a0\u00a0\u00a0\u00a0\u00a0\u00a0\u00a0\u00a0\u00a0 Maria Reis Lopes\u00a0 \u00a0 \u00a0 \u00a0 \u00a0PV2014\/AV Efanor\u00a0\u00a0\u00a0\u00a0\u00a0\u00a0\u00a0\u00a0\u00a0 Oposta\/Z4<\/p>\n<p style=\"text-align: left;\">18\u00a0\u00a0\u00a0\u00a0\u00a0\u00a0\u00a0\u00a0\u00a0\u00a0 Matilde Rodrigues\u00a0 \u00a0 \u00a0 \u00a0PV2014\/AVC Efanor\u00a0 \u00a0 \u00a0 \u00a0Libero<\/p>\n<p style=\"text-align: center;\"><strong><u>Competi\u00e7\u00f5es da Selec\u00e7\u00e3o Nacional de Seniores Femininos<\/u><\/strong><\/p>\n<p><a href=\"https:\/\/www.cev.eu\/Competition-Area\/CompetitionView.aspx?ID=1248\">Pool B de qualifica\u00e7\u00e3o para o Campeonato de Europa de 2021,<\/a> em dois torneios a realizar em Portugal e na Ge\u00f3rgia, com a participa\u00e7\u00e3o de Portugal, <a href=\"https:\/\/fpvoleibol.pt\/fpv\/2021\/05\/04\/eurovolley-luta-a-tres-nos-seniores-femininos\/\">Ge\u00f3rgia*<\/a>, Ucr\u00e2nia e Su\u00e9cia; 1.\u00ba Torneio nos dias 7 a 9 de Maio em Portugal, no Centro de Desportos e Congressos de Matosinhos, e 2.\u00ba Torneio nos dias 14 a 16 de Maio, na Ge\u00f3rgia (Arena Tbilisi).<\/p>\n<p>Jogos de Portugal <a href=\"https:\/\/fpvoleibol.pt\/eurovolley2021\/seniores_femininos.html\">aqui<\/a><\/p>\n<p><a href=\"https:\/\/www.cev.eu\/Competition-Area\/CompetitionView.aspx?ID=1297\">Pool B da European Silver League<\/a>, a disputar em dois torneios (28 a 30 de Maio e de 1 a 3 de Junho) na B\u00f3snia-Herzegovina.<\/p>\n<p>Jogos de Portugal <a href=\"https:\/\/www.cev.eu\/Competition-Area\/CompetitionView.aspx?ID=1297\">aqui<\/a><\/p>\n<p style=\"text-align: center;\" align=\"justify\"><strong>Resultados, fotos e estat\u00edstica<\/strong> em <a href=\"https:\/\/eurovolley.cev.eu\/en\/women-2021\/\">https:\/\/eurovolley.cev.eu\/en\/women-2021\/<\/a><\/p>\n","protected":false},"excerpt":{"rendered":"<p>&nbsp; A Selec\u00e7\u00e3o Nacional de Seniores Femininos venceu hoje a Ge\u00f3rgia pela margem m\u00e1xima (3-0: 25-19, 25-15 e 25-16) no jogo inaugural do 2.\u00ba Torneio da Pool B de qualifica\u00e7\u00e3o [&hellip;]<\/p>\n","protected":false},"author":2,"featured_media":5898,"comment_status":"open","ping_status":"open","sticky":false,"template":"","format":"standard","meta":{"_monsterinsights_skip_tracking":false,"_monsterinsights_sitenote_active":false,"_monsterinsights_sitenote_note":"","_monsterinsights_sitenote_category":0,"footnotes":""},"categories":[8],"tags":[35],"class_list":{"0":"post-5865","1":"post","2":"type-post","3":"status-publish","4":"format-standard","5":"has-post-thumbnail","7":"category-voleibol","8":"tag-eurovolley2021-seniores-femininos","9":"czr-hentry"},"aioseo_notices":[],"_links":{"self":[{"href":"https:\/\/fpvoleibol.pt\/fpv\/wp-json\/wp\/v2\/posts\/5865","targetHints":{"allow":["GET"]}}],"collection":[{"href":"https:\/\/fpvoleibol.pt\/fpv\/wp-json\/wp\/v2\/posts"}],"about":[{"href":"https:\/\/fpvoleibol.pt\/fpv\/wp-json\/wp\/v2\/types\/post"}],"author":[{"embeddable":true,"href":"https:\/\/fpvoleibol.pt\/fpv\/wp-json\/wp\/v2\/users\/2"}],"replies":[{"embeddable":true,"href":"https:\/\/fpvoleibol.pt\/fpv\/wp-json\/wp\/v2\/comments?post=5865"}],"version-history":[{"count":9,"href":"https:\/\/fpvoleibol.pt\/fpv\/wp-json\/wp\/v2\/posts\/5865\/revisions"}],"predecessor-version":[{"id":5914,"href":"https:\/\/fpvoleibol.pt\/fpv\/wp-json\/wp\/v2\/posts\/5865\/revisions\/5914"}],"wp:featuredmedia":[{"embeddable":true,"href":"https:\/\/fpvoleibol.pt\/fpv\/wp-json\/wp\/v2\/media\/5898"}],"wp:attachment":[{"href":"https:\/\/fpvoleibol.pt\/fpv\/wp-json\/wp\/v2\/media?parent=5865"}],"wp:term":[{"taxonomy":"category","embeddable":true,"href":"https:\/\/fpvoleibol.pt\/fpv\/wp-json\/wp\/v2\/categories?post=5865"},{"taxonomy":"post_tag","embeddable":true,"href":"https:\/\/fpvoleibol.pt\/fpv\/wp-json\/wp\/v2\/tags?post=5865"}],"curies":[{"name":"wp","href":"https:\/\/api.w.org\/{rel}","templated":true}]}}