{"id":5433,"date":"2021-05-04T19:39:40","date_gmt":"2021-05-04T18:39:40","guid":{"rendered":"https:\/\/fpvoleibol.pt\/fpv\/?p=5433"},"modified":"2021-05-07T14:42:58","modified_gmt":"2021-05-07T13:42:58","slug":"eurovolley-preparados-para-enfrentar-batalhas-dificeis","status":"publish","type":"post","link":"https:\/\/fpvoleibol.pt\/fpv\/2021\/05\/04\/eurovolley-preparados-para-enfrentar-batalhas-dificeis\/","title":{"rendered":"EUROVOLLEY: &#8220;PREPARADOS PARA ENFRENTAR BATALHAS DIF\u00cdCEIS&#8221;"},"content":{"rendered":"<p><img loading=\"lazy\" decoding=\"async\" class=\"alignnone size-full wp-image-5398\" src=\"https:\/\/fpvoleibol.pt\/fpv\/wp-content\/uploads\/2021\/05\/austriaxportugal_estagio_d.jpg\" alt=\"\" width=\"960\" height=\"570\" srcset=\"https:\/\/fpvoleibol.pt\/fpv\/wp-content\/uploads\/2021\/05\/austriaxportugal_estagio_d.jpg 960w, https:\/\/fpvoleibol.pt\/fpv\/wp-content\/uploads\/2021\/05\/austriaxportugal_estagio_d-300x178.jpg 300w, https:\/\/fpvoleibol.pt\/fpv\/wp-content\/uploads\/2021\/05\/austriaxportugal_estagio_d-768x456.jpg 768w\" sizes=\"auto, (max-width: 960px) 100vw, 960px\" \/><\/p>\n<p>A <strong>Selec\u00e7\u00e3o Nacional de Seniores Masculinos <\/strong>cumpre na \u00c1ustria um est\u00e1gio de prepara\u00e7\u00e3o para a participa\u00e7\u00e3o no 1.\u00ba Torneio da <a href=\"https:\/\/eurovolley.cev.eu\/en\/men-2021\/qualifiers-area\/\">Pool G de Apuramento para o Campeonato da Europa 2021,<\/a> a disputar de 7 a 9 de Maio, no <span style=\"text-decoration: underline;\">Sportcsarnok &#8211; Nemzeti K\u00f6zszolg\u00e1lati Egyetem Sportcsarnok<\/span>, situado em Budapeste, na Hungria.<br \/>\nO 2.\u00ba Torneio est\u00e1 agendado para 14 a 16 de Maio no Centro de Desportos e Congressos de Matosinhos .<br \/>\nTanto os jogos do primeiro como do segundo torneio ter\u00e3o transmiss\u00e3o em directo na <strong><a href=\"https:\/\/www.sporttv.pt\/pesquisa\/VOLEIBOL\/\">Sport TV<\/a><\/strong>.<br \/>\nVer <strong>plano de trabalho<\/strong> <a href=\"https:\/\/fpvoleibol.pt\/fpv\/wp-content\/uploads\/2021\/04\/SNSM_plano.pdf\">aqui<\/a> e mais informa\u00e7\u00f5es em <a href=\"http:\/\/fpvoleibol.pt\/eurovolley2021\" target=\"_blank\" rel=\"noopener noreferrer\" data-saferedirecturl=\"https:\/\/www.google.com\/url?q=http:\/\/fpvoleibol.pt\/eurovolley2021&amp;source=gmail&amp;ust=1620149991725000&amp;usg=AFQjCNGloTumFQ91uWsvP3nfVF6UDnhHuA\">fpvoleibol.pt\/eurovolley2021<\/a><\/p>\n<p>&#8220;<em>Os jogos com a \u00c1ustria t\u00eam sido muito importantes para conseguirmos ir minimizando os erros que vamos cometendo e, em particular, para dar um certo volume de jogo ao Alex [Ferreira], que s\u00f3 integrou o grupo no final da segunda semana<\/em> [devido \u00e0 discuss\u00e3o do t\u00edtulo na Coreia do Sul]&#8221;, considerou <strong>Hugo Silva, Seleccionador Nacional<\/strong>, no final do segundo dos tr\u00eas jogos <em>amig\u00e1veis<\/em> agendados com os austr\u00edacos, que os locais venceram por <a href=\"https:\/\/fpvoleibol.pt\/fpv\/wp-content\/uploads\/2021\/05\/Match-report-Portugal-x-Austria-2.pdf\">3-1\u00a0 (ver estat\u00edstica),<\/a> salientando:<br \/>\n&#8220;<em>No geral, tivemos uma boa prepara\u00e7\u00e3o da equipa em Portugal e aqui na \u00c1ustria. Aos poucos, estamos a encontrar-nos enquanto equipa. Acredito que vamos estar preparados para enfrentar as batalhas dif\u00edceis que temos pela frente<\/em>&#8220;.<\/p>\n<p>O primeiro advers\u00e1rio que Portugal vai defrontar na Hungria \u00e9 a Bielorr\u00fassia:<br \/>\n&#8220;<em>Este <a href=\"https:\/\/www.eurovolley.tv\/en-int\/playerpage\/596442\">primeiro jogo<\/a>, como em qualquer competi\u00e7\u00e3o, pode ser um passo de gigante para o resto do torneio de qualifica\u00e7\u00e3o, ainda por cima porque \u00e9 com o cabe\u00e7a-de-s\u00e9rie deste grupo.<\/em><br \/>\n<em>Se como sempre tem acontecido, o colectivo se conseguir sobrepor ao individual, podemos ir longe nesta e em qualquer competi\u00e7\u00e3o<\/em>&#8220;.<\/p>\n<p>No primeiro jogo, disputado igualmente no <a href=\"https:\/\/www.vivasport.at\/\">Landessportzentrum VIVA<\/a>, um Complexo Desportivo para treinos situado na localidade de Steinbrunn, a selec\u00e7\u00e3o orientada por Hugo Silva venceu por <a href=\"https:\/\/fpvoleibol.pt\/fpv\/wp-content\/uploads\/2021\/05\/Match-report-Portugal-x-Austria-1.pdf\">3-2 (25-22, 21-25, 23-25, 28-26 e 15-11)<\/a> a sua cong\u00e9nere da \u00c1ustria.<\/p>\n<p style=\"text-align: center;\"><span style=\"text-decoration: underline;\"><strong>Atletas<\/strong><\/span><\/p>\n<p><strong>Miguel Rodrigues<\/strong>\u00a0(Cuprum Lubin\/Pol\u00f3nia) \u2013 Distribuidor<br \/>\n<strong>Tiago Violas<\/strong> (SL Benfica) \u2013 Distribuidor<\/p>\n<p><strong>Phelipe Martins<\/strong>\u00a0(Leix\u00f5es SC) \u2013 Central<br \/>\n<strong>Filip Cveticanin<\/strong>\u00a0(SC Espinho) \u2013 Central<br \/>\n<strong>Gerson Gomes Pereira<\/strong> (Martigues VB\/Fran\u00e7a) \u2013 Central<\/p>\n<p><strong>Alexandre Ferreira<\/strong>\u00a0(Seoul Woori Card Wibee VB\/Coreia do Sul) \u2013 Zona 4<br \/>\n<strong>Louren\u00e7o Martins<\/strong>\u00a0(SAEMS Tourcoing\/Fran\u00e7a) \u2013 Zona 4<br \/>\n<strong>Sebasti\u00e3o Le\u00e3o<\/strong>\u00a0(AA S\u00e3o Mamede) \u2013 Zona 4<br \/>\n<strong>Andr\u00e9 Marques<\/strong>\u00a0(Cast\u00ealo da Maia GC) \u2013 Zona 4<br \/>\n<strong>Andr\u00e9 Lopes<\/strong> (SL Benfica) \u2013 Zona 4<\/p>\n<p><strong>Hugo Gaspar (SL Benfica) \u2013 Oposto<br \/>\nMarco Ferreira<\/strong>\u00a0(Al Jazira SC\/Emirados \u00c1rabes Unidos) \u2013 Oposto<\/p>\n<p><strong>Ivo Casas<\/strong>\u00a0(SL Benfica) \u2013 Libero<br \/>\n<strong>Jo\u00e3o Fidalgo<\/strong> (Sporting CP) \u2013 Libero<\/p>\n<p style=\"text-align: center;\"><span style=\"text-decoration: underline;\"><strong>Equipa t\u00e9cnica<\/strong><\/span><\/p>\n<p><strong>Team Manager<\/strong> \u2013 Carlos Prata<br \/>\n<strong>Seleccionador Nacional<\/strong> \u2013 Hugo Silva<br \/>\n<strong>Treinador Adjunto<\/strong> \u2013 Filipe Vit\u00f3<br \/>\n<strong>Scouter<\/strong> \u2013 Jo\u00e3o Santos<br \/>\n<strong>M\u00e9dico<\/strong> \u2013 Carlos Magalh\u00e3es<br \/>\n<strong>Fisioterapeuta<\/strong> \u2013 Daniel Vilas-Boas<\/p>\n<p style=\"text-align: center;\"><a href=\"https:\/\/www.cev.eu\/Competition-Area\/CompetitionView.aspx?ID=1247\"><strong>Campeonato da Europa 2021<\/strong><\/a><\/p>\n<p>Nesta derradeira fase de apuramento para o EuroVolley 2021, a Selec\u00e7\u00e3o Nacional defronta, em dois torneios na Pool G, a Noruega, a Bielorr\u00fassia e a Hungria.<br \/>\nPortugal ir\u00e1 acolher o Torneio 2 da Pool G, de 14 a 16 de Maio, enquanto a Hungria recebe, de 7 a 9 de Maio, o Torneio 1.<\/p>\n<p>Apuram-se para o Europeu (organizado pela Pol\u00f3nia, Rep\u00fablica Checa, Est\u00f3nia e Finl\u00e2ndia), os vencedores das sete pools de qualifica\u00e7\u00e3o e os cinco melhores segundos classificados.<br \/>\nAs 12 selec\u00e7\u00f5es apuradas nestas fases de qualifica\u00e7\u00e3o ir\u00e3o juntar-se aos 4 organizadores e \u00e0s outras 8 selec\u00e7\u00f5es j\u00e1 qualificadas de acordo com a classifica\u00e7\u00e3o final da edi\u00e7\u00e3o de 2019.<\/p>\n<p style=\"text-align: center;\"><a href=\"https:\/\/www.cev.eu\/Competition-Area\/CompetitionView.aspx?ID=1295\"><strong>European Golden League<\/strong><\/a><\/p>\n<p>A EGL \u00e9 uma competi\u00e7\u00e3o disputada por algumas das principais selec\u00e7\u00f5es europeias e que <a href=\"https:\/\/fpvoleibol.pt\/fpv\/2021\/04\/17\/challenger-cup-2021-cancelada\/\">normalmente<\/a> d\u00e1 acesso \u00e0 denominada <strong>Liga das Na\u00e7\u00f5es de Voleibol<\/strong>\u00a0(<em>Volleyball Nations League<\/em>).<\/p>\n<p>Portugal disputou pela primeira vez a VNL em 2019, ap\u00f3s ter conseguido vencer a final da Volleyball Challenger Cup 2018 (VCC), em Matosinhos. Este ano, a <a href=\"https:\/\/fpvoleibol.pt\/fpv\/2021\/04\/17\/challenger-cup-2021-cancelada\/\">VCC n\u00e3o ser\u00e1 realizada<\/a>.<br \/>\nTal como em 2020, a Selec\u00e7\u00e3o orientada por Hugo Silva vai disputar a European Golden League, tentando repetir o feito de 2018 em que atingiu a Final Four da prova.<\/p>\n<p>Na\u00a0<strong>European Golden League 2021<\/strong>, Portugal vai defrontar, na Poule C, novamente as suas cong\u00e9neres da Rep\u00fablica Checa \u2013 finalista da Challenger Cup 2018 \u2013 e da Turquia (vencedora em 2019), \u00e0s quais se junta a Bielorr\u00fassia, advers\u00e1ria de Portugal na fase de qualifica\u00e7\u00e3o para o Campeonato da Europa de Seniores Masculinos.<\/p>\n<p>A Poule C da EGL vai ser disputada em dois torneios: o 1.\u00ba agendado para 28 a 30 de Maio de 2021 na (Bielorr\u00fassia) e o 2.\u00ba torneio para 4 a 6 de Junho (em Portugal).<\/p>\n<p>A\u00a0<strong>European Golden League<\/strong> compreende tr\u00eas pools:<\/p>\n<p><strong>Pool A<\/strong>\u00a0\u2013 B\u00e9lgica, Espanha Est\u00f3nia e Let\u00f3nia<br \/>\n<strong>Pool B<\/strong>\u00a0\u2013 Holanda, Ucr\u00e2nia, Eslov\u00e1quia e Rom\u00e9nia<br \/>\n<strong>Pool C<\/strong>\u00a0\u2013 Turquia, Rep\u00fablica Checa, Bielorr\u00fassia e PORTUGAL<\/p>\n<p>Os\u00a0<u>tr\u00eas melhores classificados de cada pool <\/u>e o organizador apuram-se para a Final Four, que em 2021 ser\u00e1 disputada na B\u00e9lgica (18 a 20 de Junho). Se o organizador for o 1.\u00ba classificado na sua pool, apura-se o 2.\u00ba classificado dessa mesma pool.<\/p>\n<p>Informa\u00e7\u00f5es adicionais:\u00a0<a href=\"http:\/\/www.cev.eu\/\">www.cev.eu<\/a>\u00a0\/\u00a0<a href=\"http:\/\/www.fivb.com\/\">www.fivb.com<\/a><\/p>\n","protected":false},"excerpt":{"rendered":"<p>A Selec\u00e7\u00e3o Nacional de Seniores Masculinos cumpre na \u00c1ustria um est\u00e1gio de prepara\u00e7\u00e3o para a participa\u00e7\u00e3o no 1.\u00ba Torneio da Pool G de Apuramento para o Campeonato da Europa 2021, [&hellip;]<\/p>\n","protected":false},"author":2,"featured_media":5399,"comment_status":"open","ping_status":"open","sticky":false,"template":"","format":"standard","meta":{"_monsterinsights_skip_tracking":false,"_monsterinsights_sitenote_active":false,"_monsterinsights_sitenote_note":"","_monsterinsights_sitenote_category":0,"footnotes":""},"categories":[8],"tags":[36],"class_list":{"0":"post-5433","1":"post","2":"type-post","3":"status-publish","4":"format-standard","5":"has-post-thumbnail","7":"category-voleibol","8":"tag-eurovolley2021-seniores-masculinos","9":"czr-hentry"},"aioseo_notices":[],"_links":{"self":[{"href":"https:\/\/fpvoleibol.pt\/fpv\/wp-json\/wp\/v2\/posts\/5433","targetHints":{"allow":["GET"]}}],"collection":[{"href":"https:\/\/fpvoleibol.pt\/fpv\/wp-json\/wp\/v2\/posts"}],"about":[{"href":"https:\/\/fpvoleibol.pt\/fpv\/wp-json\/wp\/v2\/types\/post"}],"author":[{"embeddable":true,"href":"https:\/\/fpvoleibol.pt\/fpv\/wp-json\/wp\/v2\/users\/2"}],"replies":[{"embeddable":true,"href":"https:\/\/fpvoleibol.pt\/fpv\/wp-json\/wp\/v2\/comments?post=5433"}],"version-history":[{"count":11,"href":"https:\/\/fpvoleibol.pt\/fpv\/wp-json\/wp\/v2\/posts\/5433\/revisions"}],"predecessor-version":[{"id":5615,"href":"https:\/\/fpvoleibol.pt\/fpv\/wp-json\/wp\/v2\/posts\/5433\/revisions\/5615"}],"wp:featuredmedia":[{"embeddable":true,"href":"https:\/\/fpvoleibol.pt\/fpv\/wp-json\/wp\/v2\/media\/5399"}],"wp:attachment":[{"href":"https:\/\/fpvoleibol.pt\/fpv\/wp-json\/wp\/v2\/media?parent=5433"}],"wp:term":[{"taxonomy":"category","embeddable":true,"href":"https:\/\/fpvoleibol.pt\/fpv\/wp-json\/wp\/v2\/categories?post=5433"},{"taxonomy":"post_tag","embeddable":true,"href":"https:\/\/fpvoleibol.pt\/fpv\/wp-json\/wp\/v2\/tags?post=5433"}],"curies":[{"name":"wp","href":"https:\/\/api.w.org\/{rel}","templated":true}]}}