{"id":5352,"date":"2021-05-04T15:38:29","date_gmt":"2021-05-04T14:38:29","guid":{"rendered":"https:\/\/fpvoleibol.pt\/fpv\/?p=5352"},"modified":"2021-05-05T13:06:42","modified_gmt":"2021-05-05T12:06:42","slug":"sub-17-duelo-iberico-abre-apuramento-para-o-europeu","status":"publish","type":"post","link":"https:\/\/fpvoleibol.pt\/fpv\/2021\/05\/04\/sub-17-duelo-iberico-abre-apuramento-para-o-europeu\/","title":{"rendered":"SUB-17: DUELO IB\u00c9RICO \u00abABRE\u00bb APURAMENTO PARA O EUROPEU"},"content":{"rendered":"<p><img loading=\"lazy\" decoding=\"async\" class=\"alignnone size-full wp-image-5429\" src=\"https:\/\/fpvoleibol.pt\/fpv\/wp-content\/uploads\/2021\/05\/U17M_Portugal_VC1.jpg\" alt=\"\" width=\"960\" height=\"720\" srcset=\"https:\/\/fpvoleibol.pt\/fpv\/wp-content\/uploads\/2021\/05\/U17M_Portugal_VC1.jpg 960w, https:\/\/fpvoleibol.pt\/fpv\/wp-content\/uploads\/2021\/05\/U17M_Portugal_VC1-300x225.jpg 300w, https:\/\/fpvoleibol.pt\/fpv\/wp-content\/uploads\/2021\/05\/U17M_Portugal_VC1-768x576.jpg 768w\" sizes=\"auto, (max-width: 960px) 100vw, 960px\" \/><\/p>\n<p style=\"text-align: center;\"><strong>Ib\u00e9ricos tentam contrariar favoritismo de turcos e austr\u00edacos<\/strong><\/p>\n<p>\u00c9 j\u00e1 amanh\u00e3 que o Pavilh\u00e3o Municipal de Santa Maria Maior, em Viana do Castelo, recebe os primeiros jogos da <strong>Pool E da 2.\u00aa ronda de qualifica\u00e7\u00e3o para o Campeonato da Europa na categoria de Sub-17 masculinos<\/strong>, cuja fase final ser\u00e1 realizada em Julho na cidade de Tirana, capital da Alb\u00e2nia.<br \/>\nApuram-se para a fase final do Europeu os vencedores das cinco pools e os dois melhores segundos classificados.<\/p>\n<p>O jogo inaugural da Pool E da 2.\u00aa Ronda \u00e9 o <a href=\"https:\/\/youtu.be\/oqsj24-0Ogc\"><strong>\u00c1ustria x Turquia<\/strong><\/a> (17h00) e Nina Sawatzki, t\u00e9cnica dos jovens austr\u00edacos, mostra-se realista:<br \/>\n\u201c<em>Todas as selec\u00e7\u00f5es que se classificaram para a segunda fase t\u00eam um n\u00edvel muito bom, n\u00e3o h\u00e1 advers\u00e1rios f\u00e1ceis. \u00c0 semelhan\u00e7a das outras equipas, pensamos que temos boas hip\u00f3teses de conseguir bons resultados em Portugal. At\u00e9 agora, est\u00e1 tudo a correr de acordo com o que plane\u00e1mos, os jogadores est\u00e3o bem fisicamente e vamos tentar aproveitar esta oportunidade de nos qualificarmos para o Campeonato da Europa<\/em> \u201d.<\/p>\n<p>Os espanh\u00f3is, que estiveram concentrados em Azuqueca de Henares (Guadalajara), atravessaram a fronteira para defrontar uma equipa da casa igualmente realista mas tamb\u00e9m muito motivada.<\/p>\n<p><strong>Nuno Pereira<\/strong>, treinador de Portugal, deixa o <em>aviso \u00e0 navega\u00e7\u00e3o<\/em>:<br \/>\n\u201c<em>Defront\u00e1mos a Espanha no Torneio da WEVZA e conseguimos uma vit\u00f3ria por 3-1. \u00c9 uma selec\u00e7\u00e3o que apresenta uma boa organiza\u00e7\u00e3o de bloco\/defesa e prevemos um jogo intenso e competitivo, porque est\u00e1 no mesmo n\u00edvel que Portugal.<\/em><br \/>\n<em>A \u00c1ustria tem uma equipa forte, mas a Turquia, aparentemente, ser\u00e1 o advers\u00e1rio mais complicado. \u00c9 forte no sideout, tem um oposto que \u00e9 solicitado muitas vezes e responde com uma grande efic\u00e1cia.<\/em><br \/>\n<em>Temos como objectivo conseguir o apuramento para o Campeonato da Europa. A nossa equipa tamb\u00e9m tem os seus argumentos, \u00e9 forte no colectivo e iremos lutar para continuar a estar entre as melhores selec\u00e7\u00f5es da Europa.<\/em><br \/>\n<em>Sem d\u00favida que o facto de jogarmos em Viana do Castelo ser\u00e1 uma mais-valia para n\u00f3s<\/em>&#8220;.<\/p>\n<p>O duelo ib\u00e9rico <a href=\"https:\/\/youtu.be\/5ksk67MIjEc\">Portugal x Espanha<\/a> est\u00e1 agendado para as 20h00 locais desta quarta-feira, infelizmente ainda sem p\u00fablico.<\/p>\n<div>\n<p>Viana do Castelo, candidata a Cidade Europeia do Desporto 2023, acolhe a <strong>Pool E da 2.\u00aa Ronda de Qualifica\u00e7\u00e3o para o Campeonato da Europa de Sub-17 Masculinos, de 5 a 7 de Maio, <\/strong>que ter\u00e1 transmiss\u00e3o televisiva na <a href=\"https:\/\/www.volei.tv\/\"><strong>Volei TV<\/strong><\/a>, canal multim\u00e9dia da FPV.<\/p>\n<div>Todas as informa\u00e7\u00f5es <a href=\"https:\/\/www.cev.eu\/national-team\/age-group-championships\/u17m\/\">aqui<\/a> e em <a href=\"https:\/\/fpvoleibol.pt\/eurovolley2021\/\">FPVoleibol.pt\/eurovolley2021\/<\/a><\/div>\n<p>Os jogos ser\u00e3o disputados no <span style=\"text-decoration: underline;\">Pavilh\u00e3o Municipal de Santa Maria Maior, em Viana do Castelo<\/span>, e a Selec\u00e7\u00e3o Nacional de Sub-17 Masculinos vai defrontar a Turquia, a \u00c1ustria e a Espanha.<br \/>\nApuram-se para a fase final do Europeu de Sub-17 masculinos os vencedores das cinco pools e os dois melhores segundos classificados. <a href=\"https:\/\/fpvoleibol.pt\/fpv\/2021\/04\/27\/a-atencao-da-comunicacao-social-acreditacao\/\">Acredita\u00e7\u00e3o de jornalistas aqui<\/a><\/p>\n<p style=\"text-align: center;\"><span style=\"text-decoration: underline;\"><strong>Jogos \u2013 Viana do Castelo<\/strong><\/span><\/p>\n<p style=\"text-align: center;\"><strong>5.05.2021<\/strong><br \/>\n17h00 \u2013 \u00c1ustria x Turquia<br \/>\n20h00 \u2013 Portugal x Espanha<\/p>\n<p style=\"text-align: center;\"><strong>6.05.2021<\/strong><br \/>\n17h00 \u2013 Turquia x Espanha<br \/>\n20h00 \u2013 \u00c1ustria x Portugal<\/p>\n<p style=\"text-align: center;\"><strong>7.05.2021<\/strong><br \/>\n17h00 \u2013 Espanha x \u00c1ustria<br \/>\n20h00 \u2013 Turquia x Portugal<\/p>\n<p><img loading=\"lazy\" decoding=\"async\" class=\"size-large wp-image-5246 aligncenter\" src=\"https:\/\/fpvoleibol.pt\/fpv\/wp-content\/uploads\/2021\/04\/eurovolley_u17_d-724x1024.jpg\" alt=\"\" width=\"724\" height=\"1024\" srcset=\"https:\/\/fpvoleibol.pt\/fpv\/wp-content\/uploads\/2021\/04\/eurovolley_u17_d-724x1024.jpg 724w, https:\/\/fpvoleibol.pt\/fpv\/wp-content\/uploads\/2021\/04\/eurovolley_u17_d-212x300.jpg 212w, https:\/\/fpvoleibol.pt\/fpv\/wp-content\/uploads\/2021\/04\/eurovolley_u17_d-768x1086.jpg 768w, https:\/\/fpvoleibol.pt\/fpv\/wp-content\/uploads\/2021\/04\/eurovolley_u17_d.jpg 960w\" sizes=\"auto, (max-width: 724px) 100vw, 724px\" \/><\/p>\n<p style=\"text-align: center;\"><span style=\"text-decoration: underline;\"><strong>Selec\u00e7\u00e3o Nacional de Sub-17 Masculinos<\/strong><\/span><\/p>\n<\/div>\n<p style=\"text-align: center;\"><span style=\"text-decoration: underline;\"><strong>Equipa T\u00e9cnica<\/strong><\/span><\/p>\n<p><strong>Seleccionador<\/strong> &#8211; Nuno Pereira<br \/>\n<strong>Treinador Adjunto<\/strong> &#8211; Leandro Antunes<br \/>\n<strong>Treinador Adjunto<\/strong> &#8211; Diogo Rosa<br \/>\n<strong>Fisioterapeuta<\/strong> &#8211; C\u00e9sar Nat\u00e1rio<\/p>\n<p style=\"text-align: center;\"><strong><span style=\"font-size: 12pt; font-family: georgia, palatino, serif;\">Os 12 convocados<\/span><\/strong><\/p>\n<p><strong>Gustavo Sousa<\/strong> &#8211; Libero (Esmoriz GC)<br \/>\n<strong>Jorge Marques<\/strong> \u2013 Distribuidor (AA Espinho)<br \/>\n<strong>Manuel Catarino<\/strong> \u2013 Central (AA S. Mamede)<br \/>\n<strong>Miguel Morais Pereira<\/strong> \u2013 Central (AA S. Mamede)<br \/>\n<strong>Jos\u00e9 Rafael Oliveira<\/strong> \u2013 Zona 4 (VC Viana)<br \/>\n<strong>Rafael Esperan\u00e7o<\/strong> \u2013 Central (Esc. Latino Coelho)<br \/>\n<strong>Francisco Mendes<\/strong> \u2013 Zona 4 (SC Espinho)<br \/>\n<strong>Miguel Pedrosa<\/strong> \u2013 Zona 4 (SC Espinho)<br \/>\n<strong>Diogo Fevereiro<\/strong> \u2013 Distribuidor (CV Oeiras)<b><\/b><br \/>\n<strong>Jo\u00e3o Salgueiro<\/strong> \u2013 Libero (VC Viana)<br \/>\n<strong>Tiago Gra\u00e7a<\/strong> \u2013 Zona 4 (CD P\u00f3voa)<br \/>\n<strong>Leonardo Pereira<\/strong> \u2013 Zona 4 (SC Espinho)<\/p>\n<p class=\"descricaonoticia\" style=\"text-align: center;\" align=\"justify\"><span style=\"text-decoration: underline;\"><strong>\u00c0 aten\u00e7\u00e3o da Comunica\u00e7\u00e3o Social<\/strong><\/span><\/p>\n<p class=\"descricaonoticia\" align=\"justify\">A pandemia de Covid-19 obrigou a que fossem <a href=\"http:\/\/www.fpvoleibol.pt\/regulamentos\/reg_retoma_competicoes.pdf\" target=\"_blank\" rel=\"noopener noreferrer\">aplicadas medidas que limitam<\/a>\u00a0o n\u00famero de pessoas presentes em eventos desportivos e condicionou o contacto entre os representantes da Comunica\u00e7\u00e3o Social e o Departamento de Informa\u00e7\u00e3o da FPV.<br \/>\nOs pedidos de acredita\u00e7\u00e3o dever\u00e3o ser efectuados por jornalistas (fotojornalista\/rep\u00f3rter de imagem) que representem \u00d3rg\u00e3os de Comunica\u00e7\u00e3o Social. n\u00e3o sendo permitido recolher dados estat\u00edsticos para al\u00e9m daqueles que s\u00e3o fornecidos pela organiza\u00e7\u00e3o da competi\u00e7\u00e3o.<\/p>\n<p class=\"descricaonoticia\" align=\"justify\"><span style=\"text-decoration: underline;\">Assim, e no sentido de facilitar o trabalho dos jornalistas na cobertura d<\/span>a:<\/p>\n<p align=\"justify\"><a href=\"https:\/\/www.cev.eu\/national-team\/age-group-championships\/u17m\/\">Pool E da 2.\u00aa Ronda da Fase de Qualifica\u00e7\u00e3o para o Campeonato da Europa de Sub-17 Masculinos<\/a> \u2013 5 a 7 de Maio no Pavilh\u00e3o Municipal de Santa Maria Maior, em Viana do Castelo.<\/p>\n<p class=\"descricaonoticia\" align=\"justify\">Os<strong> jogos<\/strong> ser\u00e3o transmitidos pela \u00a0<strong><a href=\"https:\/\/www.volei.tv\/\">Volei TV<\/a><\/strong><\/p>\n<p style=\"text-align: center;\" align=\"justify\"><strong>Equipas<\/strong>:<br \/>\n<a href=\"https:\/\/fpvoleibol.pt\/fpv\/wp-content\/uploads\/2021\/04\/team_POR.pdf\">Portugal<\/a> \/ <a href=\"https:\/\/fpvoleibol.pt\/fpv\/wp-content\/uploads\/2021\/04\/team_TUR.pdf\">Turquia<\/a> \/ <a href=\"https:\/\/fpvoleibol.pt\/fpv\/wp-content\/uploads\/2021\/04\/team_AUT.pdf\">\u00c1ustria<\/a> \/ <a href=\"https:\/\/fpvoleibol.pt\/fpv\/wp-content\/uploads\/2021\/04\/team_ESP.pdf\">Espanha<\/a><\/p>\n<p align=\"justify\"><strong>Resultados, fotos e estat\u00edstica<\/strong> em <a href=\"https:\/\/www.cev.eu\/national-team\/age-group-championships\/u17m\/\">www.cev.eu\/national-team\/age-group-championships\/u17m\/<\/a><\/p>\n<p>Mais informa\u00e7\u00f5es <a href=\"https:\/\/fpvoleibol.pt\/fpv\/2021\/04\/15\/nuno-pereira-o-objectivo-do-grupo-e-o-apuramento\/\">aqui<\/a> \/ <a href=\"https:\/\/fpvoleibol.pt\/fpv\/2021\/04\/07\/portugal-organiza-apuramento-para-o-europeu-de-sub-17\/\">aqui<\/a> \/ <a href=\"https:\/\/fpvoleibol.pt\/fpv\/2021\/04\/04\/europeu-subs-portugueses-apurados-para-a-2-a-ronda\/\">aqui<\/a><\/p>\n<p>A <span style=\"text-decoration: underline;\">acredita\u00e7\u00e3o dos jornalistas que solicitaram credenciais<\/span> \u00e9 efectuada <strong>\u00e0 entrada para o pavilh\u00e3o<\/strong>.<\/p>\n<p style=\"text-align: center;\"><span style=\"text-decoration: underline;\"><strong>Documentos importantes<\/strong><\/span><\/p>\n<p><span class=\"auto-style2\">Regulamento para a Retoma da Pr\u00e1tica Competitiva<\/span>\u00a0<a href=\"https:\/\/www.fpvoleibol.pt\/regulamentos\/reg_retoma_competicoes.pdf\" target=\"_blank\" rel=\"noopener noreferrer\">aqui<\/a> \/\u00a0<span class=\"auto-style2\">Parte mais espec\u00edfica para jornalistas<\/span><a href=\"http:\/\/www.fpvoleibol.pt\/regulamentos\/reg_retoma_competicoes.pdf\" target=\"_blank\" rel=\"noopener noreferrer\">\u00a0aqui<\/a><\/p>\n<p><img loading=\"lazy\" decoding=\"async\" class=\"alignnone size-full wp-image-5159 aligncenter\" src=\"https:\/\/fpvoleibol.pt\/fpv\/wp-content\/uploads\/2021\/04\/eurovolley2021_tds.jpg\" alt=\"\" width=\"960\" height=\"125\" srcset=\"https:\/\/fpvoleibol.pt\/fpv\/wp-content\/uploads\/2021\/04\/eurovolley2021_tds.jpg 960w, https:\/\/fpvoleibol.pt\/fpv\/wp-content\/uploads\/2021\/04\/eurovolley2021_tds-300x39.jpg 300w, https:\/\/fpvoleibol.pt\/fpv\/wp-content\/uploads\/2021\/04\/eurovolley2021_tds-768x100.jpg 768w\" sizes=\"auto, (max-width: 960px) 100vw, 960px\" \/><\/p>\n","protected":false},"excerpt":{"rendered":"<p>Ib\u00e9ricos tentam contrariar favoritismo de turcos e austr\u00edacos \u00c9 j\u00e1 amanh\u00e3 que o Pavilh\u00e3o Municipal de Santa Maria Maior, em Viana do Castelo, recebe os primeiros jogos da Pool E [&hellip;]<\/p>\n","protected":false},"author":2,"featured_media":5430,"comment_status":"open","ping_status":"open","sticky":false,"template":"","format":"standard","meta":{"_monsterinsights_skip_tracking":false,"_monsterinsights_sitenote_active":false,"_monsterinsights_sitenote_note":"","_monsterinsights_sitenote_category":0,"footnotes":""},"categories":[11,8],"tags":[37,34],"class_list":{"0":"post-5352","1":"post","2":"type-post","3":"status-publish","4":"format-standard","5":"has-post-thumbnail","7":"category-formacao","8":"category-voleibol","9":"tag-campeonato-europa-sub-17-masculinos","10":"tag-sub-17","11":"czr-hentry"},"aioseo_notices":[],"_links":{"self":[{"href":"https:\/\/fpvoleibol.pt\/fpv\/wp-json\/wp\/v2\/posts\/5352","targetHints":{"allow":["GET"]}}],"collection":[{"href":"https:\/\/fpvoleibol.pt\/fpv\/wp-json\/wp\/v2\/posts"}],"about":[{"href":"https:\/\/fpvoleibol.pt\/fpv\/wp-json\/wp\/v2\/types\/post"}],"author":[{"embeddable":true,"href":"https:\/\/fpvoleibol.pt\/fpv\/wp-json\/wp\/v2\/users\/2"}],"replies":[{"embeddable":true,"href":"https:\/\/fpvoleibol.pt\/fpv\/wp-json\/wp\/v2\/comments?post=5352"}],"version-history":[{"count":11,"href":"https:\/\/fpvoleibol.pt\/fpv\/wp-json\/wp\/v2\/posts\/5352\/revisions"}],"predecessor-version":[{"id":5474,"href":"https:\/\/fpvoleibol.pt\/fpv\/wp-json\/wp\/v2\/posts\/5352\/revisions\/5474"}],"wp:featuredmedia":[{"embeddable":true,"href":"https:\/\/fpvoleibol.pt\/fpv\/wp-json\/wp\/v2\/media\/5430"}],"wp:attachment":[{"href":"https:\/\/fpvoleibol.pt\/fpv\/wp-json\/wp\/v2\/media?parent=5352"}],"wp:term":[{"taxonomy":"category","embeddable":true,"href":"https:\/\/fpvoleibol.pt\/fpv\/wp-json\/wp\/v2\/categories?post=5352"},{"taxonomy":"post_tag","embeddable":true,"href":"https:\/\/fpvoleibol.pt\/fpv\/wp-json\/wp\/v2\/tags?post=5352"}],"curies":[{"name":"wp","href":"https:\/\/api.w.org\/{rel}","templated":true}]}}