{"id":5342,"date":"2021-05-03T17:38:22","date_gmt":"2021-05-03T16:38:22","guid":{"rendered":"https:\/\/fpvoleibol.pt\/fpv\/?p=5342"},"modified":"2021-05-04T11:15:23","modified_gmt":"2021-05-04T10:15:23","slug":"sub-16-medem-forcas-com-a-eslovenia","status":"publish","type":"post","link":"https:\/\/fpvoleibol.pt\/fpv\/2021\/05\/03\/sub-16-medem-forcas-com-a-eslovenia\/","title":{"rendered":"SUB-16 MEDEM FOR\u00c7AS COM A ESLOV\u00c9NIA"},"content":{"rendered":"<p style=\"text-align: center;\"><img loading=\"lazy\" decoding=\"async\" class=\"alignnone size-full wp-image-5345\" src=\"https:\/\/fpvoleibol.pt\/fpv\/wp-content\/uploads\/2021\/05\/Portugal_sub16_team_wevza_d.jpg\" alt=\"\" width=\"960\" height=\"569\" srcset=\"https:\/\/fpvoleibol.pt\/fpv\/wp-content\/uploads\/2021\/05\/Portugal_sub16_team_wevza_d.jpg 960w, https:\/\/fpvoleibol.pt\/fpv\/wp-content\/uploads\/2021\/05\/Portugal_sub16_team_wevza_d-300x178.jpg 300w, https:\/\/fpvoleibol.pt\/fpv\/wp-content\/uploads\/2021\/05\/Portugal_sub16_team_wevza_d-768x455.jpg 768w\" sizes=\"auto, (max-width: 960px) 100vw, 960px\" \/><br \/>\n<span style=\"font-size: 8pt;\"><strong>Foto: <a href=\"http:\/\/www.wevza.com\">WEVZA<\/a><\/strong><\/span><\/p>\n<p>A <strong>Selec\u00e7\u00e3o Nacional de Sub-16 Femininos<\/strong> vai disputar, entre 6 e 8 de Maio em Maribor, na Eslov\u00e9nia, a <span style=\"text-decoration: underline;\">Pool E da 2.\u00aa Ronda da Fase de Qualifica\u00e7\u00e3o para o Campeonato da Europa<\/span> da categoria, que apura directamente a vencedora para a fase final da prova, a realizar no m\u00eas de Julho na Hungria e na Eslov\u00e1quia.<\/p>\n<p>A comitiva parte amanh\u00e3, pelas 14h50, via Zurique (Su\u00ed\u00e7a) e Viena (\u00c1ustria), do Aeroporto Francisco S\u00e1 Carneiro, no Porto.<\/p>\n<p>Em Maribor, a jovem turma das quinas, orientada por <strong>Rui Pedro Silva<\/strong>, vai defrontar a Eslov\u00e9nia (dia 6, 19h00 locais), a Turquia (dia 7, 16h00 locais) e a \u00c1ustria (dia 8, 16h00 locais).<br \/>\nApuram-se para a fase final do Europeu de Sub-16 seis selec\u00e7\u00f5es: as vencedoras das cinco pools e a melhor segunda classificada da 2.\u00aa Ronda de Qualifica\u00e7\u00e3o. Ver composi\u00e7\u00e3o das Pools <a href=\"https:\/\/www.cev.eu\/national-team\/age-group-championships\/u16w\/#body-tab-483f1045-408f-4084-b93a-7bcba47962b9-4\">aqui<\/a>.<\/p>\n<p><strong>Rui Pedro Silva<\/strong> salientou:<br \/>\n&#8220;<em>O nosso principal objectivo \u00e9 o que as quatro selec\u00e7\u00f5es ambicionam: garantir o primeiro lugar, que \u00e9 o \u00fanico que d\u00e1 acesso directo \u00e0 fase final do Campeonato da Europa. Ser\u00e1 muito dif\u00edcil, mas n\u00e3o imposs\u00edvel.<br \/>\n<\/em><em>Aparentemente, a Turquia ser\u00e1 a selec\u00e7\u00e3o mais forte, at\u00e9 pela tradi\u00e7\u00e3o que tem nestes escal\u00f5es. \u00c9 de relembrar que a Turquia \u00e9 a actual campe\u00e3 da Europa de Sub-16. S\u00e3o selec\u00e7\u00f5es altas, com bom bloco e bom ataque, em especial de zona 4, sofrendo um pouco na recep\u00e7\u00e3o<\/em>.<br \/>\n<em>Onde podemos discutir e talvez sermos superiores em rela\u00e7\u00e3o \u00e0s restantes sele\u00e7\u00f5es, ser\u00e1 no primeiro toque (servi\u00e7o, recep\u00e7\u00e3o e defesa). Se estivermos consistentes e com boa qualidade nestes tr\u00eas procedimentos t\u00e9cnico-t\u00e1cticos, creio que conseguiremos disputar os jogos de igual para igual e estarmos mais perto da vit\u00f3ria<\/em>.<br \/>\n<em>Outro factor determinante \u00e9 a mentalidade com que devemos encarar estes jogos: humildes, concentradas, competentes, ambiciosas, guerreiras e confiantes<\/em>&#8220;.<\/p>\n<p><img loading=\"lazy\" decoding=\"async\" class=\"alignnone size-full wp-image-5396\" src=\"https:\/\/fpvoleibol.pt\/fpv\/wp-content\/uploads\/2021\/05\/sub-16_mae.jpg\" alt=\"\" width=\"960\" height=\"951\" srcset=\"https:\/\/fpvoleibol.pt\/fpv\/wp-content\/uploads\/2021\/05\/sub-16_mae.jpg 960w, https:\/\/fpvoleibol.pt\/fpv\/wp-content\/uploads\/2021\/05\/sub-16_mae-300x297.jpg 300w, https:\/\/fpvoleibol.pt\/fpv\/wp-content\/uploads\/2021\/05\/sub-16_mae-150x150.jpg 150w, https:\/\/fpvoleibol.pt\/fpv\/wp-content\/uploads\/2021\/05\/sub-16_mae-768x761.jpg 768w\" sizes=\"auto, (max-width: 960px) 100vw, 960px\" \/><\/p>\n<p style=\"text-align: center;\"><span style=\"text-decoration: underline;\"><strong>As 12 convocadas<\/strong><\/span><\/p>\n<p><strong>Beatriz Cerveira<\/strong> &#8211; Distribuidora (Leix\u00f5es SC)<br \/>\n<strong>Maria Amaral<\/strong> &#8211; Central (VC Viana)<br \/>\n<strong>Matilde Quit\u00e9rio Ferreira<\/strong> &#8211; Oposta (Sintra V\u00f3lei)<br \/>\n<strong>Marta Aleixo<\/strong> &#8211; Libero (Madeira Torres)<br \/>\n<strong>In\u00eas Campos<\/strong> &#8211; Zona 4 (Cast\u00ealo da Maia GC)<br \/>\n<strong>Maria Jo\u00e3o Peres<\/strong> &#8211; Distribuidora (AJM\/FC Porto)<br \/>\n<strong>Luna Nunes<\/strong> &#8211; Central (Cast\u00ealo da Maia GC)<br \/>\n<strong>Maria Leonor Coelho<\/strong> &#8211; Zona 4 (SC Braga)<br \/>\n<strong>Francisca Guedes<\/strong> &#8211; Central (Boavista FC)<br \/>\n<strong>Rita Ben\u00eddio<\/strong> &#8211; Zona 4 (Boavista FC)<br \/>\n<strong>Ema Torres<\/strong> &#8211; Zona 4 (AJM\/FC Porto)<br \/>\n<strong>Mariana Marques<\/strong> &#8211; Libero (AJM\/FC Porto)<\/p>\n<p style=\"text-align: center;\"><strong>Comitiva<\/strong><\/p>\n<p><strong>Team Manager<\/strong> \u2013 Arnaldo Rocha<br \/>\n<strong>Seleccionador Nacional<\/strong> \u2013 Rui Pedro Silva<br \/>\n<strong>Treinador Adjunto<\/strong> \u2013 Ana Beatriz Santos<br \/>\n<strong>Fisioterapeuta<\/strong> \u2013 Pedro Merino<\/p>\n<p style=\"text-align: center;\"><span style=\"text-decoration: underline;\"><strong>Jogos (horas locais) &#8211; Maribor<\/strong><\/span><\/p>\n<p style=\"text-align: center;\"><strong>6.05.2021<\/strong><br \/>\n16h00 \u2013 \u00c1ustria x Turquia<br \/>\n19h00 \u2013 Eslov\u00e9nia x Portugal<\/p>\n<p style=\"text-align: center;\"><strong>7.05.2021<\/strong><br \/>\n16h00 \u2013 Turquia x Portugal<br \/>\n19h00 \u2013 \u00c1ustria x Eslov\u00e9nia<\/p>\n<p style=\"text-align: center;\"><strong>8.05.2021<\/strong><br \/>\n16h00 \u2013 Portugal x \u00c1ustria<br \/>\n19h00 \u2013 Turquia x Eslov\u00e9nia<\/p>\n<p><span style=\"text-decoration: underline;\">Plano de viagem<\/span>:<\/p>\n<p><strong>04.05.2021<\/strong><br \/>\n<em>Voo LX2067<\/em> &#8211; Porto-OPO \/ Zurich-ZRH: 14h50 \/ 18h15<br \/>\n<em>Voo LX3558<\/em> &#8211; Zurich-ZRH \/ Vienna-VIE: 19h55 \/ 21h15<\/p>\n<p>A viagem de liga\u00e7\u00e3o \u00e0 Eslov\u00e9nia ser\u00e1 conclu\u00edda de autocarro.<\/p>\n<p>O regresso est\u00e1 agendado para o dia 9 de Maio, devendo chegar ao Porto pelas 18h45.<\/p>\n<p>Mais informa\u00e7\u00f5es <a href=\"https:\/\/www.cev.eu\/national-team\/age-group-championships\/u16w\/#body-tab-483f1045-408f-4084-b93a-7bcba47962b9-4\">aqui<\/a><\/p>\n","protected":false},"excerpt":{"rendered":"<p>Foto: WEVZA A Selec\u00e7\u00e3o Nacional de Sub-16 Femininos vai disputar, entre 6 e 8 de Maio em Maribor, na Eslov\u00e9nia, a Pool E da 2.\u00aa Ronda da Fase de Qualifica\u00e7\u00e3o [&hellip;]<\/p>\n","protected":false},"author":2,"featured_media":5348,"comment_status":"open","ping_status":"open","sticky":false,"template":"","format":"standard","meta":{"_monsterinsights_skip_tracking":false,"_monsterinsights_sitenote_active":false,"_monsterinsights_sitenote_note":"","_monsterinsights_sitenote_category":0,"footnotes":""},"categories":[11,8],"tags":[33],"class_list":{"0":"post-5342","1":"post","2":"type-post","3":"status-publish","4":"format-standard","5":"has-post-thumbnail","7":"category-formacao","8":"category-voleibol","9":"tag-sub-16","10":"czr-hentry"},"aioseo_notices":[],"_links":{"self":[{"href":"https:\/\/fpvoleibol.pt\/fpv\/wp-json\/wp\/v2\/posts\/5342","targetHints":{"allow":["GET"]}}],"collection":[{"href":"https:\/\/fpvoleibol.pt\/fpv\/wp-json\/wp\/v2\/posts"}],"about":[{"href":"https:\/\/fpvoleibol.pt\/fpv\/wp-json\/wp\/v2\/types\/post"}],"author":[{"embeddable":true,"href":"https:\/\/fpvoleibol.pt\/fpv\/wp-json\/wp\/v2\/users\/2"}],"replies":[{"embeddable":true,"href":"https:\/\/fpvoleibol.pt\/fpv\/wp-json\/wp\/v2\/comments?post=5342"}],"version-history":[{"count":10,"href":"https:\/\/fpvoleibol.pt\/fpv\/wp-json\/wp\/v2\/posts\/5342\/revisions"}],"predecessor-version":[{"id":5395,"href":"https:\/\/fpvoleibol.pt\/fpv\/wp-json\/wp\/v2\/posts\/5342\/revisions\/5395"}],"wp:featuredmedia":[{"embeddable":true,"href":"https:\/\/fpvoleibol.pt\/fpv\/wp-json\/wp\/v2\/media\/5348"}],"wp:attachment":[{"href":"https:\/\/fpvoleibol.pt\/fpv\/wp-json\/wp\/v2\/media?parent=5342"}],"wp:term":[{"taxonomy":"category","embeddable":true,"href":"https:\/\/fpvoleibol.pt\/fpv\/wp-json\/wp\/v2\/categories?post=5342"},{"taxonomy":"post_tag","embeddable":true,"href":"https:\/\/fpvoleibol.pt\/fpv\/wp-json\/wp\/v2\/tags?post=5342"}],"curies":[{"name":"wp","href":"https:\/\/api.w.org\/{rel}","templated":true}]}}