{"id":5254,"date":"2021-05-04T16:34:46","date_gmt":"2021-05-04T15:34:46","guid":{"rendered":"https:\/\/fpvoleibol.pt\/fpv\/?p=5254"},"modified":"2021-05-04T16:41:59","modified_gmt":"2021-05-04T15:41:59","slug":"eurovolley-luta-a-tres-nos-seniores-femininos","status":"publish","type":"post","link":"https:\/\/fpvoleibol.pt\/fpv\/2021\/05\/04\/eurovolley-luta-a-tres-nos-seniores-femininos\/","title":{"rendered":"EUROVOLLEY: \u00abLUTA A TR\u00caS\u00bb NOS SENIORES FEMININOS"},"content":{"rendered":"<p style=\"text-align: center;\"><img loading=\"lazy\" decoding=\"async\" class=\"size-large wp-image-5418 aligncenter\" src=\"https:\/\/fpvoleibol.pt\/fpv\/wp-content\/uploads\/2021\/05\/cartaz_snsf_geo_15h-724x1024.jpg\" alt=\"\" width=\"724\" height=\"1024\" srcset=\"https:\/\/fpvoleibol.pt\/fpv\/wp-content\/uploads\/2021\/05\/cartaz_snsf_geo_15h-724x1024.jpg 724w, https:\/\/fpvoleibol.pt\/fpv\/wp-content\/uploads\/2021\/05\/cartaz_snsf_geo_15h-212x300.jpg 212w, https:\/\/fpvoleibol.pt\/fpv\/wp-content\/uploads\/2021\/05\/cartaz_snsf_geo_15h-768x1086.jpg 768w, https:\/\/fpvoleibol.pt\/fpv\/wp-content\/uploads\/2021\/05\/cartaz_snsf_geo_15h.jpg 960w\" sizes=\"auto, (max-width: 724px) 100vw, 724px\" \/><strong>A paragem provocada pelo combate \u00e0 pandemia de COVID-19 trouxe muitas modifica\u00e7\u00f5es ao trabalho planeado pelas selec\u00e7\u00f5es. A situa\u00e7\u00e3o pand\u00e9mica que se vive na Europa \u2013 e em todo o mundo \u2013 continua a provocar estragos e o mais recente deles \u00e9 a aus\u00eancia for\u00e7ada da Ge\u00f3rgia (dois casos positivos no plantel) na <a href=\"https:\/\/eurovolley.cev.eu\/en\/women-2021\/\"><span style=\"font-size: 13.5pt; font-family: 'Arial',sans-serif; color: #1e73be; background: white;\">Pool B de qualifica\u00e7\u00e3o para o Campeonato de Europa de 2021 &#8211; seniores femininos, <\/span><\/a>a disputar no Centro de Desportos e Congressos de Matosinhos.<\/strong><\/p>\n<p>Assim, o <span style=\"text-decoration: underline;\">jogo inaugural do torneio, no dia 7 de Maio (19h00)<\/span> ser\u00e1 o <strong><a href=\"https:\/\/fpvoleibol.pt\/fpv\/wp-content\/uploads\/2021\/04\/team_POR_W.pdf\">Portugal<\/a> x <a href=\"https:\/\/fpvoleibol.pt\/fpv\/wp-content\/uploads\/2021\/04\/team_UKR.pdf\">Ucr\u00e2nia<\/a><\/strong>.<br \/>\nComo curiosidade, refira-se que as duas selec\u00e7\u00f5es estreiam novos seleccionadores, <strong>Jo\u00e3o Jos\u00e9<\/strong>, antiga estrela da Selec\u00e7\u00e3o Nacional de Seniores Masculinos, e <strong>Vladimir Orlov<\/strong>, treinador b\u00falgaro com curr\u00edculo firmado sobretudo ao servi\u00e7o de clubes do seu pa\u00eds.<\/p>\n<p><strong>Jo\u00e3o Jos\u00e9<\/strong> teve pouco tempo para treinar com o grupo de trabalho completo, devido ao prolongamento no tempo (pandemia COVID-19) dos campeonatos nacionais e n\u00e3o teve possibilidade de estagiar com outra selec\u00e7\u00e3o, para aquilatar a sua for\u00e7a, estabelecendo o seu quartel-general em Matosinhos.<br \/>\nA <a href=\"https:\/\/fpvoleibol.pt\/fpv\/wp-content\/uploads\/2021\/04\/team_UKR.pdf\">Ucr\u00e2nia<\/a>, pelo seu lado, concentrou-se no dia 20 de Abril em Slobozhansky, com um est\u00e1gio em solo p\u00e1trio de 9 dias, seguido de um est\u00e1gio em Larissa, que incluiu dois jogos com a selec\u00e7\u00e3o da Gr\u00e9cia: as hel\u00e9nicas sa\u00edram vitoriosas nos dois<em> amig\u00e1veis<\/em>.<br \/>\nAs primeiras medidas do novo seleccionador ucraniano foram no sentido de &#8220;<em>remodelar e rejuvenescer<\/em>&#8221; a Selec\u00e7\u00e3o da Ucr\u00e2nia, tendo prescindido de algumas jogadoras com hist\u00f3ria na equipa, o que considerou ter sido &#8220;<em>um passo dado conscientemente<\/em>&#8220;.<br \/>\nEm solo ucraniano, Orlov n\u00e3o p\u00f4de contar com Olga Skrypak (doen\u00e7a), jogadora que considera &#8220;<em>muito importante<\/em>&#8221; para a sua equipa, e Karina Denisova (campeonato em Fran\u00e7a), enquanto Christina Nemtseva (motivos pessoais) integrou os treinos mais tarde.<\/p>\n<p>No confronto directo entre Portugal e Ucr\u00e2nia, a selec\u00e7\u00e3o do pa\u00eds organizador sai a perder, pois os resultados dos \u00faltimos tr\u00eas confrontos, um para o Europeu e dois para a European League, em 2019, foram favor\u00e1veis \u00e0 equipa do Leste europeu, mas as portuguesas parecem apostadas em contrariar a <em>hist\u00f3ria<\/em>.<\/p>\n<p style=\"text-align: center;\"><strong><em>Equipa da casa<\/em> motivada<\/strong><\/p>\n<p><strong>Marta Hurst<\/strong> (zona 4) e <strong>Joana Resende<\/strong> (libero). As suas posi\u00e7\u00f5es no campo parecem, \u00e0 primeira vista, quase antag\u00f3nicas: uma \u00e9 ofensiva, utilizando como armas principais quer o ataque quer o servi\u00e7o; a outra \u00e9 defensiva, sendo o elemento fulcral da equipa tanto na recep\u00e7\u00e3o como na defesa. Contudo, no Voleibol, as suas ac\u00e7\u00f5es no terreno do jogo acabam por se complementar, contribuindo para um fio de jogo mais flu\u00eddo e consistente.<\/p>\n<p>&#8220;<em>A Ucr\u00e2nia apresenta sempre uma selec\u00e7\u00e3o muito alta e forte no ataque. Para contrariar o jogo r\u00e1pido e condicionar o potencial alcance das atacantes, temos que servir de maneira agressiva e ser extremamente rigorosas no nosso sistema de bloco\/defesa. Se conseguirmos defender consistentemente, vamos acabar por criar boas condi\u00e7\u00f5es para fecharmos o ponto no contra-ataque<\/em>\u201d, salienta <strong>Marta<\/strong>, apontando em direc\u00e7\u00e3o \u00e0 meta tra\u00e7ada: \u201c<em>O nosso objectivo principal \u00e9 sempre o apuramento<\/em>&#8220;.<\/p>\n<p>&#8220;<em>Poder representar Portugal \u00abem casa\u00bb \u00e9 sempre uma oportunidade \u00fanica. Este ano, com todos os constrangimentos provocados pela pandemia, ser\u00e1 um contexto certamente diferente, mas com o orgulho de sempre. Apesar de n\u00e3o termos o nosso p\u00fablico nas bancadas devido a pandemia, come\u00e7ar a jogar no pavilh\u00e3o onde realiz\u00e1mos mais treinos poder\u00e1 ser uma vantagem&#8221;<\/em>, enfatiza <strong>Joana<\/strong>, avisando: &#8220;<em>Queremos apurar-nos e estamos empenhadas em alcan\u00e7ar esse objectivo. Temos um grupo jovem e ambicioso e com muita vontade de representar Portugal e dignificar as nossas cores. Sem d\u00favida que o querer e a ambi\u00e7\u00e3o s\u00e3o armas da nossa Selec\u00e7\u00e3o<\/em>&#8220;.<\/p>\n<p>Uma ideia partilhada pelo seleccionador<strong> Jo\u00e3o Jos\u00e9<\/strong>, melhor blocador no Campeonato do Mundo em 2002 (Argentina), que em 2018 integrou a equipa t\u00e9cnica da Selec\u00e7\u00e3o Nacional de Seniores Masculinos: &#8220;<em>Apesar de apresentarem o desgaste natural de final de \u00e9poca, as atletas uniram-se como um grupo altamente motivado, batalhador e que deseja poder representar a Selec\u00e7\u00e3o Nacional, independentemente de tudo o que est\u00e1 ainda a acontecer tanto em Portugal como no mundo inteiro<\/em>\u201c.<\/p>\n<p>Com o an\u00fancio de que a Ge\u00f3rgia n\u00e3o viria ao torneio de Matosinhos, a <a href=\"https:\/\/fpvoleibol.pt\/fpv\/wp-content\/uploads\/2021\/04\/team_SWE.pdf\">Su\u00e9cia,<\/a> que tinha vencido os dois \u00faltimos jogos entre estas selec\u00e7\u00f5es, nas fases de qualifica\u00e7\u00e3o para o Campeonato da Europa, em 2016 e 2017, folga no primeiro dia de competi\u00e7\u00e3o.<\/p>\n<p>Da mesma forma, o jogo Su\u00e9cia x Portugal de domingo foi antecipado para as <strong>15h00<\/strong>, sendo transmitido em directo pela <strong>Sport TV<\/strong>, que tamb\u00e9m ir\u00e1 transmitir (18h00) o jogo Portugal x Hungria, em seniores masculinos, a realizar na Hungria.<\/p>\n<p style=\"text-align: center;\"><strong>Jogos &#8211; Matosinhos<\/strong><\/p>\n<p style=\"text-align: center;\"><strong>7.05.2021<\/strong><br \/>\n16h00 \u2013 Ge\u00f3rgia x Su\u00e9cia (n\u00e3o se realiza)<br \/>\n19h00 \u2013 Portugal x Ucr\u00e2nia<\/p>\n<p style=\"text-align: center;\"><strong>8.05.2021<\/strong><br \/>\n15h00 \u2013 Su\u00e9cia x Ucr\u00e2nia<br \/>\n18h00 \u2013 Ge\u00f3rgia x Portugal (n\u00e3o se realiza)<\/p>\n<p style=\"text-align: center;\"><strong>9.05.2021<\/strong><br \/>\n15h00 \u2013 Ucr\u00e2nia x Ge\u00f3rgia (n\u00e3o se realiza)<br \/>\n<strong>15h00<\/strong> \u2013 Su\u00e9cia x Portugal<\/p>\n<p class=\"descricaonoticia\" style=\"text-align: center;\" align=\"justify\"><span style=\"text-decoration: underline;\"><strong>\u00c0 aten\u00e7\u00e3o da Comunica\u00e7\u00e3o Social<\/strong><\/span><\/p>\n<p class=\"descricaonoticia\" align=\"justify\">A pandemia de Covid-19 obrigou a que fossem <a href=\"http:\/\/www.fpvoleibol.pt\/regulamentos\/reg_retoma_competicoes.pdf\" target=\"_blank\" rel=\"noopener noreferrer\">aplicadas medidas que limitam<\/a>\u00a0o n\u00famero de pessoas presentes em eventos desportivos e condicionou o contacto entre os representantes da Comunica\u00e7\u00e3o Social e o Departamento de Informa\u00e7\u00e3o da FPV.<br \/>\nOs pedidos de acredita\u00e7\u00e3o dever\u00e3o ser efectuados por jornalistas (fotojornalista\/rep\u00f3rter de imagem) que representem \u00d3rg\u00e3os de Comunica\u00e7\u00e3o Social. n\u00e3o sendo permitido recolher dados estat\u00edsticos para al\u00e9m daqueles que s\u00e3o fornecidos pela organiza\u00e7\u00e3o da competi\u00e7\u00e3o.<\/p>\n<p class=\"descricaonoticia\" align=\"justify\"><span style=\"text-decoration: underline;\">Assim, e no sentido de facilitar o trabalho dos jornalistas na cobertura d<\/span>a:<\/p>\n<p><a href=\"https:\/\/eurovolley.cev.eu\/en\/women-2021\/qualifiers-area\/\">Pool B de qualifica\u00e7\u00e3o para o Campeonato de Europa 2021 de Seniores Femininos<\/a> \u2013 1.\u00ba Torneio nos dias 7 a 9 de Maio no Centro de Desportos e Congressos de Matosinhos.<\/p>\n<p class=\"descricaonoticia\" align=\"justify\">Os<strong> jogos<\/strong> ser\u00e3o transmitidos em directo pela\u00a0 <strong>Sport TV<\/strong><\/p>\n<p style=\"text-align: center;\" align=\"justify\"><strong>Equipas<\/strong>:<br \/>\n<a href=\"https:\/\/fpvoleibol.pt\/fpv\/wp-content\/uploads\/2021\/04\/team_POR_W.pdf\">Portugal<\/a> \/ <a href=\"https:\/\/fpvoleibol.pt\/fpv\/wp-content\/uploads\/2021\/04\/team_GEO.pdf\">Ge\u00f3rgia<\/a> (n\u00e3o est\u00e1 presente) \/ <a href=\"https:\/\/fpvoleibol.pt\/fpv\/wp-content\/uploads\/2021\/04\/team_UKR.pdf\">Ucr\u00e2nia<\/a> \/ <a href=\"https:\/\/fpvoleibol.pt\/fpv\/wp-content\/uploads\/2021\/04\/team_SWE.pdf\">Su\u00e9cia<\/a><\/p>\n<p align=\"justify\"><strong>Resultados, fotos e estat\u00edstica<\/strong> em <a href=\"https:\/\/eurovolley.cev.eu\/en\/women-2021\/\">https:\/\/eurovolley.cev.eu\/en\/women-2021\/<\/a><\/p>\n<p>Mais informa\u00e7\u00f5es <a href=\"https:\/\/fpvoleibol.pt\/fpv\/tag\/eurovolley2021-seniores-femininos\/\">aqui<\/a><\/p>\n<p>A <span style=\"text-decoration: underline;\">acredita\u00e7\u00e3o dos jornalistas que solicitaram credenciais<\/span> \u00e9 efectuada <strong>\u00e0 entrada para o pavilh\u00e3o<\/strong>.<\/p>\n<p style=\"text-align: center;\"><span style=\"text-decoration: underline;\"><strong>Documentos importantes<\/strong><\/span><\/p>\n<p><span class=\"auto-style2\">Regulamento para a Retoma da Pr\u00e1tica Competitiva<\/span>\u00a0<a href=\"https:\/\/www.fpvoleibol.pt\/regulamentos\/reg_retoma_competicoes.pdf\" target=\"_blank\" rel=\"noopener noreferrer\">aqui<\/a> \/\u00a0<span class=\"auto-style2\">Parte mais espec\u00edfica para jornalistas<\/span><a href=\"http:\/\/www.fpvoleibol.pt\/regulamentos\/reg_retoma_competicoes.pdf\" target=\"_blank\" rel=\"noopener noreferrer\">\u00a0aqui<\/a><\/p>\n<p>&nbsp;<\/p>\n","protected":false},"excerpt":{"rendered":"<p>A paragem provocada pelo combate \u00e0 pandemia de COVID-19 trouxe muitas modifica\u00e7\u00f5es ao trabalho planeado pelas selec\u00e7\u00f5es. A situa\u00e7\u00e3o pand\u00e9mica que se vive na Europa \u2013 e em todo o [&hellip;]<\/p>\n","protected":false},"author":2,"featured_media":5124,"comment_status":"open","ping_status":"open","sticky":false,"template":"","format":"standard","meta":{"_monsterinsights_skip_tracking":false,"_monsterinsights_sitenote_active":false,"_monsterinsights_sitenote_note":"","_monsterinsights_sitenote_category":0,"footnotes":""},"categories":[8],"tags":[35],"class_list":{"0":"post-5254","1":"post","2":"type-post","3":"status-publish","4":"format-standard","5":"has-post-thumbnail","7":"category-voleibol","8":"tag-eurovolley2021-seniores-femininos","9":"czr-hentry"},"aioseo_notices":[],"_links":{"self":[{"href":"https:\/\/fpvoleibol.pt\/fpv\/wp-json\/wp\/v2\/posts\/5254","targetHints":{"allow":["GET"]}}],"collection":[{"href":"https:\/\/fpvoleibol.pt\/fpv\/wp-json\/wp\/v2\/posts"}],"about":[{"href":"https:\/\/fpvoleibol.pt\/fpv\/wp-json\/wp\/v2\/types\/post"}],"author":[{"embeddable":true,"href":"https:\/\/fpvoleibol.pt\/fpv\/wp-json\/wp\/v2\/users\/2"}],"replies":[{"embeddable":true,"href":"https:\/\/fpvoleibol.pt\/fpv\/wp-json\/wp\/v2\/comments?post=5254"}],"version-history":[{"count":28,"href":"https:\/\/fpvoleibol.pt\/fpv\/wp-json\/wp\/v2\/posts\/5254\/revisions"}],"predecessor-version":[{"id":5428,"href":"https:\/\/fpvoleibol.pt\/fpv\/wp-json\/wp\/v2\/posts\/5254\/revisions\/5428"}],"wp:featuredmedia":[{"embeddable":true,"href":"https:\/\/fpvoleibol.pt\/fpv\/wp-json\/wp\/v2\/media\/5124"}],"wp:attachment":[{"href":"https:\/\/fpvoleibol.pt\/fpv\/wp-json\/wp\/v2\/media?parent=5254"}],"wp:term":[{"taxonomy":"category","embeddable":true,"href":"https:\/\/fpvoleibol.pt\/fpv\/wp-json\/wp\/v2\/categories?post=5254"},{"taxonomy":"post_tag","embeddable":true,"href":"https:\/\/fpvoleibol.pt\/fpv\/wp-json\/wp\/v2\/tags?post=5254"}],"curies":[{"name":"wp","href":"https:\/\/api.w.org\/{rel}","templated":true}]}}