{"id":5018,"date":"2021-04-22T13:31:58","date_gmt":"2021-04-22T12:31:58","guid":{"rendered":"https:\/\/fpvoleibol.pt\/fpv\/?p=5018"},"modified":"2021-04-22T13:36:49","modified_gmt":"2021-04-22T12:36:49","slug":"portugueses-campeoes-na-austria","status":"publish","type":"post","link":"https:\/\/fpvoleibol.pt\/fpv\/2021\/04\/22\/portugueses-campeoes-na-austria\/","title":{"rendered":"PORTUGUESES CAMPE\u00d5ES NA \u00c1USTRIA"},"content":{"rendered":"<p style=\"text-align: center;\"><img loading=\"lazy\" decoding=\"async\" class=\"alignnone size-full wp-image-5021 aligncenter\" src=\"https:\/\/fpvoleibol.pt\/fpv\/wp-content\/uploads\/2021\/04\/jardi_tiago_graz_d.jpg\" alt=\"\" width=\"960\" height=\"589\" srcset=\"https:\/\/fpvoleibol.pt\/fpv\/wp-content\/uploads\/2021\/04\/jardi_tiago_graz_d.jpg 960w, https:\/\/fpvoleibol.pt\/fpv\/wp-content\/uploads\/2021\/04\/jardi_tiago_graz_d-300x184.jpg 300w, https:\/\/fpvoleibol.pt\/fpv\/wp-content\/uploads\/2021\/04\/jardi_tiago_graz_d-768x471.jpg 768w, https:\/\/fpvoleibol.pt\/fpv\/wp-content\/uploads\/2021\/04\/jardi_tiago_graz_d-570x350.jpg 570w\" sizes=\"auto, (max-width: 960px) 100vw, 960px\" \/><strong><span style=\"font-size: 8pt;\">Foto: <a href=\"https:\/\/www.instagram.com\/zejardim10\/\">Jos\u00e9 Jardim<\/a><\/span><\/strong><\/p>\n<p>Os portugueses Jos\u00e9 Jardim e Tiago Pereira sagraram-se campe\u00f5es nacionais austr\u00edacos pelo <a href=\"http:\/\/www.uvcgraz.at\/de\/19106\" target=\"_blank\" rel=\"noopener noreferrer\">UVC Holding Graz.<\/a><\/p>\n<p>O primeiro t\u00edtulo de campe\u00e3o austr\u00edaco do UVC Graz foi selado de uma forma sensacional com quatro triunfos consecutivos (num play-off disputado \u00e0 melhor de sete) frente ao favorito K Posojilnica Aich\/Dob, campe\u00e3o em t\u00edtulo ( 2013, 2018 e 2019) e antiga equipa do internacional portugu\u00eas Valdir Sequeira.<\/p>\n<p>No quarto jogo, a vit\u00f3ria por 3- 1 (20-25, 25-21, 25-22 e 25- 18) foi muito festejada, tendo o actual Team Manager e antigo libero do clube Frederick Laure confessado:<br \/>\n&#8220;<em>Faltam-me as palavras. Este era um objectivo antigo do clube, mas parec\u00edamos estar sempre muito longe de o atingir&#8230; Parab\u00e9ns a toda a equipa. Somos os campe\u00f5es<\/em>!\u201d.<\/p>\n<p style=\"text-align: center;\"><img loading=\"lazy\" decoding=\"async\" class=\"alignnone size-full wp-image-5022\" src=\"https:\/\/fpvoleibol.pt\/fpv\/wp-content\/uploads\/2021\/04\/Graz_campeoa_d.jpg\" alt=\"\" width=\"960\" height=\"640\" srcset=\"https:\/\/fpvoleibol.pt\/fpv\/wp-content\/uploads\/2021\/04\/Graz_campeoa_d.jpg 960w, https:\/\/fpvoleibol.pt\/fpv\/wp-content\/uploads\/2021\/04\/Graz_campeoa_d-300x200.jpg 300w, https:\/\/fpvoleibol.pt\/fpv\/wp-content\/uploads\/2021\/04\/Graz_campeoa_d-768x512.jpg 768w\" sizes=\"auto, (max-width: 960px) 100vw, 960px\" \/><strong><span style=\"font-size: 8pt;\">Foto: <a href=\"http:\/\/www.uvcgraz.at\/de\/19081\">UVC Graz<\/a><\/span><\/strong><\/p>\n<p style=\"text-align: center;\">Atletas \/ t\u00e9cnicos que actuam no estrangeiro e\/ou com<u><b>\u00a0inscri\u00e7\u00e3o iniciada em 2020\/2021<\/b>:<\/u><\/p>\n<p class=\"auto-style1\"><a href=\"http:\/\/ks.cuprum.pl\/\" target=\"_blank\" rel=\"noopener noreferrer\">Cuprum Lubin (Pol\u00f3nia)<\/a>\u00a0\u2013 Miguel Rodrigues<br \/>\n<a href=\"https:\/\/www.facebook.com\/wooricardwibee\/\" target=\"_blank\" rel=\"noopener noreferrer\">Woori Card Wibee (Coreia do Sul)<\/a>\u00a0\u2013 Alexandre Ferreira<br \/>\n<a href=\"http:\/\/www.jc.ae\/en\/news\/\">Al Jazira SC (Emirados \u00c1rabes Unidos)<\/a>\u00a0\u2013 Marco Ferreira<br \/>\n<a href=\"http:\/\/olimpiateodora.it\/\" target=\"_blank\" rel=\"noopener noreferrer\">Olimpia Teodora Pallavolo Ravenna<\/a>\u00a0<a href=\"https:\/\/www.tfoc.fr\/\" target=\"_blank\" rel=\"noopener noreferrer\">(It\u00e1lia)<\/a>\u00a0\u2013 J\u00falia Kavalenka<br \/>\n<a href=\"https:\/\/tourcoing-volley.com\/\" target=\"_blank\" rel=\"noopener noreferrer\">SAEMS Tourcoing Volley-Ball Lille M\u00e9tropole<\/a>\u00a0\u2013 de Louren\u00e7o Martins<br \/>\n<a href=\"https:\/\/www.facebook.com\/haroriojavoley\" target=\"_blank\" rel=\"noopener noreferrer\">OSACC Haro Rioja V\u00f3ley (Espanha)<\/a>\u00a0\u2013 Marta Hurst<br \/>\n<a href=\"https:\/\/www.facebook.com\/csdinamo\/\" target=\"_blank\" rel=\"noopener noreferrer\">Dinamo de Bucareste (Rom\u00e9nia)<\/a>\u00a0\/\u00a0<a href=\"https:\/\/www.facebook.com\/LindemansAalst\">Lindemans Aalst (B\u00e9lgica)<\/a>\u00a0\u2013 Jos\u00e9 Pedro Gomes<br \/>\n<a href=\"http:\/\/www.uvcgraz.at\/de\/19106\" target=\"_blank\" rel=\"noopener noreferrer\">UVC Holding Graz (\u00c1ustria, 1. Bundesliga)<\/a>\u00a0\u2013 Jos\u00e9 Jardim<br \/>\n<a href=\"http:\/\/www.uvcgraz.at\/de\/19106\" target=\"_blank\" rel=\"noopener noreferrer\">UVC Holding Graz (\u00c1ustria, 1. Bundesliga)<\/a>\u00a0\u2013 Tiago Pereira<br \/>\n<a href=\"https:\/\/www.facebook.com\/Martigues-Volley-Ball-488153908335478\">Martigues VB (Fran\u00e7a)<\/a>\u00a0\u2013 Francisco Pombeiro<br \/>\n<a href=\"https:\/\/www.facebook.com\/Martigues-Volley-Ball-488153908335478\">Martigues VB (Fran\u00e7a)<\/a>\u00a0\u2013 Gerson Gomes<br \/>\n<a href=\"https:\/\/www.svenskalag.se\/orkelljungavk\" target=\"_blank\" rel=\"noopener noreferrer\">Orkelljunga VK (Su\u00e9cia)<\/a>\u00a0\u2013 Rafael Cavalcanti<br \/>\n<a href=\"https:\/\/www.istres-volley.fr\/equipe-premiere\/lequipe\/\" target=\"_blank\" rel=\"noopener noreferrer\">Istres Ouest-Provence Volley-Ball (Fran\u00e7a)<\/a>\u00a0\u2013 Beatriz Santos<br \/>\n<a href=\"http:\/\/www.ffvb.org\/\" target=\"_blank\" rel=\"noopener noreferrer\">Union AS Seyssinoise VB (Fran\u00e7a)\u00a0<\/a>\u2013 S\u00e9rgio Miranda<br \/>\n<a href=\"http:\/\/chenoisvolley.ch\/\" target=\"_blank\" rel=\"noopener noreferrer\">Ch\u00eanois Gen\u00e8ve (Su\u00ed\u00e7a)<\/a>\u00a0\u2013 Rui Santos (Ruca)<br \/>\n<a href=\"https:\/\/www.vbcvaldetravers.ch\/lna\/\" target=\"_blank\" rel=\"noopener noreferrer\">VBC Val-de-Travers (Su\u00ed\u00e7a)<\/a>\u00a0\u2013 Ana Paula Silva<br \/>\n<a href=\"http:\/\/vcdbtournai.be\/\" target=\"_blank\" rel=\"noopener noreferrer\">VC Don Bosco Tournai (B\u00e9lgica, Div. Provincial)<\/a>\u00a0\u2013 Bruno Lobo<br \/>\n<a href=\"https:\/\/www.volleyclubs.be\/capciwb\/\" target=\"_blank\" rel=\"noopener noreferrer\">CAPCI (B\u00e9lgica)<\/a>\u00a0\u2013 Jo\u00e3o Lu\u00eds Sousa<br \/>\n<a href=\"https:\/\/amvb-amiens.fr\/\" target=\"_blank\" rel=\"noopener noreferrer\">Amiens M\u00e9tropole Volley-Ball<\/a>\u00a0\u2013 Andr\u00e9 Mata<br \/>\n<a href=\"http:\/\/volleyballengland.org\/competitions\/national_volleyball_league\/fixtures?season=VE97592600&amp;division=VE45975642&amp;teamID=all&amp;month=all&amp;sr=0\" target=\"_blank\" rel=\"noopener noreferrer\">Team South Wales (Inglaterra)<\/a>\u00a0\u2013 Mara Mata<br \/>\n<a href=\"http:\/\/www.le-volleys.de\/regionalliga-ost.html\" target=\"_blank\" rel=\"noopener noreferrer\">LE Volleys (Alemanha, Regionalliga)<\/a>\u00a0\u2013 Matilde Silveira<br \/>\n<a href=\"http:\/\/www.volleyballengland.org\/competitions\/national_volleyball_league\/league_tables?comp=VE1&amp;season=VE36637368&amp;division=VE48686060\" target=\"_blank\" rel=\"noopener noreferrer\">Durham Palatinates Women (Inglaterra \/ Super League)<\/a>\u00a0\u2013 Susana Veiga<br \/>\n<a href=\"https:\/\/www.facebook.com\/quimpervolley\/\" target=\"_blank\" rel=\"noopener noreferrer\">Quimper Volley 29 (Fran\u00e7a)<\/a>\u00a0\u2013 Kristyna Vojikova<br \/>\n<a href=\"https:\/\/www.facebook.com\/ecovolleyofficiel\" target=\"_blank\" rel=\"noopener noreferrer\">Etudiant Club Orleanais (Fran\u00e7a)<\/a>\u00a0\u2013 Joana Gonzalez<br \/>\n<a href=\"https:\/\/www.facebook.com\/comavolleyball\/\" target=\"_blank\" rel=\"noopener noreferrer\">Argenteuil VB 95 (Fran\u00e7a)<\/a>\u00a0\u2013 Carla Nina de Oliveira<br \/>\n<a href=\"http:\/\/www.volleyballengland.org\/club\/BHA062426\/ashcombe-dorking-1\" target=\"_blank\" rel=\"noopener noreferrer\">Dartford (Inglaterra, Div. 1)<\/a>\u00a0\u2013 Mariana Santos<br \/>\n<a href=\"https:\/\/ksvolley.dk\/en\/\" target=\"_blank\" rel=\"noopener noreferrer\">KSV (Dinamarca)<\/a>\u00a0\u2013 Maria In\u00eas Lupi Caetano<br \/>\n<a href=\"https:\/\/ksvolley.dk\/en\/\" target=\"_blank\" rel=\"noopener noreferrer\">KSV (Dinamarca)<\/a>\u00a0\u2013 Catarina Nunes<br \/>\n<a href=\"https:\/\/www.volley-bartreng.lu\/\" target=\"_blank\" rel=\"noopener noreferrer\">Volley Bartr\u00e9ng (Luxemburgo)<\/a>\u00a0\u2013 Ricardo Mota<br \/>\n<a href=\"https:\/\/volleystarice.wixsite.com\/star-ice\">Star-Ice (B\u00e9lgica\/Provinciale)<\/a>\u00a0\u2013 In\u00eas Mendes de Oliveira<br \/>\n<span class=\"auto-style7\"><strong>Treinadores<\/strong><\/span>:<br \/>\n<a href=\"https:\/\/www.svenskalag.se\/orkelljungavk\" target=\"_blank\" rel=\"noopener noreferrer\">Orkelljunga VK (Su\u00e9cia)<\/a>\u00a0\u2013 Idner Martins<br \/>\n<a href=\"https:\/\/www.istres-volley.fr\/equipe-premiere\/lequipe\/\" target=\"_blank\" rel=\"noopener noreferrer\">Istres Ouest-Provence Volley-Ball (Fran\u00e7a)<\/a>\u00a0\u2013 Andr\u00e9 S\u00e1<br \/>\n<a href=\"https:\/\/www.istres-volley.fr\/equipe-premiere\/lequipe\/\" target=\"_blank\" rel=\"noopener noreferrer\">Istres Ouest-Provence Volley-Ball (Fran\u00e7a)<\/a>\u00a0\u2013 David Sousa<br \/>\n<a href=\"https:\/\/www.svenskalag.se\/DegerforsvolleyOrion\">Degerfors Volley Orion (Su\u00e9cia)<\/a>\u00a0\u2013 Ivan Nunes<br \/>\n<a href=\"https:\/\/www.volleylugano.ch\/\">Volley Lugano I (Su\u00ed\u00e7a\/LNA)<\/a>\u00a0\u2013 Filipe Lacerda<br \/>\n<a href=\"https:\/\/www.vbcgalina.li\/teams\/damen\/damen-2-2liga\" target=\"_blank\" rel=\"noopener noreferrer\">VBC Galina (Liechtenstein, 1. Liga Su\u00ed\u00e7a)<\/a>\u00a0\u2013 Filipe Carrasco Soares<br \/>\n<a href=\"https:\/\/www.facebook.com\/Blue-volei-clube-1752350595073998\/\" target=\"_blank\" rel=\"noopener noreferrer\">Blue Volei Clube (Angola)<\/a>\u00a0\u2013 Andr\u00e9 Pereira<\/p>\n","protected":false},"excerpt":{"rendered":"<p>Foto: Jos\u00e9 Jardim Os portugueses Jos\u00e9 Jardim e Tiago Pereira sagraram-se campe\u00f5es nacionais austr\u00edacos pelo UVC Holding Graz. O primeiro t\u00edtulo de campe\u00e3o austr\u00edaco do UVC Graz foi selado de [&hellip;]<\/p>\n","protected":false},"author":2,"featured_media":5023,"comment_status":"open","ping_status":"open","sticky":false,"template":"","format":"standard","meta":{"_monsterinsights_skip_tracking":false,"_monsterinsights_sitenote_active":false,"_monsterinsights_sitenote_note":"","_monsterinsights_sitenote_category":0,"footnotes":""},"categories":[8],"tags":[],"class_list":{"0":"post-5018","1":"post","2":"type-post","3":"status-publish","4":"format-standard","5":"has-post-thumbnail","7":"category-voleibol","8":"czr-hentry"},"aioseo_notices":[],"_links":{"self":[{"href":"https:\/\/fpvoleibol.pt\/fpv\/wp-json\/wp\/v2\/posts\/5018","targetHints":{"allow":["GET"]}}],"collection":[{"href":"https:\/\/fpvoleibol.pt\/fpv\/wp-json\/wp\/v2\/posts"}],"about":[{"href":"https:\/\/fpvoleibol.pt\/fpv\/wp-json\/wp\/v2\/types\/post"}],"author":[{"embeddable":true,"href":"https:\/\/fpvoleibol.pt\/fpv\/wp-json\/wp\/v2\/users\/2"}],"replies":[{"embeddable":true,"href":"https:\/\/fpvoleibol.pt\/fpv\/wp-json\/wp\/v2\/comments?post=5018"}],"version-history":[{"count":10,"href":"https:\/\/fpvoleibol.pt\/fpv\/wp-json\/wp\/v2\/posts\/5018\/revisions"}],"predecessor-version":[{"id":5031,"href":"https:\/\/fpvoleibol.pt\/fpv\/wp-json\/wp\/v2\/posts\/5018\/revisions\/5031"}],"wp:featuredmedia":[{"embeddable":true,"href":"https:\/\/fpvoleibol.pt\/fpv\/wp-json\/wp\/v2\/media\/5023"}],"wp:attachment":[{"href":"https:\/\/fpvoleibol.pt\/fpv\/wp-json\/wp\/v2\/media?parent=5018"}],"wp:term":[{"taxonomy":"category","embeddable":true,"href":"https:\/\/fpvoleibol.pt\/fpv\/wp-json\/wp\/v2\/categories?post=5018"},{"taxonomy":"post_tag","embeddable":true,"href":"https:\/\/fpvoleibol.pt\/fpv\/wp-json\/wp\/v2\/tags?post=5018"}],"curies":[{"name":"wp","href":"https:\/\/api.w.org\/{rel}","templated":true}]}}