{"id":49254,"date":"2026-09-03T14:44:04","date_gmt":"2026-09-03T13:44:04","guid":{"rendered":"https:\/\/fpvoleibol.pt\/fpv\/?p=49254"},"modified":"2026-09-03T14:44:04","modified_gmt":"2026-09-03T13:44:04","slug":"quadro-principal-do-eurobeachvolley","status":"publish","type":"post","link":"https:\/\/fpvoleibol.pt\/fpv\/2026\/09\/03\/quadro-principal-do-eurobeachvolley\/","title":{"rendered":"QUADRO PRINCIPAL DO EUROBEACHVOLLEY"},"content":{"rendered":"<p><img loading=\"lazy\" decoding=\"async\" class=\"size-full wp-image-49215 aligncenter\" src=\"https:\/\/fpvoleibol.pt\/fpv\/wp-content\/uploads\/2026\/09\/u20beachvolley_d.jpg\" alt=\"\" width=\"960\" height=\"571\" srcset=\"https:\/\/fpvoleibol.pt\/fpv\/wp-content\/uploads\/2026\/09\/u20beachvolley_d.jpg 960w, https:\/\/fpvoleibol.pt\/fpv\/wp-content\/uploads\/2026\/09\/u20beachvolley_d-300x178.jpg 300w, https:\/\/fpvoleibol.pt\/fpv\/wp-content\/uploads\/2026\/09\/u20beachvolley_d-768x457.jpg 768w\" sizes=\"auto, (max-width: 960px) 100vw, 960px\" \/>A dupla portuguesa Lu\u00eds Melo\/David Correia defronta amanh\u00e3 os lituanos Raigadas Macionis e Dovydas Sinkevicius (8h30) e os gregos Orestis Anagnostakis e Nikolaos Mantzios (15h10) na Pool A do Quadro Principal do Campeonato da Europa de Sub-20 de Voleibol de Praia, que est\u00e1 a decorrer em Battipaglia, em It\u00e1lia.<\/p>\n<p>Hoje, portugueses sa\u00edram derrotados do jogo com os italianos Francesco Denina e Matteo Iurisci (0-2: 6-21 e 12-21).<\/p>\n<p>As portuguesas Ema Mello e Martina Ribeiro n\u00e3o conseguiram apurar-se para o Quadro Principal, apesar de terem vencido um jogo frente \u00e0s azeris Sabina Alizada e Leyla Alyeva (2-0: 21-14 e 21-16) na ronda de qualifica\u00e7\u00e3o, disputada na quarta-feira.<\/p>\n<p><img loading=\"lazy\" decoding=\"async\" class=\" wp-image-49220 alignleft\" src=\"https:\/\/fpvoleibol.pt\/fpv\/wp-content\/uploads\/2026\/09\/U20EuropeuVPraia_duplas_d.jpg\" alt=\"\" width=\"121\" height=\"143\" srcset=\"https:\/\/fpvoleibol.pt\/fpv\/wp-content\/uploads\/2026\/09\/U20EuropeuVPraia_duplas_d.jpg 960w, https:\/\/fpvoleibol.pt\/fpv\/wp-content\/uploads\/2026\/09\/U20EuropeuVPraia_duplas_d-255x300.jpg 255w, https:\/\/fpvoleibol.pt\/fpv\/wp-content\/uploads\/2026\/09\/U20EuropeuVPraia_duplas_d-871x1024.jpg 871w, https:\/\/fpvoleibol.pt\/fpv\/wp-content\/uploads\/2026\/09\/U20EuropeuVPraia_duplas_d-768x902.jpg 768w\" sizes=\"auto, (max-width: 121px) 100vw, 121px\" \/>Sob a orienta\u00e7\u00e3o do treinador Ricardo Teixeira, esta participa\u00e7\u00e3o lusitana acontece depois de Portugal ter disputado a 1.\u00aa Ronda da Fase Zonal da WEVZA, realizada na cidade alem\u00e3 de Estugarda, entre 5 e 7 de junho.<\/p>\n<p>O formato da prova realizada sob a \u00e9gide da pela Confedera\u00e7\u00e3o Europeia de Voleibol (CEV) mant\u00e9m o modelo introduzido em 2025, composto por duas etapas: uma fase inicial de qualifica\u00e7\u00f5es regionais e uma fase final que integra jogos de qualifica\u00e7\u00e3o, agendados para o dia 2 de setembro, e do Quadro Principal, a iniciar no dia seguinte.<\/p>\n<p>Patr\u00edcia Gomes (AV Coimbra) integra a <a href=\"https:\/\/www.cev.eu\/media\/vshj2qu0\/cev-u20-ech-2026_practical-info.pdf\">equipa de arbitragem<\/a>.<\/p>\n<p style=\"text-align: center;\">Ver mais informa\u00e7\u00f5es <a href=\"https:\/\/beachevents.cev.eu\/beach\/competition\/1884\">AQUI<\/a><\/p>\n","protected":false},"excerpt":{"rendered":"<p>A dupla portuguesa Lu\u00eds Melo\/David Correia defronta amanh\u00e3 os lituanos Raigadas Macionis e Dovydas Sinkevicius (8h30) e os gregos Orestis Anagnostakis e Nikolaos Mantzios (15h10) na Pool A do Quadro [&hellip;]<\/p>\n","protected":false},"author":2,"featured_media":49216,"comment_status":"open","ping_status":"open","sticky":false,"template":"","format":"standard","meta":{"_monsterinsights_skip_tracking":false,"_monsterinsights_sitenote_active":false,"_monsterinsights_sitenote_note":"","_monsterinsights_sitenote_category":0,"footnotes":""},"categories":[13,9],"tags":[44],"class_list":{"0":"post-49254","1":"post","2":"type-post","3":"status-publish","4":"format-standard","5":"has-post-thumbnail","7":"category-arbitragem","8":"category-voleibol-de-praia","9":"tag-europeu-sub-20-voleibol-de-praia","10":"czr-hentry"},"aioseo_notices":[],"aioseo_head":"\n\t\t<!-- All in One SEO 4.9.10 - aioseo.com -->\n\t<meta name=\"description\" content=\"A dupla portuguesa Lu\u00eds Melo\/David Correia defronta amanh\u00e3 os lituanos Raigadas Macionis e Dovydas Sinkevicius (8h30) e os gregos Orestis Anagnostakis e Nikolaos Mantzios (15h10) na Pool A do Quadro Principal do Campeonato da Europa de Sub-20 de Voleibol de Praia, que est\u00e1 a decorrer em Battipaglia, em It\u00e1lia. Hoje, portugueses sa\u00edram derrotados do jogo\" \/>\n\t<meta name=\"robots\" content=\"max-image-preview:large\" \/>\n\t<meta name=\"author\" content=\"Jorge Castro\"\/>\n\t<link rel=\"canonical\" href=\"https:\/\/fpvoleibol.pt\/fpv\/2026\/09\/03\/quadro-principal-do-eurobeachvolley\/\" \/>\n\t<meta name=\"generator\" content=\"All in One SEO (AIOSEO) 4.9.10\" \/>\n\t\t<meta property=\"og:locale\" content=\"pt_PT\" \/>\n\t\t<meta property=\"og:site_name\" content=\"Federa\u00e7\u00e3o Portuguesa de Voleibol - Website Oficial da FPV\" \/>\n\t\t<meta property=\"og:type\" content=\"article\" \/>\n\t\t<meta property=\"og:title\" content=\"QUADRO PRINCIPAL DO EUROBEACHVOLLEY - Federa\u00e7\u00e3o Portuguesa de Voleibol\" \/>\n\t\t<meta property=\"og:description\" content=\"A dupla portuguesa Lu\u00eds Melo\/David Correia defronta amanh\u00e3 os lituanos Raigadas Macionis e Dovydas Sinkevicius (8h30) e os gregos Orestis Anagnostakis e Nikolaos Mantzios (15h10) na Pool A do Quadro Principal do Campeonato da Europa de Sub-20 de Voleibol de Praia, que est\u00e1 a decorrer em Battipaglia, em It\u00e1lia. Hoje, portugueses sa\u00edram derrotados do jogo\" \/>\n\t\t<meta property=\"og:url\" content=\"https:\/\/fpvoleibol.pt\/fpv\/2026\/09\/03\/quadro-principal-do-eurobeachvolley\/\" \/>\n\t\t<meta property=\"og:image\" content=\"https:\/\/fpvoleibol.pt\/fpv\/wp-content\/uploads\/2026\/09\/u20beachvolley_f.jpg\" \/>\n\t\t<meta property=\"og:image:secure_url\" content=\"https:\/\/fpvoleibol.pt\/fpv\/wp-content\/uploads\/2026\/09\/u20beachvolley_f.jpg\" \/>\n\t\t<meta property=\"og:image:width\" content=\"640\" \/>\n\t\t<meta property=\"og:image:height\" content=\"380\" \/>\n\t\t<meta property=\"article:published_time\" content=\"2026-09-03T13:44:04+00:00\" \/>\n\t\t<meta property=\"article:modified_time\" content=\"2026-09-03T13:44:04+00:00\" \/>\n\t\t<meta property=\"article:publisher\" content=\"https:\/\/facebook.com\/FPVoleibol\" \/>\n\t\t<meta name=\"twitter:card\" content=\"summary\" \/>\n\t\t<meta name=\"twitter:title\" content=\"QUADRO PRINCIPAL DO EUROBEACHVOLLEY - Federa\u00e7\u00e3o Portuguesa de Voleibol\" \/>\n\t\t<meta name=\"twitter:description\" content=\"A dupla portuguesa Lu\u00eds Melo\/David Correia defronta amanh\u00e3 os lituanos Raigadas Macionis e Dovydas Sinkevicius (8h30) e os gregos Orestis Anagnostakis e Nikolaos Mantzios (15h10) na Pool A do Quadro Principal do Campeonato da Europa de Sub-20 de Voleibol de Praia, que est\u00e1 a decorrer em Battipaglia, em It\u00e1lia. Hoje, portugueses sa\u00edram derrotados do jogo\" \/>\n\t\t<meta name=\"twitter:image\" content=\"https:\/\/fpvoleibol.pt\/fpv\/wp-content\/uploads\/2026\/09\/u20beachvolley_f.jpg\" \/>\n\t\t<script type=\"application\/ld+json\" class=\"aioseo-schema\">\n\t\t\t{\"@context\":\"https:\\\/\\\/schema.org\",\"@graph\":[{\"@type\":\"BlogPosting\",\"@id\":\"https:\\\/\\\/fpvoleibol.pt\\\/fpv\\\/2026\\\/09\\\/03\\\/quadro-principal-do-eurobeachvolley\\\/#blogposting\",\"name\":\"QUADRO PRINCIPAL DO EUROBEACHVOLLEY - Federa\\u00e7\\u00e3o Portuguesa de Voleibol\",\"headline\":\"QUADRO PRINCIPAL DO EUROBEACHVOLLEY\",\"author\":{\"@id\":\"https:\\\/\\\/fpvoleibol.pt\\\/fpv\\\/author\\\/imprensa\\\/#author\"},\"publisher\":{\"@id\":\"https:\\\/\\\/fpvoleibol.pt\\\/fpv\\\/#organization\"},\"image\":{\"@type\":\"ImageObject\",\"url\":\"https:\\\/\\\/fpvoleibol.pt\\\/fpv\\\/wp-content\\\/uploads\\\/2026\\\/09\\\/u20beachvolley_f.jpg\",\"width\":640,\"height\":380},\"datePublished\":\"2026-09-03T14:44:04+01:00\",\"dateModified\":\"2026-09-03T14:44:04+01:00\",\"inLanguage\":\"pt-PT\",\"mainEntityOfPage\":{\"@id\":\"https:\\\/\\\/fpvoleibol.pt\\\/fpv\\\/2026\\\/09\\\/03\\\/quadro-principal-do-eurobeachvolley\\\/#webpage\"},\"isPartOf\":{\"@id\":\"https:\\\/\\\/fpvoleibol.pt\\\/fpv\\\/2026\\\/09\\\/03\\\/quadro-principal-do-eurobeachvolley\\\/#webpage\"},\"articleSection\":\"Arbitragem, Voleibol de Praia, Europeu Sub-20 - Voleibol de Praia\"},{\"@type\":\"BreadcrumbList\",\"@id\":\"https:\\\/\\\/fpvoleibol.pt\\\/fpv\\\/2026\\\/09\\\/03\\\/quadro-principal-do-eurobeachvolley\\\/#breadcrumblist\",\"itemListElement\":[{\"@type\":\"ListItem\",\"@id\":\"https:\\\/\\\/fpvoleibol.pt\\\/fpv#listItem\",\"position\":1,\"name\":\"In\\u00edcio\",\"item\":\"https:\\\/\\\/fpvoleibol.pt\\\/fpv\",\"nextItem\":{\"@type\":\"ListItem\",\"@id\":\"https:\\\/\\\/fpvoleibol.pt\\\/fpv\\\/category\\\/voleibol-de-praia\\\/#listItem\",\"name\":\"Voleibol de Praia\"}},{\"@type\":\"ListItem\",\"@id\":\"https:\\\/\\\/fpvoleibol.pt\\\/fpv\\\/category\\\/voleibol-de-praia\\\/#listItem\",\"position\":2,\"name\":\"Voleibol de Praia\",\"item\":\"https:\\\/\\\/fpvoleibol.pt\\\/fpv\\\/category\\\/voleibol-de-praia\\\/\",\"nextItem\":{\"@type\":\"ListItem\",\"@id\":\"https:\\\/\\\/fpvoleibol.pt\\\/fpv\\\/2026\\\/09\\\/03\\\/quadro-principal-do-eurobeachvolley\\\/#listItem\",\"name\":\"QUADRO PRINCIPAL DO EUROBEACHVOLLEY\"},\"previousItem\":{\"@type\":\"ListItem\",\"@id\":\"https:\\\/\\\/fpvoleibol.pt\\\/fpv#listItem\",\"name\":\"In\\u00edcio\"}},{\"@type\":\"ListItem\",\"@id\":\"https:\\\/\\\/fpvoleibol.pt\\\/fpv\\\/2026\\\/09\\\/03\\\/quadro-principal-do-eurobeachvolley\\\/#listItem\",\"position\":3,\"name\":\"QUADRO PRINCIPAL DO EUROBEACHVOLLEY\",\"previousItem\":{\"@type\":\"ListItem\",\"@id\":\"https:\\\/\\\/fpvoleibol.pt\\\/fpv\\\/category\\\/voleibol-de-praia\\\/#listItem\",\"name\":\"Voleibol de Praia\"}}]},{\"@type\":\"Organization\",\"@id\":\"https:\\\/\\\/fpvoleibol.pt\\\/fpv\\\/#organization\",\"name\":\"Federa\\u00e7\\u00e3o Portuguesa de Voleibol\",\"description\":\"Website Oficial da FPV\",\"url\":\"https:\\\/\\\/fpvoleibol.pt\\\/fpv\\\/\",\"telephone\":\"+351228349570\",\"logo\":{\"@type\":\"ImageObject\",\"url\":\"https:\\\/\\\/fpvoleibol.pt\\\/fpv\\\/wp-content\\\/uploads\\\/2021\\\/05\\\/logotipo_fpvoleibol_2021_site.png\",\"@id\":\"https:\\\/\\\/fpvoleibol.pt\\\/fpv\\\/2026\\\/09\\\/03\\\/quadro-principal-do-eurobeachvolley\\\/#organizationLogo\",\"width\":512,\"height\":473},\"image\":{\"@id\":\"https:\\\/\\\/fpvoleibol.pt\\\/fpv\\\/2026\\\/09\\\/03\\\/quadro-principal-do-eurobeachvolley\\\/#organizationLogo\"},\"sameAs\":[\"https:\\\/\\\/facebook.com\\\/FPVoleibol\",\"https:\\\/\\\/instagram.com\\\/FPVoleibol\"]},{\"@type\":\"Person\",\"@id\":\"https:\\\/\\\/fpvoleibol.pt\\\/fpv\\\/author\\\/imprensa\\\/#author\",\"url\":\"https:\\\/\\\/fpvoleibol.pt\\\/fpv\\\/author\\\/imprensa\\\/\",\"name\":\"Jorge Castro\",\"image\":{\"@type\":\"ImageObject\",\"@id\":\"https:\\\/\\\/fpvoleibol.pt\\\/fpv\\\/2026\\\/09\\\/03\\\/quadro-principal-do-eurobeachvolley\\\/#authorImage\",\"url\":\"https:\\\/\\\/secure.gravatar.com\\\/avatar\\\/b10a3458a4f34f13de2d39b55eb391825aeab00ff209c3fe857e3fd4d3dcb784?s=96&d=mm&r=g\",\"width\":96,\"height\":96,\"caption\":\"Jorge Castro\"}},{\"@type\":\"WebPage\",\"@id\":\"https:\\\/\\\/fpvoleibol.pt\\\/fpv\\\/2026\\\/09\\\/03\\\/quadro-principal-do-eurobeachvolley\\\/#webpage\",\"url\":\"https:\\\/\\\/fpvoleibol.pt\\\/fpv\\\/2026\\\/09\\\/03\\\/quadro-principal-do-eurobeachvolley\\\/\",\"name\":\"QUADRO PRINCIPAL DO EUROBEACHVOLLEY - Federa\\u00e7\\u00e3o Portuguesa de Voleibol\",\"description\":\"A dupla portuguesa Lu\\u00eds Melo\\\/David Correia defronta amanh\\u00e3 os lituanos Raigadas Macionis e Dovydas Sinkevicius (8h30) e os gregos Orestis Anagnostakis e Nikolaos Mantzios (15h10) na Pool A do Quadro Principal do Campeonato da Europa de Sub-20 de Voleibol de Praia, que est\\u00e1 a decorrer em Battipaglia, em It\\u00e1lia. Hoje, portugueses sa\\u00edram derrotados do jogo\",\"inLanguage\":\"pt-PT\",\"isPartOf\":{\"@id\":\"https:\\\/\\\/fpvoleibol.pt\\\/fpv\\\/#website\"},\"breadcrumb\":{\"@id\":\"https:\\\/\\\/fpvoleibol.pt\\\/fpv\\\/2026\\\/09\\\/03\\\/quadro-principal-do-eurobeachvolley\\\/#breadcrumblist\"},\"author\":{\"@id\":\"https:\\\/\\\/fpvoleibol.pt\\\/fpv\\\/author\\\/imprensa\\\/#author\"},\"creator\":{\"@id\":\"https:\\\/\\\/fpvoleibol.pt\\\/fpv\\\/author\\\/imprensa\\\/#author\"},\"image\":{\"@type\":\"ImageObject\",\"url\":\"https:\\\/\\\/fpvoleibol.pt\\\/fpv\\\/wp-content\\\/uploads\\\/2026\\\/09\\\/u20beachvolley_f.jpg\",\"@id\":\"https:\\\/\\\/fpvoleibol.pt\\\/fpv\\\/2026\\\/09\\\/03\\\/quadro-principal-do-eurobeachvolley\\\/#mainImage\",\"width\":640,\"height\":380},\"primaryImageOfPage\":{\"@id\":\"https:\\\/\\\/fpvoleibol.pt\\\/fpv\\\/2026\\\/09\\\/03\\\/quadro-principal-do-eurobeachvolley\\\/#mainImage\"},\"datePublished\":\"2026-09-03T14:44:04+01:00\",\"dateModified\":\"2026-09-03T14:44:04+01:00\"},{\"@type\":\"WebSite\",\"@id\":\"https:\\\/\\\/fpvoleibol.pt\\\/fpv\\\/#website\",\"url\":\"https:\\\/\\\/fpvoleibol.pt\\\/fpv\\\/\",\"name\":\"Federa\\u00e7\\u00e3o Portuguesa de Voleibol\",\"description\":\"Website Oficial da FPV\",\"inLanguage\":\"pt-PT\",\"publisher\":{\"@id\":\"https:\\\/\\\/fpvoleibol.pt\\\/fpv\\\/#organization\"}}]}\n\t\t<\/script>\n\t\t<!-- All in One SEO -->\n\n","aioseo_head_json":{"title":"QUADRO PRINCIPAL DO EUROBEACHVOLLEY - Federa\u00e7\u00e3o Portuguesa de Voleibol","description":"A dupla portuguesa Lu\u00eds Melo\/David Correia defronta amanh\u00e3 os lituanos Raigadas Macionis e Dovydas Sinkevicius (8h30) e os gregos Orestis Anagnostakis e Nikolaos Mantzios (15h10) na Pool A do Quadro Principal do Campeonato da Europa de Sub-20 de Voleibol de Praia, que est\u00e1 a decorrer em Battipaglia, em It\u00e1lia. Hoje, portugueses sa\u00edram derrotados do jogo","canonical_url":"https:\/\/fpvoleibol.pt\/fpv\/2026\/09\/03\/quadro-principal-do-eurobeachvolley\/","robots":"max-image-preview:large","keywords":"","webmasterTools":{"miscellaneous":""},"schema":{"@context":"https:\/\/schema.org","@graph":[{"@type":"BlogPosting","@id":"https:\/\/fpvoleibol.pt\/fpv\/2026\/09\/03\/quadro-principal-do-eurobeachvolley\/#blogposting","name":"QUADRO PRINCIPAL DO EUROBEACHVOLLEY - Federa\u00e7\u00e3o Portuguesa de Voleibol","headline":"QUADRO PRINCIPAL DO EUROBEACHVOLLEY","author":{"@id":"https:\/\/fpvoleibol.pt\/fpv\/author\/imprensa\/#author"},"publisher":{"@id":"https:\/\/fpvoleibol.pt\/fpv\/#organization"},"image":{"@type":"ImageObject","url":"https:\/\/fpvoleibol.pt\/fpv\/wp-content\/uploads\/2026\/09\/u20beachvolley_f.jpg","width":640,"height":380},"datePublished":"2026-09-03T14:44:04+01:00","dateModified":"2026-09-03T14:44:04+01:00","inLanguage":"pt-PT","mainEntityOfPage":{"@id":"https:\/\/fpvoleibol.pt\/fpv\/2026\/09\/03\/quadro-principal-do-eurobeachvolley\/#webpage"},"isPartOf":{"@id":"https:\/\/fpvoleibol.pt\/fpv\/2026\/09\/03\/quadro-principal-do-eurobeachvolley\/#webpage"},"articleSection":"Arbitragem, Voleibol de Praia, Europeu Sub-20 - Voleibol de Praia"},{"@type":"BreadcrumbList","@id":"https:\/\/fpvoleibol.pt\/fpv\/2026\/09\/03\/quadro-principal-do-eurobeachvolley\/#breadcrumblist","itemListElement":[{"@type":"ListItem","@id":"https:\/\/fpvoleibol.pt\/fpv#listItem","position":1,"name":"In\u00edcio","item":"https:\/\/fpvoleibol.pt\/fpv","nextItem":{"@type":"ListItem","@id":"https:\/\/fpvoleibol.pt\/fpv\/category\/voleibol-de-praia\/#listItem","name":"Voleibol de Praia"}},{"@type":"ListItem","@id":"https:\/\/fpvoleibol.pt\/fpv\/category\/voleibol-de-praia\/#listItem","position":2,"name":"Voleibol de Praia","item":"https:\/\/fpvoleibol.pt\/fpv\/category\/voleibol-de-praia\/","nextItem":{"@type":"ListItem","@id":"https:\/\/fpvoleibol.pt\/fpv\/2026\/09\/03\/quadro-principal-do-eurobeachvolley\/#listItem","name":"QUADRO PRINCIPAL DO EUROBEACHVOLLEY"},"previousItem":{"@type":"ListItem","@id":"https:\/\/fpvoleibol.pt\/fpv#listItem","name":"In\u00edcio"}},{"@type":"ListItem","@id":"https:\/\/fpvoleibol.pt\/fpv\/2026\/09\/03\/quadro-principal-do-eurobeachvolley\/#listItem","position":3,"name":"QUADRO PRINCIPAL DO EUROBEACHVOLLEY","previousItem":{"@type":"ListItem","@id":"https:\/\/fpvoleibol.pt\/fpv\/category\/voleibol-de-praia\/#listItem","name":"Voleibol de Praia"}}]},{"@type":"Organization","@id":"https:\/\/fpvoleibol.pt\/fpv\/#organization","name":"Federa\u00e7\u00e3o Portuguesa de Voleibol","description":"Website Oficial da FPV","url":"https:\/\/fpvoleibol.pt\/fpv\/","telephone":"+351228349570","logo":{"@type":"ImageObject","url":"https:\/\/fpvoleibol.pt\/fpv\/wp-content\/uploads\/2021\/05\/logotipo_fpvoleibol_2021_site.png","@id":"https:\/\/fpvoleibol.pt\/fpv\/2026\/09\/03\/quadro-principal-do-eurobeachvolley\/#organizationLogo","width":512,"height":473},"image":{"@id":"https:\/\/fpvoleibol.pt\/fpv\/2026\/09\/03\/quadro-principal-do-eurobeachvolley\/#organizationLogo"},"sameAs":["https:\/\/facebook.com\/FPVoleibol","https:\/\/instagram.com\/FPVoleibol"]},{"@type":"Person","@id":"https:\/\/fpvoleibol.pt\/fpv\/author\/imprensa\/#author","url":"https:\/\/fpvoleibol.pt\/fpv\/author\/imprensa\/","name":"Jorge Castro","image":{"@type":"ImageObject","@id":"https:\/\/fpvoleibol.pt\/fpv\/2026\/09\/03\/quadro-principal-do-eurobeachvolley\/#authorImage","url":"https:\/\/secure.gravatar.com\/avatar\/b10a3458a4f34f13de2d39b55eb391825aeab00ff209c3fe857e3fd4d3dcb784?s=96&d=mm&r=g","width":96,"height":96,"caption":"Jorge Castro"}},{"@type":"WebPage","@id":"https:\/\/fpvoleibol.pt\/fpv\/2026\/09\/03\/quadro-principal-do-eurobeachvolley\/#webpage","url":"https:\/\/fpvoleibol.pt\/fpv\/2026\/09\/03\/quadro-principal-do-eurobeachvolley\/","name":"QUADRO PRINCIPAL DO EUROBEACHVOLLEY - Federa\u00e7\u00e3o Portuguesa de Voleibol","description":"A dupla portuguesa Lu\u00eds Melo\/David Correia defronta amanh\u00e3 os lituanos Raigadas Macionis e Dovydas Sinkevicius (8h30) e os gregos Orestis Anagnostakis e Nikolaos Mantzios (15h10) na Pool A do Quadro Principal do Campeonato da Europa de Sub-20 de Voleibol de Praia, que est\u00e1 a decorrer em Battipaglia, em It\u00e1lia. Hoje, portugueses sa\u00edram derrotados do jogo","inLanguage":"pt-PT","isPartOf":{"@id":"https:\/\/fpvoleibol.pt\/fpv\/#website"},"breadcrumb":{"@id":"https:\/\/fpvoleibol.pt\/fpv\/2026\/09\/03\/quadro-principal-do-eurobeachvolley\/#breadcrumblist"},"author":{"@id":"https:\/\/fpvoleibol.pt\/fpv\/author\/imprensa\/#author"},"creator":{"@id":"https:\/\/fpvoleibol.pt\/fpv\/author\/imprensa\/#author"},"image":{"@type":"ImageObject","url":"https:\/\/fpvoleibol.pt\/fpv\/wp-content\/uploads\/2026\/09\/u20beachvolley_f.jpg","@id":"https:\/\/fpvoleibol.pt\/fpv\/2026\/09\/03\/quadro-principal-do-eurobeachvolley\/#mainImage","width":640,"height":380},"primaryImageOfPage":{"@id":"https:\/\/fpvoleibol.pt\/fpv\/2026\/09\/03\/quadro-principal-do-eurobeachvolley\/#mainImage"},"datePublished":"2026-09-03T14:44:04+01:00","dateModified":"2026-09-03T14:44:04+01:00"},{"@type":"WebSite","@id":"https:\/\/fpvoleibol.pt\/fpv\/#website","url":"https:\/\/fpvoleibol.pt\/fpv\/","name":"Federa\u00e7\u00e3o Portuguesa de Voleibol","description":"Website Oficial da FPV","inLanguage":"pt-PT","publisher":{"@id":"https:\/\/fpvoleibol.pt\/fpv\/#organization"}}]},"og:locale":"pt_PT","og:site_name":"Federa\u00e7\u00e3o Portuguesa de Voleibol - Website Oficial da FPV","og:type":"article","og:title":"QUADRO PRINCIPAL DO EUROBEACHVOLLEY - Federa\u00e7\u00e3o Portuguesa de Voleibol","og:description":"A dupla portuguesa Lu\u00eds Melo\/David Correia defronta amanh\u00e3 os lituanos Raigadas Macionis e Dovydas Sinkevicius (8h30) e os gregos Orestis Anagnostakis e Nikolaos Mantzios (15h10) na Pool A do Quadro Principal do Campeonato da Europa de Sub-20 de Voleibol de Praia, que est\u00e1 a decorrer em Battipaglia, em It\u00e1lia. Hoje, portugueses sa\u00edram derrotados do jogo","og:url":"https:\/\/fpvoleibol.pt\/fpv\/2026\/09\/03\/quadro-principal-do-eurobeachvolley\/","og:image":"https:\/\/fpvoleibol.pt\/fpv\/wp-content\/uploads\/2026\/09\/u20beachvolley_f.jpg","og:image:secure_url":"https:\/\/fpvoleibol.pt\/fpv\/wp-content\/uploads\/2026\/09\/u20beachvolley_f.jpg","og:image:width":640,"og:image:height":380,"article:published_time":"2026-09-03T13:44:04+00:00","article:modified_time":"2026-09-03T13:44:04+00:00","article:publisher":"https:\/\/facebook.com\/FPVoleibol","twitter:card":"summary","twitter:title":"QUADRO PRINCIPAL DO EUROBEACHVOLLEY - Federa\u00e7\u00e3o Portuguesa de Voleibol","twitter:description":"A dupla portuguesa Lu\u00eds Melo\/David Correia defronta amanh\u00e3 os lituanos Raigadas Macionis e Dovydas Sinkevicius (8h30) e os gregos Orestis Anagnostakis e Nikolaos Mantzios (15h10) na Pool A do Quadro Principal do Campeonato da Europa de Sub-20 de Voleibol de Praia, que est\u00e1 a decorrer em Battipaglia, em It\u00e1lia. Hoje, portugueses sa\u00edram derrotados do jogo","twitter:image":"https:\/\/fpvoleibol.pt\/fpv\/wp-content\/uploads\/2026\/09\/u20beachvolley_f.jpg"},"aioseo_meta_data":{"post_id":"49254","title":null,"description":null,"keywords":null,"keyphrases":{"focus":{"keyphrase":"","score":0,"analysis":{"keyphraseInTitle":{"score":0,"maxScore":9,"error":1}}},"additional":[]},"primary_term":null,"canonical_url":null,"og_title":null,"og_description":null,"og_object_type":"default","og_image_type":"default","og_image_url":null,"og_image_width":null,"og_image_height":null,"og_image_custom_url":null,"og_image_custom_fields":null,"og_video":"","og_custom_url":null,"og_article_section":null,"og_article_tags":null,"twitter_use_og":false,"twitter_card":"default","twitter_image_type":"default","twitter_image_url":null,"twitter_image_custom_url":null,"twitter_image_custom_fields":null,"twitter_title":null,"twitter_description":null,"schema":{"blockGraphs":[],"customGraphs":[],"default":{"data":{"Article":[],"Course":[],"Dataset":[],"FAQPage":[],"Movie":[],"Person":[],"Product":[],"ProductReview":[],"Car":[],"Recipe":[],"Service":[],"SoftwareApplication":[],"WebPage":[]},"graphName":"BlogPosting","isEnabled":true},"graphs":[]},"schema_type":"default","schema_type_options":null,"pillar_content":false,"robots_default":true,"robots_noindex":false,"robots_noarchive":false,"robots_nosnippet":false,"robots_nofollow":false,"robots_noimageindex":false,"robots_noodp":false,"robots_notranslate":false,"robots_max_snippet":"-1","robots_max_videopreview":"-1","robots_max_imagepreview":"large","priority":null,"frequency":"default","local_seo":null,"breadcrumb_settings":null,"limit_modified_date":false,"ai":{"faqs":[],"keyPoints":[],"schemas":[],"titles":[],"descriptions":[],"socialPosts":{"email":{"subject":"","preview":"","content":""},"linkedin":[],"twitter":[],"facebook":[],"instagram":[]}},"created":"2026-09-03 09:30:25","updated":"2026-09-03 13:44:41","seo_analyzer_scan_date":null},"aioseo_breadcrumb":"<div class=\"aioseo-breadcrumbs\"><span class=\"aioseo-breadcrumb\">\n\t\t\t<a href=\"https:\/\/fpvoleibol.pt\/fpv\" title=\"In\u00edcio\">In\u00edcio<\/a>\n\t\t<\/span><span class=\"aioseo-breadcrumb-separator\">&raquo;<\/span><span class=\"aioseo-breadcrumb\">\n\t\t\t<a href=\"https:\/\/fpvoleibol.pt\/fpv\/category\/voleibol-de-praia\/\" title=\"Voleibol de Praia\">Voleibol de Praia<\/a>\n\t\t<\/span><span class=\"aioseo-breadcrumb-separator\">&raquo;<\/span><span class=\"aioseo-breadcrumb\">\n\t\t\tQUADRO PRINCIPAL DO EUROBEACHVOLLEY\n\t\t<\/span><\/div>","aioseo_breadcrumb_json":[{"label":"In\u00edcio","link":"https:\/\/fpvoleibol.pt\/fpv"},{"label":"Voleibol de Praia","link":"https:\/\/fpvoleibol.pt\/fpv\/category\/voleibol-de-praia\/"},{"label":"QUADRO PRINCIPAL DO EUROBEACHVOLLEY","link":"https:\/\/fpvoleibol.pt\/fpv\/2026\/09\/03\/quadro-principal-do-eurobeachvolley\/"}],"_links":{"self":[{"href":"https:\/\/fpvoleibol.pt\/fpv\/wp-json\/wp\/v2\/posts\/49254","targetHints":{"allow":["GET"]}}],"collection":[{"href":"https:\/\/fpvoleibol.pt\/fpv\/wp-json\/wp\/v2\/posts"}],"about":[{"href":"https:\/\/fpvoleibol.pt\/fpv\/wp-json\/wp\/v2\/types\/post"}],"author":[{"embeddable":true,"href":"https:\/\/fpvoleibol.pt\/fpv\/wp-json\/wp\/v2\/users\/2"}],"replies":[{"embeddable":true,"href":"https:\/\/fpvoleibol.pt\/fpv\/wp-json\/wp\/v2\/comments?post=49254"}],"version-history":[{"count":5,"href":"https:\/\/fpvoleibol.pt\/fpv\/wp-json\/wp\/v2\/posts\/49254\/revisions"}],"predecessor-version":[{"id":49259,"href":"https:\/\/fpvoleibol.pt\/fpv\/wp-json\/wp\/v2\/posts\/49254\/revisions\/49259"}],"wp:featuredmedia":[{"embeddable":true,"href":"https:\/\/fpvoleibol.pt\/fpv\/wp-json\/wp\/v2\/media\/49216"}],"wp:attachment":[{"href":"https:\/\/fpvoleibol.pt\/fpv\/wp-json\/wp\/v2\/media?parent=49254"}],"wp:term":[{"taxonomy":"category","embeddable":true,"href":"https:\/\/fpvoleibol.pt\/fpv\/wp-json\/wp\/v2\/categories?post=49254"},{"taxonomy":"post_tag","embeddable":true,"href":"https:\/\/fpvoleibol.pt\/fpv\/wp-json\/wp\/v2\/tags?post=49254"}],"curies":[{"name":"wp","href":"https:\/\/api.w.org\/{rel}","templated":true}]}}