{"id":49245,"date":"2026-09-02T15:53:11","date_gmt":"2026-09-02T14:53:11","guid":{"rendered":"https:\/\/fpvoleibol.pt\/fpv\/?p=49245"},"modified":"2026-09-02T15:55:04","modified_gmt":"2026-09-02T14:55:04","slug":"treinadores-em-destaque-internacional","status":"publish","type":"post","link":"https:\/\/fpvoleibol.pt\/fpv\/2026\/09\/02\/treinadores-em-destaque-internacional\/","title":{"rendered":"TREINADORES EM DESTAQUE INTERNACIONAL"},"content":{"rendered":"<p><a href=\"https:\/\/www.facebook.com\/photo?fbid=1467768078784406&amp;set=a.439867918241099\"><img loading=\"lazy\" decoding=\"async\" class=\" wp-image-49246 aligncenter\" src=\"https:\/\/fpvoleibol.pt\/fpv\/wp-content\/uploads\/2026\/09\/Treinadores_em_destaque.jpg\" alt=\"\" width=\"722\" height=\"863\" srcset=\"https:\/\/fpvoleibol.pt\/fpv\/wp-content\/uploads\/2026\/09\/Treinadores_em_destaque.jpg 960w, https:\/\/fpvoleibol.pt\/fpv\/wp-content\/uploads\/2026\/09\/Treinadores_em_destaque-251x300.jpg 251w, https:\/\/fpvoleibol.pt\/fpv\/wp-content\/uploads\/2026\/09\/Treinadores_em_destaque-857x1024.jpg 857w, https:\/\/fpvoleibol.pt\/fpv\/wp-content\/uploads\/2026\/09\/Treinadores_em_destaque-768x918.jpg 768w\" sizes=\"auto, (max-width: 722px) 100vw, 722px\" \/><\/a>A Confedera\u00e7\u00e3o de Treinadores de Portugal distinguiu Hugo Silva, Selecionador Nacional de seniores femininos na iniciativa \u00abTreinadores em Destaque Internacional\u00bb, uma rubrica de reconhecimento promovida pela Confedera\u00e7\u00e3o para assinalar e dar visibilidade \u00e0s conquistas de t\u00e9cnicos portugueses que atingem marcos hist\u00f3ricos fora de portas ou ao comando das sele\u00e7\u00f5es nacionais em grandes palcos mundiais.<\/p>\n<p>Nos \u00faltimos dias, o desporto nacional viveu momentos de pura afirma\u00e7\u00e3o internacional pela m\u00e3o dos seus selecionadores. Com um foco incontorn\u00e1vel no impacto transformador de <strong>Hugo Silva no Voleibol<\/strong>, e com o devido reconhecimento \u00e0 proeza de <strong>M\u00e1rio Gomes no Basquetebol<\/strong>, Portugal assistiu a p\u00e1ginas de ouro no panorama desportivo europeu e mundial.<\/p>\n<p style=\"text-align: center;\"><span style=\"text-decoration: underline;\"><strong>VOLEIBOL: HUGO SILVA <\/strong><\/span><\/p>\n<p>Sob a lideran\u00e7a do treinador Hugo Silva, a Sele\u00e7\u00e3o Nacional de Seniores Femininos alcan\u00e7ou um patamar in\u00e9dito ao garantir, pela primeira vez na hist\u00f3ria, o apuramento para os oitavos de final do Campeonato da Europa (<strong>CEV EuroVolley 2026<\/strong>). Este feito consumou-se no prestigiado <em>Sinan Erdem Sports Hall<\/em>, em Istambul, colocando Portugal com inteira justi\u00e7a entre as 16 melhores equipas do continente.<\/p>\n<p>O trabalho de Hugo Silva reflete uma mudan\u00e7a profunda de paradigma:<\/p>\n<p><strong>. Cultura de Exig\u00eancia:<\/strong> A conquista da <em>European Silver League<\/em> em 2024 funcionou como o ponto de viragem estrutural que o selecionador incutiu no grupo, elevando o n\u00edvel mental e competitivo da equipa.<br \/>\n<strong>. Boas exibi\u00e7\u00f5es contra <em>gigantes<\/em> da modalidade:<\/strong> A despedida da competi\u00e7\u00e3o deu-se de cabe\u00e7a erguida perante a poderosa Pol\u00f3nia (atual 4.\u00aa classificada do ranking FIVB). Portugal jogou com garra, organiza\u00e7\u00e3o e armas ofensivas afiadas, crescendo no jogo e disputando o triunfo no terceiro set.<br \/>\n<strong>. Evolu\u00e7\u00e3o t\u00e9cnica e mental:<\/strong> Frente a uma pot\u00eancia mundial que erra muito pouco, as comandadas de Hugo Silva demonstraram grande capacidade de resposta, provando que o orgulho pelo caminho percorrido supera largamente qualquer amargor da elimina\u00e7\u00e3o.<\/p>\n<p>Esta participa\u00e7\u00e3o marca a melhor presta\u00e7\u00e3o de sempre do voleibol feminino portugu\u00eas num Europeu.<\/p>\n<p style=\"text-align: center;\"><span style=\"text-decoration: underline;\"><strong>BASQUETEBOL: M\u00c1RIO GOMES<\/strong><\/span><\/p>\n<p>Paralelamente, o basquetebol portugu\u00eas viveu outro marco sob o comando do selecionador M\u00e1rio Gomes:<\/p>\n<p><strong>. Triunfo hist\u00f3rico sobre a Espanha:<\/strong> Na caminhada rumo ao Mundial Qatar 2027, Portugal alcan\u00e7ou a sua primeira vit\u00f3ria oficial de sempre contra a Espanha (95-89), em pleno solo espanhol (Sarago\u00e7a), assente numa uni\u00e3o de grupo determinante.<br \/>\n<strong>. Luta Aberta pela Qualifica\u00e7\u00e3o:<\/strong> Apesar do desaire seguinte frente \u00e0 Ge\u00f3rgia (98-90, em Matosinhos), Portugal segue no 4.\u00ba lugar do Grupo I com os mesmos 12 pontos de Gr\u00e9cia e Montenegro, mantendo intacta a ambi\u00e7\u00e3o de chegar \u00e0 fase final do Mundial.<\/p>\n","protected":false},"excerpt":{"rendered":"<p>A Confedera\u00e7\u00e3o de Treinadores de Portugal distinguiu Hugo Silva, Selecionador Nacional de seniores femininos na iniciativa \u00abTreinadores em Destaque Internacional\u00bb, uma rubrica de reconhecimento promovida pela Confedera\u00e7\u00e3o para assinalar e [&hellip;]<\/p>\n","protected":false},"author":2,"featured_media":49247,"comment_status":"open","ping_status":"open","sticky":false,"template":"","format":"standard","meta":{"_monsterinsights_skip_tracking":false,"_monsterinsights_sitenote_active":false,"_monsterinsights_sitenote_note":"","_monsterinsights_sitenote_category":0,"footnotes":""},"categories":[20,8],"tags":[],"class_list":{"0":"post-49245","1":"post","2":"type-post","3":"status-publish","4":"format-standard","5":"has-post-thumbnail","7":"category-destaque","8":"category-voleibol","9":"czr-hentry"},"aioseo_notices":[],"aioseo_head":"\n\t\t<!-- All in One SEO 4.9.10 - aioseo.com -->\n\t<meta name=\"description\" content=\"A Confedera\u00e7\u00e3o de Treinadores de Portugal distinguiu Hugo Silva, Selecionador Nacional de seniores femininos na iniciativa \u00abTreinadores em Destaque Internacional\u00bb, uma rubrica de reconhecimento promovida pela Confedera\u00e7\u00e3o para assinalar e dar visibilidade \u00e0s conquistas de t\u00e9cnicos portugueses que atingem marcos hist\u00f3ricos fora de portas ou ao comando das sele\u00e7\u00f5es nacionais em grandes palcos mundiais. Nos\" \/>\n\t<meta name=\"robots\" content=\"max-image-preview:large\" \/>\n\t<meta name=\"author\" content=\"Jorge Castro\"\/>\n\t<link rel=\"canonical\" href=\"https:\/\/fpvoleibol.pt\/fpv\/2026\/09\/02\/treinadores-em-destaque-internacional\/\" \/>\n\t<meta name=\"generator\" content=\"All in One SEO (AIOSEO) 4.9.10\" \/>\n\t\t<meta property=\"og:locale\" content=\"pt_PT\" \/>\n\t\t<meta property=\"og:site_name\" content=\"Federa\u00e7\u00e3o Portuguesa de Voleibol - Website Oficial da FPV\" \/>\n\t\t<meta property=\"og:type\" content=\"article\" \/>\n\t\t<meta property=\"og:title\" content=\"TREINADORES EM DESTAQUE INTERNACIONAL - Federa\u00e7\u00e3o Portuguesa de Voleibol\" \/>\n\t\t<meta property=\"og:description\" content=\"A Confedera\u00e7\u00e3o de Treinadores de Portugal distinguiu Hugo Silva, Selecionador Nacional de seniores femininos na iniciativa \u00abTreinadores em Destaque Internacional\u00bb, uma rubrica de reconhecimento promovida pela Confedera\u00e7\u00e3o para assinalar e dar visibilidade \u00e0s conquistas de t\u00e9cnicos portugueses que atingem marcos hist\u00f3ricos fora de portas ou ao comando das sele\u00e7\u00f5es nacionais em grandes palcos mundiais. Nos\" \/>\n\t\t<meta property=\"og:url\" content=\"https:\/\/fpvoleibol.pt\/fpv\/2026\/09\/02\/treinadores-em-destaque-internacional\/\" \/>\n\t\t<meta property=\"og:image\" content=\"https:\/\/fpvoleibol.pt\/fpv\/wp-content\/uploads\/2026\/09\/Treinadores_em_destaque_f.jpg\" \/>\n\t\t<meta property=\"og:image:secure_url\" content=\"https:\/\/fpvoleibol.pt\/fpv\/wp-content\/uploads\/2026\/09\/Treinadores_em_destaque_f.jpg\" \/>\n\t\t<meta property=\"og:image:width\" content=\"640\" \/>\n\t\t<meta property=\"og:image:height\" content=\"380\" \/>\n\t\t<meta property=\"article:published_time\" content=\"2026-09-02T14:53:11+00:00\" \/>\n\t\t<meta property=\"article:modified_time\" content=\"2026-09-02T14:55:04+00:00\" \/>\n\t\t<meta property=\"article:publisher\" content=\"https:\/\/facebook.com\/FPVoleibol\" \/>\n\t\t<meta name=\"twitter:card\" content=\"summary\" \/>\n\t\t<meta name=\"twitter:title\" content=\"TREINADORES EM DESTAQUE INTERNACIONAL - Federa\u00e7\u00e3o Portuguesa de Voleibol\" \/>\n\t\t<meta name=\"twitter:description\" content=\"A Confedera\u00e7\u00e3o de Treinadores de Portugal distinguiu Hugo Silva, Selecionador Nacional de seniores femininos na iniciativa \u00abTreinadores em Destaque Internacional\u00bb, uma rubrica de reconhecimento promovida pela Confedera\u00e7\u00e3o para assinalar e dar visibilidade \u00e0s conquistas de t\u00e9cnicos portugueses que atingem marcos hist\u00f3ricos fora de portas ou ao comando das sele\u00e7\u00f5es nacionais em grandes palcos mundiais. Nos\" \/>\n\t\t<meta name=\"twitter:image\" content=\"https:\/\/fpvoleibol.pt\/fpv\/wp-content\/uploads\/2026\/09\/Treinadores_em_destaque_f.jpg\" \/>\n\t\t<script type=\"application\/ld+json\" class=\"aioseo-schema\">\n\t\t\t{\"@context\":\"https:\\\/\\\/schema.org\",\"@graph\":[{\"@type\":\"BlogPosting\",\"@id\":\"https:\\\/\\\/fpvoleibol.pt\\\/fpv\\\/2026\\\/09\\\/02\\\/treinadores-em-destaque-internacional\\\/#blogposting\",\"name\":\"TREINADORES EM DESTAQUE INTERNACIONAL - Federa\\u00e7\\u00e3o Portuguesa de Voleibol\",\"headline\":\"TREINADORES EM DESTAQUE INTERNACIONAL\",\"author\":{\"@id\":\"https:\\\/\\\/fpvoleibol.pt\\\/fpv\\\/author\\\/imprensa\\\/#author\"},\"publisher\":{\"@id\":\"https:\\\/\\\/fpvoleibol.pt\\\/fpv\\\/#organization\"},\"image\":{\"@type\":\"ImageObject\",\"url\":\"https:\\\/\\\/fpvoleibol.pt\\\/fpv\\\/wp-content\\\/uploads\\\/2026\\\/09\\\/Treinadores_em_destaque_f.jpg\",\"width\":640,\"height\":380},\"datePublished\":\"2026-09-02T15:53:11+01:00\",\"dateModified\":\"2026-09-02T15:55:04+01:00\",\"inLanguage\":\"pt-PT\",\"mainEntityOfPage\":{\"@id\":\"https:\\\/\\\/fpvoleibol.pt\\\/fpv\\\/2026\\\/09\\\/02\\\/treinadores-em-destaque-internacional\\\/#webpage\"},\"isPartOf\":{\"@id\":\"https:\\\/\\\/fpvoleibol.pt\\\/fpv\\\/2026\\\/09\\\/02\\\/treinadores-em-destaque-internacional\\\/#webpage\"},\"articleSection\":\"Destaque, Voleibol\"},{\"@type\":\"BreadcrumbList\",\"@id\":\"https:\\\/\\\/fpvoleibol.pt\\\/fpv\\\/2026\\\/09\\\/02\\\/treinadores-em-destaque-internacional\\\/#breadcrumblist\",\"itemListElement\":[{\"@type\":\"ListItem\",\"@id\":\"https:\\\/\\\/fpvoleibol.pt\\\/fpv#listItem\",\"position\":1,\"name\":\"In\\u00edcio\",\"item\":\"https:\\\/\\\/fpvoleibol.pt\\\/fpv\",\"nextItem\":{\"@type\":\"ListItem\",\"@id\":\"https:\\\/\\\/fpvoleibol.pt\\\/fpv\\\/category\\\/voleibol\\\/#listItem\",\"name\":\"Voleibol\"}},{\"@type\":\"ListItem\",\"@id\":\"https:\\\/\\\/fpvoleibol.pt\\\/fpv\\\/category\\\/voleibol\\\/#listItem\",\"position\":2,\"name\":\"Voleibol\",\"item\":\"https:\\\/\\\/fpvoleibol.pt\\\/fpv\\\/category\\\/voleibol\\\/\",\"nextItem\":{\"@type\":\"ListItem\",\"@id\":\"https:\\\/\\\/fpvoleibol.pt\\\/fpv\\\/2026\\\/09\\\/02\\\/treinadores-em-destaque-internacional\\\/#listItem\",\"name\":\"TREINADORES EM DESTAQUE INTERNACIONAL\"},\"previousItem\":{\"@type\":\"ListItem\",\"@id\":\"https:\\\/\\\/fpvoleibol.pt\\\/fpv#listItem\",\"name\":\"In\\u00edcio\"}},{\"@type\":\"ListItem\",\"@id\":\"https:\\\/\\\/fpvoleibol.pt\\\/fpv\\\/2026\\\/09\\\/02\\\/treinadores-em-destaque-internacional\\\/#listItem\",\"position\":3,\"name\":\"TREINADORES EM DESTAQUE INTERNACIONAL\",\"previousItem\":{\"@type\":\"ListItem\",\"@id\":\"https:\\\/\\\/fpvoleibol.pt\\\/fpv\\\/category\\\/voleibol\\\/#listItem\",\"name\":\"Voleibol\"}}]},{\"@type\":\"Organization\",\"@id\":\"https:\\\/\\\/fpvoleibol.pt\\\/fpv\\\/#organization\",\"name\":\"Federa\\u00e7\\u00e3o Portuguesa de Voleibol\",\"description\":\"Website Oficial da FPV\",\"url\":\"https:\\\/\\\/fpvoleibol.pt\\\/fpv\\\/\",\"telephone\":\"+351228349570\",\"logo\":{\"@type\":\"ImageObject\",\"url\":\"https:\\\/\\\/fpvoleibol.pt\\\/fpv\\\/wp-content\\\/uploads\\\/2021\\\/05\\\/logotipo_fpvoleibol_2021_site.png\",\"@id\":\"https:\\\/\\\/fpvoleibol.pt\\\/fpv\\\/2026\\\/09\\\/02\\\/treinadores-em-destaque-internacional\\\/#organizationLogo\",\"width\":512,\"height\":473},\"image\":{\"@id\":\"https:\\\/\\\/fpvoleibol.pt\\\/fpv\\\/2026\\\/09\\\/02\\\/treinadores-em-destaque-internacional\\\/#organizationLogo\"},\"sameAs\":[\"https:\\\/\\\/facebook.com\\\/FPVoleibol\",\"https:\\\/\\\/instagram.com\\\/FPVoleibol\"]},{\"@type\":\"Person\",\"@id\":\"https:\\\/\\\/fpvoleibol.pt\\\/fpv\\\/author\\\/imprensa\\\/#author\",\"url\":\"https:\\\/\\\/fpvoleibol.pt\\\/fpv\\\/author\\\/imprensa\\\/\",\"name\":\"Jorge Castro\",\"image\":{\"@type\":\"ImageObject\",\"@id\":\"https:\\\/\\\/fpvoleibol.pt\\\/fpv\\\/2026\\\/09\\\/02\\\/treinadores-em-destaque-internacional\\\/#authorImage\",\"url\":\"https:\\\/\\\/secure.gravatar.com\\\/avatar\\\/b10a3458a4f34f13de2d39b55eb391825aeab00ff209c3fe857e3fd4d3dcb784?s=96&d=mm&r=g\",\"width\":96,\"height\":96,\"caption\":\"Jorge Castro\"}},{\"@type\":\"WebPage\",\"@id\":\"https:\\\/\\\/fpvoleibol.pt\\\/fpv\\\/2026\\\/09\\\/02\\\/treinadores-em-destaque-internacional\\\/#webpage\",\"url\":\"https:\\\/\\\/fpvoleibol.pt\\\/fpv\\\/2026\\\/09\\\/02\\\/treinadores-em-destaque-internacional\\\/\",\"name\":\"TREINADORES EM DESTAQUE INTERNACIONAL - Federa\\u00e7\\u00e3o Portuguesa de Voleibol\",\"description\":\"A Confedera\\u00e7\\u00e3o de Treinadores de Portugal distinguiu Hugo Silva, Selecionador Nacional de seniores femininos na iniciativa \\u00abTreinadores em Destaque Internacional\\u00bb, uma rubrica de reconhecimento promovida pela Confedera\\u00e7\\u00e3o para assinalar e dar visibilidade \\u00e0s conquistas de t\\u00e9cnicos portugueses que atingem marcos hist\\u00f3ricos fora de portas ou ao comando das sele\\u00e7\\u00f5es nacionais em grandes palcos mundiais. Nos\",\"inLanguage\":\"pt-PT\",\"isPartOf\":{\"@id\":\"https:\\\/\\\/fpvoleibol.pt\\\/fpv\\\/#website\"},\"breadcrumb\":{\"@id\":\"https:\\\/\\\/fpvoleibol.pt\\\/fpv\\\/2026\\\/09\\\/02\\\/treinadores-em-destaque-internacional\\\/#breadcrumblist\"},\"author\":{\"@id\":\"https:\\\/\\\/fpvoleibol.pt\\\/fpv\\\/author\\\/imprensa\\\/#author\"},\"creator\":{\"@id\":\"https:\\\/\\\/fpvoleibol.pt\\\/fpv\\\/author\\\/imprensa\\\/#author\"},\"image\":{\"@type\":\"ImageObject\",\"url\":\"https:\\\/\\\/fpvoleibol.pt\\\/fpv\\\/wp-content\\\/uploads\\\/2026\\\/09\\\/Treinadores_em_destaque_f.jpg\",\"@id\":\"https:\\\/\\\/fpvoleibol.pt\\\/fpv\\\/2026\\\/09\\\/02\\\/treinadores-em-destaque-internacional\\\/#mainImage\",\"width\":640,\"height\":380},\"primaryImageOfPage\":{\"@id\":\"https:\\\/\\\/fpvoleibol.pt\\\/fpv\\\/2026\\\/09\\\/02\\\/treinadores-em-destaque-internacional\\\/#mainImage\"},\"datePublished\":\"2026-09-02T15:53:11+01:00\",\"dateModified\":\"2026-09-02T15:55:04+01:00\"},{\"@type\":\"WebSite\",\"@id\":\"https:\\\/\\\/fpvoleibol.pt\\\/fpv\\\/#website\",\"url\":\"https:\\\/\\\/fpvoleibol.pt\\\/fpv\\\/\",\"name\":\"Federa\\u00e7\\u00e3o Portuguesa de Voleibol\",\"description\":\"Website Oficial da FPV\",\"inLanguage\":\"pt-PT\",\"publisher\":{\"@id\":\"https:\\\/\\\/fpvoleibol.pt\\\/fpv\\\/#organization\"}}]}\n\t\t<\/script>\n\t\t<!-- All in One SEO -->\n\n","aioseo_head_json":{"title":"TREINADORES EM DESTAQUE INTERNACIONAL - Federa\u00e7\u00e3o Portuguesa de Voleibol","description":"A Confedera\u00e7\u00e3o de Treinadores de Portugal distinguiu Hugo Silva, Selecionador Nacional de seniores femininos na iniciativa \u00abTreinadores em Destaque Internacional\u00bb, uma rubrica de reconhecimento promovida pela Confedera\u00e7\u00e3o para assinalar e dar visibilidade \u00e0s conquistas de t\u00e9cnicos portugueses que atingem marcos hist\u00f3ricos fora de portas ou ao comando das sele\u00e7\u00f5es nacionais em grandes palcos mundiais. Nos","canonical_url":"https:\/\/fpvoleibol.pt\/fpv\/2026\/09\/02\/treinadores-em-destaque-internacional\/","robots":"max-image-preview:large","keywords":"","webmasterTools":{"miscellaneous":""},"schema":{"@context":"https:\/\/schema.org","@graph":[{"@type":"BlogPosting","@id":"https:\/\/fpvoleibol.pt\/fpv\/2026\/09\/02\/treinadores-em-destaque-internacional\/#blogposting","name":"TREINADORES EM DESTAQUE INTERNACIONAL - Federa\u00e7\u00e3o Portuguesa de Voleibol","headline":"TREINADORES EM DESTAQUE INTERNACIONAL","author":{"@id":"https:\/\/fpvoleibol.pt\/fpv\/author\/imprensa\/#author"},"publisher":{"@id":"https:\/\/fpvoleibol.pt\/fpv\/#organization"},"image":{"@type":"ImageObject","url":"https:\/\/fpvoleibol.pt\/fpv\/wp-content\/uploads\/2026\/09\/Treinadores_em_destaque_f.jpg","width":640,"height":380},"datePublished":"2026-09-02T15:53:11+01:00","dateModified":"2026-09-02T15:55:04+01:00","inLanguage":"pt-PT","mainEntityOfPage":{"@id":"https:\/\/fpvoleibol.pt\/fpv\/2026\/09\/02\/treinadores-em-destaque-internacional\/#webpage"},"isPartOf":{"@id":"https:\/\/fpvoleibol.pt\/fpv\/2026\/09\/02\/treinadores-em-destaque-internacional\/#webpage"},"articleSection":"Destaque, Voleibol"},{"@type":"BreadcrumbList","@id":"https:\/\/fpvoleibol.pt\/fpv\/2026\/09\/02\/treinadores-em-destaque-internacional\/#breadcrumblist","itemListElement":[{"@type":"ListItem","@id":"https:\/\/fpvoleibol.pt\/fpv#listItem","position":1,"name":"In\u00edcio","item":"https:\/\/fpvoleibol.pt\/fpv","nextItem":{"@type":"ListItem","@id":"https:\/\/fpvoleibol.pt\/fpv\/category\/voleibol\/#listItem","name":"Voleibol"}},{"@type":"ListItem","@id":"https:\/\/fpvoleibol.pt\/fpv\/category\/voleibol\/#listItem","position":2,"name":"Voleibol","item":"https:\/\/fpvoleibol.pt\/fpv\/category\/voleibol\/","nextItem":{"@type":"ListItem","@id":"https:\/\/fpvoleibol.pt\/fpv\/2026\/09\/02\/treinadores-em-destaque-internacional\/#listItem","name":"TREINADORES EM DESTAQUE INTERNACIONAL"},"previousItem":{"@type":"ListItem","@id":"https:\/\/fpvoleibol.pt\/fpv#listItem","name":"In\u00edcio"}},{"@type":"ListItem","@id":"https:\/\/fpvoleibol.pt\/fpv\/2026\/09\/02\/treinadores-em-destaque-internacional\/#listItem","position":3,"name":"TREINADORES EM DESTAQUE INTERNACIONAL","previousItem":{"@type":"ListItem","@id":"https:\/\/fpvoleibol.pt\/fpv\/category\/voleibol\/#listItem","name":"Voleibol"}}]},{"@type":"Organization","@id":"https:\/\/fpvoleibol.pt\/fpv\/#organization","name":"Federa\u00e7\u00e3o Portuguesa de Voleibol","description":"Website Oficial da FPV","url":"https:\/\/fpvoleibol.pt\/fpv\/","telephone":"+351228349570","logo":{"@type":"ImageObject","url":"https:\/\/fpvoleibol.pt\/fpv\/wp-content\/uploads\/2021\/05\/logotipo_fpvoleibol_2021_site.png","@id":"https:\/\/fpvoleibol.pt\/fpv\/2026\/09\/02\/treinadores-em-destaque-internacional\/#organizationLogo","width":512,"height":473},"image":{"@id":"https:\/\/fpvoleibol.pt\/fpv\/2026\/09\/02\/treinadores-em-destaque-internacional\/#organizationLogo"},"sameAs":["https:\/\/facebook.com\/FPVoleibol","https:\/\/instagram.com\/FPVoleibol"]},{"@type":"Person","@id":"https:\/\/fpvoleibol.pt\/fpv\/author\/imprensa\/#author","url":"https:\/\/fpvoleibol.pt\/fpv\/author\/imprensa\/","name":"Jorge Castro","image":{"@type":"ImageObject","@id":"https:\/\/fpvoleibol.pt\/fpv\/2026\/09\/02\/treinadores-em-destaque-internacional\/#authorImage","url":"https:\/\/secure.gravatar.com\/avatar\/b10a3458a4f34f13de2d39b55eb391825aeab00ff209c3fe857e3fd4d3dcb784?s=96&d=mm&r=g","width":96,"height":96,"caption":"Jorge Castro"}},{"@type":"WebPage","@id":"https:\/\/fpvoleibol.pt\/fpv\/2026\/09\/02\/treinadores-em-destaque-internacional\/#webpage","url":"https:\/\/fpvoleibol.pt\/fpv\/2026\/09\/02\/treinadores-em-destaque-internacional\/","name":"TREINADORES EM DESTAQUE INTERNACIONAL - Federa\u00e7\u00e3o Portuguesa de Voleibol","description":"A Confedera\u00e7\u00e3o de Treinadores de Portugal distinguiu Hugo Silva, Selecionador Nacional de seniores femininos na iniciativa \u00abTreinadores em Destaque Internacional\u00bb, uma rubrica de reconhecimento promovida pela Confedera\u00e7\u00e3o para assinalar e dar visibilidade \u00e0s conquistas de t\u00e9cnicos portugueses que atingem marcos hist\u00f3ricos fora de portas ou ao comando das sele\u00e7\u00f5es nacionais em grandes palcos mundiais. Nos","inLanguage":"pt-PT","isPartOf":{"@id":"https:\/\/fpvoleibol.pt\/fpv\/#website"},"breadcrumb":{"@id":"https:\/\/fpvoleibol.pt\/fpv\/2026\/09\/02\/treinadores-em-destaque-internacional\/#breadcrumblist"},"author":{"@id":"https:\/\/fpvoleibol.pt\/fpv\/author\/imprensa\/#author"},"creator":{"@id":"https:\/\/fpvoleibol.pt\/fpv\/author\/imprensa\/#author"},"image":{"@type":"ImageObject","url":"https:\/\/fpvoleibol.pt\/fpv\/wp-content\/uploads\/2026\/09\/Treinadores_em_destaque_f.jpg","@id":"https:\/\/fpvoleibol.pt\/fpv\/2026\/09\/02\/treinadores-em-destaque-internacional\/#mainImage","width":640,"height":380},"primaryImageOfPage":{"@id":"https:\/\/fpvoleibol.pt\/fpv\/2026\/09\/02\/treinadores-em-destaque-internacional\/#mainImage"},"datePublished":"2026-09-02T15:53:11+01:00","dateModified":"2026-09-02T15:55:04+01:00"},{"@type":"WebSite","@id":"https:\/\/fpvoleibol.pt\/fpv\/#website","url":"https:\/\/fpvoleibol.pt\/fpv\/","name":"Federa\u00e7\u00e3o Portuguesa de Voleibol","description":"Website Oficial da FPV","inLanguage":"pt-PT","publisher":{"@id":"https:\/\/fpvoleibol.pt\/fpv\/#organization"}}]},"og:locale":"pt_PT","og:site_name":"Federa\u00e7\u00e3o Portuguesa de Voleibol - Website Oficial da FPV","og:type":"article","og:title":"TREINADORES EM DESTAQUE INTERNACIONAL - Federa\u00e7\u00e3o Portuguesa de Voleibol","og:description":"A Confedera\u00e7\u00e3o de Treinadores de Portugal distinguiu Hugo Silva, Selecionador Nacional de seniores femininos na iniciativa \u00abTreinadores em Destaque Internacional\u00bb, uma rubrica de reconhecimento promovida pela Confedera\u00e7\u00e3o para assinalar e dar visibilidade \u00e0s conquistas de t\u00e9cnicos portugueses que atingem marcos hist\u00f3ricos fora de portas ou ao comando das sele\u00e7\u00f5es nacionais em grandes palcos mundiais. Nos","og:url":"https:\/\/fpvoleibol.pt\/fpv\/2026\/09\/02\/treinadores-em-destaque-internacional\/","og:image":"https:\/\/fpvoleibol.pt\/fpv\/wp-content\/uploads\/2026\/09\/Treinadores_em_destaque_f.jpg","og:image:secure_url":"https:\/\/fpvoleibol.pt\/fpv\/wp-content\/uploads\/2026\/09\/Treinadores_em_destaque_f.jpg","og:image:width":640,"og:image:height":380,"article:published_time":"2026-09-02T14:53:11+00:00","article:modified_time":"2026-09-02T14:55:04+00:00","article:publisher":"https:\/\/facebook.com\/FPVoleibol","twitter:card":"summary","twitter:title":"TREINADORES EM DESTAQUE INTERNACIONAL - Federa\u00e7\u00e3o Portuguesa de Voleibol","twitter:description":"A Confedera\u00e7\u00e3o de Treinadores de Portugal distinguiu Hugo Silva, Selecionador Nacional de seniores femininos na iniciativa \u00abTreinadores em Destaque Internacional\u00bb, uma rubrica de reconhecimento promovida pela Confedera\u00e7\u00e3o para assinalar e dar visibilidade \u00e0s conquistas de t\u00e9cnicos portugueses que atingem marcos hist\u00f3ricos fora de portas ou ao comando das sele\u00e7\u00f5es nacionais em grandes palcos mundiais. Nos","twitter:image":"https:\/\/fpvoleibol.pt\/fpv\/wp-content\/uploads\/2026\/09\/Treinadores_em_destaque_f.jpg"},"aioseo_meta_data":{"post_id":"49245","title":null,"description":null,"keywords":null,"keyphrases":{"focus":{"keyphrase":"","score":0,"analysis":{"keyphraseInTitle":{"score":0,"maxScore":9,"error":1}}},"additional":[]},"primary_term":null,"canonical_url":null,"og_title":null,"og_description":null,"og_object_type":"default","og_image_type":"default","og_image_url":null,"og_image_width":null,"og_image_height":null,"og_image_custom_url":null,"og_image_custom_fields":null,"og_video":"","og_custom_url":null,"og_article_section":null,"og_article_tags":null,"twitter_use_og":false,"twitter_card":"default","twitter_image_type":"default","twitter_image_url":null,"twitter_image_custom_url":null,"twitter_image_custom_fields":null,"twitter_title":null,"twitter_description":null,"schema":{"blockGraphs":[],"customGraphs":[],"default":{"data":{"Article":[],"Course":[],"Dataset":[],"FAQPage":[],"Movie":[],"Person":[],"Product":[],"ProductReview":[],"Car":[],"Recipe":[],"Service":[],"SoftwareApplication":[],"WebPage":[]},"graphName":"BlogPosting","isEnabled":true},"graphs":[]},"schema_type":"default","schema_type_options":null,"pillar_content":false,"robots_default":true,"robots_noindex":false,"robots_noarchive":false,"robots_nosnippet":false,"robots_nofollow":false,"robots_noimageindex":false,"robots_noodp":false,"robots_notranslate":false,"robots_max_snippet":"-1","robots_max_videopreview":"-1","robots_max_imagepreview":"large","priority":null,"frequency":"default","local_seo":null,"breadcrumb_settings":null,"limit_modified_date":false,"ai":{"faqs":[],"keyPoints":[],"schemas":[],"titles":[],"descriptions":[],"socialPosts":{"email":{"subject":"","preview":"","content":""},"linkedin":[],"twitter":[],"facebook":[],"instagram":[]}},"created":"2026-09-02 14:51:47","updated":"2026-09-02 14:55:54","seo_analyzer_scan_date":null},"aioseo_breadcrumb":"<div class=\"aioseo-breadcrumbs\"><span class=\"aioseo-breadcrumb\">\n\t\t\t<a href=\"https:\/\/fpvoleibol.pt\/fpv\" title=\"In\u00edcio\">In\u00edcio<\/a>\n\t\t<\/span><span class=\"aioseo-breadcrumb-separator\">&raquo;<\/span><span class=\"aioseo-breadcrumb\">\n\t\t\t<a href=\"https:\/\/fpvoleibol.pt\/fpv\/category\/voleibol\/\" title=\"Voleibol\">Voleibol<\/a>\n\t\t<\/span><span class=\"aioseo-breadcrumb-separator\">&raquo;<\/span><span class=\"aioseo-breadcrumb\">\n\t\t\tTREINADORES EM DESTAQUE INTERNACIONAL\n\t\t<\/span><\/div>","aioseo_breadcrumb_json":[{"label":"In\u00edcio","link":"https:\/\/fpvoleibol.pt\/fpv"},{"label":"Voleibol","link":"https:\/\/fpvoleibol.pt\/fpv\/category\/voleibol\/"},{"label":"TREINADORES EM DESTAQUE INTERNACIONAL","link":"https:\/\/fpvoleibol.pt\/fpv\/2026\/09\/02\/treinadores-em-destaque-internacional\/"}],"_links":{"self":[{"href":"https:\/\/fpvoleibol.pt\/fpv\/wp-json\/wp\/v2\/posts\/49245","targetHints":{"allow":["GET"]}}],"collection":[{"href":"https:\/\/fpvoleibol.pt\/fpv\/wp-json\/wp\/v2\/posts"}],"about":[{"href":"https:\/\/fpvoleibol.pt\/fpv\/wp-json\/wp\/v2\/types\/post"}],"author":[{"embeddable":true,"href":"https:\/\/fpvoleibol.pt\/fpv\/wp-json\/wp\/v2\/users\/2"}],"replies":[{"embeddable":true,"href":"https:\/\/fpvoleibol.pt\/fpv\/wp-json\/wp\/v2\/comments?post=49245"}],"version-history":[{"count":2,"href":"https:\/\/fpvoleibol.pt\/fpv\/wp-json\/wp\/v2\/posts\/49245\/revisions"}],"predecessor-version":[{"id":49249,"href":"https:\/\/fpvoleibol.pt\/fpv\/wp-json\/wp\/v2\/posts\/49245\/revisions\/49249"}],"wp:featuredmedia":[{"embeddable":true,"href":"https:\/\/fpvoleibol.pt\/fpv\/wp-json\/wp\/v2\/media\/49247"}],"wp:attachment":[{"href":"https:\/\/fpvoleibol.pt\/fpv\/wp-json\/wp\/v2\/media?parent=49245"}],"wp:term":[{"taxonomy":"category","embeddable":true,"href":"https:\/\/fpvoleibol.pt\/fpv\/wp-json\/wp\/v2\/categories?post=49245"},{"taxonomy":"post_tag","embeddable":true,"href":"https:\/\/fpvoleibol.pt\/fpv\/wp-json\/wp\/v2\/tags?post=49245"}],"curies":[{"name":"wp","href":"https:\/\/api.w.org\/{rel}","templated":true}]}}