{"id":49226,"date":"2026-09-01T14:01:59","date_gmt":"2026-09-01T13:01:59","guid":{"rendered":"https:\/\/fpvoleibol.pt\/fpv\/?p=49226"},"modified":"2026-09-02T12:56:53","modified_gmt":"2026-09-02T11:56:53","slug":"curso-de-formacao-inicial-de-dirigentes-3","status":"publish","type":"post","link":"https:\/\/fpvoleibol.pt\/fpv\/2026\/09\/01\/curso-de-formacao-inicial-de-dirigentes-3\/","title":{"rendered":"CURSO DE FORMA\u00c7\u00c3O INICIAL DE DIRIGENTES"},"content":{"rendered":"<p><img loading=\"lazy\" decoding=\"async\" class=\" wp-image-49241 aligncenter\" src=\"https:\/\/fpvoleibol.pt\/fpv\/wp-content\/uploads\/2026\/09\/FLYER_curso_diri_d.jpg\" alt=\"\" width=\"733\" height=\"793\" srcset=\"https:\/\/fpvoleibol.pt\/fpv\/wp-content\/uploads\/2026\/09\/FLYER_curso_diri_d.jpg 960w, https:\/\/fpvoleibol.pt\/fpv\/wp-content\/uploads\/2026\/09\/FLYER_curso_diri_d-277x300.jpg 277w, https:\/\/fpvoleibol.pt\/fpv\/wp-content\/uploads\/2026\/09\/FLYER_curso_diri_d-946x1024.jpg 946w, https:\/\/fpvoleibol.pt\/fpv\/wp-content\/uploads\/2026\/09\/FLYER_curso_diri_d-768x831.jpg 768w\" sizes=\"auto, (max-width: 733px) 100vw, 733px\" \/> A Federa\u00e7\u00e3o Portuguesa de Voleibol (FPV) vai promover mais uma edi\u00e7\u00e3o do Curso de Forma\u00e7\u00e3o Inicial de Dirigentes, iniciativa que decorrer\u00e1 entre os dias 23 de setembro e 21 de outubro de 2026.<br \/>\nA forma\u00e7\u00e3o ser\u00e1 ministrada totalmente em formato de ensino \u00e0 dist\u00e2ncia e em regime p\u00f3s-laboral, facilitando a concilia\u00e7\u00e3o com as rotinas profissionais e pessoais dos formandos.<\/p>\n<p>O programa destina-se a dirigentes associativos, respons\u00e1veis de clubes e a todos os interessados que ambicionem adquirir ou consolidar compet\u00eancias na \u00e1rea da gest\u00e3o desportiva. Com esta a\u00e7\u00e3o, a FPV pretende dotar os participantes de ferramentas essenciais para o exerc\u00edcio das suas fun\u00e7\u00f5es, promovendo uma atua\u00e7\u00e3o mais qualificada, consciente e alinhada com os desafios atuais. O fortalecimento da lideran\u00e7a e o aperfei\u00e7oamento da gest\u00e3o no panorama do voleibol nacional figuram no centro dos objetivos estrat\u00e9gicos da iniciativa.<\/p>\n<p>Para al\u00e9m da transmiss\u00e3o de conhecimentos t\u00e9cnicos e pr\u00e1ticos, o curso assume-se como um espa\u00e7o privilegiado de partilha, debate e reflex\u00e3o. Ao longo das sess\u00f5es, ser\u00e3o abordadas as tem\u00e1ticas centrais da atividade dirigente, incentivando-se a cria\u00e7\u00e3o de uma cultura assente na coopera\u00e7\u00e3o e na inova\u00e7\u00e3o entre as v\u00e1rias estruturas da modalidade.<\/p>\n<p>Os interessados em participar devem formalizar a sua candidatura at\u00e9 ao dia 18 de setembro de 2026 atrav\u00e9s do formul\u00e1rio de inscri\u00e7\u00e3o disponibilizado pela FPV (<a href=\"https:\/\/forms.gle\/ZcjViefLRPdQiWmB7\">https:\/\/forms.gle\/ZcjViefLRPdQiWmB7<\/a>). Os dados de acesso \u00e0 plataforma de ensino ser\u00e3o enviados aos inscritos oportunamente, antes do in\u00edcio dos trabalhos.<\/p>\n<p style=\"text-align: center;\">Todas as informa\u00e7\u00f5es <a href=\"https:\/\/fpvoleibol.pt\/fpv\/wp-content\/uploads\/2026\/09\/FLYER-CURSO-DIRIGENTES-DE-CLUBES.pdf\">AQUI<\/a><\/p>\n","protected":false},"excerpt":{"rendered":"<p>A Federa\u00e7\u00e3o Portuguesa de Voleibol (FPV) vai promover mais uma edi\u00e7\u00e3o do Curso de Forma\u00e7\u00e3o Inicial de Dirigentes, iniciativa que decorrer\u00e1 entre os dias 23 de setembro e 21 de [&hellip;]<\/p>\n","protected":false},"author":2,"featured_media":49240,"comment_status":"open","ping_status":"open","sticky":false,"template":"","format":"standard","meta":{"_monsterinsights_skip_tracking":false,"_monsterinsights_sitenote_active":false,"_monsterinsights_sitenote_note":"","_monsterinsights_sitenote_category":0,"footnotes":""},"categories":[15,11,14],"tags":[109,206],"class_list":{"0":"post-49226","1":"post","2":"type-post","3":"status-publish","4":"format-standard","5":"has-post-thumbnail","7":"category-diversos","8":"category-formacao","9":"category-institucional","10":"tag-curso-de-dirigentes","11":"tag-cursos","12":"czr-hentry"},"aioseo_notices":[],"aioseo_head":"\n\t\t<!-- All in One SEO 4.9.10 - aioseo.com -->\n\t<meta name=\"description\" content=\"A Federa\u00e7\u00e3o Portuguesa de Voleibol (FPV) vai promover mais uma edi\u00e7\u00e3o do Curso de Forma\u00e7\u00e3o Inicial de Dirigentes, iniciativa que decorrer\u00e1 entre os dias 23 de setembro e 21 de outubro de 2026. A forma\u00e7\u00e3o ser\u00e1 ministrada totalmente em formato de ensino \u00e0 dist\u00e2ncia e em regime p\u00f3s-laboral, facilitando a concilia\u00e7\u00e3o com as rotinas profissionais\" \/>\n\t<meta name=\"robots\" content=\"max-image-preview:large\" \/>\n\t<meta name=\"author\" content=\"Jorge Castro\"\/>\n\t<link rel=\"canonical\" href=\"https:\/\/fpvoleibol.pt\/fpv\/2026\/09\/01\/curso-de-formacao-inicial-de-dirigentes-3\/\" \/>\n\t<meta name=\"generator\" content=\"All in One SEO (AIOSEO) 4.9.10\" \/>\n\t\t<meta property=\"og:locale\" content=\"pt_PT\" \/>\n\t\t<meta property=\"og:site_name\" content=\"Federa\u00e7\u00e3o Portuguesa de Voleibol - Website Oficial da FPV\" \/>\n\t\t<meta property=\"og:type\" content=\"article\" \/>\n\t\t<meta property=\"og:title\" content=\"CURSO DE FORMA\u00c7\u00c3O INICIAL DE DIRIGENTES - Federa\u00e7\u00e3o Portuguesa de Voleibol\" \/>\n\t\t<meta property=\"og:description\" content=\"A Federa\u00e7\u00e3o Portuguesa de Voleibol (FPV) vai promover mais uma edi\u00e7\u00e3o do Curso de Forma\u00e7\u00e3o Inicial de Dirigentes, iniciativa que decorrer\u00e1 entre os dias 23 de setembro e 21 de outubro de 2026. A forma\u00e7\u00e3o ser\u00e1 ministrada totalmente em formato de ensino \u00e0 dist\u00e2ncia e em regime p\u00f3s-laboral, facilitando a concilia\u00e7\u00e3o com as rotinas profissionais\" \/>\n\t\t<meta property=\"og:url\" content=\"https:\/\/fpvoleibol.pt\/fpv\/2026\/09\/01\/curso-de-formacao-inicial-de-dirigentes-3\/\" \/>\n\t\t<meta property=\"og:image\" content=\"https:\/\/fpvoleibol.pt\/fpv\/wp-content\/uploads\/2026\/09\/FLYER_curso_diri_f.jpg\" \/>\n\t\t<meta property=\"og:image:secure_url\" content=\"https:\/\/fpvoleibol.pt\/fpv\/wp-content\/uploads\/2026\/09\/FLYER_curso_diri_f.jpg\" \/>\n\t\t<meta property=\"og:image:width\" content=\"640\" \/>\n\t\t<meta property=\"og:image:height\" content=\"380\" \/>\n\t\t<meta property=\"article:published_time\" content=\"2026-09-01T13:01:59+00:00\" \/>\n\t\t<meta property=\"article:modified_time\" content=\"2026-09-02T11:56:53+00:00\" \/>\n\t\t<meta property=\"article:publisher\" content=\"https:\/\/facebook.com\/FPVoleibol\" \/>\n\t\t<meta name=\"twitter:card\" content=\"summary\" \/>\n\t\t<meta name=\"twitter:title\" content=\"CURSO DE FORMA\u00c7\u00c3O INICIAL DE DIRIGENTES - Federa\u00e7\u00e3o Portuguesa de Voleibol\" \/>\n\t\t<meta name=\"twitter:description\" content=\"A Federa\u00e7\u00e3o Portuguesa de Voleibol (FPV) vai promover mais uma edi\u00e7\u00e3o do Curso de Forma\u00e7\u00e3o Inicial de Dirigentes, iniciativa que decorrer\u00e1 entre os dias 23 de setembro e 21 de outubro de 2026. A forma\u00e7\u00e3o ser\u00e1 ministrada totalmente em formato de ensino \u00e0 dist\u00e2ncia e em regime p\u00f3s-laboral, facilitando a concilia\u00e7\u00e3o com as rotinas profissionais\" \/>\n\t\t<meta name=\"twitter:image\" content=\"https:\/\/fpvoleibol.pt\/fpv\/wp-content\/uploads\/2026\/09\/FLYER_curso_diri_f.jpg\" \/>\n\t\t<script type=\"application\/ld+json\" class=\"aioseo-schema\">\n\t\t\t{\"@context\":\"https:\\\/\\\/schema.org\",\"@graph\":[{\"@type\":\"BlogPosting\",\"@id\":\"https:\\\/\\\/fpvoleibol.pt\\\/fpv\\\/2026\\\/09\\\/01\\\/curso-de-formacao-inicial-de-dirigentes-3\\\/#blogposting\",\"name\":\"CURSO DE FORMA\\u00c7\\u00c3O INICIAL DE DIRIGENTES - Federa\\u00e7\\u00e3o Portuguesa de Voleibol\",\"headline\":\"CURSO DE FORMA\\u00c7\\u00c3O INICIAL DE DIRIGENTES\",\"author\":{\"@id\":\"https:\\\/\\\/fpvoleibol.pt\\\/fpv\\\/author\\\/imprensa\\\/#author\"},\"publisher\":{\"@id\":\"https:\\\/\\\/fpvoleibol.pt\\\/fpv\\\/#organization\"},\"image\":{\"@type\":\"ImageObject\",\"url\":\"https:\\\/\\\/fpvoleibol.pt\\\/fpv\\\/wp-content\\\/uploads\\\/2026\\\/09\\\/FLYER_curso_diri_f.jpg\",\"width\":640,\"height\":380},\"datePublished\":\"2026-09-01T14:01:59+01:00\",\"dateModified\":\"2026-09-02T12:56:53+01:00\",\"inLanguage\":\"pt-PT\",\"mainEntityOfPage\":{\"@id\":\"https:\\\/\\\/fpvoleibol.pt\\\/fpv\\\/2026\\\/09\\\/01\\\/curso-de-formacao-inicial-de-dirigentes-3\\\/#webpage\"},\"isPartOf\":{\"@id\":\"https:\\\/\\\/fpvoleibol.pt\\\/fpv\\\/2026\\\/09\\\/01\\\/curso-de-formacao-inicial-de-dirigentes-3\\\/#webpage\"},\"articleSection\":\"Diversos, Forma\\u00e7\\u00e3o, Institucional, Curso de Dirigentes, Cursos\"},{\"@type\":\"BreadcrumbList\",\"@id\":\"https:\\\/\\\/fpvoleibol.pt\\\/fpv\\\/2026\\\/09\\\/01\\\/curso-de-formacao-inicial-de-dirigentes-3\\\/#breadcrumblist\",\"itemListElement\":[{\"@type\":\"ListItem\",\"@id\":\"https:\\\/\\\/fpvoleibol.pt\\\/fpv#listItem\",\"position\":1,\"name\":\"In\\u00edcio\",\"item\":\"https:\\\/\\\/fpvoleibol.pt\\\/fpv\",\"nextItem\":{\"@type\":\"ListItem\",\"@id\":\"https:\\\/\\\/fpvoleibol.pt\\\/fpv\\\/category\\\/formacao\\\/#listItem\",\"name\":\"Forma\\u00e7\\u00e3o\"}},{\"@type\":\"ListItem\",\"@id\":\"https:\\\/\\\/fpvoleibol.pt\\\/fpv\\\/category\\\/formacao\\\/#listItem\",\"position\":2,\"name\":\"Forma\\u00e7\\u00e3o\",\"item\":\"https:\\\/\\\/fpvoleibol.pt\\\/fpv\\\/category\\\/formacao\\\/\",\"nextItem\":{\"@type\":\"ListItem\",\"@id\":\"https:\\\/\\\/fpvoleibol.pt\\\/fpv\\\/2026\\\/09\\\/01\\\/curso-de-formacao-inicial-de-dirigentes-3\\\/#listItem\",\"name\":\"CURSO DE FORMA\\u00c7\\u00c3O INICIAL DE DIRIGENTES\"},\"previousItem\":{\"@type\":\"ListItem\",\"@id\":\"https:\\\/\\\/fpvoleibol.pt\\\/fpv#listItem\",\"name\":\"In\\u00edcio\"}},{\"@type\":\"ListItem\",\"@id\":\"https:\\\/\\\/fpvoleibol.pt\\\/fpv\\\/2026\\\/09\\\/01\\\/curso-de-formacao-inicial-de-dirigentes-3\\\/#listItem\",\"position\":3,\"name\":\"CURSO DE FORMA\\u00c7\\u00c3O INICIAL DE DIRIGENTES\",\"previousItem\":{\"@type\":\"ListItem\",\"@id\":\"https:\\\/\\\/fpvoleibol.pt\\\/fpv\\\/category\\\/formacao\\\/#listItem\",\"name\":\"Forma\\u00e7\\u00e3o\"}}]},{\"@type\":\"Organization\",\"@id\":\"https:\\\/\\\/fpvoleibol.pt\\\/fpv\\\/#organization\",\"name\":\"Federa\\u00e7\\u00e3o Portuguesa de Voleibol\",\"description\":\"Website Oficial da FPV\",\"url\":\"https:\\\/\\\/fpvoleibol.pt\\\/fpv\\\/\",\"telephone\":\"+351228349570\",\"logo\":{\"@type\":\"ImageObject\",\"url\":\"https:\\\/\\\/fpvoleibol.pt\\\/fpv\\\/wp-content\\\/uploads\\\/2021\\\/05\\\/logotipo_fpvoleibol_2021_site.png\",\"@id\":\"https:\\\/\\\/fpvoleibol.pt\\\/fpv\\\/2026\\\/09\\\/01\\\/curso-de-formacao-inicial-de-dirigentes-3\\\/#organizationLogo\",\"width\":512,\"height\":473},\"image\":{\"@id\":\"https:\\\/\\\/fpvoleibol.pt\\\/fpv\\\/2026\\\/09\\\/01\\\/curso-de-formacao-inicial-de-dirigentes-3\\\/#organizationLogo\"},\"sameAs\":[\"https:\\\/\\\/facebook.com\\\/FPVoleibol\",\"https:\\\/\\\/instagram.com\\\/FPVoleibol\"]},{\"@type\":\"Person\",\"@id\":\"https:\\\/\\\/fpvoleibol.pt\\\/fpv\\\/author\\\/imprensa\\\/#author\",\"url\":\"https:\\\/\\\/fpvoleibol.pt\\\/fpv\\\/author\\\/imprensa\\\/\",\"name\":\"Jorge Castro\",\"image\":{\"@type\":\"ImageObject\",\"@id\":\"https:\\\/\\\/fpvoleibol.pt\\\/fpv\\\/2026\\\/09\\\/01\\\/curso-de-formacao-inicial-de-dirigentes-3\\\/#authorImage\",\"url\":\"https:\\\/\\\/secure.gravatar.com\\\/avatar\\\/b10a3458a4f34f13de2d39b55eb391825aeab00ff209c3fe857e3fd4d3dcb784?s=96&d=mm&r=g\",\"width\":96,\"height\":96,\"caption\":\"Jorge Castro\"}},{\"@type\":\"WebPage\",\"@id\":\"https:\\\/\\\/fpvoleibol.pt\\\/fpv\\\/2026\\\/09\\\/01\\\/curso-de-formacao-inicial-de-dirigentes-3\\\/#webpage\",\"url\":\"https:\\\/\\\/fpvoleibol.pt\\\/fpv\\\/2026\\\/09\\\/01\\\/curso-de-formacao-inicial-de-dirigentes-3\\\/\",\"name\":\"CURSO DE FORMA\\u00c7\\u00c3O INICIAL DE DIRIGENTES - Federa\\u00e7\\u00e3o Portuguesa de Voleibol\",\"description\":\"A Federa\\u00e7\\u00e3o Portuguesa de Voleibol (FPV) vai promover mais uma edi\\u00e7\\u00e3o do Curso de Forma\\u00e7\\u00e3o Inicial de Dirigentes, iniciativa que decorrer\\u00e1 entre os dias 23 de setembro e 21 de outubro de 2026. A forma\\u00e7\\u00e3o ser\\u00e1 ministrada totalmente em formato de ensino \\u00e0 dist\\u00e2ncia e em regime p\\u00f3s-laboral, facilitando a concilia\\u00e7\\u00e3o com as rotinas profissionais\",\"inLanguage\":\"pt-PT\",\"isPartOf\":{\"@id\":\"https:\\\/\\\/fpvoleibol.pt\\\/fpv\\\/#website\"},\"breadcrumb\":{\"@id\":\"https:\\\/\\\/fpvoleibol.pt\\\/fpv\\\/2026\\\/09\\\/01\\\/curso-de-formacao-inicial-de-dirigentes-3\\\/#breadcrumblist\"},\"author\":{\"@id\":\"https:\\\/\\\/fpvoleibol.pt\\\/fpv\\\/author\\\/imprensa\\\/#author\"},\"creator\":{\"@id\":\"https:\\\/\\\/fpvoleibol.pt\\\/fpv\\\/author\\\/imprensa\\\/#author\"},\"image\":{\"@type\":\"ImageObject\",\"url\":\"https:\\\/\\\/fpvoleibol.pt\\\/fpv\\\/wp-content\\\/uploads\\\/2026\\\/09\\\/FLYER_curso_diri_f.jpg\",\"@id\":\"https:\\\/\\\/fpvoleibol.pt\\\/fpv\\\/2026\\\/09\\\/01\\\/curso-de-formacao-inicial-de-dirigentes-3\\\/#mainImage\",\"width\":640,\"height\":380},\"primaryImageOfPage\":{\"@id\":\"https:\\\/\\\/fpvoleibol.pt\\\/fpv\\\/2026\\\/09\\\/01\\\/curso-de-formacao-inicial-de-dirigentes-3\\\/#mainImage\"},\"datePublished\":\"2026-09-01T14:01:59+01:00\",\"dateModified\":\"2026-09-02T12:56:53+01:00\"},{\"@type\":\"WebSite\",\"@id\":\"https:\\\/\\\/fpvoleibol.pt\\\/fpv\\\/#website\",\"url\":\"https:\\\/\\\/fpvoleibol.pt\\\/fpv\\\/\",\"name\":\"Federa\\u00e7\\u00e3o Portuguesa de Voleibol\",\"description\":\"Website Oficial da FPV\",\"inLanguage\":\"pt-PT\",\"publisher\":{\"@id\":\"https:\\\/\\\/fpvoleibol.pt\\\/fpv\\\/#organization\"}}]}\n\t\t<\/script>\n\t\t<!-- All in One SEO -->\n\n","aioseo_head_json":{"title":"CURSO DE FORMA\u00c7\u00c3O INICIAL DE DIRIGENTES - Federa\u00e7\u00e3o Portuguesa de Voleibol","description":"A Federa\u00e7\u00e3o Portuguesa de Voleibol (FPV) vai promover mais uma edi\u00e7\u00e3o do Curso de Forma\u00e7\u00e3o Inicial de Dirigentes, iniciativa que decorrer\u00e1 entre os dias 23 de setembro e 21 de outubro de 2026. A forma\u00e7\u00e3o ser\u00e1 ministrada totalmente em formato de ensino \u00e0 dist\u00e2ncia e em regime p\u00f3s-laboral, facilitando a concilia\u00e7\u00e3o com as rotinas profissionais","canonical_url":"https:\/\/fpvoleibol.pt\/fpv\/2026\/09\/01\/curso-de-formacao-inicial-de-dirigentes-3\/","robots":"max-image-preview:large","keywords":"","webmasterTools":{"miscellaneous":""},"schema":{"@context":"https:\/\/schema.org","@graph":[{"@type":"BlogPosting","@id":"https:\/\/fpvoleibol.pt\/fpv\/2026\/09\/01\/curso-de-formacao-inicial-de-dirigentes-3\/#blogposting","name":"CURSO DE FORMA\u00c7\u00c3O INICIAL DE DIRIGENTES - Federa\u00e7\u00e3o Portuguesa de Voleibol","headline":"CURSO DE FORMA\u00c7\u00c3O INICIAL DE DIRIGENTES","author":{"@id":"https:\/\/fpvoleibol.pt\/fpv\/author\/imprensa\/#author"},"publisher":{"@id":"https:\/\/fpvoleibol.pt\/fpv\/#organization"},"image":{"@type":"ImageObject","url":"https:\/\/fpvoleibol.pt\/fpv\/wp-content\/uploads\/2026\/09\/FLYER_curso_diri_f.jpg","width":640,"height":380},"datePublished":"2026-09-01T14:01:59+01:00","dateModified":"2026-09-02T12:56:53+01:00","inLanguage":"pt-PT","mainEntityOfPage":{"@id":"https:\/\/fpvoleibol.pt\/fpv\/2026\/09\/01\/curso-de-formacao-inicial-de-dirigentes-3\/#webpage"},"isPartOf":{"@id":"https:\/\/fpvoleibol.pt\/fpv\/2026\/09\/01\/curso-de-formacao-inicial-de-dirigentes-3\/#webpage"},"articleSection":"Diversos, Forma\u00e7\u00e3o, Institucional, Curso de Dirigentes, Cursos"},{"@type":"BreadcrumbList","@id":"https:\/\/fpvoleibol.pt\/fpv\/2026\/09\/01\/curso-de-formacao-inicial-de-dirigentes-3\/#breadcrumblist","itemListElement":[{"@type":"ListItem","@id":"https:\/\/fpvoleibol.pt\/fpv#listItem","position":1,"name":"In\u00edcio","item":"https:\/\/fpvoleibol.pt\/fpv","nextItem":{"@type":"ListItem","@id":"https:\/\/fpvoleibol.pt\/fpv\/category\/formacao\/#listItem","name":"Forma\u00e7\u00e3o"}},{"@type":"ListItem","@id":"https:\/\/fpvoleibol.pt\/fpv\/category\/formacao\/#listItem","position":2,"name":"Forma\u00e7\u00e3o","item":"https:\/\/fpvoleibol.pt\/fpv\/category\/formacao\/","nextItem":{"@type":"ListItem","@id":"https:\/\/fpvoleibol.pt\/fpv\/2026\/09\/01\/curso-de-formacao-inicial-de-dirigentes-3\/#listItem","name":"CURSO DE FORMA\u00c7\u00c3O INICIAL DE DIRIGENTES"},"previousItem":{"@type":"ListItem","@id":"https:\/\/fpvoleibol.pt\/fpv#listItem","name":"In\u00edcio"}},{"@type":"ListItem","@id":"https:\/\/fpvoleibol.pt\/fpv\/2026\/09\/01\/curso-de-formacao-inicial-de-dirigentes-3\/#listItem","position":3,"name":"CURSO DE FORMA\u00c7\u00c3O INICIAL DE DIRIGENTES","previousItem":{"@type":"ListItem","@id":"https:\/\/fpvoleibol.pt\/fpv\/category\/formacao\/#listItem","name":"Forma\u00e7\u00e3o"}}]},{"@type":"Organization","@id":"https:\/\/fpvoleibol.pt\/fpv\/#organization","name":"Federa\u00e7\u00e3o Portuguesa de Voleibol","description":"Website Oficial da FPV","url":"https:\/\/fpvoleibol.pt\/fpv\/","telephone":"+351228349570","logo":{"@type":"ImageObject","url":"https:\/\/fpvoleibol.pt\/fpv\/wp-content\/uploads\/2021\/05\/logotipo_fpvoleibol_2021_site.png","@id":"https:\/\/fpvoleibol.pt\/fpv\/2026\/09\/01\/curso-de-formacao-inicial-de-dirigentes-3\/#organizationLogo","width":512,"height":473},"image":{"@id":"https:\/\/fpvoleibol.pt\/fpv\/2026\/09\/01\/curso-de-formacao-inicial-de-dirigentes-3\/#organizationLogo"},"sameAs":["https:\/\/facebook.com\/FPVoleibol","https:\/\/instagram.com\/FPVoleibol"]},{"@type":"Person","@id":"https:\/\/fpvoleibol.pt\/fpv\/author\/imprensa\/#author","url":"https:\/\/fpvoleibol.pt\/fpv\/author\/imprensa\/","name":"Jorge Castro","image":{"@type":"ImageObject","@id":"https:\/\/fpvoleibol.pt\/fpv\/2026\/09\/01\/curso-de-formacao-inicial-de-dirigentes-3\/#authorImage","url":"https:\/\/secure.gravatar.com\/avatar\/b10a3458a4f34f13de2d39b55eb391825aeab00ff209c3fe857e3fd4d3dcb784?s=96&d=mm&r=g","width":96,"height":96,"caption":"Jorge Castro"}},{"@type":"WebPage","@id":"https:\/\/fpvoleibol.pt\/fpv\/2026\/09\/01\/curso-de-formacao-inicial-de-dirigentes-3\/#webpage","url":"https:\/\/fpvoleibol.pt\/fpv\/2026\/09\/01\/curso-de-formacao-inicial-de-dirigentes-3\/","name":"CURSO DE FORMA\u00c7\u00c3O INICIAL DE DIRIGENTES - Federa\u00e7\u00e3o Portuguesa de Voleibol","description":"A Federa\u00e7\u00e3o Portuguesa de Voleibol (FPV) vai promover mais uma edi\u00e7\u00e3o do Curso de Forma\u00e7\u00e3o Inicial de Dirigentes, iniciativa que decorrer\u00e1 entre os dias 23 de setembro e 21 de outubro de 2026. A forma\u00e7\u00e3o ser\u00e1 ministrada totalmente em formato de ensino \u00e0 dist\u00e2ncia e em regime p\u00f3s-laboral, facilitando a concilia\u00e7\u00e3o com as rotinas profissionais","inLanguage":"pt-PT","isPartOf":{"@id":"https:\/\/fpvoleibol.pt\/fpv\/#website"},"breadcrumb":{"@id":"https:\/\/fpvoleibol.pt\/fpv\/2026\/09\/01\/curso-de-formacao-inicial-de-dirigentes-3\/#breadcrumblist"},"author":{"@id":"https:\/\/fpvoleibol.pt\/fpv\/author\/imprensa\/#author"},"creator":{"@id":"https:\/\/fpvoleibol.pt\/fpv\/author\/imprensa\/#author"},"image":{"@type":"ImageObject","url":"https:\/\/fpvoleibol.pt\/fpv\/wp-content\/uploads\/2026\/09\/FLYER_curso_diri_f.jpg","@id":"https:\/\/fpvoleibol.pt\/fpv\/2026\/09\/01\/curso-de-formacao-inicial-de-dirigentes-3\/#mainImage","width":640,"height":380},"primaryImageOfPage":{"@id":"https:\/\/fpvoleibol.pt\/fpv\/2026\/09\/01\/curso-de-formacao-inicial-de-dirigentes-3\/#mainImage"},"datePublished":"2026-09-01T14:01:59+01:00","dateModified":"2026-09-02T12:56:53+01:00"},{"@type":"WebSite","@id":"https:\/\/fpvoleibol.pt\/fpv\/#website","url":"https:\/\/fpvoleibol.pt\/fpv\/","name":"Federa\u00e7\u00e3o Portuguesa de Voleibol","description":"Website Oficial da FPV","inLanguage":"pt-PT","publisher":{"@id":"https:\/\/fpvoleibol.pt\/fpv\/#organization"}}]},"og:locale":"pt_PT","og:site_name":"Federa\u00e7\u00e3o Portuguesa de Voleibol - Website Oficial da FPV","og:type":"article","og:title":"CURSO DE FORMA\u00c7\u00c3O INICIAL DE DIRIGENTES - Federa\u00e7\u00e3o Portuguesa de Voleibol","og:description":"A Federa\u00e7\u00e3o Portuguesa de Voleibol (FPV) vai promover mais uma edi\u00e7\u00e3o do Curso de Forma\u00e7\u00e3o Inicial de Dirigentes, iniciativa que decorrer\u00e1 entre os dias 23 de setembro e 21 de outubro de 2026. A forma\u00e7\u00e3o ser\u00e1 ministrada totalmente em formato de ensino \u00e0 dist\u00e2ncia e em regime p\u00f3s-laboral, facilitando a concilia\u00e7\u00e3o com as rotinas profissionais","og:url":"https:\/\/fpvoleibol.pt\/fpv\/2026\/09\/01\/curso-de-formacao-inicial-de-dirigentes-3\/","og:image":"https:\/\/fpvoleibol.pt\/fpv\/wp-content\/uploads\/2026\/09\/FLYER_curso_diri_f.jpg","og:image:secure_url":"https:\/\/fpvoleibol.pt\/fpv\/wp-content\/uploads\/2026\/09\/FLYER_curso_diri_f.jpg","og:image:width":640,"og:image:height":380,"article:published_time":"2026-09-01T13:01:59+00:00","article:modified_time":"2026-09-02T11:56:53+00:00","article:publisher":"https:\/\/facebook.com\/FPVoleibol","twitter:card":"summary","twitter:title":"CURSO DE FORMA\u00c7\u00c3O INICIAL DE DIRIGENTES - Federa\u00e7\u00e3o Portuguesa de Voleibol","twitter:description":"A Federa\u00e7\u00e3o Portuguesa de Voleibol (FPV) vai promover mais uma edi\u00e7\u00e3o do Curso de Forma\u00e7\u00e3o Inicial de Dirigentes, iniciativa que decorrer\u00e1 entre os dias 23 de setembro e 21 de outubro de 2026. A forma\u00e7\u00e3o ser\u00e1 ministrada totalmente em formato de ensino \u00e0 dist\u00e2ncia e em regime p\u00f3s-laboral, facilitando a concilia\u00e7\u00e3o com as rotinas profissionais","twitter:image":"https:\/\/fpvoleibol.pt\/fpv\/wp-content\/uploads\/2026\/09\/FLYER_curso_diri_f.jpg"},"aioseo_meta_data":{"post_id":"49226","title":null,"description":null,"keywords":null,"keyphrases":{"focus":{"keyphrase":"","score":0,"analysis":{"keyphraseInTitle":{"score":0,"maxScore":9,"error":1}}},"additional":[]},"primary_term":null,"canonical_url":null,"og_title":null,"og_description":null,"og_object_type":"default","og_image_type":"default","og_image_url":null,"og_image_width":null,"og_image_height":null,"og_image_custom_url":null,"og_image_custom_fields":null,"og_video":"","og_custom_url":null,"og_article_section":null,"og_article_tags":null,"twitter_use_og":false,"twitter_card":"default","twitter_image_type":"default","twitter_image_url":null,"twitter_image_custom_url":null,"twitter_image_custom_fields":null,"twitter_title":null,"twitter_description":null,"schema":{"blockGraphs":[],"customGraphs":[],"default":{"data":{"Article":[],"Course":[],"Dataset":[],"FAQPage":[],"Movie":[],"Person":[],"Product":[],"ProductReview":[],"Car":[],"Recipe":[],"Service":[],"SoftwareApplication":[],"WebPage":[]},"graphName":"BlogPosting","isEnabled":true},"graphs":[]},"schema_type":"default","schema_type_options":null,"pillar_content":false,"robots_default":true,"robots_noindex":false,"robots_noarchive":false,"robots_nosnippet":false,"robots_nofollow":false,"robots_noimageindex":false,"robots_noodp":false,"robots_notranslate":false,"robots_max_snippet":"-1","robots_max_videopreview":"-1","robots_max_imagepreview":"large","priority":null,"frequency":"default","local_seo":null,"breadcrumb_settings":null,"limit_modified_date":false,"ai":{"faqs":[],"keyPoints":[],"schemas":[],"titles":[],"descriptions":[],"socialPosts":{"email":{"subject":"","preview":"","content":""},"linkedin":[],"twitter":[],"facebook":[],"instagram":[]}},"created":"2026-09-01 16:22:26","updated":"2026-09-02 11:58:10","seo_analyzer_scan_date":null},"aioseo_breadcrumb":"<div class=\"aioseo-breadcrumbs\"><span class=\"aioseo-breadcrumb\">\n\t\t\t<a href=\"https:\/\/fpvoleibol.pt\/fpv\" title=\"In\u00edcio\">In\u00edcio<\/a>\n\t\t<\/span><span class=\"aioseo-breadcrumb-separator\">&raquo;<\/span><span class=\"aioseo-breadcrumb\">\n\t\t\t<a href=\"https:\/\/fpvoleibol.pt\/fpv\/category\/formacao\/\" title=\"Forma\u00e7\u00e3o\">Forma\u00e7\u00e3o<\/a>\n\t\t<\/span><span class=\"aioseo-breadcrumb-separator\">&raquo;<\/span><span class=\"aioseo-breadcrumb\">\n\t\t\tCURSO DE FORMA\u00c7\u00c3O INICIAL DE DIRIGENTES\n\t\t<\/span><\/div>","aioseo_breadcrumb_json":[{"label":"In\u00edcio","link":"https:\/\/fpvoleibol.pt\/fpv"},{"label":"Forma\u00e7\u00e3o","link":"https:\/\/fpvoleibol.pt\/fpv\/category\/formacao\/"},{"label":"CURSO DE FORMA\u00c7\u00c3O INICIAL DE DIRIGENTES","link":"https:\/\/fpvoleibol.pt\/fpv\/2026\/09\/01\/curso-de-formacao-inicial-de-dirigentes-3\/"}],"_links":{"self":[{"href":"https:\/\/fpvoleibol.pt\/fpv\/wp-json\/wp\/v2\/posts\/49226","targetHints":{"allow":["GET"]}}],"collection":[{"href":"https:\/\/fpvoleibol.pt\/fpv\/wp-json\/wp\/v2\/posts"}],"about":[{"href":"https:\/\/fpvoleibol.pt\/fpv\/wp-json\/wp\/v2\/types\/post"}],"author":[{"embeddable":true,"href":"https:\/\/fpvoleibol.pt\/fpv\/wp-json\/wp\/v2\/users\/2"}],"replies":[{"embeddable":true,"href":"https:\/\/fpvoleibol.pt\/fpv\/wp-json\/wp\/v2\/comments?post=49226"}],"version-history":[{"count":5,"href":"https:\/\/fpvoleibol.pt\/fpv\/wp-json\/wp\/v2\/posts\/49226\/revisions"}],"predecessor-version":[{"id":49242,"href":"https:\/\/fpvoleibol.pt\/fpv\/wp-json\/wp\/v2\/posts\/49226\/revisions\/49242"}],"wp:featuredmedia":[{"embeddable":true,"href":"https:\/\/fpvoleibol.pt\/fpv\/wp-json\/wp\/v2\/media\/49240"}],"wp:attachment":[{"href":"https:\/\/fpvoleibol.pt\/fpv\/wp-json\/wp\/v2\/media?parent=49226"}],"wp:term":[{"taxonomy":"category","embeddable":true,"href":"https:\/\/fpvoleibol.pt\/fpv\/wp-json\/wp\/v2\/categories?post=49226"},{"taxonomy":"post_tag","embeddable":true,"href":"https:\/\/fpvoleibol.pt\/fpv\/wp-json\/wp\/v2\/tags?post=49226"}],"curies":[{"name":"wp","href":"https:\/\/api.w.org\/{rel}","templated":true}]}}