{"id":49190,"date":"2026-09-01T14:21:03","date_gmt":"2026-09-01T13:21:03","guid":{"rendered":"https:\/\/fpvoleibol.pt\/fpv\/?p=49190"},"modified":"2026-09-01T11:55:55","modified_gmt":"2026-09-01T10:55:55","slug":"preparados-para-causarem-surpresas","status":"publish","type":"post","link":"https:\/\/fpvoleibol.pt\/fpv\/2026\/09\/01\/preparados-para-causarem-surpresas\/","title":{"rendered":"PREPARADOS PARA CAUSAREM SURPRESAS NO EUROVOLLEY"},"content":{"rendered":"<p><img loading=\"lazy\" decoding=\"async\" class=\"size-full wp-image-49193 aligncenter\" src=\"https:\/\/fpvoleibol.pt\/fpv\/wp-content\/uploads\/2026\/08\/snsm_agradece.jpg\" alt=\"\" width=\"960\" height=\"640\" srcset=\"https:\/\/fpvoleibol.pt\/fpv\/wp-content\/uploads\/2026\/08\/snsm_agradece.jpg 960w, https:\/\/fpvoleibol.pt\/fpv\/wp-content\/uploads\/2026\/08\/snsm_agradece-300x200.jpg 300w, https:\/\/fpvoleibol.pt\/fpv\/wp-content\/uploads\/2026\/08\/snsm_agradece-768x512.jpg 768w\" sizes=\"auto, (max-width: 960px) 100vw, 960px\" \/>A Sele\u00e7\u00e3o Nacional de Seniores Masculinos mudou-se ontem de Santo Tirso para Viana do Castelo, onde continua a afinar os \u00faltimos detalhes com vista \u00e0 participa\u00e7\u00e3o no EuroVolley 2026.<br \/>\nSob o comando de Jo\u00e3o Jos\u00e9, a equipa das quinas prepara-se para uma aut\u00eantica prova de fogo em S\u00f3fia, na Bulg\u00e1ria, onde integrar\u00e1 o exigente Grupo B. A estreia est\u00e1 agendada para 10 de setembro, \u00e0s 14h00, num embate em modo de \u00absobreviv\u00eancia\u00bb m\u00e1xima diante da Pol\u00f3nia, atual campe\u00e3 europeia, tripla campe\u00e3 mundial (1974, 2014 e 2018) e l\u00edder do ranking FIVB.<br \/>\nLogo no dia seguinte, a 11 de setembro (17h00), Portugal mede for\u00e7as com a Bulg\u00e1ria, vice-campe\u00e3 mundial e anfitri\u00e3.<br \/>\nA fase de grupos completa-se com os confrontos frente a Israel (13 de setembro, 14h00), Ucr\u00e2nia (14 de setembro, 14h00) e Maced\u00f3nia do Norte (15 de setembro, 14h00). Se carimbar o apuramento para os oitavos de final, a comitiva nacional cruza com uma sele\u00e7\u00e3o oriunda da Pool D, constitu\u00edda por Rom\u00e9nia, Let\u00f3nia, Fran\u00e7a, Alemanha, Turquia e Su\u00ed\u00e7a.<\/p>\n<p>Para aferir a forma f\u00edsica e t\u00e1tica do coletivo, Portugal realizou dois encontros amig\u00e1veis com a Austr\u00e1lia no Pavilh\u00e3o Municipal das Lameiras, em Famalic\u00e3o. No primeiro teste, a sele\u00e7\u00e3o lusa venceu de forma categ\u00f3rica por 4-0 (25-14, 25-22, 25-19 e 25-21), num duelo em que os jogos-treino tinham estipulado um m\u00ednimo de quatro sets. O capit\u00e3o Alexandre Ferreira e Andr\u00e9 Pereira destacaram-se com 13 pontos cada. No segundo ensaio, num embate bem mais equilibrado, Portugal voltou a sorrir com um triunfo por 3-2 (26-24, 23-25, 28-26, 17-25 e 15-12). Andr\u00e9 Pereira assumiu o papel de maior pontuador da partida ao assinar 24 pontos.<\/p>\n<p><img loading=\"lazy\" decoding=\"async\" class=\" wp-image-49195 alignright\" src=\"https:\/\/fpvoleibol.pt\/fpv\/wp-content\/uploads\/2026\/08\/Joao_Jose_0003_d.jpg\" alt=\"\" width=\"326\" height=\"217\" srcset=\"https:\/\/fpvoleibol.pt\/fpv\/wp-content\/uploads\/2026\/08\/Joao_Jose_0003_d.jpg 960w, https:\/\/fpvoleibol.pt\/fpv\/wp-content\/uploads\/2026\/08\/Joao_Jose_0003_d-300x200.jpg 300w, https:\/\/fpvoleibol.pt\/fpv\/wp-content\/uploads\/2026\/08\/Joao_Jose_0003_d-768x512.jpg 768w\" sizes=\"auto, (max-width: 326px) 100vw, 326px\" \/>Satisfeito com a resposta dos seus atletas, o selecionador Jo\u00e3o Jos\u00e9 \u2013 figura incontorn\u00e1vel do voleibol nacional, eleito Melhor Blocador do Mundial 2002 na Argentina e o primeiro portugu\u00eas a conquistar a Liga dos Campe\u00f5es da CEV (em 2006\/2007, ao servi\u00e7o do VfB Friedrichshafen) \u2013 sublinhou a import\u00e2ncia destes testes internacionais.<\/p>\n<p>&#8220;<em>Os jogos com a Austr\u00e1lia foram importantes para aferirmos, em contexto de jogo e perante um advers\u00e1rio internacional, o momento atual da equipa e para transportarmos para a competi\u00e7\u00e3o aquilo que temos vindo a trabalhar nesta prepara\u00e7\u00e3o. De uma forma geral, a equipa tem evolu\u00eddo de forma positiva. Os valores de side-out foram bons, a organiza\u00e7\u00e3o coletiva come\u00e7a a estar mais presente e mostr\u00e1mos capacidade para manter ritmos de jogo e intensidade. Ficou evidente a necessidade de evoluir na capacidade de manter ritmos elevados durante mais tempo, uma exig\u00eancia que ser\u00e1 ainda maior no EuroVolley, pela necessidade de recuperar e competir a n\u00edveis elevados ao longo de uma sequ\u00eancia de cinco jogos em apenas seis dias&#8221;<\/em>, analisou o t\u00e9cnico.<\/p>\n<p>Consciente das dificuldades do grupo, Jo\u00e3o Jos\u00e9 tra\u00e7a metas claras e apela \u00e0 atitude dos seus comandados:<br \/>\n&#8220;<em>\u00c9 um grupo dif\u00edcil, com a Pol\u00f3nia, campe\u00e3 da VNL, e a Bulg\u00e1ria, finalista do \u00faltimo Mundial. O objetivo principal \u00e9 passar \u00e0 pr\u00f3xima fase e tentar ser o mais competitivos poss\u00edvel. Espero que os jogadores mostrem coragem e transmitam que v\u00eam para disputar todos os jogos<\/em>&#8220;. Relativamente ao equil\u00edbrio entre os atletas mais experientes e os estreantes, o selecionador \u00e9 perent\u00f3rio: &#8220;<em>Consegue-se com tempo e muito volume. T\u00eam de passar muito tempo juntos, superar dificuldades e criar confian\u00e7a m\u00fatua&#8221;<\/em>.<\/p>\n<p><img loading=\"lazy\" decoding=\"async\" class=\"size-full wp-image-49194 aligncenter\" src=\"https:\/\/fpvoleibol.pt\/fpv\/wp-content\/uploads\/2026\/08\/Bruno_e_Cvet02_d.jpg\" alt=\"\" width=\"960\" height=\"640\" srcset=\"https:\/\/fpvoleibol.pt\/fpv\/wp-content\/uploads\/2026\/08\/Bruno_e_Cvet02_d.jpg 960w, https:\/\/fpvoleibol.pt\/fpv\/wp-content\/uploads\/2026\/08\/Bruno_e_Cvet02_d-300x200.jpg 300w, https:\/\/fpvoleibol.pt\/fpv\/wp-content\/uploads\/2026\/08\/Bruno_e_Cvet02_d-768x512.jpg 768w\" sizes=\"auto, (max-width: 960px) 100vw, 960px\" \/>Com cartas dadas no voleibol romeno, onde integra com frequ\u00eancia a equipa ideal da jornada, o central Filip Cveticanin aborda o embate de estreia sem complexos.<br \/>\n&#8220;<em>Da nossa parte n\u00e3o existe press\u00e3o. Tendo a Pol\u00f3nia o n\u00edvel que tem, vai ser um jogo complicado, mas n\u00e3o acho que seja imposs\u00edvel fazer alguma surpresa. Um Europeu bem-conseguido seria igualar o que fizemos nos \u00faltimos dois anos, chegar aos oitavos e, se poss\u00edvel, tentar ir mais longe, aos quartos de final. O ambiente na equipa \u00e9 excelente, o grupo de trabalho est\u00e1 descontra\u00eddo mas totalmente focado<\/em>&#8220;, garantiu.<\/p>\n<p>A operar a distribui\u00e7\u00e3o e os caminhos da linha ofensiva portuguesa estar\u00e1 Bruno Dias, jovem que se estreia em fases finais do Campeonato da Europa.<br \/>\n&#8220;<em>\u00c9 sempre uma boa sensa\u00e7\u00e3o representar o nosso pa\u00eds, especialmente no EuroVolley. A expectativa est\u00e1 l\u00e1 em cima. Sabemos que temos um grupo complicado, mas vamos nos bater de olhos nos olhos com cada advers\u00e1rio. Temos uma sele\u00e7\u00e3o muito jovem e irreverente, e acho que essa irrever\u00eancia nos pode levar a surpreender alguns dos advers\u00e1rios mais complicados<\/em>&#8220;, concluiu o distribuidor.<\/p>\n","protected":false},"excerpt":{"rendered":"<p>A Sele\u00e7\u00e3o Nacional de Seniores Masculinos mudou-se ontem de Santo Tirso para Viana do Castelo, onde continua a afinar os \u00faltimos detalhes com vista \u00e0 participa\u00e7\u00e3o no EuroVolley 2026. Sob [&hellip;]<\/p>\n","protected":false},"author":2,"featured_media":49192,"comment_status":"open","ping_status":"open","sticky":true,"template":"","format":"standard","meta":{"_monsterinsights_skip_tracking":false,"_monsterinsights_sitenote_active":false,"_monsterinsights_sitenote_note":"","_monsterinsights_sitenote_category":0,"footnotes":""},"categories":[13,8],"tags":[130,178],"class_list":{"0":"post-49190","1":"post","2":"type-post","3":"status-publish","4":"format-standard","5":"has-post-thumbnail","7":"category-arbitragem","8":"category-voleibol","9":"tag-campeonato-da-europa-2026","10":"tag-snsm","11":"czr-hentry"},"aioseo_notices":[],"aioseo_head":"\n\t\t<!-- All in One SEO 4.9.10 - aioseo.com -->\n\t<meta name=\"description\" content=\"A Sele\u00e7\u00e3o Nacional de Seniores Masculinos mudou-se ontem de Santo Tirso para Viana do Castelo, onde continua a afinar os \u00faltimos detalhes com vista \u00e0 participa\u00e7\u00e3o no EuroVolley 2026. Sob o comando de Jo\u00e3o Jos\u00e9, a equipa das quinas prepara-se para uma aut\u00eantica prova de fogo em S\u00f3fia, na Bulg\u00e1ria, onde integrar\u00e1 o exigente Grupo\" \/>\n\t<meta name=\"robots\" content=\"max-image-preview:large\" \/>\n\t<meta name=\"author\" content=\"Jorge Castro\"\/>\n\t<link rel=\"canonical\" href=\"https:\/\/fpvoleibol.pt\/fpv\/2026\/09\/01\/preparados-para-causarem-surpresas\/\" \/>\n\t<meta name=\"generator\" content=\"All in One SEO (AIOSEO) 4.9.10\" \/>\n\t\t<meta property=\"og:locale\" content=\"pt_PT\" \/>\n\t\t<meta property=\"og:site_name\" content=\"Federa\u00e7\u00e3o Portuguesa de Voleibol - Website Oficial da FPV\" \/>\n\t\t<meta property=\"og:type\" content=\"article\" \/>\n\t\t<meta property=\"og:title\" content=\"PREPARADOS PARA CAUSAREM SURPRESAS NO EUROVOLLEY - Federa\u00e7\u00e3o Portuguesa de Voleibol\" \/>\n\t\t<meta property=\"og:description\" content=\"A Sele\u00e7\u00e3o Nacional de Seniores Masculinos mudou-se ontem de Santo Tirso para Viana do Castelo, onde continua a afinar os \u00faltimos detalhes com vista \u00e0 participa\u00e7\u00e3o no EuroVolley 2026. Sob o comando de Jo\u00e3o Jos\u00e9, a equipa das quinas prepara-se para uma aut\u00eantica prova de fogo em S\u00f3fia, na Bulg\u00e1ria, onde integrar\u00e1 o exigente Grupo\" \/>\n\t\t<meta property=\"og:url\" content=\"https:\/\/fpvoleibol.pt\/fpv\/2026\/09\/01\/preparados-para-causarem-surpresas\/\" \/>\n\t\t<meta property=\"og:image\" content=\"https:\/\/fpvoleibol.pt\/fpv\/wp-content\/uploads\/2026\/08\/snsm_team_ff.jpg\" \/>\n\t\t<meta property=\"og:image:secure_url\" content=\"https:\/\/fpvoleibol.pt\/fpv\/wp-content\/uploads\/2026\/08\/snsm_team_ff.jpg\" \/>\n\t\t<meta property=\"og:image:width\" content=\"640\" \/>\n\t\t<meta property=\"og:image:height\" content=\"380\" \/>\n\t\t<meta property=\"article:published_time\" content=\"2026-09-01T13:21:03+00:00\" \/>\n\t\t<meta property=\"article:modified_time\" content=\"2026-09-01T10:55:55+00:00\" \/>\n\t\t<meta property=\"article:publisher\" content=\"https:\/\/facebook.com\/FPVoleibol\" \/>\n\t\t<meta name=\"twitter:card\" content=\"summary\" \/>\n\t\t<meta name=\"twitter:title\" content=\"PREPARADOS PARA CAUSAREM SURPRESAS NO EUROVOLLEY - Federa\u00e7\u00e3o Portuguesa de Voleibol\" \/>\n\t\t<meta name=\"twitter:description\" content=\"A Sele\u00e7\u00e3o Nacional de Seniores Masculinos mudou-se ontem de Santo Tirso para Viana do Castelo, onde continua a afinar os \u00faltimos detalhes com vista \u00e0 participa\u00e7\u00e3o no EuroVolley 2026. Sob o comando de Jo\u00e3o Jos\u00e9, a equipa das quinas prepara-se para uma aut\u00eantica prova de fogo em S\u00f3fia, na Bulg\u00e1ria, onde integrar\u00e1 o exigente Grupo\" \/>\n\t\t<meta name=\"twitter:image\" content=\"https:\/\/fpvoleibol.pt\/fpv\/wp-content\/uploads\/2026\/08\/snsm_team_ff.jpg\" \/>\n\t\t<script type=\"application\/ld+json\" class=\"aioseo-schema\">\n\t\t\t{\"@context\":\"https:\\\/\\\/schema.org\",\"@graph\":[{\"@type\":\"BlogPosting\",\"@id\":\"https:\\\/\\\/fpvoleibol.pt\\\/fpv\\\/2026\\\/09\\\/01\\\/preparados-para-causarem-surpresas\\\/#blogposting\",\"name\":\"PREPARADOS PARA CAUSAREM SURPRESAS NO EUROVOLLEY - Federa\\u00e7\\u00e3o Portuguesa de Voleibol\",\"headline\":\"PREPARADOS PARA CAUSAREM SURPRESAS NO EUROVOLLEY\",\"author\":{\"@id\":\"https:\\\/\\\/fpvoleibol.pt\\\/fpv\\\/author\\\/imprensa\\\/#author\"},\"publisher\":{\"@id\":\"https:\\\/\\\/fpvoleibol.pt\\\/fpv\\\/#organization\"},\"image\":{\"@type\":\"ImageObject\",\"url\":\"https:\\\/\\\/fpvoleibol.pt\\\/fpv\\\/wp-content\\\/uploads\\\/2026\\\/08\\\/snsm_team_ff.jpg\",\"width\":640,\"height\":380},\"datePublished\":\"2026-09-01T14:21:03+01:00\",\"dateModified\":\"2026-09-01T11:55:55+01:00\",\"inLanguage\":\"pt-PT\",\"mainEntityOfPage\":{\"@id\":\"https:\\\/\\\/fpvoleibol.pt\\\/fpv\\\/2026\\\/09\\\/01\\\/preparados-para-causarem-surpresas\\\/#webpage\"},\"isPartOf\":{\"@id\":\"https:\\\/\\\/fpvoleibol.pt\\\/fpv\\\/2026\\\/09\\\/01\\\/preparados-para-causarem-surpresas\\\/#webpage\"},\"articleSection\":\"Arbitragem, Voleibol, Campeonato da Europa 2026, snsm\"},{\"@type\":\"BreadcrumbList\",\"@id\":\"https:\\\/\\\/fpvoleibol.pt\\\/fpv\\\/2026\\\/09\\\/01\\\/preparados-para-causarem-surpresas\\\/#breadcrumblist\",\"itemListElement\":[{\"@type\":\"ListItem\",\"@id\":\"https:\\\/\\\/fpvoleibol.pt\\\/fpv#listItem\",\"position\":1,\"name\":\"In\\u00edcio\",\"item\":\"https:\\\/\\\/fpvoleibol.pt\\\/fpv\",\"nextItem\":{\"@type\":\"ListItem\",\"@id\":\"https:\\\/\\\/fpvoleibol.pt\\\/fpv\\\/category\\\/voleibol\\\/#listItem\",\"name\":\"Voleibol\"}},{\"@type\":\"ListItem\",\"@id\":\"https:\\\/\\\/fpvoleibol.pt\\\/fpv\\\/category\\\/voleibol\\\/#listItem\",\"position\":2,\"name\":\"Voleibol\",\"item\":\"https:\\\/\\\/fpvoleibol.pt\\\/fpv\\\/category\\\/voleibol\\\/\",\"nextItem\":{\"@type\":\"ListItem\",\"@id\":\"https:\\\/\\\/fpvoleibol.pt\\\/fpv\\\/2026\\\/09\\\/01\\\/preparados-para-causarem-surpresas\\\/#listItem\",\"name\":\"PREPARADOS PARA CAUSAREM SURPRESAS NO EUROVOLLEY\"},\"previousItem\":{\"@type\":\"ListItem\",\"@id\":\"https:\\\/\\\/fpvoleibol.pt\\\/fpv#listItem\",\"name\":\"In\\u00edcio\"}},{\"@type\":\"ListItem\",\"@id\":\"https:\\\/\\\/fpvoleibol.pt\\\/fpv\\\/2026\\\/09\\\/01\\\/preparados-para-causarem-surpresas\\\/#listItem\",\"position\":3,\"name\":\"PREPARADOS PARA CAUSAREM SURPRESAS NO EUROVOLLEY\",\"previousItem\":{\"@type\":\"ListItem\",\"@id\":\"https:\\\/\\\/fpvoleibol.pt\\\/fpv\\\/category\\\/voleibol\\\/#listItem\",\"name\":\"Voleibol\"}}]},{\"@type\":\"Organization\",\"@id\":\"https:\\\/\\\/fpvoleibol.pt\\\/fpv\\\/#organization\",\"name\":\"Federa\\u00e7\\u00e3o Portuguesa de Voleibol\",\"description\":\"Website Oficial da FPV\",\"url\":\"https:\\\/\\\/fpvoleibol.pt\\\/fpv\\\/\",\"telephone\":\"+351228349570\",\"logo\":{\"@type\":\"ImageObject\",\"url\":\"https:\\\/\\\/fpvoleibol.pt\\\/fpv\\\/wp-content\\\/uploads\\\/2021\\\/05\\\/logotipo_fpvoleibol_2021_site.png\",\"@id\":\"https:\\\/\\\/fpvoleibol.pt\\\/fpv\\\/2026\\\/09\\\/01\\\/preparados-para-causarem-surpresas\\\/#organizationLogo\",\"width\":512,\"height\":473},\"image\":{\"@id\":\"https:\\\/\\\/fpvoleibol.pt\\\/fpv\\\/2026\\\/09\\\/01\\\/preparados-para-causarem-surpresas\\\/#organizationLogo\"},\"sameAs\":[\"https:\\\/\\\/facebook.com\\\/FPVoleibol\",\"https:\\\/\\\/instagram.com\\\/FPVoleibol\"]},{\"@type\":\"Person\",\"@id\":\"https:\\\/\\\/fpvoleibol.pt\\\/fpv\\\/author\\\/imprensa\\\/#author\",\"url\":\"https:\\\/\\\/fpvoleibol.pt\\\/fpv\\\/author\\\/imprensa\\\/\",\"name\":\"Jorge Castro\",\"image\":{\"@type\":\"ImageObject\",\"@id\":\"https:\\\/\\\/fpvoleibol.pt\\\/fpv\\\/2026\\\/09\\\/01\\\/preparados-para-causarem-surpresas\\\/#authorImage\",\"url\":\"https:\\\/\\\/secure.gravatar.com\\\/avatar\\\/b10a3458a4f34f13de2d39b55eb391825aeab00ff209c3fe857e3fd4d3dcb784?s=96&d=mm&r=g\",\"width\":96,\"height\":96,\"caption\":\"Jorge Castro\"}},{\"@type\":\"WebPage\",\"@id\":\"https:\\\/\\\/fpvoleibol.pt\\\/fpv\\\/2026\\\/09\\\/01\\\/preparados-para-causarem-surpresas\\\/#webpage\",\"url\":\"https:\\\/\\\/fpvoleibol.pt\\\/fpv\\\/2026\\\/09\\\/01\\\/preparados-para-causarem-surpresas\\\/\",\"name\":\"PREPARADOS PARA CAUSAREM SURPRESAS NO EUROVOLLEY - Federa\\u00e7\\u00e3o Portuguesa de Voleibol\",\"description\":\"A Sele\\u00e7\\u00e3o Nacional de Seniores Masculinos mudou-se ontem de Santo Tirso para Viana do Castelo, onde continua a afinar os \\u00faltimos detalhes com vista \\u00e0 participa\\u00e7\\u00e3o no EuroVolley 2026. Sob o comando de Jo\\u00e3o Jos\\u00e9, a equipa das quinas prepara-se para uma aut\\u00eantica prova de fogo em S\\u00f3fia, na Bulg\\u00e1ria, onde integrar\\u00e1 o exigente Grupo\",\"inLanguage\":\"pt-PT\",\"isPartOf\":{\"@id\":\"https:\\\/\\\/fpvoleibol.pt\\\/fpv\\\/#website\"},\"breadcrumb\":{\"@id\":\"https:\\\/\\\/fpvoleibol.pt\\\/fpv\\\/2026\\\/09\\\/01\\\/preparados-para-causarem-surpresas\\\/#breadcrumblist\"},\"author\":{\"@id\":\"https:\\\/\\\/fpvoleibol.pt\\\/fpv\\\/author\\\/imprensa\\\/#author\"},\"creator\":{\"@id\":\"https:\\\/\\\/fpvoleibol.pt\\\/fpv\\\/author\\\/imprensa\\\/#author\"},\"image\":{\"@type\":\"ImageObject\",\"url\":\"https:\\\/\\\/fpvoleibol.pt\\\/fpv\\\/wp-content\\\/uploads\\\/2026\\\/08\\\/snsm_team_ff.jpg\",\"@id\":\"https:\\\/\\\/fpvoleibol.pt\\\/fpv\\\/2026\\\/09\\\/01\\\/preparados-para-causarem-surpresas\\\/#mainImage\",\"width\":640,\"height\":380},\"primaryImageOfPage\":{\"@id\":\"https:\\\/\\\/fpvoleibol.pt\\\/fpv\\\/2026\\\/09\\\/01\\\/preparados-para-causarem-surpresas\\\/#mainImage\"},\"datePublished\":\"2026-09-01T14:21:03+01:00\",\"dateModified\":\"2026-09-01T11:55:55+01:00\"},{\"@type\":\"WebSite\",\"@id\":\"https:\\\/\\\/fpvoleibol.pt\\\/fpv\\\/#website\",\"url\":\"https:\\\/\\\/fpvoleibol.pt\\\/fpv\\\/\",\"name\":\"Federa\\u00e7\\u00e3o Portuguesa de Voleibol\",\"description\":\"Website Oficial da FPV\",\"inLanguage\":\"pt-PT\",\"publisher\":{\"@id\":\"https:\\\/\\\/fpvoleibol.pt\\\/fpv\\\/#organization\"}}]}\n\t\t<\/script>\n\t\t<!-- All in One SEO -->\n\n","aioseo_head_json":{"title":"PREPARADOS PARA CAUSAREM SURPRESAS NO EUROVOLLEY - Federa\u00e7\u00e3o Portuguesa de Voleibol","description":"A Sele\u00e7\u00e3o Nacional de Seniores Masculinos mudou-se ontem de Santo Tirso para Viana do Castelo, onde continua a afinar os \u00faltimos detalhes com vista \u00e0 participa\u00e7\u00e3o no EuroVolley 2026. Sob o comando de Jo\u00e3o Jos\u00e9, a equipa das quinas prepara-se para uma aut\u00eantica prova de fogo em S\u00f3fia, na Bulg\u00e1ria, onde integrar\u00e1 o exigente Grupo","canonical_url":"https:\/\/fpvoleibol.pt\/fpv\/2026\/09\/01\/preparados-para-causarem-surpresas\/","robots":"max-image-preview:large","keywords":"","webmasterTools":{"miscellaneous":""},"schema":{"@context":"https:\/\/schema.org","@graph":[{"@type":"BlogPosting","@id":"https:\/\/fpvoleibol.pt\/fpv\/2026\/09\/01\/preparados-para-causarem-surpresas\/#blogposting","name":"PREPARADOS PARA CAUSAREM SURPRESAS NO EUROVOLLEY - Federa\u00e7\u00e3o Portuguesa de Voleibol","headline":"PREPARADOS PARA CAUSAREM SURPRESAS NO EUROVOLLEY","author":{"@id":"https:\/\/fpvoleibol.pt\/fpv\/author\/imprensa\/#author"},"publisher":{"@id":"https:\/\/fpvoleibol.pt\/fpv\/#organization"},"image":{"@type":"ImageObject","url":"https:\/\/fpvoleibol.pt\/fpv\/wp-content\/uploads\/2026\/08\/snsm_team_ff.jpg","width":640,"height":380},"datePublished":"2026-09-01T14:21:03+01:00","dateModified":"2026-09-01T11:55:55+01:00","inLanguage":"pt-PT","mainEntityOfPage":{"@id":"https:\/\/fpvoleibol.pt\/fpv\/2026\/09\/01\/preparados-para-causarem-surpresas\/#webpage"},"isPartOf":{"@id":"https:\/\/fpvoleibol.pt\/fpv\/2026\/09\/01\/preparados-para-causarem-surpresas\/#webpage"},"articleSection":"Arbitragem, Voleibol, Campeonato da Europa 2026, snsm"},{"@type":"BreadcrumbList","@id":"https:\/\/fpvoleibol.pt\/fpv\/2026\/09\/01\/preparados-para-causarem-surpresas\/#breadcrumblist","itemListElement":[{"@type":"ListItem","@id":"https:\/\/fpvoleibol.pt\/fpv#listItem","position":1,"name":"In\u00edcio","item":"https:\/\/fpvoleibol.pt\/fpv","nextItem":{"@type":"ListItem","@id":"https:\/\/fpvoleibol.pt\/fpv\/category\/voleibol\/#listItem","name":"Voleibol"}},{"@type":"ListItem","@id":"https:\/\/fpvoleibol.pt\/fpv\/category\/voleibol\/#listItem","position":2,"name":"Voleibol","item":"https:\/\/fpvoleibol.pt\/fpv\/category\/voleibol\/","nextItem":{"@type":"ListItem","@id":"https:\/\/fpvoleibol.pt\/fpv\/2026\/09\/01\/preparados-para-causarem-surpresas\/#listItem","name":"PREPARADOS PARA CAUSAREM SURPRESAS NO EUROVOLLEY"},"previousItem":{"@type":"ListItem","@id":"https:\/\/fpvoleibol.pt\/fpv#listItem","name":"In\u00edcio"}},{"@type":"ListItem","@id":"https:\/\/fpvoleibol.pt\/fpv\/2026\/09\/01\/preparados-para-causarem-surpresas\/#listItem","position":3,"name":"PREPARADOS PARA CAUSAREM SURPRESAS NO EUROVOLLEY","previousItem":{"@type":"ListItem","@id":"https:\/\/fpvoleibol.pt\/fpv\/category\/voleibol\/#listItem","name":"Voleibol"}}]},{"@type":"Organization","@id":"https:\/\/fpvoleibol.pt\/fpv\/#organization","name":"Federa\u00e7\u00e3o Portuguesa de Voleibol","description":"Website Oficial da FPV","url":"https:\/\/fpvoleibol.pt\/fpv\/","telephone":"+351228349570","logo":{"@type":"ImageObject","url":"https:\/\/fpvoleibol.pt\/fpv\/wp-content\/uploads\/2021\/05\/logotipo_fpvoleibol_2021_site.png","@id":"https:\/\/fpvoleibol.pt\/fpv\/2026\/09\/01\/preparados-para-causarem-surpresas\/#organizationLogo","width":512,"height":473},"image":{"@id":"https:\/\/fpvoleibol.pt\/fpv\/2026\/09\/01\/preparados-para-causarem-surpresas\/#organizationLogo"},"sameAs":["https:\/\/facebook.com\/FPVoleibol","https:\/\/instagram.com\/FPVoleibol"]},{"@type":"Person","@id":"https:\/\/fpvoleibol.pt\/fpv\/author\/imprensa\/#author","url":"https:\/\/fpvoleibol.pt\/fpv\/author\/imprensa\/","name":"Jorge Castro","image":{"@type":"ImageObject","@id":"https:\/\/fpvoleibol.pt\/fpv\/2026\/09\/01\/preparados-para-causarem-surpresas\/#authorImage","url":"https:\/\/secure.gravatar.com\/avatar\/b10a3458a4f34f13de2d39b55eb391825aeab00ff209c3fe857e3fd4d3dcb784?s=96&d=mm&r=g","width":96,"height":96,"caption":"Jorge Castro"}},{"@type":"WebPage","@id":"https:\/\/fpvoleibol.pt\/fpv\/2026\/09\/01\/preparados-para-causarem-surpresas\/#webpage","url":"https:\/\/fpvoleibol.pt\/fpv\/2026\/09\/01\/preparados-para-causarem-surpresas\/","name":"PREPARADOS PARA CAUSAREM SURPRESAS NO EUROVOLLEY - Federa\u00e7\u00e3o Portuguesa de Voleibol","description":"A Sele\u00e7\u00e3o Nacional de Seniores Masculinos mudou-se ontem de Santo Tirso para Viana do Castelo, onde continua a afinar os \u00faltimos detalhes com vista \u00e0 participa\u00e7\u00e3o no EuroVolley 2026. Sob o comando de Jo\u00e3o Jos\u00e9, a equipa das quinas prepara-se para uma aut\u00eantica prova de fogo em S\u00f3fia, na Bulg\u00e1ria, onde integrar\u00e1 o exigente Grupo","inLanguage":"pt-PT","isPartOf":{"@id":"https:\/\/fpvoleibol.pt\/fpv\/#website"},"breadcrumb":{"@id":"https:\/\/fpvoleibol.pt\/fpv\/2026\/09\/01\/preparados-para-causarem-surpresas\/#breadcrumblist"},"author":{"@id":"https:\/\/fpvoleibol.pt\/fpv\/author\/imprensa\/#author"},"creator":{"@id":"https:\/\/fpvoleibol.pt\/fpv\/author\/imprensa\/#author"},"image":{"@type":"ImageObject","url":"https:\/\/fpvoleibol.pt\/fpv\/wp-content\/uploads\/2026\/08\/snsm_team_ff.jpg","@id":"https:\/\/fpvoleibol.pt\/fpv\/2026\/09\/01\/preparados-para-causarem-surpresas\/#mainImage","width":640,"height":380},"primaryImageOfPage":{"@id":"https:\/\/fpvoleibol.pt\/fpv\/2026\/09\/01\/preparados-para-causarem-surpresas\/#mainImage"},"datePublished":"2026-09-01T14:21:03+01:00","dateModified":"2026-09-01T11:55:55+01:00"},{"@type":"WebSite","@id":"https:\/\/fpvoleibol.pt\/fpv\/#website","url":"https:\/\/fpvoleibol.pt\/fpv\/","name":"Federa\u00e7\u00e3o Portuguesa de Voleibol","description":"Website Oficial da FPV","inLanguage":"pt-PT","publisher":{"@id":"https:\/\/fpvoleibol.pt\/fpv\/#organization"}}]},"og:locale":"pt_PT","og:site_name":"Federa\u00e7\u00e3o Portuguesa de Voleibol - Website Oficial da FPV","og:type":"article","og:title":"PREPARADOS PARA CAUSAREM SURPRESAS NO EUROVOLLEY - Federa\u00e7\u00e3o Portuguesa de Voleibol","og:description":"A Sele\u00e7\u00e3o Nacional de Seniores Masculinos mudou-se ontem de Santo Tirso para Viana do Castelo, onde continua a afinar os \u00faltimos detalhes com vista \u00e0 participa\u00e7\u00e3o no EuroVolley 2026. Sob o comando de Jo\u00e3o Jos\u00e9, a equipa das quinas prepara-se para uma aut\u00eantica prova de fogo em S\u00f3fia, na Bulg\u00e1ria, onde integrar\u00e1 o exigente Grupo","og:url":"https:\/\/fpvoleibol.pt\/fpv\/2026\/09\/01\/preparados-para-causarem-surpresas\/","og:image":"https:\/\/fpvoleibol.pt\/fpv\/wp-content\/uploads\/2026\/08\/snsm_team_ff.jpg","og:image:secure_url":"https:\/\/fpvoleibol.pt\/fpv\/wp-content\/uploads\/2026\/08\/snsm_team_ff.jpg","og:image:width":640,"og:image:height":380,"article:published_time":"2026-09-01T13:21:03+00:00","article:modified_time":"2026-09-01T10:55:55+00:00","article:publisher":"https:\/\/facebook.com\/FPVoleibol","twitter:card":"summary","twitter:title":"PREPARADOS PARA CAUSAREM SURPRESAS NO EUROVOLLEY - Federa\u00e7\u00e3o Portuguesa de Voleibol","twitter:description":"A Sele\u00e7\u00e3o Nacional de Seniores Masculinos mudou-se ontem de Santo Tirso para Viana do Castelo, onde continua a afinar os \u00faltimos detalhes com vista \u00e0 participa\u00e7\u00e3o no EuroVolley 2026. Sob o comando de Jo\u00e3o Jos\u00e9, a equipa das quinas prepara-se para uma aut\u00eantica prova de fogo em S\u00f3fia, na Bulg\u00e1ria, onde integrar\u00e1 o exigente Grupo","twitter:image":"https:\/\/fpvoleibol.pt\/fpv\/wp-content\/uploads\/2026\/08\/snsm_team_ff.jpg"},"aioseo_meta_data":{"post_id":"49190","title":null,"description":null,"keywords":null,"keyphrases":{"focus":{"keyphrase":"","score":0,"analysis":{"keyphraseInTitle":{"score":0,"maxScore":9,"error":1}}},"additional":[]},"primary_term":null,"canonical_url":null,"og_title":null,"og_description":null,"og_object_type":"default","og_image_type":"default","og_image_url":null,"og_image_width":null,"og_image_height":null,"og_image_custom_url":null,"og_image_custom_fields":null,"og_video":"","og_custom_url":null,"og_article_section":null,"og_article_tags":null,"twitter_use_og":false,"twitter_card":"default","twitter_image_type":"default","twitter_image_url":null,"twitter_image_custom_url":null,"twitter_image_custom_fields":null,"twitter_title":null,"twitter_description":null,"schema":{"blockGraphs":[],"customGraphs":[],"default":{"data":{"Article":[],"Course":[],"Dataset":[],"FAQPage":[],"Movie":[],"Person":[],"Product":[],"ProductReview":[],"Car":[],"Recipe":[],"Service":[],"SoftwareApplication":[],"WebPage":[]},"graphName":"BlogPosting","isEnabled":true},"graphs":[]},"schema_type":"default","schema_type_options":null,"pillar_content":false,"robots_default":true,"robots_noindex":false,"robots_noarchive":false,"robots_nosnippet":false,"robots_nofollow":false,"robots_noimageindex":false,"robots_noodp":false,"robots_notranslate":false,"robots_max_snippet":"-1","robots_max_videopreview":"-1","robots_max_imagepreview":"large","priority":null,"frequency":"default","local_seo":null,"breadcrumb_settings":null,"limit_modified_date":false,"ai":{"faqs":[],"keyPoints":[],"schemas":[],"titles":[],"descriptions":[],"socialPosts":{"email":{"subject":"","preview":"","content":""},"linkedin":[],"twitter":[],"facebook":[],"instagram":[]}},"created":"2026-08-31 13:30:33","updated":"2026-09-01 13:21:39","seo_analyzer_scan_date":null},"aioseo_breadcrumb":"<div class=\"aioseo-breadcrumbs\"><span class=\"aioseo-breadcrumb\">\n\t\t\t<a href=\"https:\/\/fpvoleibol.pt\/fpv\" title=\"In\u00edcio\">In\u00edcio<\/a>\n\t\t<\/span><span class=\"aioseo-breadcrumb-separator\">&raquo;<\/span><span class=\"aioseo-breadcrumb\">\n\t\t\t<a href=\"https:\/\/fpvoleibol.pt\/fpv\/category\/voleibol\/\" title=\"Voleibol\">Voleibol<\/a>\n\t\t<\/span><span class=\"aioseo-breadcrumb-separator\">&raquo;<\/span><span class=\"aioseo-breadcrumb\">\n\t\t\tPREPARADOS PARA CAUSAREM SURPRESAS NO EUROVOLLEY\n\t\t<\/span><\/div>","aioseo_breadcrumb_json":[{"label":"In\u00edcio","link":"https:\/\/fpvoleibol.pt\/fpv"},{"label":"Voleibol","link":"https:\/\/fpvoleibol.pt\/fpv\/category\/voleibol\/"},{"label":"PREPARADOS PARA CAUSAREM SURPRESAS NO EUROVOLLEY","link":"https:\/\/fpvoleibol.pt\/fpv\/2026\/09\/01\/preparados-para-causarem-surpresas\/"}],"_links":{"self":[{"href":"https:\/\/fpvoleibol.pt\/fpv\/wp-json\/wp\/v2\/posts\/49190","targetHints":{"allow":["GET"]}}],"collection":[{"href":"https:\/\/fpvoleibol.pt\/fpv\/wp-json\/wp\/v2\/posts"}],"about":[{"href":"https:\/\/fpvoleibol.pt\/fpv\/wp-json\/wp\/v2\/types\/post"}],"author":[{"embeddable":true,"href":"https:\/\/fpvoleibol.pt\/fpv\/wp-json\/wp\/v2\/users\/2"}],"replies":[{"embeddable":true,"href":"https:\/\/fpvoleibol.pt\/fpv\/wp-json\/wp\/v2\/comments?post=49190"}],"version-history":[{"count":3,"href":"https:\/\/fpvoleibol.pt\/fpv\/wp-json\/wp\/v2\/posts\/49190\/revisions"}],"predecessor-version":[{"id":49197,"href":"https:\/\/fpvoleibol.pt\/fpv\/wp-json\/wp\/v2\/posts\/49190\/revisions\/49197"}],"wp:featuredmedia":[{"embeddable":true,"href":"https:\/\/fpvoleibol.pt\/fpv\/wp-json\/wp\/v2\/media\/49192"}],"wp:attachment":[{"href":"https:\/\/fpvoleibol.pt\/fpv\/wp-json\/wp\/v2\/media?parent=49190"}],"wp:term":[{"taxonomy":"category","embeddable":true,"href":"https:\/\/fpvoleibol.pt\/fpv\/wp-json\/wp\/v2\/categories?post=49190"},{"taxonomy":"post_tag","embeddable":true,"href":"https:\/\/fpvoleibol.pt\/fpv\/wp-json\/wp\/v2\/tags?post=49190"}],"curies":[{"name":"wp","href":"https:\/\/api.w.org\/{rel}","templated":true}]}}