{"id":49184,"date":"2026-08-31T20:22:53","date_gmt":"2026-08-31T19:22:53","guid":{"rendered":"https:\/\/fpvoleibol.pt\/fpv\/?p=49184"},"modified":"2026-09-02T20:40:03","modified_gmt":"2026-09-02T19:40:03","slug":"excelente-imagem-na-despedida","status":"publish","type":"post","link":"https:\/\/fpvoleibol.pt\/fpv\/2026\/08\/31\/excelente-imagem-na-despedida\/","title":{"rendered":"EXCELENTE IMAGEM NA DESPEDIDA!"},"content":{"rendered":"<p style=\"text-align: center;\"><span style=\"font-size: 12px;\"><strong><img loading=\"lazy\" decoding=\"async\" class=\"size-full wp-image-49210 aligncenter\" src=\"https:\/\/fpvoleibol.pt\/fpv\/wp-content\/uploads\/2026\/08\/Euro2026_PorxPol_0002.jpg\" alt=\"\" width=\"960\" height=\"640\" srcset=\"https:\/\/fpvoleibol.pt\/fpv\/wp-content\/uploads\/2026\/08\/Euro2026_PorxPol_0002.jpg 960w, https:\/\/fpvoleibol.pt\/fpv\/wp-content\/uploads\/2026\/08\/Euro2026_PorxPol_0002-300x200.jpg 300w, https:\/\/fpvoleibol.pt\/fpv\/wp-content\/uploads\/2026\/08\/Euro2026_PorxPol_0002-768x512.jpg 768w\" sizes=\"auto, (max-width: 960px) 100vw, 960px\" \/>As \u00abhero\u00ednas de Baku\u00bb com excelente exibi\u00e7\u00e3o frente \u00e0 Pol\u00f3nia<\/strong><\/span><\/p>\n<p>A Sele\u00e7\u00e3o Nacional de Seniores Femininos despediu-se da melhor forma que lhe foi poss\u00edvel do CEV EuroVolley 2026, com uma exibi\u00e7\u00e3o de gala que ficar\u00e1 certamente na mem\u00f3ria das poderosas polacas e do seu credenciado t\u00e9cnico, o italiano Stefano Lavarini.<\/p>\n<p>Com uma exibi\u00e7\u00e3o avassaladora de Magdalena Stysiak, impressionante oposta de 2,02 metros de altura, no ataque, a sele\u00e7\u00e3o polaca acabou por vencer em sets diretos, apesar da r\u00e9plica valente da equipa lusa no parcial decisivo.<br \/>\nA elimina\u00e7\u00e3o \u2013 que lhe d\u00e1 um hist\u00f3rico posto entre as 16 melhores equipas da Europa \u2013 consumou-se ao cair perante a poderosa cong\u00e9nere da Pol\u00f3nia, que venceu por 3-0 (25-18, 25-17 e 25-23), nos oitavos de final disputados no Sinan Erdem Sports Hall, em Istambul.<\/p>\n<p>Contra uma sele\u00e7\u00e3o, atual 5.\u00aa classificada do ranking FIVB, que comete muito poucos erros e luta por todas as bolas, Portugal jogou com garra, fez valer as suas armas ofensivas e acabou o jogo em crescendo, tendo faltado \u2014 porque era bem merecido \u2014 um triunfo no terceiro set.<\/p>\n<p>Desde os momentos iniciais, a Pol\u00f3nia procurou ditar o ritmo de jogo atrav\u00e9s da sua superioridade f\u00edsica e poder de fogo na rede. Lideradas por Magdalena Stysiak \u2014 autora de 22 pontos e figura marcante do jogo \u2014, as polacas entraram em for\u00e7a no parcial inaugural (5-1) e geriram a vantagem (13-10), criando rapidamente desequil\u00edbrios na defesa lusa. A superioridade nas a\u00e7\u00f5es junto \u00e0 rede fez a Pol\u00f3nia cavalgar at\u00e9 aos 20-11, registando uma efic\u00e1cia atacante impressionante de 62% (16 ataques concretizados em 26 tentativas) para fechar o primeiro set por 25-18 em 26 minutos.<\/p>\n<p>No segundo parcial, as portuguesas conseguiram reduzir drasticamente o n\u00famero de erros n\u00e3o for\u00e7ados e estabilizar o seu primeiro toque, registando \u00edndices de recep\u00e7\u00e3o positiva francamente superiores aos da Pol\u00f3nia ao longo de toda a partida (41% de recep\u00e7\u00e3o positiva e 29% excelente em Portugal, contra 29% e 16% das polacas). Essa melhoria refletiu-se no marcador, que Portugal comandou at\u00e9 aos 12-9. Contudo, a rea\u00e7\u00e3o polaca, alicer\u00e7ada na solidez do seu bloco, na central Magdalena Jurczyk (8 pontos, com 75% de efic\u00e1cia no ataque) e no rendimento de Magdalena Stysiak e Julita Piasecka \u2014 as melhores pontuadoras at\u00e9 a\u00ed, com 15 e 11 pontos, contra os 7 de Amanda Cavalcanti e os 6 de Alice Clemente e J\u00falia Kavalenka \u2014, virou o cen\u00e1rio, permitindo \u00e0 Pol\u00f3nia fechar o set por 25-17 em 27 minutos.<\/p>\n<p>Foi no terceiro set que Portugal exibiu a sua melhor vers\u00e3o da noite. Com o servi\u00e7o a funcionar finalmente em pleno, a equipa orientada por Hugo Silva entrou de rompante: os <em>ases<\/em> de Mariana Garcez e os ataques de Alice Clemente (9 pontos no jogo) constru\u00edram uma vantagem fulgurante de 6-0! A resposta polaca foi violenta e a igualdade (6-6) foi restabelecida no ataque por Magdalena Stysiak. Sem virar a cara \u00e0 luta, a Sele\u00e7\u00e3o Nacional voltou \u00e0 carga com um bloco de Joana Garcez (10-8) e dilatou a margem com amortis e ataques de Alice Clemente (14-11).<br \/>\nNovo assomo polaco e um bloco a travar o \u00edmpeto lusitano fixaram tudo em 14-14, mas um ataque de Ana Rui Monteiro manteve bem altas as esperan\u00e7as (18-16). Numa fase em que as polacas, abaladas com a ousadia lusa e algo nervosas, desperdi\u00e7aram ataques, Portugal fugiu para uns empolgantes 20-16, assumindo a lideran\u00e7a em momentos fulcrais da pontua\u00e7\u00e3o (21-20). Contudo, um servi\u00e7o direto de Maja Koput devolveu a igualdade ao marcador (20-20) e, na reta final, a frieza polaca e a superioridade no bloco \u2013 cap\u00edtulo onde a Pol\u00f3nia venceu por 8-2 no c\u00f4mputo geral \u2013 acabaram por fazer a diferen\u00e7a, selando o parcial em 25-23 ao fim de 35 minutos de intensa luta.<\/p>\n<p>Apesar da diferen\u00e7a no marcador e no poder de fogo atacante (49% de efic\u00e1cia polaca contra 33% lusa), a equipa portuguesa destacou-se pela agressividade no servi\u00e7o (5 ases contra 2 da Pol\u00f3nia), tendo em J\u00falia Kavalenka a sua maior pontuadora (10 pontos), secundada por Amanda Cavalcanti (8 pontos com 53% de efic\u00e1cia). Ver estat\u00edstica <a href=\"https:\/\/www-old.cev.eu\/Competition-Area\/MatchStatistics.aspx?ID=85095\">AQUI<\/a><br \/>\nA presta\u00e7\u00e3o lusa deixa notas de grande evolu\u00e7\u00e3o t\u00e9cnica e mental: frente a uma das maiores pot\u00eancias em ascens\u00e3o do voleibol mundial, Portugal demonstrou organiza\u00e7\u00e3o e enorme capacidade de resposta, terminando o torneio de cabe\u00e7a erguida.<\/p>\n<p style=\"text-align: center;\"><strong><img loading=\"lazy\" decoding=\"async\" class=\"size-full wp-image-49208 aligncenter\" src=\"https:\/\/fpvoleibol.pt\/fpv\/wp-content\/uploads\/2026\/08\/Euro2026_PorxPol_000.jpg\" alt=\"\" width=\"960\" height=\"640\" srcset=\"https:\/\/fpvoleibol.pt\/fpv\/wp-content\/uploads\/2026\/08\/Euro2026_PorxPol_000.jpg 960w, https:\/\/fpvoleibol.pt\/fpv\/wp-content\/uploads\/2026\/08\/Euro2026_PorxPol_000-300x200.jpg 300w, https:\/\/fpvoleibol.pt\/fpv\/wp-content\/uploads\/2026\/08\/Euro2026_PorxPol_000-768x512.jpg 768w\" sizes=\"auto, (max-width: 960px) 100vw, 960px\" \/><span style=\"text-decoration: underline;\">Selecionador e capit\u00e3 exaltam presta\u00e7\u00e3o hist\u00f3rica:<\/span><br \/>\n<span style=\"text-decoration: underline;\">\u201cTemos de ficar todos orgulhosos destas guerreiras\u201d<\/span><\/strong><\/p>\n<p>A elimina\u00e7\u00e3o perante a Pol\u00f3nia nos oitavos de final do EuroVolley 2026 deixou um sentimento claro no seio da Sele\u00e7\u00e3o Nacional feminina: o orgulho pelo caminho percorrido supera o amargor da derrota. Em Istambul, tanto o selecionador Hugo Silva como a capit\u00e3 Ana Figueiras sublinharam a dimens\u00e3o hist\u00f3rica da campanha lusa e a evolu\u00e7\u00e3o demonstrada frente a uma das maiores pot\u00eancias mundiais da modalidade.<\/p>\n<p>O selecionador nacional destacou a transforma\u00e7\u00e3o radical da equipa num curto espa\u00e7o de tempo. &#8220;N\u00e3o podemos esquecer o que \u00e9 que era esta sele\u00e7\u00e3o h\u00e1 tr\u00eas meses e como a viam na Imprensa&#8221;, come\u00e7ou por recordar Hugo Silva. &#8220;A verdade \u00e9 que nos batemos muito bem. Batemo-nos com uma das melhores sele\u00e7\u00f5es do mundo, tivemos fases brilhantes de jogo, do melhor que h\u00e1 na Europa. Falta um bocadinho de consist\u00eancia e passar muitas vezes por estas situa\u00e7\u00f5es para que estes momentos finais de set n\u00e3o aconte\u00e7am&#8221;, analisou.<\/p>\n<p>Apesar do amargo de boca por ter deixado fugir vantagens parciais no marcador, o t\u00e9cnico preferiu focar-se no impacto global da presta\u00e7\u00e3o portuguesa: &#8220;Como treinador, olhando para o resultado de 6-0 e perder essa vantagem, nunca se fica contente. Mas temos de saber quem est\u00e1 do outro lado. Fa\u00e7o um balan\u00e7o brilhante. Acho que mexeu com o nosso pa\u00eds: Portugal parou para ver estas guerreiras a competir entre os melhores, algo in\u00e9dito no voleibol feminino. Chegar c\u00e1 pela primeira vez, jogar olhos nos olhos e discutir um lugar com elas \u00e9 para ficarmos todos orgulhosos&#8221;.<\/p>\n<p><img loading=\"lazy\" decoding=\"async\" class=\"wp-image-49209 alignleft\" src=\"https:\/\/fpvoleibol.pt\/fpv\/wp-content\/uploads\/2026\/08\/Euro2026_PorxPol_Figueiras.jpg\" alt=\"\" width=\"364\" height=\"252\" srcset=\"https:\/\/fpvoleibol.pt\/fpv\/wp-content\/uploads\/2026\/08\/Euro2026_PorxPol_Figueiras.jpg 960w, https:\/\/fpvoleibol.pt\/fpv\/wp-content\/uploads\/2026\/08\/Euro2026_PorxPol_Figueiras-300x208.jpg 300w, https:\/\/fpvoleibol.pt\/fpv\/wp-content\/uploads\/2026\/08\/Euro2026_PorxPol_Figueiras-768x532.jpg 768w\" sizes=\"auto, (max-width: 364px) 100vw, 364px\" \/>Vis\u00e3o id\u00eantica foi partilhada por Ana Figueiras. A distribuidora e capit\u00e3 da Sele\u00e7\u00e3o Nacional admitiu as dificuldades em entrar na partida, mas vincou o cumprimento dos objetivos tra\u00e7ados.<br \/>\n&#8220;Custou-nos muito entrar no ritmo do jogo e demor\u00e1mos tempo a estar soltas. Nesses momentos falta-nos a experi\u00eancia de nos conseguirmos aguentar na vantagem. Tivemos muitos momentos de tr\u00eas ou quatro erros seguidos que nos tiraram a margem que t\u00ednhamos adquirido&#8221;, explicou a jogadora.<\/p>\n<p>Contudo, ao fazer a retrospectiva da competi\u00e7\u00e3o, Ana Figueiras destacou a import\u00e2ncia do trajeto:<br \/>\n&#8220;O balan\u00e7o \u00e9 bastante positivo. V\u00ednhamos com o objetivo de ganhar dois jogos, algo que nunca tinha sido feito, e conseguimo-lo. Lut\u00e1mos de igual para igual contra uma equipa como a Pol\u00f3nia e s\u00f3 nos pode encher de orgulho. Todo o processo que se iniciou desde de maio, fez sentido&#8221;.<\/p>\n","protected":false},"excerpt":{"rendered":"<p>As \u00abhero\u00ednas de Baku\u00bb com excelente exibi\u00e7\u00e3o frente \u00e0 Pol\u00f3nia A Sele\u00e7\u00e3o Nacional de Seniores Femininos despediu-se da melhor forma que lhe foi poss\u00edvel do CEV EuroVolley 2026, com uma [&hellip;]<\/p>\n","protected":false},"author":2,"featured_media":49207,"comment_status":"open","ping_status":"open","sticky":false,"template":"","format":"standard","meta":{"_monsterinsights_skip_tracking":false,"_monsterinsights_sitenote_active":false,"_monsterinsights_sitenote_note":"","_monsterinsights_sitenote_category":0,"footnotes":""},"categories":[13,8],"tags":[130,196],"class_list":{"0":"post-49184","1":"post","2":"type-post","3":"status-publish","4":"format-standard","5":"has-post-thumbnail","7":"category-arbitragem","8":"category-voleibol","9":"tag-campeonato-da-europa-2026","10":"tag-snsf","11":"czr-hentry"},"aioseo_notices":[],"aioseo_head":"\n\t\t<!-- All in One SEO 4.9.10 - aioseo.com -->\n\t<meta name=\"description\" content=\"As \u00abhero\u00ednas de Baku\u00bb com excelente exibi\u00e7\u00e3o frente \u00e0 Pol\u00f3nia A Sele\u00e7\u00e3o Nacional de Seniores Femininos despediu-se da melhor forma que lhe foi poss\u00edvel do CEV EuroVolley 2026, com uma exibi\u00e7\u00e3o de gala que ficar\u00e1 certamente na mem\u00f3ria das poderosas polacas e do seu credenciado t\u00e9cnico, o italiano Stefano Lavarini. Com uma exibi\u00e7\u00e3o avassaladora de\" \/>\n\t<meta name=\"robots\" content=\"max-image-preview:large\" \/>\n\t<meta name=\"author\" content=\"Jorge Castro\"\/>\n\t<link rel=\"canonical\" href=\"https:\/\/fpvoleibol.pt\/fpv\/2026\/08\/31\/excelente-imagem-na-despedida\/\" \/>\n\t<meta name=\"generator\" content=\"All in One SEO (AIOSEO) 4.9.10\" \/>\n\t\t<meta property=\"og:locale\" content=\"pt_PT\" \/>\n\t\t<meta property=\"og:site_name\" content=\"Federa\u00e7\u00e3o Portuguesa de Voleibol - Website Oficial da FPV\" \/>\n\t\t<meta property=\"og:type\" content=\"article\" \/>\n\t\t<meta property=\"og:title\" content=\"EXCELENTE IMAGEM NA DESPEDIDA! - Federa\u00e7\u00e3o Portuguesa de Voleibol\" \/>\n\t\t<meta property=\"og:description\" content=\"As \u00abhero\u00ednas de Baku\u00bb com excelente exibi\u00e7\u00e3o frente \u00e0 Pol\u00f3nia A Sele\u00e7\u00e3o Nacional de Seniores Femininos despediu-se da melhor forma que lhe foi poss\u00edvel do CEV EuroVolley 2026, com uma exibi\u00e7\u00e3o de gala que ficar\u00e1 certamente na mem\u00f3ria das poderosas polacas e do seu credenciado t\u00e9cnico, o italiano Stefano Lavarini. Com uma exibi\u00e7\u00e3o avassaladora de\" \/>\n\t\t<meta property=\"og:url\" content=\"https:\/\/fpvoleibol.pt\/fpv\/2026\/08\/31\/excelente-imagem-na-despedida\/\" \/>\n\t\t<meta property=\"og:image\" content=\"https:\/\/fpvoleibol.pt\/fpv\/wp-content\/uploads\/2026\/08\/Euro2026_PorxPol_00f.jpg\" \/>\n\t\t<meta property=\"og:image:secure_url\" content=\"https:\/\/fpvoleibol.pt\/fpv\/wp-content\/uploads\/2026\/08\/Euro2026_PorxPol_00f.jpg\" \/>\n\t\t<meta property=\"og:image:width\" content=\"640\" \/>\n\t\t<meta property=\"og:image:height\" content=\"380\" \/>\n\t\t<meta property=\"article:published_time\" content=\"2026-08-31T19:22:53+00:00\" \/>\n\t\t<meta property=\"article:modified_time\" content=\"2026-09-02T19:40:03+00:00\" \/>\n\t\t<meta property=\"article:publisher\" content=\"https:\/\/facebook.com\/FPVoleibol\" \/>\n\t\t<meta name=\"twitter:card\" content=\"summary\" \/>\n\t\t<meta name=\"twitter:title\" content=\"EXCELENTE IMAGEM NA DESPEDIDA! - Federa\u00e7\u00e3o Portuguesa de Voleibol\" \/>\n\t\t<meta name=\"twitter:description\" content=\"As \u00abhero\u00ednas de Baku\u00bb com excelente exibi\u00e7\u00e3o frente \u00e0 Pol\u00f3nia A Sele\u00e7\u00e3o Nacional de Seniores Femininos despediu-se da melhor forma que lhe foi poss\u00edvel do CEV EuroVolley 2026, com uma exibi\u00e7\u00e3o de gala que ficar\u00e1 certamente na mem\u00f3ria das poderosas polacas e do seu credenciado t\u00e9cnico, o italiano Stefano Lavarini. Com uma exibi\u00e7\u00e3o avassaladora de\" \/>\n\t\t<meta name=\"twitter:image\" content=\"https:\/\/fpvoleibol.pt\/fpv\/wp-content\/uploads\/2026\/08\/Euro2026_PorxPol_00f.jpg\" \/>\n\t\t<script type=\"application\/ld+json\" class=\"aioseo-schema\">\n\t\t\t{\"@context\":\"https:\\\/\\\/schema.org\",\"@graph\":[{\"@type\":\"BlogPosting\",\"@id\":\"https:\\\/\\\/fpvoleibol.pt\\\/fpv\\\/2026\\\/08\\\/31\\\/excelente-imagem-na-despedida\\\/#blogposting\",\"name\":\"EXCELENTE IMAGEM NA DESPEDIDA! - Federa\\u00e7\\u00e3o Portuguesa de Voleibol\",\"headline\":\"EXCELENTE IMAGEM NA DESPEDIDA!\",\"author\":{\"@id\":\"https:\\\/\\\/fpvoleibol.pt\\\/fpv\\\/author\\\/imprensa\\\/#author\"},\"publisher\":{\"@id\":\"https:\\\/\\\/fpvoleibol.pt\\\/fpv\\\/#organization\"},\"image\":{\"@type\":\"ImageObject\",\"url\":\"https:\\\/\\\/fpvoleibol.pt\\\/fpv\\\/wp-content\\\/uploads\\\/2026\\\/08\\\/Euro2026_PorxPol_00f.jpg\",\"width\":640,\"height\":380},\"datePublished\":\"2026-08-31T20:22:53+01:00\",\"dateModified\":\"2026-09-02T20:40:03+01:00\",\"inLanguage\":\"pt-PT\",\"mainEntityOfPage\":{\"@id\":\"https:\\\/\\\/fpvoleibol.pt\\\/fpv\\\/2026\\\/08\\\/31\\\/excelente-imagem-na-despedida\\\/#webpage\"},\"isPartOf\":{\"@id\":\"https:\\\/\\\/fpvoleibol.pt\\\/fpv\\\/2026\\\/08\\\/31\\\/excelente-imagem-na-despedida\\\/#webpage\"},\"articleSection\":\"Arbitragem, Voleibol, Campeonato da Europa 2026, snsf\"},{\"@type\":\"BreadcrumbList\",\"@id\":\"https:\\\/\\\/fpvoleibol.pt\\\/fpv\\\/2026\\\/08\\\/31\\\/excelente-imagem-na-despedida\\\/#breadcrumblist\",\"itemListElement\":[{\"@type\":\"ListItem\",\"@id\":\"https:\\\/\\\/fpvoleibol.pt\\\/fpv#listItem\",\"position\":1,\"name\":\"In\\u00edcio\",\"item\":\"https:\\\/\\\/fpvoleibol.pt\\\/fpv\",\"nextItem\":{\"@type\":\"ListItem\",\"@id\":\"https:\\\/\\\/fpvoleibol.pt\\\/fpv\\\/category\\\/voleibol\\\/#listItem\",\"name\":\"Voleibol\"}},{\"@type\":\"ListItem\",\"@id\":\"https:\\\/\\\/fpvoleibol.pt\\\/fpv\\\/category\\\/voleibol\\\/#listItem\",\"position\":2,\"name\":\"Voleibol\",\"item\":\"https:\\\/\\\/fpvoleibol.pt\\\/fpv\\\/category\\\/voleibol\\\/\",\"nextItem\":{\"@type\":\"ListItem\",\"@id\":\"https:\\\/\\\/fpvoleibol.pt\\\/fpv\\\/2026\\\/08\\\/31\\\/excelente-imagem-na-despedida\\\/#listItem\",\"name\":\"EXCELENTE IMAGEM NA DESPEDIDA!\"},\"previousItem\":{\"@type\":\"ListItem\",\"@id\":\"https:\\\/\\\/fpvoleibol.pt\\\/fpv#listItem\",\"name\":\"In\\u00edcio\"}},{\"@type\":\"ListItem\",\"@id\":\"https:\\\/\\\/fpvoleibol.pt\\\/fpv\\\/2026\\\/08\\\/31\\\/excelente-imagem-na-despedida\\\/#listItem\",\"position\":3,\"name\":\"EXCELENTE IMAGEM NA DESPEDIDA!\",\"previousItem\":{\"@type\":\"ListItem\",\"@id\":\"https:\\\/\\\/fpvoleibol.pt\\\/fpv\\\/category\\\/voleibol\\\/#listItem\",\"name\":\"Voleibol\"}}]},{\"@type\":\"Organization\",\"@id\":\"https:\\\/\\\/fpvoleibol.pt\\\/fpv\\\/#organization\",\"name\":\"Federa\\u00e7\\u00e3o Portuguesa de Voleibol\",\"description\":\"Website Oficial da FPV\",\"url\":\"https:\\\/\\\/fpvoleibol.pt\\\/fpv\\\/\",\"telephone\":\"+351228349570\",\"logo\":{\"@type\":\"ImageObject\",\"url\":\"https:\\\/\\\/fpvoleibol.pt\\\/fpv\\\/wp-content\\\/uploads\\\/2021\\\/05\\\/logotipo_fpvoleibol_2021_site.png\",\"@id\":\"https:\\\/\\\/fpvoleibol.pt\\\/fpv\\\/2026\\\/08\\\/31\\\/excelente-imagem-na-despedida\\\/#organizationLogo\",\"width\":512,\"height\":473},\"image\":{\"@id\":\"https:\\\/\\\/fpvoleibol.pt\\\/fpv\\\/2026\\\/08\\\/31\\\/excelente-imagem-na-despedida\\\/#organizationLogo\"},\"sameAs\":[\"https:\\\/\\\/facebook.com\\\/FPVoleibol\",\"https:\\\/\\\/instagram.com\\\/FPVoleibol\"]},{\"@type\":\"Person\",\"@id\":\"https:\\\/\\\/fpvoleibol.pt\\\/fpv\\\/author\\\/imprensa\\\/#author\",\"url\":\"https:\\\/\\\/fpvoleibol.pt\\\/fpv\\\/author\\\/imprensa\\\/\",\"name\":\"Jorge Castro\",\"image\":{\"@type\":\"ImageObject\",\"@id\":\"https:\\\/\\\/fpvoleibol.pt\\\/fpv\\\/2026\\\/08\\\/31\\\/excelente-imagem-na-despedida\\\/#authorImage\",\"url\":\"https:\\\/\\\/secure.gravatar.com\\\/avatar\\\/b10a3458a4f34f13de2d39b55eb391825aeab00ff209c3fe857e3fd4d3dcb784?s=96&d=mm&r=g\",\"width\":96,\"height\":96,\"caption\":\"Jorge Castro\"}},{\"@type\":\"WebPage\",\"@id\":\"https:\\\/\\\/fpvoleibol.pt\\\/fpv\\\/2026\\\/08\\\/31\\\/excelente-imagem-na-despedida\\\/#webpage\",\"url\":\"https:\\\/\\\/fpvoleibol.pt\\\/fpv\\\/2026\\\/08\\\/31\\\/excelente-imagem-na-despedida\\\/\",\"name\":\"EXCELENTE IMAGEM NA DESPEDIDA! - Federa\\u00e7\\u00e3o Portuguesa de Voleibol\",\"description\":\"As \\u00abhero\\u00ednas de Baku\\u00bb com excelente exibi\\u00e7\\u00e3o frente \\u00e0 Pol\\u00f3nia A Sele\\u00e7\\u00e3o Nacional de Seniores Femininos despediu-se da melhor forma que lhe foi poss\\u00edvel do CEV EuroVolley 2026, com uma exibi\\u00e7\\u00e3o de gala que ficar\\u00e1 certamente na mem\\u00f3ria das poderosas polacas e do seu credenciado t\\u00e9cnico, o italiano Stefano Lavarini. Com uma exibi\\u00e7\\u00e3o avassaladora de\",\"inLanguage\":\"pt-PT\",\"isPartOf\":{\"@id\":\"https:\\\/\\\/fpvoleibol.pt\\\/fpv\\\/#website\"},\"breadcrumb\":{\"@id\":\"https:\\\/\\\/fpvoleibol.pt\\\/fpv\\\/2026\\\/08\\\/31\\\/excelente-imagem-na-despedida\\\/#breadcrumblist\"},\"author\":{\"@id\":\"https:\\\/\\\/fpvoleibol.pt\\\/fpv\\\/author\\\/imprensa\\\/#author\"},\"creator\":{\"@id\":\"https:\\\/\\\/fpvoleibol.pt\\\/fpv\\\/author\\\/imprensa\\\/#author\"},\"image\":{\"@type\":\"ImageObject\",\"url\":\"https:\\\/\\\/fpvoleibol.pt\\\/fpv\\\/wp-content\\\/uploads\\\/2026\\\/08\\\/Euro2026_PorxPol_00f.jpg\",\"@id\":\"https:\\\/\\\/fpvoleibol.pt\\\/fpv\\\/2026\\\/08\\\/31\\\/excelente-imagem-na-despedida\\\/#mainImage\",\"width\":640,\"height\":380},\"primaryImageOfPage\":{\"@id\":\"https:\\\/\\\/fpvoleibol.pt\\\/fpv\\\/2026\\\/08\\\/31\\\/excelente-imagem-na-despedida\\\/#mainImage\"},\"datePublished\":\"2026-08-31T20:22:53+01:00\",\"dateModified\":\"2026-09-02T20:40:03+01:00\"},{\"@type\":\"WebSite\",\"@id\":\"https:\\\/\\\/fpvoleibol.pt\\\/fpv\\\/#website\",\"url\":\"https:\\\/\\\/fpvoleibol.pt\\\/fpv\\\/\",\"name\":\"Federa\\u00e7\\u00e3o Portuguesa de Voleibol\",\"description\":\"Website Oficial da FPV\",\"inLanguage\":\"pt-PT\",\"publisher\":{\"@id\":\"https:\\\/\\\/fpvoleibol.pt\\\/fpv\\\/#organization\"}}]}\n\t\t<\/script>\n\t\t<!-- All in One SEO -->\n\n","aioseo_head_json":{"title":"EXCELENTE IMAGEM NA DESPEDIDA! - Federa\u00e7\u00e3o Portuguesa de Voleibol","description":"As \u00abhero\u00ednas de Baku\u00bb com excelente exibi\u00e7\u00e3o frente \u00e0 Pol\u00f3nia A Sele\u00e7\u00e3o Nacional de Seniores Femininos despediu-se da melhor forma que lhe foi poss\u00edvel do CEV EuroVolley 2026, com uma exibi\u00e7\u00e3o de gala que ficar\u00e1 certamente na mem\u00f3ria das poderosas polacas e do seu credenciado t\u00e9cnico, o italiano Stefano Lavarini. Com uma exibi\u00e7\u00e3o avassaladora de","canonical_url":"https:\/\/fpvoleibol.pt\/fpv\/2026\/08\/31\/excelente-imagem-na-despedida\/","robots":"max-image-preview:large","keywords":"","webmasterTools":{"miscellaneous":""},"schema":{"@context":"https:\/\/schema.org","@graph":[{"@type":"BlogPosting","@id":"https:\/\/fpvoleibol.pt\/fpv\/2026\/08\/31\/excelente-imagem-na-despedida\/#blogposting","name":"EXCELENTE IMAGEM NA DESPEDIDA! - Federa\u00e7\u00e3o Portuguesa de Voleibol","headline":"EXCELENTE IMAGEM NA DESPEDIDA!","author":{"@id":"https:\/\/fpvoleibol.pt\/fpv\/author\/imprensa\/#author"},"publisher":{"@id":"https:\/\/fpvoleibol.pt\/fpv\/#organization"},"image":{"@type":"ImageObject","url":"https:\/\/fpvoleibol.pt\/fpv\/wp-content\/uploads\/2026\/08\/Euro2026_PorxPol_00f.jpg","width":640,"height":380},"datePublished":"2026-08-31T20:22:53+01:00","dateModified":"2026-09-02T20:40:03+01:00","inLanguage":"pt-PT","mainEntityOfPage":{"@id":"https:\/\/fpvoleibol.pt\/fpv\/2026\/08\/31\/excelente-imagem-na-despedida\/#webpage"},"isPartOf":{"@id":"https:\/\/fpvoleibol.pt\/fpv\/2026\/08\/31\/excelente-imagem-na-despedida\/#webpage"},"articleSection":"Arbitragem, Voleibol, Campeonato da Europa 2026, snsf"},{"@type":"BreadcrumbList","@id":"https:\/\/fpvoleibol.pt\/fpv\/2026\/08\/31\/excelente-imagem-na-despedida\/#breadcrumblist","itemListElement":[{"@type":"ListItem","@id":"https:\/\/fpvoleibol.pt\/fpv#listItem","position":1,"name":"In\u00edcio","item":"https:\/\/fpvoleibol.pt\/fpv","nextItem":{"@type":"ListItem","@id":"https:\/\/fpvoleibol.pt\/fpv\/category\/voleibol\/#listItem","name":"Voleibol"}},{"@type":"ListItem","@id":"https:\/\/fpvoleibol.pt\/fpv\/category\/voleibol\/#listItem","position":2,"name":"Voleibol","item":"https:\/\/fpvoleibol.pt\/fpv\/category\/voleibol\/","nextItem":{"@type":"ListItem","@id":"https:\/\/fpvoleibol.pt\/fpv\/2026\/08\/31\/excelente-imagem-na-despedida\/#listItem","name":"EXCELENTE IMAGEM NA DESPEDIDA!"},"previousItem":{"@type":"ListItem","@id":"https:\/\/fpvoleibol.pt\/fpv#listItem","name":"In\u00edcio"}},{"@type":"ListItem","@id":"https:\/\/fpvoleibol.pt\/fpv\/2026\/08\/31\/excelente-imagem-na-despedida\/#listItem","position":3,"name":"EXCELENTE IMAGEM NA DESPEDIDA!","previousItem":{"@type":"ListItem","@id":"https:\/\/fpvoleibol.pt\/fpv\/category\/voleibol\/#listItem","name":"Voleibol"}}]},{"@type":"Organization","@id":"https:\/\/fpvoleibol.pt\/fpv\/#organization","name":"Federa\u00e7\u00e3o Portuguesa de Voleibol","description":"Website Oficial da FPV","url":"https:\/\/fpvoleibol.pt\/fpv\/","telephone":"+351228349570","logo":{"@type":"ImageObject","url":"https:\/\/fpvoleibol.pt\/fpv\/wp-content\/uploads\/2021\/05\/logotipo_fpvoleibol_2021_site.png","@id":"https:\/\/fpvoleibol.pt\/fpv\/2026\/08\/31\/excelente-imagem-na-despedida\/#organizationLogo","width":512,"height":473},"image":{"@id":"https:\/\/fpvoleibol.pt\/fpv\/2026\/08\/31\/excelente-imagem-na-despedida\/#organizationLogo"},"sameAs":["https:\/\/facebook.com\/FPVoleibol","https:\/\/instagram.com\/FPVoleibol"]},{"@type":"Person","@id":"https:\/\/fpvoleibol.pt\/fpv\/author\/imprensa\/#author","url":"https:\/\/fpvoleibol.pt\/fpv\/author\/imprensa\/","name":"Jorge Castro","image":{"@type":"ImageObject","@id":"https:\/\/fpvoleibol.pt\/fpv\/2026\/08\/31\/excelente-imagem-na-despedida\/#authorImage","url":"https:\/\/secure.gravatar.com\/avatar\/b10a3458a4f34f13de2d39b55eb391825aeab00ff209c3fe857e3fd4d3dcb784?s=96&d=mm&r=g","width":96,"height":96,"caption":"Jorge Castro"}},{"@type":"WebPage","@id":"https:\/\/fpvoleibol.pt\/fpv\/2026\/08\/31\/excelente-imagem-na-despedida\/#webpage","url":"https:\/\/fpvoleibol.pt\/fpv\/2026\/08\/31\/excelente-imagem-na-despedida\/","name":"EXCELENTE IMAGEM NA DESPEDIDA! - Federa\u00e7\u00e3o Portuguesa de Voleibol","description":"As \u00abhero\u00ednas de Baku\u00bb com excelente exibi\u00e7\u00e3o frente \u00e0 Pol\u00f3nia A Sele\u00e7\u00e3o Nacional de Seniores Femininos despediu-se da melhor forma que lhe foi poss\u00edvel do CEV EuroVolley 2026, com uma exibi\u00e7\u00e3o de gala que ficar\u00e1 certamente na mem\u00f3ria das poderosas polacas e do seu credenciado t\u00e9cnico, o italiano Stefano Lavarini. Com uma exibi\u00e7\u00e3o avassaladora de","inLanguage":"pt-PT","isPartOf":{"@id":"https:\/\/fpvoleibol.pt\/fpv\/#website"},"breadcrumb":{"@id":"https:\/\/fpvoleibol.pt\/fpv\/2026\/08\/31\/excelente-imagem-na-despedida\/#breadcrumblist"},"author":{"@id":"https:\/\/fpvoleibol.pt\/fpv\/author\/imprensa\/#author"},"creator":{"@id":"https:\/\/fpvoleibol.pt\/fpv\/author\/imprensa\/#author"},"image":{"@type":"ImageObject","url":"https:\/\/fpvoleibol.pt\/fpv\/wp-content\/uploads\/2026\/08\/Euro2026_PorxPol_00f.jpg","@id":"https:\/\/fpvoleibol.pt\/fpv\/2026\/08\/31\/excelente-imagem-na-despedida\/#mainImage","width":640,"height":380},"primaryImageOfPage":{"@id":"https:\/\/fpvoleibol.pt\/fpv\/2026\/08\/31\/excelente-imagem-na-despedida\/#mainImage"},"datePublished":"2026-08-31T20:22:53+01:00","dateModified":"2026-09-02T20:40:03+01:00"},{"@type":"WebSite","@id":"https:\/\/fpvoleibol.pt\/fpv\/#website","url":"https:\/\/fpvoleibol.pt\/fpv\/","name":"Federa\u00e7\u00e3o Portuguesa de Voleibol","description":"Website Oficial da FPV","inLanguage":"pt-PT","publisher":{"@id":"https:\/\/fpvoleibol.pt\/fpv\/#organization"}}]},"og:locale":"pt_PT","og:site_name":"Federa\u00e7\u00e3o Portuguesa de Voleibol - Website Oficial da FPV","og:type":"article","og:title":"EXCELENTE IMAGEM NA DESPEDIDA! - Federa\u00e7\u00e3o Portuguesa de Voleibol","og:description":"As \u00abhero\u00ednas de Baku\u00bb com excelente exibi\u00e7\u00e3o frente \u00e0 Pol\u00f3nia A Sele\u00e7\u00e3o Nacional de Seniores Femininos despediu-se da melhor forma que lhe foi poss\u00edvel do CEV EuroVolley 2026, com uma exibi\u00e7\u00e3o de gala que ficar\u00e1 certamente na mem\u00f3ria das poderosas polacas e do seu credenciado t\u00e9cnico, o italiano Stefano Lavarini. Com uma exibi\u00e7\u00e3o avassaladora de","og:url":"https:\/\/fpvoleibol.pt\/fpv\/2026\/08\/31\/excelente-imagem-na-despedida\/","og:image":"https:\/\/fpvoleibol.pt\/fpv\/wp-content\/uploads\/2026\/08\/Euro2026_PorxPol_00f.jpg","og:image:secure_url":"https:\/\/fpvoleibol.pt\/fpv\/wp-content\/uploads\/2026\/08\/Euro2026_PorxPol_00f.jpg","og:image:width":640,"og:image:height":380,"article:published_time":"2026-08-31T19:22:53+00:00","article:modified_time":"2026-09-02T19:40:03+00:00","article:publisher":"https:\/\/facebook.com\/FPVoleibol","twitter:card":"summary","twitter:title":"EXCELENTE IMAGEM NA DESPEDIDA! - Federa\u00e7\u00e3o Portuguesa de Voleibol","twitter:description":"As \u00abhero\u00ednas de Baku\u00bb com excelente exibi\u00e7\u00e3o frente \u00e0 Pol\u00f3nia A Sele\u00e7\u00e3o Nacional de Seniores Femininos despediu-se da melhor forma que lhe foi poss\u00edvel do CEV EuroVolley 2026, com uma exibi\u00e7\u00e3o de gala que ficar\u00e1 certamente na mem\u00f3ria das poderosas polacas e do seu credenciado t\u00e9cnico, o italiano Stefano Lavarini. Com uma exibi\u00e7\u00e3o avassaladora de","twitter:image":"https:\/\/fpvoleibol.pt\/fpv\/wp-content\/uploads\/2026\/08\/Euro2026_PorxPol_00f.jpg"},"aioseo_meta_data":{"post_id":"49184","title":null,"description":null,"keywords":null,"keyphrases":{"focus":{"keyphrase":"","score":0,"analysis":{"keyphraseInTitle":{"score":0,"maxScore":9,"error":1}}},"additional":[]},"primary_term":null,"canonical_url":null,"og_title":null,"og_description":null,"og_object_type":"default","og_image_type":"default","og_image_url":null,"og_image_width":null,"og_image_height":null,"og_image_custom_url":null,"og_image_custom_fields":null,"og_video":"","og_custom_url":null,"og_article_section":null,"og_article_tags":null,"twitter_use_og":false,"twitter_card":"default","twitter_image_type":"default","twitter_image_url":null,"twitter_image_custom_url":null,"twitter_image_custom_fields":null,"twitter_title":null,"twitter_description":null,"schema":{"blockGraphs":[],"customGraphs":[],"default":{"data":{"Article":[],"Course":[],"Dataset":[],"FAQPage":[],"Movie":[],"Person":[],"Product":[],"ProductReview":[],"Car":[],"Recipe":[],"Service":[],"SoftwareApplication":[],"WebPage":[]},"graphName":"BlogPosting","isEnabled":true},"graphs":[]},"schema_type":"default","schema_type_options":null,"pillar_content":false,"robots_default":true,"robots_noindex":false,"robots_noarchive":false,"robots_nosnippet":false,"robots_nofollow":false,"robots_noimageindex":false,"robots_noodp":false,"robots_notranslate":false,"robots_max_snippet":"-1","robots_max_videopreview":"-1","robots_max_imagepreview":"large","priority":null,"frequency":"default","local_seo":null,"breadcrumb_settings":null,"limit_modified_date":false,"ai":{"faqs":[],"keyPoints":[],"schemas":[],"titles":[],"descriptions":[],"socialPosts":{"email":{"subject":"","preview":"","content":""},"linkedin":[],"twitter":[],"facebook":[],"instagram":[]}},"created":"2026-08-31 13:14:49","updated":"2026-09-02 19:40:54","seo_analyzer_scan_date":null},"aioseo_breadcrumb":"<div class=\"aioseo-breadcrumbs\"><span class=\"aioseo-breadcrumb\">\n\t\t\t<a href=\"https:\/\/fpvoleibol.pt\/fpv\" title=\"In\u00edcio\">In\u00edcio<\/a>\n\t\t<\/span><span class=\"aioseo-breadcrumb-separator\">&raquo;<\/span><span class=\"aioseo-breadcrumb\">\n\t\t\t<a href=\"https:\/\/fpvoleibol.pt\/fpv\/category\/voleibol\/\" title=\"Voleibol\">Voleibol<\/a>\n\t\t<\/span><span class=\"aioseo-breadcrumb-separator\">&raquo;<\/span><span class=\"aioseo-breadcrumb\">\n\t\t\tEXCELENTE IMAGEM NA DESPEDIDA!\n\t\t<\/span><\/div>","aioseo_breadcrumb_json":[{"label":"In\u00edcio","link":"https:\/\/fpvoleibol.pt\/fpv"},{"label":"Voleibol","link":"https:\/\/fpvoleibol.pt\/fpv\/category\/voleibol\/"},{"label":"EXCELENTE IMAGEM NA DESPEDIDA!","link":"https:\/\/fpvoleibol.pt\/fpv\/2026\/08\/31\/excelente-imagem-na-despedida\/"}],"_links":{"self":[{"href":"https:\/\/fpvoleibol.pt\/fpv\/wp-json\/wp\/v2\/posts\/49184","targetHints":{"allow":["GET"]}}],"collection":[{"href":"https:\/\/fpvoleibol.pt\/fpv\/wp-json\/wp\/v2\/posts"}],"about":[{"href":"https:\/\/fpvoleibol.pt\/fpv\/wp-json\/wp\/v2\/types\/post"}],"author":[{"embeddable":true,"href":"https:\/\/fpvoleibol.pt\/fpv\/wp-json\/wp\/v2\/users\/2"}],"replies":[{"embeddable":true,"href":"https:\/\/fpvoleibol.pt\/fpv\/wp-json\/wp\/v2\/comments?post=49184"}],"version-history":[{"count":10,"href":"https:\/\/fpvoleibol.pt\/fpv\/wp-json\/wp\/v2\/posts\/49184\/revisions"}],"predecessor-version":[{"id":49214,"href":"https:\/\/fpvoleibol.pt\/fpv\/wp-json\/wp\/v2\/posts\/49184\/revisions\/49214"}],"wp:featuredmedia":[{"embeddable":true,"href":"https:\/\/fpvoleibol.pt\/fpv\/wp-json\/wp\/v2\/media\/49207"}],"wp:attachment":[{"href":"https:\/\/fpvoleibol.pt\/fpv\/wp-json\/wp\/v2\/media?parent=49184"}],"wp:term":[{"taxonomy":"category","embeddable":true,"href":"https:\/\/fpvoleibol.pt\/fpv\/wp-json\/wp\/v2\/categories?post=49184"},{"taxonomy":"post_tag","embeddable":true,"href":"https:\/\/fpvoleibol.pt\/fpv\/wp-json\/wp\/v2\/tags?post=49184"}],"curies":[{"name":"wp","href":"https:\/\/api.w.org\/{rel}","templated":true}]}}