{"id":49173,"date":"2026-08-29T19:26:51","date_gmt":"2026-08-29T18:26:51","guid":{"rendered":"https:\/\/fpvoleibol.pt\/fpv\/?p=49173"},"modified":"2026-09-01T10:23:40","modified_gmt":"2026-09-01T09:23:40","slug":"uma-selecao-para-a-historia","status":"publish","type":"post","link":"https:\/\/fpvoleibol.pt\/fpv\/2026\/08\/29\/uma-selecao-para-a-historia\/","title":{"rendered":"UMA SELE\u00c7\u00c3O PARA A HIST\u00d3RIA"},"content":{"rendered":"<p style=\"text-align: center;\"><span style=\"font-size: 12px;\"><strong><img loading=\"lazy\" decoding=\"async\" class=\"size-full wp-image-49176 aligncenter\" src=\"https:\/\/fpvoleibol.pt\/fpv\/wp-content\/uploads\/2026\/08\/Euro2026_Hugo_Silva_team_2d.jpg\" alt=\"\" width=\"960\" height=\"640\" srcset=\"https:\/\/fpvoleibol.pt\/fpv\/wp-content\/uploads\/2026\/08\/Euro2026_Hugo_Silva_team_2d.jpg 960w, https:\/\/fpvoleibol.pt\/fpv\/wp-content\/uploads\/2026\/08\/Euro2026_Hugo_Silva_team_2d-300x200.jpg 300w, https:\/\/fpvoleibol.pt\/fpv\/wp-content\/uploads\/2026\/08\/Euro2026_Hugo_Silva_team_2d-768x512.jpg 768w\" sizes=\"auto, (max-width: 960px) 100vw, 960px\" \/>As \u00abhero\u00ednas de Baku\u00bb preparam o assalto a Istambul ap\u00f3s feito memor\u00e1vel no Europeu<\/strong><\/span><\/p>\n<p>A caminhada da Sele\u00e7\u00e3o Nacional de Seniores Femininos continua a desbravar territ\u00f3rios in\u00e9ditos no voleibol nacional. Na sequ\u00eancia do impacto gerado pela conquista da European Silver League em 2024 \u2013 ponto de viragem estrutural que incutiu uma nova cultura de exig\u00eancia \u2013, a equipa das quinas transformou a sua segunda presen\u00e7a no mapa das grandes decis\u00f5es europeias num marco de realce para o desporto feminino portugu\u00eas.<\/p>\n<p>A confirma\u00e7\u00e3o da passagem aos oitavos de final ficou carimbada ap\u00f3s uma batalha \u00e9pica contra a Rom\u00e9nia, decidida num <em>tie-break<\/em> angustiante de 15-13 (15-25, 26-24, 20-25, 27-25 e 15-13), no encerramento da Pool C, em Baku. Uma vit\u00f3ria de pura resili\u00eancia que deu sequ\u00eancia ao primeiro triunfo em fases finais de Europeus, alcan\u00e7ado no encontro anterior (3-1), sobre a Espanha.<\/p>\n<p>Agora, as aten\u00e7\u00f5es viram-se para o m\u00edtico caldeir\u00e3o do Sinan Erdem Sports Hall, em Istambul. Portugal entra em campo no dia 31 de agosto (19h00 locais\/17h00 em Portugal) para medir for\u00e7as com a Pol\u00f3nia, que venceu (3-2) no \u00faltimo jogo da Pool A a toda-poderosa Turquia, campe\u00e3 europeia em t\u00edtulo e vencedora da Liga das Na\u00e7\u00f5es 2026.<\/p>\n<p style=\"text-align: center;\"><strong>Hugo Silva: &#8220;A nossa condi\u00e7\u00e3o m\u00ednima<br \/>\n\u00e9 entrar em campo para ganhar &#8220;<\/strong><\/p>\n<p>Com o bilhete garantido para a Turquia, o Selecionador Nacional, Hugo Silva, faz o raio-X a uma campanha inesquec\u00edvel e coloca o dedo na ferida sobre o futuro da modalidade.<\/p>\n<p><strong>A prova de fogo mental no &#8216;tie-break&#8217; de Baku:<\/strong> &#8220;Ap\u00f3s a exigente prepara\u00e7\u00e3o, fomos percebendo que a equipa estava a evoluir. Sabia que, diante de B\u00e9lgica e Holanda, as jogadoras iriam adquirir a bagagem competitiva necess\u00e1ria para discutir os jogos com Espanha e Rom\u00e9nia. Mais do que maturidade, t\u00ednhamos rotinas trabalhadas centenas de vezes. A \u00fanica forma de ultrapassar a inexperi\u00eancia era preparar tudo ao detalhe para que, nos momentos decisivos, nada falhasse. Foi isso que aconteceu, com uma importante dose de inspira\u00e7\u00e3o.&#8221;<\/p>\n<p><strong>Tr\u00eas anos de envelhecimento em tr\u00eas dias?<\/strong> &#8220;Sinto que a equipa cresceu imenso em qualidade e disfar\u00e7ou a juventude. Quem envelheceu fomos n\u00f3s, a equipa t\u00e9cnica: tr\u00eas anos em apenas tr\u00eas dias! As atletas adaptaram-se com uma bravura not\u00e1vel a mais de 50 sets disputados at\u00e9 ao 15-13 final.&#8221;<\/p>\n<p><strong>Teto m\u00e1ximo ou in\u00edcio do assalto \u00e0 elite europeia?<\/strong> &#8220;Este resultado n\u00e3o pode servir para tapar os olhos ao que ainda h\u00e1 por fazer no voleibol feminino portugu\u00eas. Precisamos de elevar a qualidade das nossas atletas e transformar a quantidade de praticantes numa massa cr\u00edtica mais forte. Nem tudo est\u00e1 bem e este sucesso tem de ser a inspira\u00e7\u00e3o para querermos mais, porque o panorama atual ainda n\u00e3o chega.&#8221;<\/p>\n<p><strong>O plano t\u00e1tico e a garra lusa na hora H:<\/strong> &#8220;O plano t\u00e1tico nunca vai pela borda fora. O que aconteceu no quarto set foi a consci\u00eancia de que est\u00e1vamos perto de algo inimagin\u00e1vel. O servi\u00e7o (<em>\u00e1s<\/em>) da Joana Garcez teve a mesma import\u00e2ncia que as defesas da Matilde, os blocos da Amanda, os ataques da J\u00falia, a leitura da Mariana ou o apoio do banco. O sucesso s\u00f3 existe com um grupo unido.&#8221;<\/p>\n<p><strong>O fim do r\u00f3tulo de &#8216;parente pobre&#8217;:<\/strong> &#8220;Internamente, o voleibol feminino j\u00e1 ultrapassou h\u00e1 muito o masculino, mas l\u00e1 fora o caminho ainda \u00e9 longo. N\u00e3o podemos confundir quantidade com qualidade nem achar que os problemas est\u00e3o resolvidos. Temos alcan\u00e7ado feitos soberbos com recursos limitados, uma realidade que se esgota se n\u00e3o houver coragem para agir.&#8221;<\/p>\n<p><strong>A ambi\u00e7\u00e3o para a batalha de Istambul:<\/strong> &#8220;Vamos para a Turquia disputar a nossa terceira final. E, como em qualquer final, a filosofia n\u00e3o muda: entramos em campo para ganhar.&#8221;<\/p>\n","protected":false},"excerpt":{"rendered":"<p>As \u00abhero\u00ednas de Baku\u00bb preparam o assalto a Istambul ap\u00f3s feito memor\u00e1vel no Europeu A caminhada da Sele\u00e7\u00e3o Nacional de Seniores Femininos continua a desbravar territ\u00f3rios in\u00e9ditos no voleibol nacional. [&hellip;]<\/p>\n","protected":false},"author":2,"featured_media":49175,"comment_status":"open","ping_status":"open","sticky":false,"template":"","format":"standard","meta":{"_monsterinsights_skip_tracking":false,"_monsterinsights_sitenote_active":false,"_monsterinsights_sitenote_note":"","_monsterinsights_sitenote_category":0,"footnotes":""},"categories":[13,8],"tags":[130,196],"class_list":{"0":"post-49173","1":"post","2":"type-post","3":"status-publish","4":"format-standard","5":"has-post-thumbnail","7":"category-arbitragem","8":"category-voleibol","9":"tag-campeonato-da-europa-2026","10":"tag-snsf","11":"czr-hentry"},"aioseo_notices":[],"aioseo_head":"\n\t\t<!-- All in One SEO 4.9.10 - aioseo.com -->\n\t<meta name=\"description\" content=\"As \u00abhero\u00ednas de Baku\u00bb preparam o assalto a Istambul ap\u00f3s feito memor\u00e1vel no Europeu A caminhada da Sele\u00e7\u00e3o Nacional de Seniores Femininos continua a desbravar territ\u00f3rios in\u00e9ditos no voleibol nacional. Na sequ\u00eancia do impacto gerado pela conquista da European Silver League em 2024 \u2013 ponto de viragem estrutural que incutiu uma nova cultura de exig\u00eancia\" \/>\n\t<meta name=\"robots\" content=\"max-image-preview:large\" \/>\n\t<meta name=\"author\" content=\"Jorge Castro\"\/>\n\t<link rel=\"canonical\" href=\"https:\/\/fpvoleibol.pt\/fpv\/2026\/08\/29\/uma-selecao-para-a-historia\/\" \/>\n\t<meta name=\"generator\" content=\"All in One SEO (AIOSEO) 4.9.10\" \/>\n\t\t<meta property=\"og:locale\" content=\"pt_PT\" \/>\n\t\t<meta property=\"og:site_name\" content=\"Federa\u00e7\u00e3o Portuguesa de Voleibol - Website Oficial da FPV\" \/>\n\t\t<meta property=\"og:type\" content=\"article\" \/>\n\t\t<meta property=\"og:title\" content=\"UMA SELE\u00c7\u00c3O PARA A HIST\u00d3RIA - Federa\u00e7\u00e3o Portuguesa de Voleibol\" \/>\n\t\t<meta property=\"og:description\" content=\"As \u00abhero\u00ednas de Baku\u00bb preparam o assalto a Istambul ap\u00f3s feito memor\u00e1vel no Europeu A caminhada da Sele\u00e7\u00e3o Nacional de Seniores Femininos continua a desbravar territ\u00f3rios in\u00e9ditos no voleibol nacional. Na sequ\u00eancia do impacto gerado pela conquista da European Silver League em 2024 \u2013 ponto de viragem estrutural que incutiu uma nova cultura de exig\u00eancia\" \/>\n\t\t<meta property=\"og:url\" content=\"https:\/\/fpvoleibol.pt\/fpv\/2026\/08\/29\/uma-selecao-para-a-historia\/\" \/>\n\t\t<meta property=\"og:image\" content=\"https:\/\/fpvoleibol.pt\/fpv\/wp-content\/uploads\/2026\/08\/Euro2026_team_bandeira_f.jpg\" \/>\n\t\t<meta property=\"og:image:secure_url\" content=\"https:\/\/fpvoleibol.pt\/fpv\/wp-content\/uploads\/2026\/08\/Euro2026_team_bandeira_f.jpg\" \/>\n\t\t<meta property=\"og:image:width\" content=\"640\" \/>\n\t\t<meta property=\"og:image:height\" content=\"380\" \/>\n\t\t<meta property=\"article:published_time\" content=\"2026-08-29T18:26:51+00:00\" \/>\n\t\t<meta property=\"article:modified_time\" content=\"2026-09-01T09:23:40+00:00\" \/>\n\t\t<meta property=\"article:publisher\" content=\"https:\/\/facebook.com\/FPVoleibol\" \/>\n\t\t<meta name=\"twitter:card\" content=\"summary\" \/>\n\t\t<meta name=\"twitter:title\" content=\"UMA SELE\u00c7\u00c3O PARA A HIST\u00d3RIA - Federa\u00e7\u00e3o Portuguesa de Voleibol\" \/>\n\t\t<meta name=\"twitter:description\" content=\"As \u00abhero\u00ednas de Baku\u00bb preparam o assalto a Istambul ap\u00f3s feito memor\u00e1vel no Europeu A caminhada da Sele\u00e7\u00e3o Nacional de Seniores Femininos continua a desbravar territ\u00f3rios in\u00e9ditos no voleibol nacional. Na sequ\u00eancia do impacto gerado pela conquista da European Silver League em 2024 \u2013 ponto de viragem estrutural que incutiu uma nova cultura de exig\u00eancia\" \/>\n\t\t<meta name=\"twitter:image\" content=\"https:\/\/fpvoleibol.pt\/fpv\/wp-content\/uploads\/2026\/08\/Euro2026_team_bandeira_f.jpg\" \/>\n\t\t<script type=\"application\/ld+json\" class=\"aioseo-schema\">\n\t\t\t{\"@context\":\"https:\\\/\\\/schema.org\",\"@graph\":[{\"@type\":\"BlogPosting\",\"@id\":\"https:\\\/\\\/fpvoleibol.pt\\\/fpv\\\/2026\\\/08\\\/29\\\/uma-selecao-para-a-historia\\\/#blogposting\",\"name\":\"UMA SELE\\u00c7\\u00c3O PARA A HIST\\u00d3RIA - Federa\\u00e7\\u00e3o Portuguesa de Voleibol\",\"headline\":\"UMA SELE\\u00c7\\u00c3O PARA A HIST\\u00d3RIA\",\"author\":{\"@id\":\"https:\\\/\\\/fpvoleibol.pt\\\/fpv\\\/author\\\/imprensa\\\/#author\"},\"publisher\":{\"@id\":\"https:\\\/\\\/fpvoleibol.pt\\\/fpv\\\/#organization\"},\"image\":{\"@type\":\"ImageObject\",\"url\":\"https:\\\/\\\/fpvoleibol.pt\\\/fpv\\\/wp-content\\\/uploads\\\/2026\\\/08\\\/Euro2026_team_bandeira_f.jpg\",\"width\":640,\"height\":380},\"datePublished\":\"2026-08-29T19:26:51+01:00\",\"dateModified\":\"2026-09-01T10:23:40+01:00\",\"inLanguage\":\"pt-PT\",\"mainEntityOfPage\":{\"@id\":\"https:\\\/\\\/fpvoleibol.pt\\\/fpv\\\/2026\\\/08\\\/29\\\/uma-selecao-para-a-historia\\\/#webpage\"},\"isPartOf\":{\"@id\":\"https:\\\/\\\/fpvoleibol.pt\\\/fpv\\\/2026\\\/08\\\/29\\\/uma-selecao-para-a-historia\\\/#webpage\"},\"articleSection\":\"Arbitragem, Voleibol, Campeonato da Europa 2026, snsf\"},{\"@type\":\"BreadcrumbList\",\"@id\":\"https:\\\/\\\/fpvoleibol.pt\\\/fpv\\\/2026\\\/08\\\/29\\\/uma-selecao-para-a-historia\\\/#breadcrumblist\",\"itemListElement\":[{\"@type\":\"ListItem\",\"@id\":\"https:\\\/\\\/fpvoleibol.pt\\\/fpv#listItem\",\"position\":1,\"name\":\"In\\u00edcio\",\"item\":\"https:\\\/\\\/fpvoleibol.pt\\\/fpv\",\"nextItem\":{\"@type\":\"ListItem\",\"@id\":\"https:\\\/\\\/fpvoleibol.pt\\\/fpv\\\/category\\\/voleibol\\\/#listItem\",\"name\":\"Voleibol\"}},{\"@type\":\"ListItem\",\"@id\":\"https:\\\/\\\/fpvoleibol.pt\\\/fpv\\\/category\\\/voleibol\\\/#listItem\",\"position\":2,\"name\":\"Voleibol\",\"item\":\"https:\\\/\\\/fpvoleibol.pt\\\/fpv\\\/category\\\/voleibol\\\/\",\"nextItem\":{\"@type\":\"ListItem\",\"@id\":\"https:\\\/\\\/fpvoleibol.pt\\\/fpv\\\/2026\\\/08\\\/29\\\/uma-selecao-para-a-historia\\\/#listItem\",\"name\":\"UMA SELE\\u00c7\\u00c3O PARA A HIST\\u00d3RIA\"},\"previousItem\":{\"@type\":\"ListItem\",\"@id\":\"https:\\\/\\\/fpvoleibol.pt\\\/fpv#listItem\",\"name\":\"In\\u00edcio\"}},{\"@type\":\"ListItem\",\"@id\":\"https:\\\/\\\/fpvoleibol.pt\\\/fpv\\\/2026\\\/08\\\/29\\\/uma-selecao-para-a-historia\\\/#listItem\",\"position\":3,\"name\":\"UMA SELE\\u00c7\\u00c3O PARA A HIST\\u00d3RIA\",\"previousItem\":{\"@type\":\"ListItem\",\"@id\":\"https:\\\/\\\/fpvoleibol.pt\\\/fpv\\\/category\\\/voleibol\\\/#listItem\",\"name\":\"Voleibol\"}}]},{\"@type\":\"Organization\",\"@id\":\"https:\\\/\\\/fpvoleibol.pt\\\/fpv\\\/#organization\",\"name\":\"Federa\\u00e7\\u00e3o Portuguesa de Voleibol\",\"description\":\"Website Oficial da FPV\",\"url\":\"https:\\\/\\\/fpvoleibol.pt\\\/fpv\\\/\",\"telephone\":\"+351228349570\",\"logo\":{\"@type\":\"ImageObject\",\"url\":\"https:\\\/\\\/fpvoleibol.pt\\\/fpv\\\/wp-content\\\/uploads\\\/2021\\\/05\\\/logotipo_fpvoleibol_2021_site.png\",\"@id\":\"https:\\\/\\\/fpvoleibol.pt\\\/fpv\\\/2026\\\/08\\\/29\\\/uma-selecao-para-a-historia\\\/#organizationLogo\",\"width\":512,\"height\":473},\"image\":{\"@id\":\"https:\\\/\\\/fpvoleibol.pt\\\/fpv\\\/2026\\\/08\\\/29\\\/uma-selecao-para-a-historia\\\/#organizationLogo\"},\"sameAs\":[\"https:\\\/\\\/facebook.com\\\/FPVoleibol\",\"https:\\\/\\\/instagram.com\\\/FPVoleibol\"]},{\"@type\":\"Person\",\"@id\":\"https:\\\/\\\/fpvoleibol.pt\\\/fpv\\\/author\\\/imprensa\\\/#author\",\"url\":\"https:\\\/\\\/fpvoleibol.pt\\\/fpv\\\/author\\\/imprensa\\\/\",\"name\":\"Jorge Castro\",\"image\":{\"@type\":\"ImageObject\",\"@id\":\"https:\\\/\\\/fpvoleibol.pt\\\/fpv\\\/2026\\\/08\\\/29\\\/uma-selecao-para-a-historia\\\/#authorImage\",\"url\":\"https:\\\/\\\/secure.gravatar.com\\\/avatar\\\/b10a3458a4f34f13de2d39b55eb391825aeab00ff209c3fe857e3fd4d3dcb784?s=96&d=mm&r=g\",\"width\":96,\"height\":96,\"caption\":\"Jorge Castro\"}},{\"@type\":\"WebPage\",\"@id\":\"https:\\\/\\\/fpvoleibol.pt\\\/fpv\\\/2026\\\/08\\\/29\\\/uma-selecao-para-a-historia\\\/#webpage\",\"url\":\"https:\\\/\\\/fpvoleibol.pt\\\/fpv\\\/2026\\\/08\\\/29\\\/uma-selecao-para-a-historia\\\/\",\"name\":\"UMA SELE\\u00c7\\u00c3O PARA A HIST\\u00d3RIA - Federa\\u00e7\\u00e3o Portuguesa de Voleibol\",\"description\":\"As \\u00abhero\\u00ednas de Baku\\u00bb preparam o assalto a Istambul ap\\u00f3s feito memor\\u00e1vel no Europeu A caminhada da Sele\\u00e7\\u00e3o Nacional de Seniores Femininos continua a desbravar territ\\u00f3rios in\\u00e9ditos no voleibol nacional. Na sequ\\u00eancia do impacto gerado pela conquista da European Silver League em 2024 \\u2013 ponto de viragem estrutural que incutiu uma nova cultura de exig\\u00eancia\",\"inLanguage\":\"pt-PT\",\"isPartOf\":{\"@id\":\"https:\\\/\\\/fpvoleibol.pt\\\/fpv\\\/#website\"},\"breadcrumb\":{\"@id\":\"https:\\\/\\\/fpvoleibol.pt\\\/fpv\\\/2026\\\/08\\\/29\\\/uma-selecao-para-a-historia\\\/#breadcrumblist\"},\"author\":{\"@id\":\"https:\\\/\\\/fpvoleibol.pt\\\/fpv\\\/author\\\/imprensa\\\/#author\"},\"creator\":{\"@id\":\"https:\\\/\\\/fpvoleibol.pt\\\/fpv\\\/author\\\/imprensa\\\/#author\"},\"image\":{\"@type\":\"ImageObject\",\"url\":\"https:\\\/\\\/fpvoleibol.pt\\\/fpv\\\/wp-content\\\/uploads\\\/2026\\\/08\\\/Euro2026_team_bandeira_f.jpg\",\"@id\":\"https:\\\/\\\/fpvoleibol.pt\\\/fpv\\\/2026\\\/08\\\/29\\\/uma-selecao-para-a-historia\\\/#mainImage\",\"width\":640,\"height\":380},\"primaryImageOfPage\":{\"@id\":\"https:\\\/\\\/fpvoleibol.pt\\\/fpv\\\/2026\\\/08\\\/29\\\/uma-selecao-para-a-historia\\\/#mainImage\"},\"datePublished\":\"2026-08-29T19:26:51+01:00\",\"dateModified\":\"2026-09-01T10:23:40+01:00\"},{\"@type\":\"WebSite\",\"@id\":\"https:\\\/\\\/fpvoleibol.pt\\\/fpv\\\/#website\",\"url\":\"https:\\\/\\\/fpvoleibol.pt\\\/fpv\\\/\",\"name\":\"Federa\\u00e7\\u00e3o Portuguesa de Voleibol\",\"description\":\"Website Oficial da FPV\",\"inLanguage\":\"pt-PT\",\"publisher\":{\"@id\":\"https:\\\/\\\/fpvoleibol.pt\\\/fpv\\\/#organization\"}}]}\n\t\t<\/script>\n\t\t<!-- All in One SEO -->\n\n","aioseo_head_json":{"title":"UMA SELE\u00c7\u00c3O PARA A HIST\u00d3RIA - Federa\u00e7\u00e3o Portuguesa de Voleibol","description":"As \u00abhero\u00ednas de Baku\u00bb preparam o assalto a Istambul ap\u00f3s feito memor\u00e1vel no Europeu A caminhada da Sele\u00e7\u00e3o Nacional de Seniores Femininos continua a desbravar territ\u00f3rios in\u00e9ditos no voleibol nacional. Na sequ\u00eancia do impacto gerado pela conquista da European Silver League em 2024 \u2013 ponto de viragem estrutural que incutiu uma nova cultura de exig\u00eancia","canonical_url":"https:\/\/fpvoleibol.pt\/fpv\/2026\/08\/29\/uma-selecao-para-a-historia\/","robots":"max-image-preview:large","keywords":"","webmasterTools":{"miscellaneous":""},"schema":{"@context":"https:\/\/schema.org","@graph":[{"@type":"BlogPosting","@id":"https:\/\/fpvoleibol.pt\/fpv\/2026\/08\/29\/uma-selecao-para-a-historia\/#blogposting","name":"UMA SELE\u00c7\u00c3O PARA A HIST\u00d3RIA - Federa\u00e7\u00e3o Portuguesa de Voleibol","headline":"UMA SELE\u00c7\u00c3O PARA A HIST\u00d3RIA","author":{"@id":"https:\/\/fpvoleibol.pt\/fpv\/author\/imprensa\/#author"},"publisher":{"@id":"https:\/\/fpvoleibol.pt\/fpv\/#organization"},"image":{"@type":"ImageObject","url":"https:\/\/fpvoleibol.pt\/fpv\/wp-content\/uploads\/2026\/08\/Euro2026_team_bandeira_f.jpg","width":640,"height":380},"datePublished":"2026-08-29T19:26:51+01:00","dateModified":"2026-09-01T10:23:40+01:00","inLanguage":"pt-PT","mainEntityOfPage":{"@id":"https:\/\/fpvoleibol.pt\/fpv\/2026\/08\/29\/uma-selecao-para-a-historia\/#webpage"},"isPartOf":{"@id":"https:\/\/fpvoleibol.pt\/fpv\/2026\/08\/29\/uma-selecao-para-a-historia\/#webpage"},"articleSection":"Arbitragem, Voleibol, Campeonato da Europa 2026, snsf"},{"@type":"BreadcrumbList","@id":"https:\/\/fpvoleibol.pt\/fpv\/2026\/08\/29\/uma-selecao-para-a-historia\/#breadcrumblist","itemListElement":[{"@type":"ListItem","@id":"https:\/\/fpvoleibol.pt\/fpv#listItem","position":1,"name":"In\u00edcio","item":"https:\/\/fpvoleibol.pt\/fpv","nextItem":{"@type":"ListItem","@id":"https:\/\/fpvoleibol.pt\/fpv\/category\/voleibol\/#listItem","name":"Voleibol"}},{"@type":"ListItem","@id":"https:\/\/fpvoleibol.pt\/fpv\/category\/voleibol\/#listItem","position":2,"name":"Voleibol","item":"https:\/\/fpvoleibol.pt\/fpv\/category\/voleibol\/","nextItem":{"@type":"ListItem","@id":"https:\/\/fpvoleibol.pt\/fpv\/2026\/08\/29\/uma-selecao-para-a-historia\/#listItem","name":"UMA SELE\u00c7\u00c3O PARA A HIST\u00d3RIA"},"previousItem":{"@type":"ListItem","@id":"https:\/\/fpvoleibol.pt\/fpv#listItem","name":"In\u00edcio"}},{"@type":"ListItem","@id":"https:\/\/fpvoleibol.pt\/fpv\/2026\/08\/29\/uma-selecao-para-a-historia\/#listItem","position":3,"name":"UMA SELE\u00c7\u00c3O PARA A HIST\u00d3RIA","previousItem":{"@type":"ListItem","@id":"https:\/\/fpvoleibol.pt\/fpv\/category\/voleibol\/#listItem","name":"Voleibol"}}]},{"@type":"Organization","@id":"https:\/\/fpvoleibol.pt\/fpv\/#organization","name":"Federa\u00e7\u00e3o Portuguesa de Voleibol","description":"Website Oficial da FPV","url":"https:\/\/fpvoleibol.pt\/fpv\/","telephone":"+351228349570","logo":{"@type":"ImageObject","url":"https:\/\/fpvoleibol.pt\/fpv\/wp-content\/uploads\/2021\/05\/logotipo_fpvoleibol_2021_site.png","@id":"https:\/\/fpvoleibol.pt\/fpv\/2026\/08\/29\/uma-selecao-para-a-historia\/#organizationLogo","width":512,"height":473},"image":{"@id":"https:\/\/fpvoleibol.pt\/fpv\/2026\/08\/29\/uma-selecao-para-a-historia\/#organizationLogo"},"sameAs":["https:\/\/facebook.com\/FPVoleibol","https:\/\/instagram.com\/FPVoleibol"]},{"@type":"Person","@id":"https:\/\/fpvoleibol.pt\/fpv\/author\/imprensa\/#author","url":"https:\/\/fpvoleibol.pt\/fpv\/author\/imprensa\/","name":"Jorge Castro","image":{"@type":"ImageObject","@id":"https:\/\/fpvoleibol.pt\/fpv\/2026\/08\/29\/uma-selecao-para-a-historia\/#authorImage","url":"https:\/\/secure.gravatar.com\/avatar\/b10a3458a4f34f13de2d39b55eb391825aeab00ff209c3fe857e3fd4d3dcb784?s=96&d=mm&r=g","width":96,"height":96,"caption":"Jorge Castro"}},{"@type":"WebPage","@id":"https:\/\/fpvoleibol.pt\/fpv\/2026\/08\/29\/uma-selecao-para-a-historia\/#webpage","url":"https:\/\/fpvoleibol.pt\/fpv\/2026\/08\/29\/uma-selecao-para-a-historia\/","name":"UMA SELE\u00c7\u00c3O PARA A HIST\u00d3RIA - Federa\u00e7\u00e3o Portuguesa de Voleibol","description":"As \u00abhero\u00ednas de Baku\u00bb preparam o assalto a Istambul ap\u00f3s feito memor\u00e1vel no Europeu A caminhada da Sele\u00e7\u00e3o Nacional de Seniores Femininos continua a desbravar territ\u00f3rios in\u00e9ditos no voleibol nacional. Na sequ\u00eancia do impacto gerado pela conquista da European Silver League em 2024 \u2013 ponto de viragem estrutural que incutiu uma nova cultura de exig\u00eancia","inLanguage":"pt-PT","isPartOf":{"@id":"https:\/\/fpvoleibol.pt\/fpv\/#website"},"breadcrumb":{"@id":"https:\/\/fpvoleibol.pt\/fpv\/2026\/08\/29\/uma-selecao-para-a-historia\/#breadcrumblist"},"author":{"@id":"https:\/\/fpvoleibol.pt\/fpv\/author\/imprensa\/#author"},"creator":{"@id":"https:\/\/fpvoleibol.pt\/fpv\/author\/imprensa\/#author"},"image":{"@type":"ImageObject","url":"https:\/\/fpvoleibol.pt\/fpv\/wp-content\/uploads\/2026\/08\/Euro2026_team_bandeira_f.jpg","@id":"https:\/\/fpvoleibol.pt\/fpv\/2026\/08\/29\/uma-selecao-para-a-historia\/#mainImage","width":640,"height":380},"primaryImageOfPage":{"@id":"https:\/\/fpvoleibol.pt\/fpv\/2026\/08\/29\/uma-selecao-para-a-historia\/#mainImage"},"datePublished":"2026-08-29T19:26:51+01:00","dateModified":"2026-09-01T10:23:40+01:00"},{"@type":"WebSite","@id":"https:\/\/fpvoleibol.pt\/fpv\/#website","url":"https:\/\/fpvoleibol.pt\/fpv\/","name":"Federa\u00e7\u00e3o Portuguesa de Voleibol","description":"Website Oficial da FPV","inLanguage":"pt-PT","publisher":{"@id":"https:\/\/fpvoleibol.pt\/fpv\/#organization"}}]},"og:locale":"pt_PT","og:site_name":"Federa\u00e7\u00e3o Portuguesa de Voleibol - Website Oficial da FPV","og:type":"article","og:title":"UMA SELE\u00c7\u00c3O PARA A HIST\u00d3RIA - Federa\u00e7\u00e3o Portuguesa de Voleibol","og:description":"As \u00abhero\u00ednas de Baku\u00bb preparam o assalto a Istambul ap\u00f3s feito memor\u00e1vel no Europeu A caminhada da Sele\u00e7\u00e3o Nacional de Seniores Femininos continua a desbravar territ\u00f3rios in\u00e9ditos no voleibol nacional. Na sequ\u00eancia do impacto gerado pela conquista da European Silver League em 2024 \u2013 ponto de viragem estrutural que incutiu uma nova cultura de exig\u00eancia","og:url":"https:\/\/fpvoleibol.pt\/fpv\/2026\/08\/29\/uma-selecao-para-a-historia\/","og:image":"https:\/\/fpvoleibol.pt\/fpv\/wp-content\/uploads\/2026\/08\/Euro2026_team_bandeira_f.jpg","og:image:secure_url":"https:\/\/fpvoleibol.pt\/fpv\/wp-content\/uploads\/2026\/08\/Euro2026_team_bandeira_f.jpg","og:image:width":640,"og:image:height":380,"article:published_time":"2026-08-29T18:26:51+00:00","article:modified_time":"2026-09-01T09:23:40+00:00","article:publisher":"https:\/\/facebook.com\/FPVoleibol","twitter:card":"summary","twitter:title":"UMA SELE\u00c7\u00c3O PARA A HIST\u00d3RIA - Federa\u00e7\u00e3o Portuguesa de Voleibol","twitter:description":"As \u00abhero\u00ednas de Baku\u00bb preparam o assalto a Istambul ap\u00f3s feito memor\u00e1vel no Europeu A caminhada da Sele\u00e7\u00e3o Nacional de Seniores Femininos continua a desbravar territ\u00f3rios in\u00e9ditos no voleibol nacional. Na sequ\u00eancia do impacto gerado pela conquista da European Silver League em 2024 \u2013 ponto de viragem estrutural que incutiu uma nova cultura de exig\u00eancia","twitter:image":"https:\/\/fpvoleibol.pt\/fpv\/wp-content\/uploads\/2026\/08\/Euro2026_team_bandeira_f.jpg"},"aioseo_meta_data":{"post_id":"49173","title":null,"description":null,"keywords":null,"keyphrases":{"focus":{"keyphrase":"","score":0,"analysis":{"keyphraseInTitle":{"score":0,"maxScore":9,"error":1}}},"additional":[]},"primary_term":null,"canonical_url":null,"og_title":null,"og_description":null,"og_object_type":"default","og_image_type":"default","og_image_url":null,"og_image_width":null,"og_image_height":null,"og_image_custom_url":null,"og_image_custom_fields":null,"og_video":"","og_custom_url":null,"og_article_section":null,"og_article_tags":null,"twitter_use_og":false,"twitter_card":"default","twitter_image_type":"default","twitter_image_url":null,"twitter_image_custom_url":null,"twitter_image_custom_fields":null,"twitter_title":null,"twitter_description":null,"schema":{"blockGraphs":[],"customGraphs":[],"default":{"data":{"Article":[],"Course":[],"Dataset":[],"FAQPage":[],"Movie":[],"Person":[],"Product":[],"ProductReview":[],"Car":[],"Recipe":[],"Service":[],"SoftwareApplication":[],"WebPage":[]},"graphName":"BlogPosting","isEnabled":true},"graphs":[]},"schema_type":"default","schema_type_options":null,"pillar_content":false,"robots_default":true,"robots_noindex":false,"robots_noarchive":false,"robots_nosnippet":false,"robots_nofollow":false,"robots_noimageindex":false,"robots_noodp":false,"robots_notranslate":false,"robots_max_snippet":"-1","robots_max_videopreview":"-1","robots_max_imagepreview":"large","priority":null,"frequency":"default","local_seo":null,"breadcrumb_settings":null,"limit_modified_date":false,"ai":{"faqs":[],"keyPoints":[],"schemas":[],"titles":[],"descriptions":[],"socialPosts":{"email":{"subject":"","preview":"","content":""},"linkedin":[],"twitter":[],"facebook":[],"instagram":[]}},"created":"2026-08-29 18:15:43","updated":"2026-09-01 09:23:51","seo_analyzer_scan_date":null},"aioseo_breadcrumb":"<div class=\"aioseo-breadcrumbs\"><span class=\"aioseo-breadcrumb\">\n\t\t\t<a href=\"https:\/\/fpvoleibol.pt\/fpv\" title=\"In\u00edcio\">In\u00edcio<\/a>\n\t\t<\/span><span class=\"aioseo-breadcrumb-separator\">&raquo;<\/span><span class=\"aioseo-breadcrumb\">\n\t\t\t<a href=\"https:\/\/fpvoleibol.pt\/fpv\/category\/voleibol\/\" title=\"Voleibol\">Voleibol<\/a>\n\t\t<\/span><span class=\"aioseo-breadcrumb-separator\">&raquo;<\/span><span class=\"aioseo-breadcrumb\">\n\t\t\tUMA SELE\u00c7\u00c3O PARA A HIST\u00d3RIA\n\t\t<\/span><\/div>","aioseo_breadcrumb_json":[{"label":"In\u00edcio","link":"https:\/\/fpvoleibol.pt\/fpv"},{"label":"Voleibol","link":"https:\/\/fpvoleibol.pt\/fpv\/category\/voleibol\/"},{"label":"UMA SELE\u00c7\u00c3O PARA A HIST\u00d3RIA","link":"https:\/\/fpvoleibol.pt\/fpv\/2026\/08\/29\/uma-selecao-para-a-historia\/"}],"_links":{"self":[{"href":"https:\/\/fpvoleibol.pt\/fpv\/wp-json\/wp\/v2\/posts\/49173","targetHints":{"allow":["GET"]}}],"collection":[{"href":"https:\/\/fpvoleibol.pt\/fpv\/wp-json\/wp\/v2\/posts"}],"about":[{"href":"https:\/\/fpvoleibol.pt\/fpv\/wp-json\/wp\/v2\/types\/post"}],"author":[{"embeddable":true,"href":"https:\/\/fpvoleibol.pt\/fpv\/wp-json\/wp\/v2\/users\/2"}],"replies":[{"embeddable":true,"href":"https:\/\/fpvoleibol.pt\/fpv\/wp-json\/wp\/v2\/comments?post=49173"}],"version-history":[{"count":3,"href":"https:\/\/fpvoleibol.pt\/fpv\/wp-json\/wp\/v2\/posts\/49173\/revisions"}],"predecessor-version":[{"id":49200,"href":"https:\/\/fpvoleibol.pt\/fpv\/wp-json\/wp\/v2\/posts\/49173\/revisions\/49200"}],"wp:featuredmedia":[{"embeddable":true,"href":"https:\/\/fpvoleibol.pt\/fpv\/wp-json\/wp\/v2\/media\/49175"}],"wp:attachment":[{"href":"https:\/\/fpvoleibol.pt\/fpv\/wp-json\/wp\/v2\/media?parent=49173"}],"wp:term":[{"taxonomy":"category","embeddable":true,"href":"https:\/\/fpvoleibol.pt\/fpv\/wp-json\/wp\/v2\/categories?post=49173"},{"taxonomy":"post_tag","embeddable":true,"href":"https:\/\/fpvoleibol.pt\/fpv\/wp-json\/wp\/v2\/tags?post=49173"}],"curies":[{"name":"wp","href":"https:\/\/api.w.org\/{rel}","templated":true}]}}