{"id":49160,"date":"2026-08-28T19:55:46","date_gmt":"2026-08-28T18:55:46","guid":{"rendered":"https:\/\/fpvoleibol.pt\/fpv\/?p=49160"},"modified":"2026-08-31T14:13:12","modified_gmt":"2026-08-31T13:13:12","slug":"portuguesas-defrontam-polacas-nos-oitavos","status":"publish","type":"post","link":"https:\/\/fpvoleibol.pt\/fpv\/2026\/08\/28\/portuguesas-defrontam-polacas-nos-oitavos\/","title":{"rendered":"PORTUGUESAS DEFRONTAM POLACAS NOS \u00abOITAVOS\u00bb"},"content":{"rendered":"<p style=\"text-align: center;\"><span style=\"font-size: 12px;\"><strong><img loading=\"lazy\" decoding=\"async\" class=\"size-full wp-image-49163 aligncenter\" src=\"https:\/\/fpvoleibol.pt\/fpv\/wp-content\/uploads\/2026\/08\/Portugal-vit_esp_d.jpg\" alt=\"\" width=\"960\" height=\"570\" srcset=\"https:\/\/fpvoleibol.pt\/fpv\/wp-content\/uploads\/2026\/08\/Portugal-vit_esp_d.jpg 960w, https:\/\/fpvoleibol.pt\/fpv\/wp-content\/uploads\/2026\/08\/Portugal-vit_esp_d-300x178.jpg 300w, https:\/\/fpvoleibol.pt\/fpv\/wp-content\/uploads\/2026\/08\/Portugal-vit_esp_d-768x456.jpg 768w\" sizes=\"auto, (max-width: 960px) 100vw, 960px\" \/>Portugal defronta a sensacional Pol\u00f3nia nos oitavos de final em Istambul<\/strong><\/span><\/p>\n<p>Ao contr\u00e1rio do que se previa, a Sele\u00e7\u00e3o Nacional de Seniores Femininos vai medir for\u00e7as nos oitavos de final do Campeonato da Europa de 2026 com a Pol\u00f3nia, que se mant\u00e9m invicta e imp\u00f4s a primeira derrota \u00e0 Turquia, campe\u00e3 europeia em t\u00edtulo, vencedora da Liga das Na\u00e7\u00f5es (VNL 2026) e 3.\u00aa posicionada no ranking mundial da FIVB.<\/p>\n<p>O duelo da turma das quinas com as polacas est\u00e1 agendado para a cidade otomana de Istambul, no complexo Sinan Erdem Sports Hall, no dia 31 de agosto (19h00 locais\/17h00 em Portugal).<\/p>\n<p>Ap\u00f3s um primeiro set decepcionante, a sele\u00e7\u00e3o polaca bateu a Turquia por <a href=\"https:\/\/www-old.cev.eu\/Competition-Area\/MatchStatistics.aspx?ID=84431\">3-2 (15-25, 25-21, 25-22, 16-25 e 15-10)<\/a> e confirmou o primeiro lugar na Pool A, que foi disputada na Turquia, e avan\u00e7a para a fase a eliminar como l\u00edder invicta do Grupo A, ostentando o estatuto de atual 5.\u00aa posicionada no ranking mundial da FIVB.<\/p>\n<p>A sele\u00e7\u00e3o portuguesa, a cumprir a sua segunda presen\u00e7a hist\u00f3rica na fase final da competi\u00e7\u00e3o depois de garantir o apuramento como uma das melhores segundas classificadas da qualifica\u00e7\u00e3o, superou a exigente fase de grupos disputada em Baku. No Grupo C, a equipa lusa mediu for\u00e7as com advers\u00e1rios de peso internacional, incluindo os Pa\u00edses Baixos (bronze europeu e 6.\u00aa do ranking mundial), a B\u00e9lgica (11.\u00aa do ranking), a Rom\u00e9nia, a Espanha e a sele\u00e7\u00e3o anfitri\u00e3 do Azerbaij\u00e3o.<\/p>\n<p>A primeira fase do EuroVolley encerrou hoje e esteve dividida por quatro pa\u00edses: Turquia (Grupo A), Ch\u00e9quia (Grupo B), Azerbaij\u00e3o (Grupo C) e Su\u00e9cia (Grupo D). A competi\u00e7\u00e3o entra agora na fase a eliminar, com os jogos dos oitavos de final a distribu\u00edrem-se entre Istambul e a cidade checa de Brno, nos dias 31 de agosto e 1 de setembro.<\/p>\n<p style=\"text-align: center;\"><strong><img loading=\"lazy\" decoding=\"async\" class=\" wp-image-49143 alignleft\" src=\"https:\/\/fpvoleibol.pt\/fpv\/wp-content\/uploads\/2026\/08\/AvelinoA_e_RaquelP_f.jpg\" alt=\"\" width=\"207\" height=\"123\" srcset=\"https:\/\/fpvoleibol.pt\/fpv\/wp-content\/uploads\/2026\/08\/AvelinoA_e_RaquelP_f.jpg 640w, https:\/\/fpvoleibol.pt\/fpv\/wp-content\/uploads\/2026\/08\/AvelinoA_e_RaquelP_f-300x178.jpg 300w\" sizes=\"auto, (max-width: 207px) 100vw, 207px\" \/>Arbitragem nacional em destaque<\/strong><\/p>\n<p>A representa\u00e7\u00e3o portuguesa no EuroVolley estende-se tamb\u00e9m aos quadros de arbitragem. A \u00e1rbitra internacional <a href=\"https:\/\/fpvoleibol.pt\/fpv\/2026\/08\/28\/arbitragem-portuguesa-em-destaque-no-europeu\/\">Raquel Portela<\/a>, que teve a responsabilidade de dirigir, como 1.\u00ba \u00e1rbitro, o jogo de abertura oficial do torneio em Gotemburgo, viaja agora para Brno para continuar a sua interven\u00e7\u00e3o na prova.<br \/>\nA comitiva de arbitragem completou-se com Avelino Azevedo, Presidente do Conselho de Arbitragem da Federa\u00e7\u00e3o Portuguesa de Voleibol, que desempenha fun\u00e7\u00f5es no evento como Delegado de Arbitragem da Confedera\u00e7\u00e3o Europeia de Voleibol (CEV) e que agora est\u00e1 de regresso ao nosso pa\u00eds.<\/p>\n<p style=\"text-align: center;\"><strong>Pol\u00f3nia com crescimento not\u00f3rio<\/strong><\/p>\n<p>Pela frente, a equipa portuguesa ter\u00e1 a Pol\u00f3nia, atual 5.\u00aa classificada do ranking FIVB, que ostenta uma rica tradi\u00e7\u00e3o hist\u00f3rica que remonta \u00e0s primeiras d\u00e9cadas do voleibol mundial, tendo conquistado duas medalhas de bronze ol\u00edmpicas (T\u00f3quio 1964 e Cidade do M\u00e9xico 1968), para al\u00e9m de ser bicampe\u00e3 europeia (2003 e 2005) num pec\u00falio continental que inclui ainda quatro medalhas de prata e cinco de bronze.<br \/>\nSob a orienta\u00e7\u00e3o do t\u00e9cnico italiano Stefano Lavarini, a sele\u00e7\u00e3o polaca viveu um forte ressurgimento recente que a levou de volta aos p\u00f3dios das grandes competi\u00e7\u00f5es internacionais, destacando-se o regresso aos Jogos Ol\u00edmpicos em Paris 2024 ap\u00f3s um hiato de 16 anos, a presen\u00e7a nos quartos de final do Campeonato do Mundo em 2025 e a consolida\u00e7\u00e3o no top 8 mundial atrav\u00e9s da conquista de tr\u00eas medalhas de bronze consecutivas na Liga das Na\u00e7\u00f5es (2023, 2024 e 2025).<\/p>\n","protected":false},"excerpt":{"rendered":"<p>Portugal defronta a sensacional Pol\u00f3nia nos oitavos de final em Istambul Ao contr\u00e1rio do que se previa, a Sele\u00e7\u00e3o Nacional de Seniores Femininos vai medir for\u00e7as nos oitavos de final [&hellip;]<\/p>\n","protected":false},"author":2,"featured_media":49162,"comment_status":"open","ping_status":"open","sticky":false,"template":"","format":"standard","meta":{"_monsterinsights_skip_tracking":false,"_monsterinsights_sitenote_active":false,"_monsterinsights_sitenote_note":"","_monsterinsights_sitenote_category":0,"footnotes":""},"categories":[13,8],"tags":[130,196],"class_list":{"0":"post-49160","1":"post","2":"type-post","3":"status-publish","4":"format-standard","5":"has-post-thumbnail","7":"category-arbitragem","8":"category-voleibol","9":"tag-campeonato-da-europa-2026","10":"tag-snsf","11":"czr-hentry"},"aioseo_notices":[],"aioseo_head":"\n\t\t<!-- All in One SEO 4.9.10 - aioseo.com -->\n\t<meta name=\"description\" content=\"Portugal defronta a sensacional Pol\u00f3nia nos oitavos de final em Istambul Ao contr\u00e1rio do que se previa, a Sele\u00e7\u00e3o Nacional de Seniores Femininos vai medir for\u00e7as nos oitavos de final do Campeonato da Europa de 2026 com a Pol\u00f3nia, que se mant\u00e9m invicta e imp\u00f4s a primeira derrota \u00e0 Turquia, campe\u00e3 europeia em t\u00edtulo, vencedora\" \/>\n\t<meta name=\"robots\" content=\"max-image-preview:large\" \/>\n\t<meta name=\"author\" content=\"Jorge Castro\"\/>\n\t<link rel=\"canonical\" href=\"https:\/\/fpvoleibol.pt\/fpv\/2026\/08\/28\/portuguesas-defrontam-polacas-nos-oitavos\/\" \/>\n\t<meta name=\"generator\" content=\"All in One SEO (AIOSEO) 4.9.10\" \/>\n\t\t<meta property=\"og:locale\" content=\"pt_PT\" \/>\n\t\t<meta property=\"og:site_name\" content=\"Federa\u00e7\u00e3o Portuguesa de Voleibol - Website Oficial da FPV\" \/>\n\t\t<meta property=\"og:type\" content=\"article\" \/>\n\t\t<meta property=\"og:title\" content=\"PORTUGUESAS DEFRONTAM POLACAS NOS \u00abOITAVOS\u00bb - Federa\u00e7\u00e3o Portuguesa de Voleibol\" \/>\n\t\t<meta property=\"og:description\" content=\"Portugal defronta a sensacional Pol\u00f3nia nos oitavos de final em Istambul Ao contr\u00e1rio do que se previa, a Sele\u00e7\u00e3o Nacional de Seniores Femininos vai medir for\u00e7as nos oitavos de final do Campeonato da Europa de 2026 com a Pol\u00f3nia, que se mant\u00e9m invicta e imp\u00f4s a primeira derrota \u00e0 Turquia, campe\u00e3 europeia em t\u00edtulo, vencedora\" \/>\n\t\t<meta property=\"og:url\" content=\"https:\/\/fpvoleibol.pt\/fpv\/2026\/08\/28\/portuguesas-defrontam-polacas-nos-oitavos\/\" \/>\n\t\t<meta property=\"og:image\" content=\"https:\/\/fpvoleibol.pt\/fpv\/wp-content\/uploads\/2026\/08\/Portugal-vit_esp_f.jpg\" \/>\n\t\t<meta property=\"og:image:secure_url\" content=\"https:\/\/fpvoleibol.pt\/fpv\/wp-content\/uploads\/2026\/08\/Portugal-vit_esp_f.jpg\" \/>\n\t\t<meta property=\"og:image:width\" content=\"640\" \/>\n\t\t<meta property=\"og:image:height\" content=\"380\" \/>\n\t\t<meta property=\"article:published_time\" content=\"2026-08-28T18:55:46+00:00\" \/>\n\t\t<meta property=\"article:modified_time\" content=\"2026-08-31T13:13:12+00:00\" \/>\n\t\t<meta property=\"article:publisher\" content=\"https:\/\/facebook.com\/FPVoleibol\" \/>\n\t\t<meta name=\"twitter:card\" content=\"summary\" \/>\n\t\t<meta name=\"twitter:title\" content=\"PORTUGUESAS DEFRONTAM POLACAS NOS \u00abOITAVOS\u00bb - Federa\u00e7\u00e3o Portuguesa de Voleibol\" \/>\n\t\t<meta name=\"twitter:description\" content=\"Portugal defronta a sensacional Pol\u00f3nia nos oitavos de final em Istambul Ao contr\u00e1rio do que se previa, a Sele\u00e7\u00e3o Nacional de Seniores Femininos vai medir for\u00e7as nos oitavos de final do Campeonato da Europa de 2026 com a Pol\u00f3nia, que se mant\u00e9m invicta e imp\u00f4s a primeira derrota \u00e0 Turquia, campe\u00e3 europeia em t\u00edtulo, vencedora\" \/>\n\t\t<meta name=\"twitter:image\" content=\"https:\/\/fpvoleibol.pt\/fpv\/wp-content\/uploads\/2026\/08\/Portugal-vit_esp_f.jpg\" \/>\n\t\t<script type=\"application\/ld+json\" class=\"aioseo-schema\">\n\t\t\t{\"@context\":\"https:\\\/\\\/schema.org\",\"@graph\":[{\"@type\":\"BlogPosting\",\"@id\":\"https:\\\/\\\/fpvoleibol.pt\\\/fpv\\\/2026\\\/08\\\/28\\\/portuguesas-defrontam-polacas-nos-oitavos\\\/#blogposting\",\"name\":\"PORTUGUESAS DEFRONTAM POLACAS NOS \\u00abOITAVOS\\u00bb - Federa\\u00e7\\u00e3o Portuguesa de Voleibol\",\"headline\":\"PORTUGUESAS DEFRONTAM POLACAS NOS \\u00abOITAVOS\\u00bb\",\"author\":{\"@id\":\"https:\\\/\\\/fpvoleibol.pt\\\/fpv\\\/author\\\/imprensa\\\/#author\"},\"publisher\":{\"@id\":\"https:\\\/\\\/fpvoleibol.pt\\\/fpv\\\/#organization\"},\"image\":{\"@type\":\"ImageObject\",\"url\":\"https:\\\/\\\/fpvoleibol.pt\\\/fpv\\\/wp-content\\\/uploads\\\/2026\\\/08\\\/Portugal-vit_esp_f.jpg\",\"width\":640,\"height\":380},\"datePublished\":\"2026-08-28T19:55:46+01:00\",\"dateModified\":\"2026-08-31T14:13:12+01:00\",\"inLanguage\":\"pt-PT\",\"mainEntityOfPage\":{\"@id\":\"https:\\\/\\\/fpvoleibol.pt\\\/fpv\\\/2026\\\/08\\\/28\\\/portuguesas-defrontam-polacas-nos-oitavos\\\/#webpage\"},\"isPartOf\":{\"@id\":\"https:\\\/\\\/fpvoleibol.pt\\\/fpv\\\/2026\\\/08\\\/28\\\/portuguesas-defrontam-polacas-nos-oitavos\\\/#webpage\"},\"articleSection\":\"Arbitragem, Voleibol, Campeonato da Europa 2026, snsf\"},{\"@type\":\"BreadcrumbList\",\"@id\":\"https:\\\/\\\/fpvoleibol.pt\\\/fpv\\\/2026\\\/08\\\/28\\\/portuguesas-defrontam-polacas-nos-oitavos\\\/#breadcrumblist\",\"itemListElement\":[{\"@type\":\"ListItem\",\"@id\":\"https:\\\/\\\/fpvoleibol.pt\\\/fpv#listItem\",\"position\":1,\"name\":\"In\\u00edcio\",\"item\":\"https:\\\/\\\/fpvoleibol.pt\\\/fpv\",\"nextItem\":{\"@type\":\"ListItem\",\"@id\":\"https:\\\/\\\/fpvoleibol.pt\\\/fpv\\\/category\\\/voleibol\\\/#listItem\",\"name\":\"Voleibol\"}},{\"@type\":\"ListItem\",\"@id\":\"https:\\\/\\\/fpvoleibol.pt\\\/fpv\\\/category\\\/voleibol\\\/#listItem\",\"position\":2,\"name\":\"Voleibol\",\"item\":\"https:\\\/\\\/fpvoleibol.pt\\\/fpv\\\/category\\\/voleibol\\\/\",\"nextItem\":{\"@type\":\"ListItem\",\"@id\":\"https:\\\/\\\/fpvoleibol.pt\\\/fpv\\\/2026\\\/08\\\/28\\\/portuguesas-defrontam-polacas-nos-oitavos\\\/#listItem\",\"name\":\"PORTUGUESAS DEFRONTAM POLACAS NOS \\u00abOITAVOS\\u00bb\"},\"previousItem\":{\"@type\":\"ListItem\",\"@id\":\"https:\\\/\\\/fpvoleibol.pt\\\/fpv#listItem\",\"name\":\"In\\u00edcio\"}},{\"@type\":\"ListItem\",\"@id\":\"https:\\\/\\\/fpvoleibol.pt\\\/fpv\\\/2026\\\/08\\\/28\\\/portuguesas-defrontam-polacas-nos-oitavos\\\/#listItem\",\"position\":3,\"name\":\"PORTUGUESAS DEFRONTAM POLACAS NOS \\u00abOITAVOS\\u00bb\",\"previousItem\":{\"@type\":\"ListItem\",\"@id\":\"https:\\\/\\\/fpvoleibol.pt\\\/fpv\\\/category\\\/voleibol\\\/#listItem\",\"name\":\"Voleibol\"}}]},{\"@type\":\"Organization\",\"@id\":\"https:\\\/\\\/fpvoleibol.pt\\\/fpv\\\/#organization\",\"name\":\"Federa\\u00e7\\u00e3o Portuguesa de Voleibol\",\"description\":\"Website Oficial da FPV\",\"url\":\"https:\\\/\\\/fpvoleibol.pt\\\/fpv\\\/\",\"telephone\":\"+351228349570\",\"logo\":{\"@type\":\"ImageObject\",\"url\":\"https:\\\/\\\/fpvoleibol.pt\\\/fpv\\\/wp-content\\\/uploads\\\/2021\\\/05\\\/logotipo_fpvoleibol_2021_site.png\",\"@id\":\"https:\\\/\\\/fpvoleibol.pt\\\/fpv\\\/2026\\\/08\\\/28\\\/portuguesas-defrontam-polacas-nos-oitavos\\\/#organizationLogo\",\"width\":512,\"height\":473},\"image\":{\"@id\":\"https:\\\/\\\/fpvoleibol.pt\\\/fpv\\\/2026\\\/08\\\/28\\\/portuguesas-defrontam-polacas-nos-oitavos\\\/#organizationLogo\"},\"sameAs\":[\"https:\\\/\\\/facebook.com\\\/FPVoleibol\",\"https:\\\/\\\/instagram.com\\\/FPVoleibol\"]},{\"@type\":\"Person\",\"@id\":\"https:\\\/\\\/fpvoleibol.pt\\\/fpv\\\/author\\\/imprensa\\\/#author\",\"url\":\"https:\\\/\\\/fpvoleibol.pt\\\/fpv\\\/author\\\/imprensa\\\/\",\"name\":\"Jorge Castro\",\"image\":{\"@type\":\"ImageObject\",\"@id\":\"https:\\\/\\\/fpvoleibol.pt\\\/fpv\\\/2026\\\/08\\\/28\\\/portuguesas-defrontam-polacas-nos-oitavos\\\/#authorImage\",\"url\":\"https:\\\/\\\/secure.gravatar.com\\\/avatar\\\/b10a3458a4f34f13de2d39b55eb391825aeab00ff209c3fe857e3fd4d3dcb784?s=96&d=mm&r=g\",\"width\":96,\"height\":96,\"caption\":\"Jorge Castro\"}},{\"@type\":\"WebPage\",\"@id\":\"https:\\\/\\\/fpvoleibol.pt\\\/fpv\\\/2026\\\/08\\\/28\\\/portuguesas-defrontam-polacas-nos-oitavos\\\/#webpage\",\"url\":\"https:\\\/\\\/fpvoleibol.pt\\\/fpv\\\/2026\\\/08\\\/28\\\/portuguesas-defrontam-polacas-nos-oitavos\\\/\",\"name\":\"PORTUGUESAS DEFRONTAM POLACAS NOS \\u00abOITAVOS\\u00bb - Federa\\u00e7\\u00e3o Portuguesa de Voleibol\",\"description\":\"Portugal defronta a sensacional Pol\\u00f3nia nos oitavos de final em Istambul Ao contr\\u00e1rio do que se previa, a Sele\\u00e7\\u00e3o Nacional de Seniores Femininos vai medir for\\u00e7as nos oitavos de final do Campeonato da Europa de 2026 com a Pol\\u00f3nia, que se mant\\u00e9m invicta e imp\\u00f4s a primeira derrota \\u00e0 Turquia, campe\\u00e3 europeia em t\\u00edtulo, vencedora\",\"inLanguage\":\"pt-PT\",\"isPartOf\":{\"@id\":\"https:\\\/\\\/fpvoleibol.pt\\\/fpv\\\/#website\"},\"breadcrumb\":{\"@id\":\"https:\\\/\\\/fpvoleibol.pt\\\/fpv\\\/2026\\\/08\\\/28\\\/portuguesas-defrontam-polacas-nos-oitavos\\\/#breadcrumblist\"},\"author\":{\"@id\":\"https:\\\/\\\/fpvoleibol.pt\\\/fpv\\\/author\\\/imprensa\\\/#author\"},\"creator\":{\"@id\":\"https:\\\/\\\/fpvoleibol.pt\\\/fpv\\\/author\\\/imprensa\\\/#author\"},\"image\":{\"@type\":\"ImageObject\",\"url\":\"https:\\\/\\\/fpvoleibol.pt\\\/fpv\\\/wp-content\\\/uploads\\\/2026\\\/08\\\/Portugal-vit_esp_f.jpg\",\"@id\":\"https:\\\/\\\/fpvoleibol.pt\\\/fpv\\\/2026\\\/08\\\/28\\\/portuguesas-defrontam-polacas-nos-oitavos\\\/#mainImage\",\"width\":640,\"height\":380},\"primaryImageOfPage\":{\"@id\":\"https:\\\/\\\/fpvoleibol.pt\\\/fpv\\\/2026\\\/08\\\/28\\\/portuguesas-defrontam-polacas-nos-oitavos\\\/#mainImage\"},\"datePublished\":\"2026-08-28T19:55:46+01:00\",\"dateModified\":\"2026-08-31T14:13:12+01:00\"},{\"@type\":\"WebSite\",\"@id\":\"https:\\\/\\\/fpvoleibol.pt\\\/fpv\\\/#website\",\"url\":\"https:\\\/\\\/fpvoleibol.pt\\\/fpv\\\/\",\"name\":\"Federa\\u00e7\\u00e3o Portuguesa de Voleibol\",\"description\":\"Website Oficial da FPV\",\"inLanguage\":\"pt-PT\",\"publisher\":{\"@id\":\"https:\\\/\\\/fpvoleibol.pt\\\/fpv\\\/#organization\"}}]}\n\t\t<\/script>\n\t\t<!-- All in One SEO -->\n\n","aioseo_head_json":{"title":"PORTUGUESAS DEFRONTAM POLACAS NOS \u00abOITAVOS\u00bb - Federa\u00e7\u00e3o Portuguesa de Voleibol","description":"Portugal defronta a sensacional Pol\u00f3nia nos oitavos de final em Istambul Ao contr\u00e1rio do que se previa, a Sele\u00e7\u00e3o Nacional de Seniores Femininos vai medir for\u00e7as nos oitavos de final do Campeonato da Europa de 2026 com a Pol\u00f3nia, que se mant\u00e9m invicta e imp\u00f4s a primeira derrota \u00e0 Turquia, campe\u00e3 europeia em t\u00edtulo, vencedora","canonical_url":"https:\/\/fpvoleibol.pt\/fpv\/2026\/08\/28\/portuguesas-defrontam-polacas-nos-oitavos\/","robots":"max-image-preview:large","keywords":"","webmasterTools":{"miscellaneous":""},"schema":{"@context":"https:\/\/schema.org","@graph":[{"@type":"BlogPosting","@id":"https:\/\/fpvoleibol.pt\/fpv\/2026\/08\/28\/portuguesas-defrontam-polacas-nos-oitavos\/#blogposting","name":"PORTUGUESAS DEFRONTAM POLACAS NOS \u00abOITAVOS\u00bb - Federa\u00e7\u00e3o Portuguesa de Voleibol","headline":"PORTUGUESAS DEFRONTAM POLACAS NOS \u00abOITAVOS\u00bb","author":{"@id":"https:\/\/fpvoleibol.pt\/fpv\/author\/imprensa\/#author"},"publisher":{"@id":"https:\/\/fpvoleibol.pt\/fpv\/#organization"},"image":{"@type":"ImageObject","url":"https:\/\/fpvoleibol.pt\/fpv\/wp-content\/uploads\/2026\/08\/Portugal-vit_esp_f.jpg","width":640,"height":380},"datePublished":"2026-08-28T19:55:46+01:00","dateModified":"2026-08-31T14:13:12+01:00","inLanguage":"pt-PT","mainEntityOfPage":{"@id":"https:\/\/fpvoleibol.pt\/fpv\/2026\/08\/28\/portuguesas-defrontam-polacas-nos-oitavos\/#webpage"},"isPartOf":{"@id":"https:\/\/fpvoleibol.pt\/fpv\/2026\/08\/28\/portuguesas-defrontam-polacas-nos-oitavos\/#webpage"},"articleSection":"Arbitragem, Voleibol, Campeonato da Europa 2026, snsf"},{"@type":"BreadcrumbList","@id":"https:\/\/fpvoleibol.pt\/fpv\/2026\/08\/28\/portuguesas-defrontam-polacas-nos-oitavos\/#breadcrumblist","itemListElement":[{"@type":"ListItem","@id":"https:\/\/fpvoleibol.pt\/fpv#listItem","position":1,"name":"In\u00edcio","item":"https:\/\/fpvoleibol.pt\/fpv","nextItem":{"@type":"ListItem","@id":"https:\/\/fpvoleibol.pt\/fpv\/category\/voleibol\/#listItem","name":"Voleibol"}},{"@type":"ListItem","@id":"https:\/\/fpvoleibol.pt\/fpv\/category\/voleibol\/#listItem","position":2,"name":"Voleibol","item":"https:\/\/fpvoleibol.pt\/fpv\/category\/voleibol\/","nextItem":{"@type":"ListItem","@id":"https:\/\/fpvoleibol.pt\/fpv\/2026\/08\/28\/portuguesas-defrontam-polacas-nos-oitavos\/#listItem","name":"PORTUGUESAS DEFRONTAM POLACAS NOS \u00abOITAVOS\u00bb"},"previousItem":{"@type":"ListItem","@id":"https:\/\/fpvoleibol.pt\/fpv#listItem","name":"In\u00edcio"}},{"@type":"ListItem","@id":"https:\/\/fpvoleibol.pt\/fpv\/2026\/08\/28\/portuguesas-defrontam-polacas-nos-oitavos\/#listItem","position":3,"name":"PORTUGUESAS DEFRONTAM POLACAS NOS \u00abOITAVOS\u00bb","previousItem":{"@type":"ListItem","@id":"https:\/\/fpvoleibol.pt\/fpv\/category\/voleibol\/#listItem","name":"Voleibol"}}]},{"@type":"Organization","@id":"https:\/\/fpvoleibol.pt\/fpv\/#organization","name":"Federa\u00e7\u00e3o Portuguesa de Voleibol","description":"Website Oficial da FPV","url":"https:\/\/fpvoleibol.pt\/fpv\/","telephone":"+351228349570","logo":{"@type":"ImageObject","url":"https:\/\/fpvoleibol.pt\/fpv\/wp-content\/uploads\/2021\/05\/logotipo_fpvoleibol_2021_site.png","@id":"https:\/\/fpvoleibol.pt\/fpv\/2026\/08\/28\/portuguesas-defrontam-polacas-nos-oitavos\/#organizationLogo","width":512,"height":473},"image":{"@id":"https:\/\/fpvoleibol.pt\/fpv\/2026\/08\/28\/portuguesas-defrontam-polacas-nos-oitavos\/#organizationLogo"},"sameAs":["https:\/\/facebook.com\/FPVoleibol","https:\/\/instagram.com\/FPVoleibol"]},{"@type":"Person","@id":"https:\/\/fpvoleibol.pt\/fpv\/author\/imprensa\/#author","url":"https:\/\/fpvoleibol.pt\/fpv\/author\/imprensa\/","name":"Jorge Castro","image":{"@type":"ImageObject","@id":"https:\/\/fpvoleibol.pt\/fpv\/2026\/08\/28\/portuguesas-defrontam-polacas-nos-oitavos\/#authorImage","url":"https:\/\/secure.gravatar.com\/avatar\/b10a3458a4f34f13de2d39b55eb391825aeab00ff209c3fe857e3fd4d3dcb784?s=96&d=mm&r=g","width":96,"height":96,"caption":"Jorge Castro"}},{"@type":"WebPage","@id":"https:\/\/fpvoleibol.pt\/fpv\/2026\/08\/28\/portuguesas-defrontam-polacas-nos-oitavos\/#webpage","url":"https:\/\/fpvoleibol.pt\/fpv\/2026\/08\/28\/portuguesas-defrontam-polacas-nos-oitavos\/","name":"PORTUGUESAS DEFRONTAM POLACAS NOS \u00abOITAVOS\u00bb - Federa\u00e7\u00e3o Portuguesa de Voleibol","description":"Portugal defronta a sensacional Pol\u00f3nia nos oitavos de final em Istambul Ao contr\u00e1rio do que se previa, a Sele\u00e7\u00e3o Nacional de Seniores Femininos vai medir for\u00e7as nos oitavos de final do Campeonato da Europa de 2026 com a Pol\u00f3nia, que se mant\u00e9m invicta e imp\u00f4s a primeira derrota \u00e0 Turquia, campe\u00e3 europeia em t\u00edtulo, vencedora","inLanguage":"pt-PT","isPartOf":{"@id":"https:\/\/fpvoleibol.pt\/fpv\/#website"},"breadcrumb":{"@id":"https:\/\/fpvoleibol.pt\/fpv\/2026\/08\/28\/portuguesas-defrontam-polacas-nos-oitavos\/#breadcrumblist"},"author":{"@id":"https:\/\/fpvoleibol.pt\/fpv\/author\/imprensa\/#author"},"creator":{"@id":"https:\/\/fpvoleibol.pt\/fpv\/author\/imprensa\/#author"},"image":{"@type":"ImageObject","url":"https:\/\/fpvoleibol.pt\/fpv\/wp-content\/uploads\/2026\/08\/Portugal-vit_esp_f.jpg","@id":"https:\/\/fpvoleibol.pt\/fpv\/2026\/08\/28\/portuguesas-defrontam-polacas-nos-oitavos\/#mainImage","width":640,"height":380},"primaryImageOfPage":{"@id":"https:\/\/fpvoleibol.pt\/fpv\/2026\/08\/28\/portuguesas-defrontam-polacas-nos-oitavos\/#mainImage"},"datePublished":"2026-08-28T19:55:46+01:00","dateModified":"2026-08-31T14:13:12+01:00"},{"@type":"WebSite","@id":"https:\/\/fpvoleibol.pt\/fpv\/#website","url":"https:\/\/fpvoleibol.pt\/fpv\/","name":"Federa\u00e7\u00e3o Portuguesa de Voleibol","description":"Website Oficial da FPV","inLanguage":"pt-PT","publisher":{"@id":"https:\/\/fpvoleibol.pt\/fpv\/#organization"}}]},"og:locale":"pt_PT","og:site_name":"Federa\u00e7\u00e3o Portuguesa de Voleibol - Website Oficial da FPV","og:type":"article","og:title":"PORTUGUESAS DEFRONTAM POLACAS NOS \u00abOITAVOS\u00bb - Federa\u00e7\u00e3o Portuguesa de Voleibol","og:description":"Portugal defronta a sensacional Pol\u00f3nia nos oitavos de final em Istambul Ao contr\u00e1rio do que se previa, a Sele\u00e7\u00e3o Nacional de Seniores Femininos vai medir for\u00e7as nos oitavos de final do Campeonato da Europa de 2026 com a Pol\u00f3nia, que se mant\u00e9m invicta e imp\u00f4s a primeira derrota \u00e0 Turquia, campe\u00e3 europeia em t\u00edtulo, vencedora","og:url":"https:\/\/fpvoleibol.pt\/fpv\/2026\/08\/28\/portuguesas-defrontam-polacas-nos-oitavos\/","og:image":"https:\/\/fpvoleibol.pt\/fpv\/wp-content\/uploads\/2026\/08\/Portugal-vit_esp_f.jpg","og:image:secure_url":"https:\/\/fpvoleibol.pt\/fpv\/wp-content\/uploads\/2026\/08\/Portugal-vit_esp_f.jpg","og:image:width":640,"og:image:height":380,"article:published_time":"2026-08-28T18:55:46+00:00","article:modified_time":"2026-08-31T13:13:12+00:00","article:publisher":"https:\/\/facebook.com\/FPVoleibol","twitter:card":"summary","twitter:title":"PORTUGUESAS DEFRONTAM POLACAS NOS \u00abOITAVOS\u00bb - Federa\u00e7\u00e3o Portuguesa de Voleibol","twitter:description":"Portugal defronta a sensacional Pol\u00f3nia nos oitavos de final em Istambul Ao contr\u00e1rio do que se previa, a Sele\u00e7\u00e3o Nacional de Seniores Femininos vai medir for\u00e7as nos oitavos de final do Campeonato da Europa de 2026 com a Pol\u00f3nia, que se mant\u00e9m invicta e imp\u00f4s a primeira derrota \u00e0 Turquia, campe\u00e3 europeia em t\u00edtulo, vencedora","twitter:image":"https:\/\/fpvoleibol.pt\/fpv\/wp-content\/uploads\/2026\/08\/Portugal-vit_esp_f.jpg"},"aioseo_meta_data":{"post_id":"49160","title":null,"description":null,"keywords":null,"keyphrases":{"focus":{"keyphrase":"","score":0,"analysis":{"keyphraseInTitle":{"score":0,"maxScore":9,"error":1}}},"additional":[]},"primary_term":null,"canonical_url":null,"og_title":null,"og_description":null,"og_object_type":"default","og_image_type":"default","og_image_url":null,"og_image_width":null,"og_image_height":null,"og_image_custom_url":null,"og_image_custom_fields":null,"og_video":"","og_custom_url":null,"og_article_section":null,"og_article_tags":null,"twitter_use_og":false,"twitter_card":"default","twitter_image_type":"default","twitter_image_url":null,"twitter_image_custom_url":null,"twitter_image_custom_fields":null,"twitter_title":null,"twitter_description":null,"schema":{"blockGraphs":[],"customGraphs":[],"default":{"data":{"Article":[],"Course":[],"Dataset":[],"FAQPage":[],"Movie":[],"Person":[],"Product":[],"ProductReview":[],"Car":[],"Recipe":[],"Service":[],"SoftwareApplication":[],"WebPage":[]},"graphName":"BlogPosting","isEnabled":true},"graphs":[]},"schema_type":"default","schema_type_options":null,"pillar_content":false,"robots_default":true,"robots_noindex":false,"robots_noarchive":false,"robots_nosnippet":false,"robots_nofollow":false,"robots_noimageindex":false,"robots_noodp":false,"robots_notranslate":false,"robots_max_snippet":"-1","robots_max_videopreview":"-1","robots_max_imagepreview":"large","priority":null,"frequency":"default","local_seo":null,"breadcrumb_settings":null,"limit_modified_date":false,"ai":{"faqs":[],"keyPoints":[],"schemas":[],"titles":[],"descriptions":[],"socialPosts":{"email":{"subject":"","preview":"","content":""},"linkedin":[],"twitter":[],"facebook":[],"instagram":[]}},"created":"2026-08-28 16:54:34","updated":"2026-08-31 13:13:58","seo_analyzer_scan_date":null},"aioseo_breadcrumb":"<div class=\"aioseo-breadcrumbs\"><span class=\"aioseo-breadcrumb\">\n\t\t\t<a href=\"https:\/\/fpvoleibol.pt\/fpv\" title=\"In\u00edcio\">In\u00edcio<\/a>\n\t\t<\/span><span class=\"aioseo-breadcrumb-separator\">&raquo;<\/span><span class=\"aioseo-breadcrumb\">\n\t\t\t<a href=\"https:\/\/fpvoleibol.pt\/fpv\/category\/voleibol\/\" title=\"Voleibol\">Voleibol<\/a>\n\t\t<\/span><span class=\"aioseo-breadcrumb-separator\">&raquo;<\/span><span class=\"aioseo-breadcrumb\">\n\t\t\tPORTUGUESAS DEFRONTAM POLACAS NOS \u00abOITAVOS\u00bb\n\t\t<\/span><\/div>","aioseo_breadcrumb_json":[{"label":"In\u00edcio","link":"https:\/\/fpvoleibol.pt\/fpv"},{"label":"Voleibol","link":"https:\/\/fpvoleibol.pt\/fpv\/category\/voleibol\/"},{"label":"PORTUGUESAS DEFRONTAM POLACAS NOS \u00abOITAVOS\u00bb","link":"https:\/\/fpvoleibol.pt\/fpv\/2026\/08\/28\/portuguesas-defrontam-polacas-nos-oitavos\/"}],"_links":{"self":[{"href":"https:\/\/fpvoleibol.pt\/fpv\/wp-json\/wp\/v2\/posts\/49160","targetHints":{"allow":["GET"]}}],"collection":[{"href":"https:\/\/fpvoleibol.pt\/fpv\/wp-json\/wp\/v2\/posts"}],"about":[{"href":"https:\/\/fpvoleibol.pt\/fpv\/wp-json\/wp\/v2\/types\/post"}],"author":[{"embeddable":true,"href":"https:\/\/fpvoleibol.pt\/fpv\/wp-json\/wp\/v2\/users\/2"}],"replies":[{"embeddable":true,"href":"https:\/\/fpvoleibol.pt\/fpv\/wp-json\/wp\/v2\/comments?post=49160"}],"version-history":[{"count":7,"href":"https:\/\/fpvoleibol.pt\/fpv\/wp-json\/wp\/v2\/posts\/49160\/revisions"}],"predecessor-version":[{"id":49170,"href":"https:\/\/fpvoleibol.pt\/fpv\/wp-json\/wp\/v2\/posts\/49160\/revisions\/49170"}],"wp:featuredmedia":[{"embeddable":true,"href":"https:\/\/fpvoleibol.pt\/fpv\/wp-json\/wp\/v2\/media\/49162"}],"wp:attachment":[{"href":"https:\/\/fpvoleibol.pt\/fpv\/wp-json\/wp\/v2\/media?parent=49160"}],"wp:term":[{"taxonomy":"category","embeddable":true,"href":"https:\/\/fpvoleibol.pt\/fpv\/wp-json\/wp\/v2\/categories?post=49160"},{"taxonomy":"post_tag","embeddable":true,"href":"https:\/\/fpvoleibol.pt\/fpv\/wp-json\/wp\/v2\/tags?post=49160"}],"curies":[{"name":"wp","href":"https:\/\/api.w.org\/{rel}","templated":true}]}}