{"id":49146,"date":"2026-08-28T14:35:23","date_gmt":"2026-08-28T13:35:23","guid":{"rendered":"https:\/\/fpvoleibol.pt\/fpv\/?p=49146"},"modified":"2026-08-28T14:35:23","modified_gmt":"2026-08-28T13:35:23","slug":"sub-20-defrontam-francesas","status":"publish","type":"post","link":"https:\/\/fpvoleibol.pt\/fpv\/2026\/08\/28\/sub-20-defrontam-francesas\/","title":{"rendered":"SUB-20 DEFRONTAM FRANCESAS"},"content":{"rendered":"<p><img loading=\"lazy\" decoding=\"async\" class=\"size-full wp-image-49149 aligncenter\" src=\"https:\/\/fpvoleibol.pt\/fpv\/wp-content\/uploads\/2026\/08\/U20Fem_F.jpg\" alt=\"\" width=\"960\" height=\"1206\" srcset=\"https:\/\/fpvoleibol.pt\/fpv\/wp-content\/uploads\/2026\/08\/U20Fem_F.jpg 960w, https:\/\/fpvoleibol.pt\/fpv\/wp-content\/uploads\/2026\/08\/U20Fem_F-239x300.jpg 239w, https:\/\/fpvoleibol.pt\/fpv\/wp-content\/uploads\/2026\/08\/U20Fem_F-815x1024.jpg 815w, https:\/\/fpvoleibol.pt\/fpv\/wp-content\/uploads\/2026\/08\/U20Fem_F-768x965.jpg 768w\" sizes=\"auto, (max-width: 960px) 100vw, 960px\" \/>A Espanha confirmou o apuramento direto para a fase final do EuroVolley 2027,\u00a0 marcada para It\u00e1lia e Malta, de 8 a 17 de julho de 2027, ao vencer hoje Portugal por <a href=\"https:\/\/www-old.cev.eu\/Competition-Area\/MatchStatistics.aspx?ID=88688\">3-0 (25-19, 25-17 e 25-19)<\/a><strong>.<\/strong><\/p>\n<p>A <strong>Sele\u00e7\u00e3o Nacional de Sub-20 Femininos,<\/strong> orientada por Jo\u00e3o Carronha, defronta amanh\u00e3 (17h30) a Fran\u00e7a, segunda classificada na 1.\u00aa Fase de Apuramento (fase zonal\/WEVZA) para o Europeu 2027 da categoria, que decorre em Terville, Fran\u00e7a. <span style=\"font-size: 12px;\"><strong>Fotos: <a href=\"https:\/\/www.flickr.com\/photos\/195097115@N03\/\">gideonwiegerinck<\/a><\/strong><\/span><\/p>\n<p>A zona 4 Gabriela Lopes e a oposta Ema Melo, respetivamente com 14 e 12 pontos, foram as melhores pontuadoras do jogo. Ver estat\u00edstica <a href=\"https:\/\/www-old.cev.eu\/Competition-Area\/MatchStatistics.aspx?ID=88688\">AQUI<\/a><\/p>\n<p>A 2.\u00aa Ronda de Qualifica\u00e7\u00e3o est\u00e1 agendada para 21 a 24 de janeiro do pr\u00f3ximo ano e a Fase Final do EuroVolley 2027 est\u00e1 marcada para It\u00e1lia e Malta, de 8 a 17 de julho de 2027.<\/p>\n<p>A equipa t\u00e9cnica liderada por Jo\u00e3o Carronha tem ao seu dispor as seguintes 12 atletas*: Catarina Mouta (Cast\u00ealo da Maia GC), Margarida Vaz e Raquel Gon\u00e7alves (Clube K), Mariana Marinho (FC Porto), Francisca Botelho, Laura Afanas e Gabriela Lopes (Leix\u00f5es SC), In\u00eas Andrade e Sofia Teixeira (PV\/Col\u00e9gio Efanor), Ema Mello e Matilde Teixeira (SC Espinho) e Catarina Gomes (SL Benfica). <strong><span style=\"font-size: 12px;\">*Clubes em 2025\/2026<\/span><\/strong><\/p>\n<p>A representa\u00e7\u00e3o nacional, encabe\u00e7ada por Daniela Sol (Team Manager) e pela equipa t\u00e9cnica \u2013 Jo\u00e3o Carronha (Treinador Principal), Gon\u00e7alo Machado (Treinador Adjunto), Rita Cardoso (Fisioterapeuta) \u2013 conta ainda com a presen\u00e7a da \u00e1rbitra Filipa Ara\u00fajo, da AV Braga, integrante da equipa de arbitragem do torneio da WEVZA.<\/p>\n<p>A WEVZA \u00e9 a sigla para Western European Volleyball Zonal Association (Associa\u00e7\u00e3o Zonal de Voleibol do Oeste Europeu).\u00a0 Trata-se de uma associa\u00e7\u00e3o regional que integra a Confedera\u00e7\u00e3o Europeia de Voleibol (CEV), criada para dinamizar a modalidade, organizar torneios regionais e qualifica\u00e7\u00f5es para os Campeonatos da Europa, sobretudo nos escal\u00f5es de forma\u00e7\u00e3o (tanto no Voleibol de pavilh\u00e3o como no Voleibol de Praia).\u00a0 A WEVZA \u00e9 constitu\u00edda pelas federa\u00e7\u00f5es nacionais de 8 pa\u00edses do oeste europeu: Portugal, Espanha, Fran\u00e7a, Alemanha, It\u00e1lia, B\u00e9lgica, Pa\u00edses Baixos e Su\u00ed\u00e7a.<\/p>\n<p style=\"text-align: center;\" data-path-to-node=\"2\">Mais informa\u00e7\u00f5es em <a href=\"http:\/\/www.cev.eu\">www.cev.eu<\/a><\/p>\n","protected":false},"excerpt":{"rendered":"<p>A Espanha confirmou o apuramento direto para a fase final do EuroVolley 2027,\u00a0 marcada para It\u00e1lia e Malta, de 8 a 17 de julho de 2027, ao vencer hoje Portugal [&hellip;]<\/p>\n","protected":false},"author":2,"featured_media":49150,"comment_status":"open","ping_status":"open","sticky":false,"template":"","format":"standard","meta":{"_monsterinsights_skip_tracking":false,"_monsterinsights_sitenote_active":false,"_monsterinsights_sitenote_note":"","_monsterinsights_sitenote_category":0,"footnotes":""},"categories":[13,8],"tags":[119],"class_list":{"0":"post-49146","1":"post","2":"type-post","3":"status-publish","4":"format-standard","5":"has-post-thumbnail","7":"category-arbitragem","8":"category-voleibol","9":"tag-europeu-de-sub-20-femininos","10":"czr-hentry"},"aioseo_notices":[],"aioseo_head":"\n\t\t<!-- All in One SEO 4.9.10 - aioseo.com -->\n\t<meta name=\"description\" content=\"A Espanha confirmou o apuramento direto para a fase final do EuroVolley 2027, marcada para It\u00e1lia e Malta, de 8 a 17 de julho de 2027, ao vencer hoje Portugal por 3-0 (25-19, 25-17 e 25-19). A Sele\u00e7\u00e3o Nacional de Sub-20 Femininos, orientada por Jo\u00e3o Carronha, defronta amanh\u00e3 (17h30) a Fran\u00e7a, segunda classificada na 1.\u00aa\" \/>\n\t<meta name=\"robots\" content=\"max-image-preview:large\" \/>\n\t<meta name=\"author\" content=\"Jorge Castro\"\/>\n\t<link rel=\"canonical\" href=\"https:\/\/fpvoleibol.pt\/fpv\/2026\/08\/28\/sub-20-defrontam-francesas\/\" \/>\n\t<meta name=\"generator\" content=\"All in One SEO (AIOSEO) 4.9.10\" \/>\n\t\t<meta property=\"og:locale\" content=\"pt_PT\" \/>\n\t\t<meta property=\"og:site_name\" content=\"Federa\u00e7\u00e3o Portuguesa de Voleibol - Website Oficial da FPV\" \/>\n\t\t<meta property=\"og:type\" content=\"article\" \/>\n\t\t<meta property=\"og:title\" content=\"SUB-20 DEFRONTAM FRANCESAS - Federa\u00e7\u00e3o Portuguesa de Voleibol\" \/>\n\t\t<meta property=\"og:description\" content=\"A Espanha confirmou o apuramento direto para a fase final do EuroVolley 2027, marcada para It\u00e1lia e Malta, de 8 a 17 de julho de 2027, ao vencer hoje Portugal por 3-0 (25-19, 25-17 e 25-19). A Sele\u00e7\u00e3o Nacional de Sub-20 Femininos, orientada por Jo\u00e3o Carronha, defronta amanh\u00e3 (17h30) a Fran\u00e7a, segunda classificada na 1.\u00aa\" \/>\n\t\t<meta property=\"og:url\" content=\"https:\/\/fpvoleibol.pt\/fpv\/2026\/08\/28\/sub-20-defrontam-francesas\/\" \/>\n\t\t<meta property=\"og:image\" content=\"https:\/\/fpvoleibol.pt\/fpv\/wp-content\/uploads\/2026\/08\/U20_fem_teamPor.jpg\" \/>\n\t\t<meta property=\"og:image:secure_url\" content=\"https:\/\/fpvoleibol.pt\/fpv\/wp-content\/uploads\/2026\/08\/U20_fem_teamPor.jpg\" \/>\n\t\t<meta property=\"og:image:width\" content=\"640\" \/>\n\t\t<meta property=\"og:image:height\" content=\"380\" \/>\n\t\t<meta property=\"article:published_time\" content=\"2026-08-28T13:35:23+00:00\" \/>\n\t\t<meta property=\"article:modified_time\" content=\"2026-08-28T13:35:23+00:00\" \/>\n\t\t<meta property=\"article:publisher\" content=\"https:\/\/facebook.com\/FPVoleibol\" \/>\n\t\t<meta name=\"twitter:card\" content=\"summary\" \/>\n\t\t<meta name=\"twitter:title\" content=\"SUB-20 DEFRONTAM FRANCESAS - Federa\u00e7\u00e3o Portuguesa de Voleibol\" \/>\n\t\t<meta name=\"twitter:description\" content=\"A Espanha confirmou o apuramento direto para a fase final do EuroVolley 2027, marcada para It\u00e1lia e Malta, de 8 a 17 de julho de 2027, ao vencer hoje Portugal por 3-0 (25-19, 25-17 e 25-19). A Sele\u00e7\u00e3o Nacional de Sub-20 Femininos, orientada por Jo\u00e3o Carronha, defronta amanh\u00e3 (17h30) a Fran\u00e7a, segunda classificada na 1.\u00aa\" \/>\n\t\t<meta name=\"twitter:image\" content=\"https:\/\/fpvoleibol.pt\/fpv\/wp-content\/uploads\/2026\/08\/U20_fem_teamPor.jpg\" \/>\n\t\t<script type=\"application\/ld+json\" class=\"aioseo-schema\">\n\t\t\t{\"@context\":\"https:\\\/\\\/schema.org\",\"@graph\":[{\"@type\":\"BlogPosting\",\"@id\":\"https:\\\/\\\/fpvoleibol.pt\\\/fpv\\\/2026\\\/08\\\/28\\\/sub-20-defrontam-francesas\\\/#blogposting\",\"name\":\"SUB-20 DEFRONTAM FRANCESAS - Federa\\u00e7\\u00e3o Portuguesa de Voleibol\",\"headline\":\"SUB-20 DEFRONTAM FRANCESAS\",\"author\":{\"@id\":\"https:\\\/\\\/fpvoleibol.pt\\\/fpv\\\/author\\\/imprensa\\\/#author\"},\"publisher\":{\"@id\":\"https:\\\/\\\/fpvoleibol.pt\\\/fpv\\\/#organization\"},\"image\":{\"@type\":\"ImageObject\",\"url\":\"https:\\\/\\\/fpvoleibol.pt\\\/fpv\\\/wp-content\\\/uploads\\\/2026\\\/08\\\/U20_fem_teamPor.jpg\",\"width\":640,\"height\":380},\"datePublished\":\"2026-08-28T14:35:23+01:00\",\"dateModified\":\"2026-08-28T14:35:23+01:00\",\"inLanguage\":\"pt-PT\",\"mainEntityOfPage\":{\"@id\":\"https:\\\/\\\/fpvoleibol.pt\\\/fpv\\\/2026\\\/08\\\/28\\\/sub-20-defrontam-francesas\\\/#webpage\"},\"isPartOf\":{\"@id\":\"https:\\\/\\\/fpvoleibol.pt\\\/fpv\\\/2026\\\/08\\\/28\\\/sub-20-defrontam-francesas\\\/#webpage\"},\"articleSection\":\"Arbitragem, Voleibol, Europeu de Sub-20 Femininos\"},{\"@type\":\"BreadcrumbList\",\"@id\":\"https:\\\/\\\/fpvoleibol.pt\\\/fpv\\\/2026\\\/08\\\/28\\\/sub-20-defrontam-francesas\\\/#breadcrumblist\",\"itemListElement\":[{\"@type\":\"ListItem\",\"@id\":\"https:\\\/\\\/fpvoleibol.pt\\\/fpv#listItem\",\"position\":1,\"name\":\"In\\u00edcio\",\"item\":\"https:\\\/\\\/fpvoleibol.pt\\\/fpv\",\"nextItem\":{\"@type\":\"ListItem\",\"@id\":\"https:\\\/\\\/fpvoleibol.pt\\\/fpv\\\/category\\\/voleibol\\\/#listItem\",\"name\":\"Voleibol\"}},{\"@type\":\"ListItem\",\"@id\":\"https:\\\/\\\/fpvoleibol.pt\\\/fpv\\\/category\\\/voleibol\\\/#listItem\",\"position\":2,\"name\":\"Voleibol\",\"item\":\"https:\\\/\\\/fpvoleibol.pt\\\/fpv\\\/category\\\/voleibol\\\/\",\"nextItem\":{\"@type\":\"ListItem\",\"@id\":\"https:\\\/\\\/fpvoleibol.pt\\\/fpv\\\/2026\\\/08\\\/28\\\/sub-20-defrontam-francesas\\\/#listItem\",\"name\":\"SUB-20 DEFRONTAM FRANCESAS\"},\"previousItem\":{\"@type\":\"ListItem\",\"@id\":\"https:\\\/\\\/fpvoleibol.pt\\\/fpv#listItem\",\"name\":\"In\\u00edcio\"}},{\"@type\":\"ListItem\",\"@id\":\"https:\\\/\\\/fpvoleibol.pt\\\/fpv\\\/2026\\\/08\\\/28\\\/sub-20-defrontam-francesas\\\/#listItem\",\"position\":3,\"name\":\"SUB-20 DEFRONTAM FRANCESAS\",\"previousItem\":{\"@type\":\"ListItem\",\"@id\":\"https:\\\/\\\/fpvoleibol.pt\\\/fpv\\\/category\\\/voleibol\\\/#listItem\",\"name\":\"Voleibol\"}}]},{\"@type\":\"Organization\",\"@id\":\"https:\\\/\\\/fpvoleibol.pt\\\/fpv\\\/#organization\",\"name\":\"Federa\\u00e7\\u00e3o Portuguesa de Voleibol\",\"description\":\"Website Oficial da FPV\",\"url\":\"https:\\\/\\\/fpvoleibol.pt\\\/fpv\\\/\",\"telephone\":\"+351228349570\",\"logo\":{\"@type\":\"ImageObject\",\"url\":\"https:\\\/\\\/fpvoleibol.pt\\\/fpv\\\/wp-content\\\/uploads\\\/2021\\\/05\\\/logotipo_fpvoleibol_2021_site.png\",\"@id\":\"https:\\\/\\\/fpvoleibol.pt\\\/fpv\\\/2026\\\/08\\\/28\\\/sub-20-defrontam-francesas\\\/#organizationLogo\",\"width\":512,\"height\":473},\"image\":{\"@id\":\"https:\\\/\\\/fpvoleibol.pt\\\/fpv\\\/2026\\\/08\\\/28\\\/sub-20-defrontam-francesas\\\/#organizationLogo\"},\"sameAs\":[\"https:\\\/\\\/facebook.com\\\/FPVoleibol\",\"https:\\\/\\\/instagram.com\\\/FPVoleibol\"]},{\"@type\":\"Person\",\"@id\":\"https:\\\/\\\/fpvoleibol.pt\\\/fpv\\\/author\\\/imprensa\\\/#author\",\"url\":\"https:\\\/\\\/fpvoleibol.pt\\\/fpv\\\/author\\\/imprensa\\\/\",\"name\":\"Jorge Castro\",\"image\":{\"@type\":\"ImageObject\",\"@id\":\"https:\\\/\\\/fpvoleibol.pt\\\/fpv\\\/2026\\\/08\\\/28\\\/sub-20-defrontam-francesas\\\/#authorImage\",\"url\":\"https:\\\/\\\/secure.gravatar.com\\\/avatar\\\/b10a3458a4f34f13de2d39b55eb391825aeab00ff209c3fe857e3fd4d3dcb784?s=96&d=mm&r=g\",\"width\":96,\"height\":96,\"caption\":\"Jorge Castro\"}},{\"@type\":\"WebPage\",\"@id\":\"https:\\\/\\\/fpvoleibol.pt\\\/fpv\\\/2026\\\/08\\\/28\\\/sub-20-defrontam-francesas\\\/#webpage\",\"url\":\"https:\\\/\\\/fpvoleibol.pt\\\/fpv\\\/2026\\\/08\\\/28\\\/sub-20-defrontam-francesas\\\/\",\"name\":\"SUB-20 DEFRONTAM FRANCESAS - Federa\\u00e7\\u00e3o Portuguesa de Voleibol\",\"description\":\"A Espanha confirmou o apuramento direto para a fase final do EuroVolley 2027, marcada para It\\u00e1lia e Malta, de 8 a 17 de julho de 2027, ao vencer hoje Portugal por 3-0 (25-19, 25-17 e 25-19). A Sele\\u00e7\\u00e3o Nacional de Sub-20 Femininos, orientada por Jo\\u00e3o Carronha, defronta amanh\\u00e3 (17h30) a Fran\\u00e7a, segunda classificada na 1.\\u00aa\",\"inLanguage\":\"pt-PT\",\"isPartOf\":{\"@id\":\"https:\\\/\\\/fpvoleibol.pt\\\/fpv\\\/#website\"},\"breadcrumb\":{\"@id\":\"https:\\\/\\\/fpvoleibol.pt\\\/fpv\\\/2026\\\/08\\\/28\\\/sub-20-defrontam-francesas\\\/#breadcrumblist\"},\"author\":{\"@id\":\"https:\\\/\\\/fpvoleibol.pt\\\/fpv\\\/author\\\/imprensa\\\/#author\"},\"creator\":{\"@id\":\"https:\\\/\\\/fpvoleibol.pt\\\/fpv\\\/author\\\/imprensa\\\/#author\"},\"image\":{\"@type\":\"ImageObject\",\"url\":\"https:\\\/\\\/fpvoleibol.pt\\\/fpv\\\/wp-content\\\/uploads\\\/2026\\\/08\\\/U20_fem_teamPor.jpg\",\"@id\":\"https:\\\/\\\/fpvoleibol.pt\\\/fpv\\\/2026\\\/08\\\/28\\\/sub-20-defrontam-francesas\\\/#mainImage\",\"width\":640,\"height\":380},\"primaryImageOfPage\":{\"@id\":\"https:\\\/\\\/fpvoleibol.pt\\\/fpv\\\/2026\\\/08\\\/28\\\/sub-20-defrontam-francesas\\\/#mainImage\"},\"datePublished\":\"2026-08-28T14:35:23+01:00\",\"dateModified\":\"2026-08-28T14:35:23+01:00\"},{\"@type\":\"WebSite\",\"@id\":\"https:\\\/\\\/fpvoleibol.pt\\\/fpv\\\/#website\",\"url\":\"https:\\\/\\\/fpvoleibol.pt\\\/fpv\\\/\",\"name\":\"Federa\\u00e7\\u00e3o Portuguesa de Voleibol\",\"description\":\"Website Oficial da FPV\",\"inLanguage\":\"pt-PT\",\"publisher\":{\"@id\":\"https:\\\/\\\/fpvoleibol.pt\\\/fpv\\\/#organization\"}}]}\n\t\t<\/script>\n\t\t<!-- All in One SEO -->\n\n","aioseo_head_json":{"title":"SUB-20 DEFRONTAM FRANCESAS - Federa\u00e7\u00e3o Portuguesa de Voleibol","description":"A Espanha confirmou o apuramento direto para a fase final do EuroVolley 2027, marcada para It\u00e1lia e Malta, de 8 a 17 de julho de 2027, ao vencer hoje Portugal por 3-0 (25-19, 25-17 e 25-19). A Sele\u00e7\u00e3o Nacional de Sub-20 Femininos, orientada por Jo\u00e3o Carronha, defronta amanh\u00e3 (17h30) a Fran\u00e7a, segunda classificada na 1.\u00aa","canonical_url":"https:\/\/fpvoleibol.pt\/fpv\/2026\/08\/28\/sub-20-defrontam-francesas\/","robots":"max-image-preview:large","keywords":"","webmasterTools":{"miscellaneous":""},"schema":{"@context":"https:\/\/schema.org","@graph":[{"@type":"BlogPosting","@id":"https:\/\/fpvoleibol.pt\/fpv\/2026\/08\/28\/sub-20-defrontam-francesas\/#blogposting","name":"SUB-20 DEFRONTAM FRANCESAS - Federa\u00e7\u00e3o Portuguesa de Voleibol","headline":"SUB-20 DEFRONTAM FRANCESAS","author":{"@id":"https:\/\/fpvoleibol.pt\/fpv\/author\/imprensa\/#author"},"publisher":{"@id":"https:\/\/fpvoleibol.pt\/fpv\/#organization"},"image":{"@type":"ImageObject","url":"https:\/\/fpvoleibol.pt\/fpv\/wp-content\/uploads\/2026\/08\/U20_fem_teamPor.jpg","width":640,"height":380},"datePublished":"2026-08-28T14:35:23+01:00","dateModified":"2026-08-28T14:35:23+01:00","inLanguage":"pt-PT","mainEntityOfPage":{"@id":"https:\/\/fpvoleibol.pt\/fpv\/2026\/08\/28\/sub-20-defrontam-francesas\/#webpage"},"isPartOf":{"@id":"https:\/\/fpvoleibol.pt\/fpv\/2026\/08\/28\/sub-20-defrontam-francesas\/#webpage"},"articleSection":"Arbitragem, Voleibol, Europeu de Sub-20 Femininos"},{"@type":"BreadcrumbList","@id":"https:\/\/fpvoleibol.pt\/fpv\/2026\/08\/28\/sub-20-defrontam-francesas\/#breadcrumblist","itemListElement":[{"@type":"ListItem","@id":"https:\/\/fpvoleibol.pt\/fpv#listItem","position":1,"name":"In\u00edcio","item":"https:\/\/fpvoleibol.pt\/fpv","nextItem":{"@type":"ListItem","@id":"https:\/\/fpvoleibol.pt\/fpv\/category\/voleibol\/#listItem","name":"Voleibol"}},{"@type":"ListItem","@id":"https:\/\/fpvoleibol.pt\/fpv\/category\/voleibol\/#listItem","position":2,"name":"Voleibol","item":"https:\/\/fpvoleibol.pt\/fpv\/category\/voleibol\/","nextItem":{"@type":"ListItem","@id":"https:\/\/fpvoleibol.pt\/fpv\/2026\/08\/28\/sub-20-defrontam-francesas\/#listItem","name":"SUB-20 DEFRONTAM FRANCESAS"},"previousItem":{"@type":"ListItem","@id":"https:\/\/fpvoleibol.pt\/fpv#listItem","name":"In\u00edcio"}},{"@type":"ListItem","@id":"https:\/\/fpvoleibol.pt\/fpv\/2026\/08\/28\/sub-20-defrontam-francesas\/#listItem","position":3,"name":"SUB-20 DEFRONTAM FRANCESAS","previousItem":{"@type":"ListItem","@id":"https:\/\/fpvoleibol.pt\/fpv\/category\/voleibol\/#listItem","name":"Voleibol"}}]},{"@type":"Organization","@id":"https:\/\/fpvoleibol.pt\/fpv\/#organization","name":"Federa\u00e7\u00e3o Portuguesa de Voleibol","description":"Website Oficial da FPV","url":"https:\/\/fpvoleibol.pt\/fpv\/","telephone":"+351228349570","logo":{"@type":"ImageObject","url":"https:\/\/fpvoleibol.pt\/fpv\/wp-content\/uploads\/2021\/05\/logotipo_fpvoleibol_2021_site.png","@id":"https:\/\/fpvoleibol.pt\/fpv\/2026\/08\/28\/sub-20-defrontam-francesas\/#organizationLogo","width":512,"height":473},"image":{"@id":"https:\/\/fpvoleibol.pt\/fpv\/2026\/08\/28\/sub-20-defrontam-francesas\/#organizationLogo"},"sameAs":["https:\/\/facebook.com\/FPVoleibol","https:\/\/instagram.com\/FPVoleibol"]},{"@type":"Person","@id":"https:\/\/fpvoleibol.pt\/fpv\/author\/imprensa\/#author","url":"https:\/\/fpvoleibol.pt\/fpv\/author\/imprensa\/","name":"Jorge Castro","image":{"@type":"ImageObject","@id":"https:\/\/fpvoleibol.pt\/fpv\/2026\/08\/28\/sub-20-defrontam-francesas\/#authorImage","url":"https:\/\/secure.gravatar.com\/avatar\/b10a3458a4f34f13de2d39b55eb391825aeab00ff209c3fe857e3fd4d3dcb784?s=96&d=mm&r=g","width":96,"height":96,"caption":"Jorge Castro"}},{"@type":"WebPage","@id":"https:\/\/fpvoleibol.pt\/fpv\/2026\/08\/28\/sub-20-defrontam-francesas\/#webpage","url":"https:\/\/fpvoleibol.pt\/fpv\/2026\/08\/28\/sub-20-defrontam-francesas\/","name":"SUB-20 DEFRONTAM FRANCESAS - Federa\u00e7\u00e3o Portuguesa de Voleibol","description":"A Espanha confirmou o apuramento direto para a fase final do EuroVolley 2027, marcada para It\u00e1lia e Malta, de 8 a 17 de julho de 2027, ao vencer hoje Portugal por 3-0 (25-19, 25-17 e 25-19). A Sele\u00e7\u00e3o Nacional de Sub-20 Femininos, orientada por Jo\u00e3o Carronha, defronta amanh\u00e3 (17h30) a Fran\u00e7a, segunda classificada na 1.\u00aa","inLanguage":"pt-PT","isPartOf":{"@id":"https:\/\/fpvoleibol.pt\/fpv\/#website"},"breadcrumb":{"@id":"https:\/\/fpvoleibol.pt\/fpv\/2026\/08\/28\/sub-20-defrontam-francesas\/#breadcrumblist"},"author":{"@id":"https:\/\/fpvoleibol.pt\/fpv\/author\/imprensa\/#author"},"creator":{"@id":"https:\/\/fpvoleibol.pt\/fpv\/author\/imprensa\/#author"},"image":{"@type":"ImageObject","url":"https:\/\/fpvoleibol.pt\/fpv\/wp-content\/uploads\/2026\/08\/U20_fem_teamPor.jpg","@id":"https:\/\/fpvoleibol.pt\/fpv\/2026\/08\/28\/sub-20-defrontam-francesas\/#mainImage","width":640,"height":380},"primaryImageOfPage":{"@id":"https:\/\/fpvoleibol.pt\/fpv\/2026\/08\/28\/sub-20-defrontam-francesas\/#mainImage"},"datePublished":"2026-08-28T14:35:23+01:00","dateModified":"2026-08-28T14:35:23+01:00"},{"@type":"WebSite","@id":"https:\/\/fpvoleibol.pt\/fpv\/#website","url":"https:\/\/fpvoleibol.pt\/fpv\/","name":"Federa\u00e7\u00e3o Portuguesa de Voleibol","description":"Website Oficial da FPV","inLanguage":"pt-PT","publisher":{"@id":"https:\/\/fpvoleibol.pt\/fpv\/#organization"}}]},"og:locale":"pt_PT","og:site_name":"Federa\u00e7\u00e3o Portuguesa de Voleibol - Website Oficial da FPV","og:type":"article","og:title":"SUB-20 DEFRONTAM FRANCESAS - Federa\u00e7\u00e3o Portuguesa de Voleibol","og:description":"A Espanha confirmou o apuramento direto para a fase final do EuroVolley 2027, marcada para It\u00e1lia e Malta, de 8 a 17 de julho de 2027, ao vencer hoje Portugal por 3-0 (25-19, 25-17 e 25-19). A Sele\u00e7\u00e3o Nacional de Sub-20 Femininos, orientada por Jo\u00e3o Carronha, defronta amanh\u00e3 (17h30) a Fran\u00e7a, segunda classificada na 1.\u00aa","og:url":"https:\/\/fpvoleibol.pt\/fpv\/2026\/08\/28\/sub-20-defrontam-francesas\/","og:image":"https:\/\/fpvoleibol.pt\/fpv\/wp-content\/uploads\/2026\/08\/U20_fem_teamPor.jpg","og:image:secure_url":"https:\/\/fpvoleibol.pt\/fpv\/wp-content\/uploads\/2026\/08\/U20_fem_teamPor.jpg","og:image:width":640,"og:image:height":380,"article:published_time":"2026-08-28T13:35:23+00:00","article:modified_time":"2026-08-28T13:35:23+00:00","article:publisher":"https:\/\/facebook.com\/FPVoleibol","twitter:card":"summary","twitter:title":"SUB-20 DEFRONTAM FRANCESAS - Federa\u00e7\u00e3o Portuguesa de Voleibol","twitter:description":"A Espanha confirmou o apuramento direto para a fase final do EuroVolley 2027, marcada para It\u00e1lia e Malta, de 8 a 17 de julho de 2027, ao vencer hoje Portugal por 3-0 (25-19, 25-17 e 25-19). A Sele\u00e7\u00e3o Nacional de Sub-20 Femininos, orientada por Jo\u00e3o Carronha, defronta amanh\u00e3 (17h30) a Fran\u00e7a, segunda classificada na 1.\u00aa","twitter:image":"https:\/\/fpvoleibol.pt\/fpv\/wp-content\/uploads\/2026\/08\/U20_fem_teamPor.jpg"},"aioseo_meta_data":{"post_id":"49146","title":null,"description":null,"keywords":null,"keyphrases":{"focus":{"keyphrase":"","score":0,"analysis":{"keyphraseInTitle":{"score":0,"maxScore":9,"error":1}}},"additional":[]},"primary_term":null,"canonical_url":null,"og_title":null,"og_description":null,"og_object_type":"default","og_image_type":"default","og_image_url":null,"og_image_width":null,"og_image_height":null,"og_image_custom_url":null,"og_image_custom_fields":null,"og_video":"","og_custom_url":null,"og_article_section":null,"og_article_tags":null,"twitter_use_og":false,"twitter_card":"default","twitter_image_type":"default","twitter_image_url":null,"twitter_image_custom_url":null,"twitter_image_custom_fields":null,"twitter_title":null,"twitter_description":null,"schema":{"blockGraphs":[],"customGraphs":[],"default":{"data":{"Article":[],"Course":[],"Dataset":[],"FAQPage":[],"Movie":[],"Person":[],"Product":[],"ProductReview":[],"Car":[],"Recipe":[],"Service":[],"SoftwareApplication":[],"WebPage":[]},"graphName":"BlogPosting","isEnabled":true},"graphs":[]},"schema_type":"default","schema_type_options":null,"pillar_content":false,"robots_default":true,"robots_noindex":false,"robots_noarchive":false,"robots_nosnippet":false,"robots_nofollow":false,"robots_noimageindex":false,"robots_noodp":false,"robots_notranslate":false,"robots_max_snippet":"-1","robots_max_videopreview":"-1","robots_max_imagepreview":"large","priority":null,"frequency":"default","local_seo":null,"breadcrumb_settings":null,"limit_modified_date":false,"ai":{"faqs":[],"keyPoints":[],"schemas":[],"titles":[],"descriptions":[],"socialPosts":{"email":{"subject":"","preview":"","content":""},"linkedin":[],"twitter":[],"facebook":[],"instagram":[]}},"created":"2026-08-28 11:43:37","updated":"2026-08-28 13:35:48","seo_analyzer_scan_date":null},"aioseo_breadcrumb":"<div class=\"aioseo-breadcrumbs\"><span class=\"aioseo-breadcrumb\">\n\t\t\t<a href=\"https:\/\/fpvoleibol.pt\/fpv\" title=\"In\u00edcio\">In\u00edcio<\/a>\n\t\t<\/span><span class=\"aioseo-breadcrumb-separator\">&raquo;<\/span><span class=\"aioseo-breadcrumb\">\n\t\t\t<a href=\"https:\/\/fpvoleibol.pt\/fpv\/category\/voleibol\/\" title=\"Voleibol\">Voleibol<\/a>\n\t\t<\/span><span class=\"aioseo-breadcrumb-separator\">&raquo;<\/span><span class=\"aioseo-breadcrumb\">\n\t\t\tSUB-20 DEFRONTAM FRANCESAS\n\t\t<\/span><\/div>","aioseo_breadcrumb_json":[{"label":"In\u00edcio","link":"https:\/\/fpvoleibol.pt\/fpv"},{"label":"Voleibol","link":"https:\/\/fpvoleibol.pt\/fpv\/category\/voleibol\/"},{"label":"SUB-20 DEFRONTAM FRANCESAS","link":"https:\/\/fpvoleibol.pt\/fpv\/2026\/08\/28\/sub-20-defrontam-francesas\/"}],"_links":{"self":[{"href":"https:\/\/fpvoleibol.pt\/fpv\/wp-json\/wp\/v2\/posts\/49146","targetHints":{"allow":["GET"]}}],"collection":[{"href":"https:\/\/fpvoleibol.pt\/fpv\/wp-json\/wp\/v2\/posts"}],"about":[{"href":"https:\/\/fpvoleibol.pt\/fpv\/wp-json\/wp\/v2\/types\/post"}],"author":[{"embeddable":true,"href":"https:\/\/fpvoleibol.pt\/fpv\/wp-json\/wp\/v2\/users\/2"}],"replies":[{"embeddable":true,"href":"https:\/\/fpvoleibol.pt\/fpv\/wp-json\/wp\/v2\/comments?post=49146"}],"version-history":[{"count":3,"href":"https:\/\/fpvoleibol.pt\/fpv\/wp-json\/wp\/v2\/posts\/49146\/revisions"}],"predecessor-version":[{"id":49151,"href":"https:\/\/fpvoleibol.pt\/fpv\/wp-json\/wp\/v2\/posts\/49146\/revisions\/49151"}],"wp:featuredmedia":[{"embeddable":true,"href":"https:\/\/fpvoleibol.pt\/fpv\/wp-json\/wp\/v2\/media\/49150"}],"wp:attachment":[{"href":"https:\/\/fpvoleibol.pt\/fpv\/wp-json\/wp\/v2\/media?parent=49146"}],"wp:term":[{"taxonomy":"category","embeddable":true,"href":"https:\/\/fpvoleibol.pt\/fpv\/wp-json\/wp\/v2\/categories?post=49146"},{"taxonomy":"post_tag","embeddable":true,"href":"https:\/\/fpvoleibol.pt\/fpv\/wp-json\/wp\/v2\/tags?post=49146"}],"curies":[{"name":"wp","href":"https:\/\/api.w.org\/{rel}","templated":true}]}}