{"id":49142,"date":"2026-08-28T12:37:17","date_gmt":"2026-08-28T11:37:17","guid":{"rendered":"https:\/\/fpvoleibol.pt\/fpv\/?p=49142"},"modified":"2026-08-28T12:37:17","modified_gmt":"2026-08-28T11:37:17","slug":"arbitragem-portuguesa-em-destaque-no-europeu","status":"publish","type":"post","link":"https:\/\/fpvoleibol.pt\/fpv\/2026\/08\/28\/arbitragem-portuguesa-em-destaque-no-europeu\/","title":{"rendered":"ARBITRAGEM PORTUGUESA EM DESTAQUE NO EUROPEU"},"content":{"rendered":"<p style=\"text-align: center;\"><span style=\"text-decoration: underline;\"><strong><img loading=\"lazy\" decoding=\"async\" class=\"size-full wp-image-49144 aligncenter\" src=\"https:\/\/fpvoleibol.pt\/fpv\/wp-content\/uploads\/2026\/08\/AvelinoA_e_RaquelP_d.jpg\" alt=\"\" width=\"960\" height=\"899\" srcset=\"https:\/\/fpvoleibol.pt\/fpv\/wp-content\/uploads\/2026\/08\/AvelinoA_e_RaquelP_d.jpg 960w, https:\/\/fpvoleibol.pt\/fpv\/wp-content\/uploads\/2026\/08\/AvelinoA_e_RaquelP_d-300x281.jpg 300w, https:\/\/fpvoleibol.pt\/fpv\/wp-content\/uploads\/2026\/08\/AvelinoA_e_RaquelP_d-768x719.jpg 768w\" sizes=\"auto, (max-width: 960px) 100vw, 960px\" \/>Raquel Portela nos oitavos de final em Brno, Ch\u00e9quia<\/strong><\/span><\/p>\n<p>Tal como a Sele\u00e7\u00e3o Nacional de Seniores Femininos, que escreveu uma p\u00e1gina de ouro na sua hist\u00f3ria ao qualificar-se para os oitavos de final do Campeonato da Europa 2026, tamb\u00e9m a arbitragem portuguesa continua em destaque nesta fase final do EuroVolley.<\/p>\n<p>A \u00e1rbitra portuguesa Raquel Portela viajou hoje, com as sele\u00e7\u00f5es da Su\u00e9cia, It\u00e1lia, Cro\u00e1cia e Fran\u00e7a, de Gotemburgo para Brno, um dos 2 locais onde arrancam no pr\u00f3ximo domingo os oitavos de final do Europeu. Nos \u00faltimos 7 dias, a internacional do Porto dirigiu diariamente jogos do Grupo D de qualifica\u00e7\u00e3o, com uma performance elevada, conforme confirmou Avelino Azevedo, Presidente do Conselho de Arbitragem da Federa\u00e7\u00e3o Portuguesa de voleibol, enquanto Delegado de Arbitragem da Confedera\u00e7\u00e3o Europeia de voleibol nesta prova:<br \/>\n\u201c<em>A\u00a0Raquel teve uma presta\u00e7\u00e3o bem acima da m\u00e9dia nesta fase preliminar, tendo estado n\u00e3o s\u00f3 no jogo oficial de abertura deste Europeu, como nos jogos de casa cheia da equipa da casa, como foi ontem o Su\u00e9cia-Fran\u00e7a. Viaja hoje para Brno para a segunda fase da competi\u00e7\u00e3o e vai estar nos jogos decisivos na Turquia, confirmando o bom momento da arbitragem lusitana<\/em>\u201d.<\/p>\n<p style=\"text-align: center;\"><strong>Ricardo Ferreira arbitra jogos<br \/>\ndo Campeonato Continental da NORCECA<\/strong><\/p>\n<p>No entanto, a arbitragem nacional n\u00e3o est\u00e1 neste momento apenas na fase final do Campeonato da Europa feminino. Em Santo Domingo, na Rep\u00fablica Dominicana, o \u00e1rbitro portugu\u00eas Ricardo Ferreira est\u00e1 a dirigir os jogos do Campeonato Continental da NORCECA (Am\u00e9rica do Norte e Central).<\/p>\n<p>Face a ser reconhecido como um \u00e1rbitro do topo mundial, Ricardo Ferreira foi convidado pelas FIVB e pela NORCECA para dirigir, como \u00e1rbitro neutro, os jogos desta prova, onde tamb\u00e9m a equipa primeira classificada se qualifica para os Jogos Ol\u00edmpicos de Los Angeles.<br \/>\nSegundo o que Avelino Azevedo conseguiu apurar, \u201c<em>as presta\u00e7\u00f5es t\u00eam sido dentro daquilo que \u00e9 expect\u00e1vel, mesmo tendo sido protagonista de mais um recorde de pontos num set do jogo M\u00e9xico-Trinidad e Tobago: 25-0 (!) no \u00faltimo set desse encontro<\/em>\u201d.<\/p>\n","protected":false},"excerpt":{"rendered":"<p>Raquel Portela nos oitavos de final em Brno, Ch\u00e9quia Tal como a Sele\u00e7\u00e3o Nacional de Seniores Femininos, que escreveu uma p\u00e1gina de ouro na sua hist\u00f3ria ao qualificar-se para os [&hellip;]<\/p>\n","protected":false},"author":2,"featured_media":49143,"comment_status":"open","ping_status":"open","sticky":false,"template":"","format":"standard","meta":{"_monsterinsights_skip_tracking":false,"_monsterinsights_sitenote_active":false,"_monsterinsights_sitenote_note":"","_monsterinsights_sitenote_category":0,"footnotes":""},"categories":[13,8],"tags":[130],"class_list":{"0":"post-49142","1":"post","2":"type-post","3":"status-publish","4":"format-standard","5":"has-post-thumbnail","7":"category-arbitragem","8":"category-voleibol","9":"tag-campeonato-da-europa-2026","10":"czr-hentry"},"aioseo_notices":[],"aioseo_head":"\n\t\t<!-- All in One SEO 4.9.10 - aioseo.com -->\n\t<meta name=\"description\" content=\"Raquel Portela nos oitavos de final em Brno, Ch\u00e9quia Tal como a Sele\u00e7\u00e3o Nacional de Seniores Femininos, que escreveu uma p\u00e1gina de ouro na sua hist\u00f3ria ao qualificar-se para os oitavos de final do Campeonato da Europa 2026, tamb\u00e9m a arbitragem portuguesa continua em destaque nesta fase final do EuroVolley. A \u00e1rbitra portuguesa Raquel Portela\" \/>\n\t<meta name=\"robots\" content=\"max-image-preview:large\" \/>\n\t<meta name=\"author\" content=\"Jorge Castro\"\/>\n\t<link rel=\"canonical\" href=\"https:\/\/fpvoleibol.pt\/fpv\/2026\/08\/28\/arbitragem-portuguesa-em-destaque-no-europeu\/\" \/>\n\t<meta name=\"generator\" content=\"All in One SEO (AIOSEO) 4.9.10\" \/>\n\t\t<meta property=\"og:locale\" content=\"pt_PT\" \/>\n\t\t<meta property=\"og:site_name\" content=\"Federa\u00e7\u00e3o Portuguesa de Voleibol - Website Oficial da FPV\" \/>\n\t\t<meta property=\"og:type\" content=\"article\" \/>\n\t\t<meta property=\"og:title\" content=\"ARBITRAGEM PORTUGUESA EM DESTAQUE NO EUROPEU - Federa\u00e7\u00e3o Portuguesa de Voleibol\" \/>\n\t\t<meta property=\"og:description\" content=\"Raquel Portela nos oitavos de final em Brno, Ch\u00e9quia Tal como a Sele\u00e7\u00e3o Nacional de Seniores Femininos, que escreveu uma p\u00e1gina de ouro na sua hist\u00f3ria ao qualificar-se para os oitavos de final do Campeonato da Europa 2026, tamb\u00e9m a arbitragem portuguesa continua em destaque nesta fase final do EuroVolley. A \u00e1rbitra portuguesa Raquel Portela\" \/>\n\t\t<meta property=\"og:url\" content=\"https:\/\/fpvoleibol.pt\/fpv\/2026\/08\/28\/arbitragem-portuguesa-em-destaque-no-europeu\/\" \/>\n\t\t<meta property=\"og:image\" content=\"https:\/\/fpvoleibol.pt\/fpv\/wp-content\/uploads\/2026\/08\/AvelinoA_e_RaquelP_f.jpg\" \/>\n\t\t<meta property=\"og:image:secure_url\" content=\"https:\/\/fpvoleibol.pt\/fpv\/wp-content\/uploads\/2026\/08\/AvelinoA_e_RaquelP_f.jpg\" \/>\n\t\t<meta property=\"og:image:width\" content=\"640\" \/>\n\t\t<meta property=\"og:image:height\" content=\"380\" \/>\n\t\t<meta property=\"article:published_time\" content=\"2026-08-28T11:37:17+00:00\" \/>\n\t\t<meta property=\"article:modified_time\" content=\"2026-08-28T11:37:17+00:00\" \/>\n\t\t<meta property=\"article:publisher\" content=\"https:\/\/facebook.com\/FPVoleibol\" \/>\n\t\t<meta name=\"twitter:card\" content=\"summary\" \/>\n\t\t<meta name=\"twitter:title\" content=\"ARBITRAGEM PORTUGUESA EM DESTAQUE NO EUROPEU - Federa\u00e7\u00e3o Portuguesa de Voleibol\" \/>\n\t\t<meta name=\"twitter:description\" content=\"Raquel Portela nos oitavos de final em Brno, Ch\u00e9quia Tal como a Sele\u00e7\u00e3o Nacional de Seniores Femininos, que escreveu uma p\u00e1gina de ouro na sua hist\u00f3ria ao qualificar-se para os oitavos de final do Campeonato da Europa 2026, tamb\u00e9m a arbitragem portuguesa continua em destaque nesta fase final do EuroVolley. A \u00e1rbitra portuguesa Raquel Portela\" \/>\n\t\t<meta name=\"twitter:image\" content=\"https:\/\/fpvoleibol.pt\/fpv\/wp-content\/uploads\/2026\/08\/AvelinoA_e_RaquelP_f.jpg\" \/>\n\t\t<script type=\"application\/ld+json\" class=\"aioseo-schema\">\n\t\t\t{\"@context\":\"https:\\\/\\\/schema.org\",\"@graph\":[{\"@type\":\"BlogPosting\",\"@id\":\"https:\\\/\\\/fpvoleibol.pt\\\/fpv\\\/2026\\\/08\\\/28\\\/arbitragem-portuguesa-em-destaque-no-europeu\\\/#blogposting\",\"name\":\"ARBITRAGEM PORTUGUESA EM DESTAQUE NO EUROPEU - Federa\\u00e7\\u00e3o Portuguesa de Voleibol\",\"headline\":\"ARBITRAGEM PORTUGUESA EM DESTAQUE NO EUROPEU\",\"author\":{\"@id\":\"https:\\\/\\\/fpvoleibol.pt\\\/fpv\\\/author\\\/imprensa\\\/#author\"},\"publisher\":{\"@id\":\"https:\\\/\\\/fpvoleibol.pt\\\/fpv\\\/#organization\"},\"image\":{\"@type\":\"ImageObject\",\"url\":\"https:\\\/\\\/fpvoleibol.pt\\\/fpv\\\/wp-content\\\/uploads\\\/2026\\\/08\\\/AvelinoA_e_RaquelP_f.jpg\",\"width\":640,\"height\":380},\"datePublished\":\"2026-08-28T12:37:17+01:00\",\"dateModified\":\"2026-08-28T12:37:17+01:00\",\"inLanguage\":\"pt-PT\",\"mainEntityOfPage\":{\"@id\":\"https:\\\/\\\/fpvoleibol.pt\\\/fpv\\\/2026\\\/08\\\/28\\\/arbitragem-portuguesa-em-destaque-no-europeu\\\/#webpage\"},\"isPartOf\":{\"@id\":\"https:\\\/\\\/fpvoleibol.pt\\\/fpv\\\/2026\\\/08\\\/28\\\/arbitragem-portuguesa-em-destaque-no-europeu\\\/#webpage\"},\"articleSection\":\"Arbitragem, Voleibol, Campeonato da Europa 2026\"},{\"@type\":\"BreadcrumbList\",\"@id\":\"https:\\\/\\\/fpvoleibol.pt\\\/fpv\\\/2026\\\/08\\\/28\\\/arbitragem-portuguesa-em-destaque-no-europeu\\\/#breadcrumblist\",\"itemListElement\":[{\"@type\":\"ListItem\",\"@id\":\"https:\\\/\\\/fpvoleibol.pt\\\/fpv#listItem\",\"position\":1,\"name\":\"In\\u00edcio\",\"item\":\"https:\\\/\\\/fpvoleibol.pt\\\/fpv\",\"nextItem\":{\"@type\":\"ListItem\",\"@id\":\"https:\\\/\\\/fpvoleibol.pt\\\/fpv\\\/category\\\/voleibol\\\/#listItem\",\"name\":\"Voleibol\"}},{\"@type\":\"ListItem\",\"@id\":\"https:\\\/\\\/fpvoleibol.pt\\\/fpv\\\/category\\\/voleibol\\\/#listItem\",\"position\":2,\"name\":\"Voleibol\",\"item\":\"https:\\\/\\\/fpvoleibol.pt\\\/fpv\\\/category\\\/voleibol\\\/\",\"nextItem\":{\"@type\":\"ListItem\",\"@id\":\"https:\\\/\\\/fpvoleibol.pt\\\/fpv\\\/2026\\\/08\\\/28\\\/arbitragem-portuguesa-em-destaque-no-europeu\\\/#listItem\",\"name\":\"ARBITRAGEM PORTUGUESA EM DESTAQUE NO EUROPEU\"},\"previousItem\":{\"@type\":\"ListItem\",\"@id\":\"https:\\\/\\\/fpvoleibol.pt\\\/fpv#listItem\",\"name\":\"In\\u00edcio\"}},{\"@type\":\"ListItem\",\"@id\":\"https:\\\/\\\/fpvoleibol.pt\\\/fpv\\\/2026\\\/08\\\/28\\\/arbitragem-portuguesa-em-destaque-no-europeu\\\/#listItem\",\"position\":3,\"name\":\"ARBITRAGEM PORTUGUESA EM DESTAQUE NO EUROPEU\",\"previousItem\":{\"@type\":\"ListItem\",\"@id\":\"https:\\\/\\\/fpvoleibol.pt\\\/fpv\\\/category\\\/voleibol\\\/#listItem\",\"name\":\"Voleibol\"}}]},{\"@type\":\"Organization\",\"@id\":\"https:\\\/\\\/fpvoleibol.pt\\\/fpv\\\/#organization\",\"name\":\"Federa\\u00e7\\u00e3o Portuguesa de Voleibol\",\"description\":\"Website Oficial da FPV\",\"url\":\"https:\\\/\\\/fpvoleibol.pt\\\/fpv\\\/\",\"telephone\":\"+351228349570\",\"logo\":{\"@type\":\"ImageObject\",\"url\":\"https:\\\/\\\/fpvoleibol.pt\\\/fpv\\\/wp-content\\\/uploads\\\/2021\\\/05\\\/logotipo_fpvoleibol_2021_site.png\",\"@id\":\"https:\\\/\\\/fpvoleibol.pt\\\/fpv\\\/2026\\\/08\\\/28\\\/arbitragem-portuguesa-em-destaque-no-europeu\\\/#organizationLogo\",\"width\":512,\"height\":473},\"image\":{\"@id\":\"https:\\\/\\\/fpvoleibol.pt\\\/fpv\\\/2026\\\/08\\\/28\\\/arbitragem-portuguesa-em-destaque-no-europeu\\\/#organizationLogo\"},\"sameAs\":[\"https:\\\/\\\/facebook.com\\\/FPVoleibol\",\"https:\\\/\\\/instagram.com\\\/FPVoleibol\"]},{\"@type\":\"Person\",\"@id\":\"https:\\\/\\\/fpvoleibol.pt\\\/fpv\\\/author\\\/imprensa\\\/#author\",\"url\":\"https:\\\/\\\/fpvoleibol.pt\\\/fpv\\\/author\\\/imprensa\\\/\",\"name\":\"Jorge Castro\",\"image\":{\"@type\":\"ImageObject\",\"@id\":\"https:\\\/\\\/fpvoleibol.pt\\\/fpv\\\/2026\\\/08\\\/28\\\/arbitragem-portuguesa-em-destaque-no-europeu\\\/#authorImage\",\"url\":\"https:\\\/\\\/secure.gravatar.com\\\/avatar\\\/b10a3458a4f34f13de2d39b55eb391825aeab00ff209c3fe857e3fd4d3dcb784?s=96&d=mm&r=g\",\"width\":96,\"height\":96,\"caption\":\"Jorge Castro\"}},{\"@type\":\"WebPage\",\"@id\":\"https:\\\/\\\/fpvoleibol.pt\\\/fpv\\\/2026\\\/08\\\/28\\\/arbitragem-portuguesa-em-destaque-no-europeu\\\/#webpage\",\"url\":\"https:\\\/\\\/fpvoleibol.pt\\\/fpv\\\/2026\\\/08\\\/28\\\/arbitragem-portuguesa-em-destaque-no-europeu\\\/\",\"name\":\"ARBITRAGEM PORTUGUESA EM DESTAQUE NO EUROPEU - Federa\\u00e7\\u00e3o Portuguesa de Voleibol\",\"description\":\"Raquel Portela nos oitavos de final em Brno, Ch\\u00e9quia Tal como a Sele\\u00e7\\u00e3o Nacional de Seniores Femininos, que escreveu uma p\\u00e1gina de ouro na sua hist\\u00f3ria ao qualificar-se para os oitavos de final do Campeonato da Europa 2026, tamb\\u00e9m a arbitragem portuguesa continua em destaque nesta fase final do EuroVolley. A \\u00e1rbitra portuguesa Raquel Portela\",\"inLanguage\":\"pt-PT\",\"isPartOf\":{\"@id\":\"https:\\\/\\\/fpvoleibol.pt\\\/fpv\\\/#website\"},\"breadcrumb\":{\"@id\":\"https:\\\/\\\/fpvoleibol.pt\\\/fpv\\\/2026\\\/08\\\/28\\\/arbitragem-portuguesa-em-destaque-no-europeu\\\/#breadcrumblist\"},\"author\":{\"@id\":\"https:\\\/\\\/fpvoleibol.pt\\\/fpv\\\/author\\\/imprensa\\\/#author\"},\"creator\":{\"@id\":\"https:\\\/\\\/fpvoleibol.pt\\\/fpv\\\/author\\\/imprensa\\\/#author\"},\"image\":{\"@type\":\"ImageObject\",\"url\":\"https:\\\/\\\/fpvoleibol.pt\\\/fpv\\\/wp-content\\\/uploads\\\/2026\\\/08\\\/AvelinoA_e_RaquelP_f.jpg\",\"@id\":\"https:\\\/\\\/fpvoleibol.pt\\\/fpv\\\/2026\\\/08\\\/28\\\/arbitragem-portuguesa-em-destaque-no-europeu\\\/#mainImage\",\"width\":640,\"height\":380},\"primaryImageOfPage\":{\"@id\":\"https:\\\/\\\/fpvoleibol.pt\\\/fpv\\\/2026\\\/08\\\/28\\\/arbitragem-portuguesa-em-destaque-no-europeu\\\/#mainImage\"},\"datePublished\":\"2026-08-28T12:37:17+01:00\",\"dateModified\":\"2026-08-28T12:37:17+01:00\"},{\"@type\":\"WebSite\",\"@id\":\"https:\\\/\\\/fpvoleibol.pt\\\/fpv\\\/#website\",\"url\":\"https:\\\/\\\/fpvoleibol.pt\\\/fpv\\\/\",\"name\":\"Federa\\u00e7\\u00e3o Portuguesa de Voleibol\",\"description\":\"Website Oficial da FPV\",\"inLanguage\":\"pt-PT\",\"publisher\":{\"@id\":\"https:\\\/\\\/fpvoleibol.pt\\\/fpv\\\/#organization\"}}]}\n\t\t<\/script>\n\t\t<!-- All in One SEO -->\n\n","aioseo_head_json":{"title":"ARBITRAGEM PORTUGUESA EM DESTAQUE NO EUROPEU - Federa\u00e7\u00e3o Portuguesa de Voleibol","description":"Raquel Portela nos oitavos de final em Brno, Ch\u00e9quia Tal como a Sele\u00e7\u00e3o Nacional de Seniores Femininos, que escreveu uma p\u00e1gina de ouro na sua hist\u00f3ria ao qualificar-se para os oitavos de final do Campeonato da Europa 2026, tamb\u00e9m a arbitragem portuguesa continua em destaque nesta fase final do EuroVolley. A \u00e1rbitra portuguesa Raquel Portela","canonical_url":"https:\/\/fpvoleibol.pt\/fpv\/2026\/08\/28\/arbitragem-portuguesa-em-destaque-no-europeu\/","robots":"max-image-preview:large","keywords":"","webmasterTools":{"miscellaneous":""},"schema":{"@context":"https:\/\/schema.org","@graph":[{"@type":"BlogPosting","@id":"https:\/\/fpvoleibol.pt\/fpv\/2026\/08\/28\/arbitragem-portuguesa-em-destaque-no-europeu\/#blogposting","name":"ARBITRAGEM PORTUGUESA EM DESTAQUE NO EUROPEU - Federa\u00e7\u00e3o Portuguesa de Voleibol","headline":"ARBITRAGEM PORTUGUESA EM DESTAQUE NO EUROPEU","author":{"@id":"https:\/\/fpvoleibol.pt\/fpv\/author\/imprensa\/#author"},"publisher":{"@id":"https:\/\/fpvoleibol.pt\/fpv\/#organization"},"image":{"@type":"ImageObject","url":"https:\/\/fpvoleibol.pt\/fpv\/wp-content\/uploads\/2026\/08\/AvelinoA_e_RaquelP_f.jpg","width":640,"height":380},"datePublished":"2026-08-28T12:37:17+01:00","dateModified":"2026-08-28T12:37:17+01:00","inLanguage":"pt-PT","mainEntityOfPage":{"@id":"https:\/\/fpvoleibol.pt\/fpv\/2026\/08\/28\/arbitragem-portuguesa-em-destaque-no-europeu\/#webpage"},"isPartOf":{"@id":"https:\/\/fpvoleibol.pt\/fpv\/2026\/08\/28\/arbitragem-portuguesa-em-destaque-no-europeu\/#webpage"},"articleSection":"Arbitragem, Voleibol, Campeonato da Europa 2026"},{"@type":"BreadcrumbList","@id":"https:\/\/fpvoleibol.pt\/fpv\/2026\/08\/28\/arbitragem-portuguesa-em-destaque-no-europeu\/#breadcrumblist","itemListElement":[{"@type":"ListItem","@id":"https:\/\/fpvoleibol.pt\/fpv#listItem","position":1,"name":"In\u00edcio","item":"https:\/\/fpvoleibol.pt\/fpv","nextItem":{"@type":"ListItem","@id":"https:\/\/fpvoleibol.pt\/fpv\/category\/voleibol\/#listItem","name":"Voleibol"}},{"@type":"ListItem","@id":"https:\/\/fpvoleibol.pt\/fpv\/category\/voleibol\/#listItem","position":2,"name":"Voleibol","item":"https:\/\/fpvoleibol.pt\/fpv\/category\/voleibol\/","nextItem":{"@type":"ListItem","@id":"https:\/\/fpvoleibol.pt\/fpv\/2026\/08\/28\/arbitragem-portuguesa-em-destaque-no-europeu\/#listItem","name":"ARBITRAGEM PORTUGUESA EM DESTAQUE NO EUROPEU"},"previousItem":{"@type":"ListItem","@id":"https:\/\/fpvoleibol.pt\/fpv#listItem","name":"In\u00edcio"}},{"@type":"ListItem","@id":"https:\/\/fpvoleibol.pt\/fpv\/2026\/08\/28\/arbitragem-portuguesa-em-destaque-no-europeu\/#listItem","position":3,"name":"ARBITRAGEM PORTUGUESA EM DESTAQUE NO EUROPEU","previousItem":{"@type":"ListItem","@id":"https:\/\/fpvoleibol.pt\/fpv\/category\/voleibol\/#listItem","name":"Voleibol"}}]},{"@type":"Organization","@id":"https:\/\/fpvoleibol.pt\/fpv\/#organization","name":"Federa\u00e7\u00e3o Portuguesa de Voleibol","description":"Website Oficial da FPV","url":"https:\/\/fpvoleibol.pt\/fpv\/","telephone":"+351228349570","logo":{"@type":"ImageObject","url":"https:\/\/fpvoleibol.pt\/fpv\/wp-content\/uploads\/2021\/05\/logotipo_fpvoleibol_2021_site.png","@id":"https:\/\/fpvoleibol.pt\/fpv\/2026\/08\/28\/arbitragem-portuguesa-em-destaque-no-europeu\/#organizationLogo","width":512,"height":473},"image":{"@id":"https:\/\/fpvoleibol.pt\/fpv\/2026\/08\/28\/arbitragem-portuguesa-em-destaque-no-europeu\/#organizationLogo"},"sameAs":["https:\/\/facebook.com\/FPVoleibol","https:\/\/instagram.com\/FPVoleibol"]},{"@type":"Person","@id":"https:\/\/fpvoleibol.pt\/fpv\/author\/imprensa\/#author","url":"https:\/\/fpvoleibol.pt\/fpv\/author\/imprensa\/","name":"Jorge Castro","image":{"@type":"ImageObject","@id":"https:\/\/fpvoleibol.pt\/fpv\/2026\/08\/28\/arbitragem-portuguesa-em-destaque-no-europeu\/#authorImage","url":"https:\/\/secure.gravatar.com\/avatar\/b10a3458a4f34f13de2d39b55eb391825aeab00ff209c3fe857e3fd4d3dcb784?s=96&d=mm&r=g","width":96,"height":96,"caption":"Jorge Castro"}},{"@type":"WebPage","@id":"https:\/\/fpvoleibol.pt\/fpv\/2026\/08\/28\/arbitragem-portuguesa-em-destaque-no-europeu\/#webpage","url":"https:\/\/fpvoleibol.pt\/fpv\/2026\/08\/28\/arbitragem-portuguesa-em-destaque-no-europeu\/","name":"ARBITRAGEM PORTUGUESA EM DESTAQUE NO EUROPEU - Federa\u00e7\u00e3o Portuguesa de Voleibol","description":"Raquel Portela nos oitavos de final em Brno, Ch\u00e9quia Tal como a Sele\u00e7\u00e3o Nacional de Seniores Femininos, que escreveu uma p\u00e1gina de ouro na sua hist\u00f3ria ao qualificar-se para os oitavos de final do Campeonato da Europa 2026, tamb\u00e9m a arbitragem portuguesa continua em destaque nesta fase final do EuroVolley. A \u00e1rbitra portuguesa Raquel Portela","inLanguage":"pt-PT","isPartOf":{"@id":"https:\/\/fpvoleibol.pt\/fpv\/#website"},"breadcrumb":{"@id":"https:\/\/fpvoleibol.pt\/fpv\/2026\/08\/28\/arbitragem-portuguesa-em-destaque-no-europeu\/#breadcrumblist"},"author":{"@id":"https:\/\/fpvoleibol.pt\/fpv\/author\/imprensa\/#author"},"creator":{"@id":"https:\/\/fpvoleibol.pt\/fpv\/author\/imprensa\/#author"},"image":{"@type":"ImageObject","url":"https:\/\/fpvoleibol.pt\/fpv\/wp-content\/uploads\/2026\/08\/AvelinoA_e_RaquelP_f.jpg","@id":"https:\/\/fpvoleibol.pt\/fpv\/2026\/08\/28\/arbitragem-portuguesa-em-destaque-no-europeu\/#mainImage","width":640,"height":380},"primaryImageOfPage":{"@id":"https:\/\/fpvoleibol.pt\/fpv\/2026\/08\/28\/arbitragem-portuguesa-em-destaque-no-europeu\/#mainImage"},"datePublished":"2026-08-28T12:37:17+01:00","dateModified":"2026-08-28T12:37:17+01:00"},{"@type":"WebSite","@id":"https:\/\/fpvoleibol.pt\/fpv\/#website","url":"https:\/\/fpvoleibol.pt\/fpv\/","name":"Federa\u00e7\u00e3o Portuguesa de Voleibol","description":"Website Oficial da FPV","inLanguage":"pt-PT","publisher":{"@id":"https:\/\/fpvoleibol.pt\/fpv\/#organization"}}]},"og:locale":"pt_PT","og:site_name":"Federa\u00e7\u00e3o Portuguesa de Voleibol - Website Oficial da FPV","og:type":"article","og:title":"ARBITRAGEM PORTUGUESA EM DESTAQUE NO EUROPEU - Federa\u00e7\u00e3o Portuguesa de Voleibol","og:description":"Raquel Portela nos oitavos de final em Brno, Ch\u00e9quia Tal como a Sele\u00e7\u00e3o Nacional de Seniores Femininos, que escreveu uma p\u00e1gina de ouro na sua hist\u00f3ria ao qualificar-se para os oitavos de final do Campeonato da Europa 2026, tamb\u00e9m a arbitragem portuguesa continua em destaque nesta fase final do EuroVolley. A \u00e1rbitra portuguesa Raquel Portela","og:url":"https:\/\/fpvoleibol.pt\/fpv\/2026\/08\/28\/arbitragem-portuguesa-em-destaque-no-europeu\/","og:image":"https:\/\/fpvoleibol.pt\/fpv\/wp-content\/uploads\/2026\/08\/AvelinoA_e_RaquelP_f.jpg","og:image:secure_url":"https:\/\/fpvoleibol.pt\/fpv\/wp-content\/uploads\/2026\/08\/AvelinoA_e_RaquelP_f.jpg","og:image:width":640,"og:image:height":380,"article:published_time":"2026-08-28T11:37:17+00:00","article:modified_time":"2026-08-28T11:37:17+00:00","article:publisher":"https:\/\/facebook.com\/FPVoleibol","twitter:card":"summary","twitter:title":"ARBITRAGEM PORTUGUESA EM DESTAQUE NO EUROPEU - Federa\u00e7\u00e3o Portuguesa de Voleibol","twitter:description":"Raquel Portela nos oitavos de final em Brno, Ch\u00e9quia Tal como a Sele\u00e7\u00e3o Nacional de Seniores Femininos, que escreveu uma p\u00e1gina de ouro na sua hist\u00f3ria ao qualificar-se para os oitavos de final do Campeonato da Europa 2026, tamb\u00e9m a arbitragem portuguesa continua em destaque nesta fase final do EuroVolley. A \u00e1rbitra portuguesa Raquel Portela","twitter:image":"https:\/\/fpvoleibol.pt\/fpv\/wp-content\/uploads\/2026\/08\/AvelinoA_e_RaquelP_f.jpg"},"aioseo_meta_data":{"post_id":"49142","title":null,"description":null,"keywords":null,"keyphrases":{"focus":{"keyphrase":"","score":0,"analysis":{"keyphraseInTitle":{"score":0,"maxScore":9,"error":1}}},"additional":[]},"primary_term":null,"canonical_url":null,"og_title":null,"og_description":null,"og_object_type":"default","og_image_type":"default","og_image_url":null,"og_image_width":null,"og_image_height":null,"og_image_custom_url":null,"og_image_custom_fields":null,"og_video":"","og_custom_url":null,"og_article_section":null,"og_article_tags":null,"twitter_use_og":false,"twitter_card":"default","twitter_image_type":"default","twitter_image_url":null,"twitter_image_custom_url":null,"twitter_image_custom_fields":null,"twitter_title":null,"twitter_description":null,"schema":{"blockGraphs":[],"customGraphs":[],"default":{"data":{"Article":[],"Course":[],"Dataset":[],"FAQPage":[],"Movie":[],"Person":[],"Product":[],"ProductReview":[],"Car":[],"Recipe":[],"Service":[],"SoftwareApplication":[],"WebPage":[]},"graphName":"BlogPosting","isEnabled":true},"graphs":[]},"schema_type":"default","schema_type_options":null,"pillar_content":false,"robots_default":true,"robots_noindex":false,"robots_noarchive":false,"robots_nosnippet":false,"robots_nofollow":false,"robots_noimageindex":false,"robots_noodp":false,"robots_notranslate":false,"robots_max_snippet":"-1","robots_max_videopreview":"-1","robots_max_imagepreview":"large","priority":null,"frequency":"default","local_seo":null,"breadcrumb_settings":null,"limit_modified_date":false,"ai":{"faqs":[],"keyPoints":[],"schemas":[],"titles":[],"descriptions":[],"socialPosts":{"email":{"subject":"","preview":"","content":""},"linkedin":[],"twitter":[],"facebook":[],"instagram":[]}},"created":"2026-08-28 11:37:09","updated":"2026-08-28 11:38:21","seo_analyzer_scan_date":null},"aioseo_breadcrumb":"<div class=\"aioseo-breadcrumbs\"><span class=\"aioseo-breadcrumb\">\n\t\t\t<a href=\"https:\/\/fpvoleibol.pt\/fpv\" title=\"In\u00edcio\">In\u00edcio<\/a>\n\t\t<\/span><span class=\"aioseo-breadcrumb-separator\">&raquo;<\/span><span class=\"aioseo-breadcrumb\">\n\t\t\t<a href=\"https:\/\/fpvoleibol.pt\/fpv\/category\/voleibol\/\" title=\"Voleibol\">Voleibol<\/a>\n\t\t<\/span><span class=\"aioseo-breadcrumb-separator\">&raquo;<\/span><span class=\"aioseo-breadcrumb\">\n\t\t\tARBITRAGEM PORTUGUESA EM DESTAQUE NO EUROPEU\n\t\t<\/span><\/div>","aioseo_breadcrumb_json":[{"label":"In\u00edcio","link":"https:\/\/fpvoleibol.pt\/fpv"},{"label":"Voleibol","link":"https:\/\/fpvoleibol.pt\/fpv\/category\/voleibol\/"},{"label":"ARBITRAGEM PORTUGUESA EM DESTAQUE NO EUROPEU","link":"https:\/\/fpvoleibol.pt\/fpv\/2026\/08\/28\/arbitragem-portuguesa-em-destaque-no-europeu\/"}],"_links":{"self":[{"href":"https:\/\/fpvoleibol.pt\/fpv\/wp-json\/wp\/v2\/posts\/49142","targetHints":{"allow":["GET"]}}],"collection":[{"href":"https:\/\/fpvoleibol.pt\/fpv\/wp-json\/wp\/v2\/posts"}],"about":[{"href":"https:\/\/fpvoleibol.pt\/fpv\/wp-json\/wp\/v2\/types\/post"}],"author":[{"embeddable":true,"href":"https:\/\/fpvoleibol.pt\/fpv\/wp-json\/wp\/v2\/users\/2"}],"replies":[{"embeddable":true,"href":"https:\/\/fpvoleibol.pt\/fpv\/wp-json\/wp\/v2\/comments?post=49142"}],"version-history":[{"count":1,"href":"https:\/\/fpvoleibol.pt\/fpv\/wp-json\/wp\/v2\/posts\/49142\/revisions"}],"predecessor-version":[{"id":49145,"href":"https:\/\/fpvoleibol.pt\/fpv\/wp-json\/wp\/v2\/posts\/49142\/revisions\/49145"}],"wp:featuredmedia":[{"embeddable":true,"href":"https:\/\/fpvoleibol.pt\/fpv\/wp-json\/wp\/v2\/media\/49143"}],"wp:attachment":[{"href":"https:\/\/fpvoleibol.pt\/fpv\/wp-json\/wp\/v2\/media?parent=49142"}],"wp:term":[{"taxonomy":"category","embeddable":true,"href":"https:\/\/fpvoleibol.pt\/fpv\/wp-json\/wp\/v2\/categories?post=49142"},{"taxonomy":"post_tag","embeddable":true,"href":"https:\/\/fpvoleibol.pt\/fpv\/wp-json\/wp\/v2\/tags?post=49142"}],"curies":[{"name":"wp","href":"https:\/\/api.w.org\/{rel}","templated":true}]}}