{"id":49126,"date":"2026-08-27T20:12:38","date_gmt":"2026-08-27T19:12:38","guid":{"rendered":"https:\/\/fpvoleibol.pt\/fpv\/?p=49126"},"modified":"2026-08-29T19:13:42","modified_gmt":"2026-08-29T18:13:42","slug":"portuguesas-nos-oitavos-do-europeu","status":"publish","type":"post","link":"https:\/\/fpvoleibol.pt\/fpv\/2026\/08\/27\/portuguesas-nos-oitavos-do-europeu\/","title":{"rendered":"PORTUGUESAS NOS OITAVOS DO EUROPEU!"},"content":{"rendered":"<p style=\"text-align: center;\"><span style=\"font-size: 12px;\"><strong><img loading=\"lazy\" decoding=\"async\" class=\"size-full wp-image-49137 aligncenter\" src=\"https:\/\/fpvoleibol.pt\/fpv\/wp-content\/uploads\/2026\/08\/Europeu_PorxRomenia_d1.jpg\" alt=\"\" width=\"960\" height=\"570\" srcset=\"https:\/\/fpvoleibol.pt\/fpv\/wp-content\/uploads\/2026\/08\/Europeu_PorxRomenia_d1.jpg 960w, https:\/\/fpvoleibol.pt\/fpv\/wp-content\/uploads\/2026\/08\/Europeu_PorxRomenia_d1-300x178.jpg 300w, https:\/\/fpvoleibol.pt\/fpv\/wp-content\/uploads\/2026\/08\/Europeu_PorxRomenia_d1-768x456.jpg 768w\" sizes=\"auto, (max-width: 960px) 100vw, 960px\" \/>Sempre a fazer Hist\u00f3ria! Portugal supera Rom\u00e9nia e avan\u00e7a para os oitavos do Europeu<\/strong><\/span><\/p>\n<p>A Sele\u00e7\u00e3o Nacional de Seniores Femininos continua a escrever as p\u00e1ginas mais brilhantes do voleibol portugu\u00eas. Depois da conquista da European Silver League em 2024 &#8211; o catalisador que abriu caminho para uma nova era de exig\u00eancia e sucesso -, a equipa das quinas alcan\u00e7ou uma proeza in\u00e9dita na sua segunda participa\u00e7\u00e3o numa fase final de um Campeonato da Europa (ap\u00f3s a estreia em 2019): o apuramento para os oitavos de final.<\/p>\n<p>A qualifica\u00e7\u00e3o ficou selada com uma vit\u00f3ria monumental e arrancada a ferros sobre a Rom\u00e9nia por 3-2 (15-25, 26-24, 20-25, 27-25 e 15-13), na \u00faltima jornada da Pool C, disputada na National Gymnastics Arena, em Baku.<\/p>\n<p>O arranque do encontro testou os nervos da equipa portuguesa. Algo ap\u00e1ticas no bloco, desconcentradas na defesa baixa e perdul\u00e1rias no ataque, as lusas viram a Rom\u00e9nia disparar no marcador para 10-3, impulsionada pela oposta Ioana Maria Baciu. A sele\u00e7\u00e3o orientada por Guillermo Naranjo fechou confortavelmente o primeiro set por 25-15.<\/p>\n<p>Contudo, a resposta nacional no segundo parcial foi um hino \u00e0 determina\u00e7\u00e3o. Portugal recomp\u00f4s-se e equilibrou a discuss\u00e3o. Apesar de a Rom\u00e9nia ter conquistado dois <em>set points<\/em> a 24-22, a rea\u00e7\u00e3o lusa foi irrepreens\u00edvel: com J\u00falia Kavalenka no servi\u00e7o, altura em que Portugal conseguiu quatro pontos consecutivos, e um bloco decisivo de Amanda Cavalcanti, a Sele\u00e7\u00e3o igualou o jogo com um 26-24.<\/p>\n<p>A hist\u00f3ria repetiu-se no terceiro parcial, com igualdades sucessivas at\u00e9 aos 17-16, momento em que a Rom\u00e9nia conquistou quatro blocos seguidos e fechou o parcial em 25-20.<\/p>\n<p>Contra a parede e numa situa\u00e7\u00e3o de &#8220;vida ou morte&#8221; na competi\u00e7\u00e3o, Portugal sacou de toda a sua frieza no quarto set. Num final dram\u00e1tico, ap\u00f3s anular um <em>match point<\/em> romeno a 23-24, a central Joana Garcez garantiu o 27-25 com um \u00e1s soberbo.<\/p>\n<p style=\"text-align: center;\"><span style=\"text-decoration: underline;\"><strong>A ra\u00e7a no <em>tie-break<\/em> e o destino em Istambul<\/strong><\/span><\/p>\n<p>A decis\u00e3o foi arrastada para a \u00abnegra, onde a entrega portuguesa ro\u00e7ou o \u00e9pico. A equipa combateu por cada bola &#8211; defendendo com unhas, dentes e at\u00e9 com os p\u00e9s -, contando com a inspira\u00e7\u00e3o de Amanda Cavalcanti no bloco e o poder de fogo de Margarida Maia e J\u00falia Kavalenka no ataque. O ponto final, num 15-13 fren\u00e9tico, resultou de um erro de passe desesperado do ataque romeno, desencadeando a festa lusa em Baku.<\/p>\n<p>No cap\u00edtulo individual, Ana Rui Monteiro e a romena Ioana Maria Baciu dividiram o estatuto de melhores pontuadoras do encontro, com 20 pontos cada. J\u00falia Kavalenka e Margarida Maia somaram 15 pontos cada uma, enquanto Amanda Cavalcanti rubricou 10 pontos (quatro no bloco). Ver estat\u00edstica <a href=\"https:\/\/www-old.cev.eu\/Competition-Area\/MatchStatistics.aspx?ID=84459\">AQUI<\/a><\/p>\n<p><img loading=\"lazy\" decoding=\"async\" class=\"size-full wp-image-49138 aligncenter\" src=\"https:\/\/fpvoleibol.pt\/fpv\/wp-content\/uploads\/2026\/08\/Europeu_PorxRomenia_d2.jpg\" alt=\"\" width=\"960\" height=\"640\" srcset=\"https:\/\/fpvoleibol.pt\/fpv\/wp-content\/uploads\/2026\/08\/Europeu_PorxRomenia_d2.jpg 960w, https:\/\/fpvoleibol.pt\/fpv\/wp-content\/uploads\/2026\/08\/Europeu_PorxRomenia_d2-300x200.jpg 300w, https:\/\/fpvoleibol.pt\/fpv\/wp-content\/uploads\/2026\/08\/Europeu_PorxRomenia_d2-768x512.jpg 768w\" sizes=\"auto, (max-width: 960px) 100vw, 960px\" \/>No final, Hugo Silva, Selecionador Nacional, reconheceu:<br \/>\n\u201c<em>Eu j\u00e1 tive v\u00e1rias qualifica\u00e7\u00f5es para os oitavos de final com os masculinos. E sem d\u00favida que esta \u00e9 a mais marcante.<\/em><br \/>\n<em>Eu acho que a feminino deixou aqui uma pegada muito importante para aquilo que \u00e9 o crescimento que tanto queremos que o voleibol feminino venha a ter e, definitivamente, perceber que estas atletas t\u00eam qualidade.<br \/>\nO percurso que fizemos nesta prepara\u00e7\u00e3o j\u00e1 ia dando indica\u00e7\u00f5es de que a equipa estava a praticar um bom voleibol. <\/em><em>E que \u00e9ramos capazes de lutar com estas sele\u00e7\u00f5es, apesar de serem melhores ranqueadas do que n\u00f3s. N\u00f3s sab\u00edamos que era poss\u00edvel. Sab\u00edamos tamb\u00e9m que o lado emocional ia pesar muito e parec\u00edamos uma equipa madura. Frente \u00e0 Rom\u00e9nia, e ao contr\u00e1rio da idade que estas atletas t\u00eam, parec\u00edamos n\u00f3s a equipa madura, contra uma equipa imatura do outro lado\u2026 e era precisamente o contr\u00e1rio.<\/em><br \/>\n<em>Eu acho que foi o pr\u00e9mio merecido para elas. Elas merecem bem estes festejos e esta passagem aos oitavos. E o Voleibol feminino em Portugal est\u00e1 de parab\u00e9ns.<\/em><br \/>\n<em>O jogo com a Rom\u00e9nia acabou por n\u00e3o fugir \u00e0quilo que est\u00e1vamos \u00e0 espera. Todas estudaram bem o advers\u00e1rio, sabiam o que \u00e9 que tinham que fazer. <\/em><em>Obviamente, o lado emocional, tal como disse, pesou muito. Foi necess\u00e1rio utilizar quase todas a jogadoras que t\u00ednhamos no banco. Elas foram muito importantes, todas elas, como v\u00e3o continuar a ser sempre. E, portanto, o ajuste foi mais nesse sentido. Entrar outras, tentar resolver aquilo que n\u00e3o estava a ser poss\u00edvel resolver, mas que sab\u00edamos como resolver. Desde o in\u00edcio disse que esta sele\u00e7\u00e3o vale pelo coletivo, nunca cai para o lado individual. E foi vit\u00f3ria do coletivo<\/em>.\u201d<\/p>\n<p>A capit\u00e3 de Portugal, Ana Figueiras, revelou o estado de alma da equipa das quinas e n\u00e3o se coibiu de enviar alguns recados:<br \/>\n\u201c<em>\u00c9 um sentimento que ainda n\u00e3o d\u00e1 para acreditar que n\u00f3s ganhamos e conseguimos passar e fazer hist\u00f3ria mais uma vez. O grupo est\u00e1 muito feliz. Eu acho que este Europeu veio trazer uma uni\u00e3o e uma energia diferente ao grupo. Toda a gente acrescenta, toda a gente sabe o seu papel e se hoje n\u00e3o for uma, amanh\u00e3 \u00e9 outra. E acho que isso se nota que estamos cada vez mais Equipa na verdadeira ace\u00e7\u00e3o da palavra.<\/em><br \/>\n<em>Passamos muito tempo juntas e neste momento estamos a viver uma altura muito boa e estamos muito felizes com o que conquist\u00e1mos.<\/em><br \/>\n<em>N\u00f3s j\u00e1 sab\u00edamos que a partida era um grupo dif\u00edcil e que se calhar os primeiros tr\u00eas jogos seriam os mais dif\u00edceis. E independentemente de como come\u00e7\u00e1vamos a competi\u00e7\u00e3o, que depois t\u00ednhamos de ganhar os dois \u00faltimos, se n\u00e3o venc\u00eassemos o primeiro. E \u00e9 preciso esta mentalidade, n\u00f3s tamb\u00e9m fomos muito portugueses, que costumam deixar tudo para a \u00faltima, deixar todas as decis\u00f5es para o \u00faltimo jogo.<\/em><br \/>\n<em>Mas tamb\u00e9m \u00e9 bom que as pessoas em Portugal apoiem e acreditem em n\u00f3s, porque vimos muitas manchetes a dizer cada vez mais longe das vit\u00f3rias e n\u00f3s prov\u00e1mos que estamos bem perto e que estamos entre as 16 melhores sele\u00e7\u00f5es da Europa<\/em>.\u201d<\/p>\n<p>&#8220;<em>Foi um jogo muito dif\u00edcil para n\u00f3s. Como equipa, todas trabalh\u00e1mos juntas para vencer este jogo. A nossa rela\u00e7\u00e3o bloco-defesa esteve bem e, especialmente, a mentalidade e o foco. Tent\u00e1mos n\u00e3o dar nenhuma bola por perdida<\/em>&#8220;, destacou a zona 4 Margarida Maia no rescaldo da partida.<\/p>\n<p>Com o passaporte carimbado para os oitavos de final, a comitiva portuguesa viaja agora para a Turquia. Os jogos da pr\u00f3xima fase realizam-se a 31 de agosto e 1 de setembro no complexo Sinan Erdem Sports Hall, em Istambul, onde Portugal ir\u00e1 cruzar-se com o primeiro classificado da Pool A (potencialmente a equipa da casa, a Turquia). Independentemente do resultado do jogo de amanh\u00e3 entre a Rom\u00e9nia e a Espanha, a hist\u00f3ria j\u00e1 est\u00e1 feita \u2026 e esta Sele\u00e7\u00e3o promete n\u00e3o ficar por aqui.<\/p>\n<p>A fase final do EuroVolley decorre at\u00e9 ao dia 6 de setembro e divide-se por quatro pa\u00edses: Turquia (Pool A), Ch\u00e9quia (Pool B), Azerbaij\u00e3o (Pool C) e Su\u00e9cia (Pool D). A sele\u00e7\u00e3o portuguesa, que garantiu a sua segunda presen\u00e7a da hist\u00f3ria na competi\u00e7\u00e3o como uma das melhores segundas classificadas da fase de qualifica\u00e7\u00e3o, integrou um Grupo C bastante exigente em Baku, onde mediu for\u00e7as com os Pa\u00edses Baixos (bronze europeu e 6.\u00aa do ranking mundial), B\u00e9lgica (11.\u00aa do ranking mundial), Rom\u00e9nia, Espanha e o anfitri\u00e3o Azerbaij\u00e3o.<\/p>\n<p>A arbitragem portuguesa tem estado em destaque desde a jornada inaugural do Campeonato da Europa. Raquel Portela dirigiu, como 1.\u00ba \u00e1rbitro, o jogo de abertura oficial da competi\u00e7\u00e3o, realizado em Gotemburgo, na Su\u00e9cia.<br \/>\nA representa\u00e7\u00e3o da arbitragem nacional no EuroVolley 2026 completa-se com a presen\u00e7a de Avelino Azevedo, Presidente do Conselho de Arbitragem da Federa\u00e7\u00e3o Portuguesa de Voleibol, que desempenha fun\u00e7\u00f5es no torneio como Delegado de Arbitragem da Confedera\u00e7\u00e3o Europeia de Voleibol (CEV).<\/p>\n<p style=\"text-align: center;\"><span style=\"text-decoration: underline;\"><strong>Os jogos da sele\u00e7\u00e3o nacional contam com transmiss\u00e3o em direto na RTP2 e na plataforma RTP Play.<\/strong><\/span><\/p>\n<p>&nbsp;<\/p>\n<p style=\"text-align: center;\"><span style=\"background-color: #000000; color: #ffffff;\">As 14 escolhidas<\/span><\/p>\n<p style=\"text-align: center;\"><span style=\"text-decoration: underline;\">\ud835\uddd6\ud835\uddf2\ud835\uddfb\ud835\ude01\ud835\uddff\ud835\uddee\ud835\uddf6\ud835\ude00<\/span><br \/>\nAmanda Cavalcanti<br \/>\nJoana Garcez<br \/>\nRaissa Cassam\u00e1<\/p>\n<p style=\"text-align: center;\"><span style=\"text-decoration: underline;\">\ud835\udddf\ud835\uddf6\u0301\ud835\uddef\ud835\uddf2\ud835\uddff\ud835\uddfc\ud835\ude00<\/span><br \/>\nMatilde Calado<br \/>\nRita Campos<\/p>\n<p style=\"text-align: center;\"><span style=\"text-decoration: underline;\">\ud835\udde2\ud835\uddfd\ud835\uddfc\ud835\ude00\ud835\ude01\ud835\uddee\ud835\ude00<\/span><br \/>\nJ\u00falia Kavalenka<br \/>\nMaria Reis Lopes<\/p>\n<p style=\"text-align: center;\"><span style=\"text-decoration: underline;\">\ud835\uddd7\ud835\uddf6\ud835\ude00\ud835\ude01\ud835\uddff\ud835\uddf6\ud835\uddef\ud835\ude02\ud835\uddf6\ud835\uddf1\ud835\uddfc\ud835\uddff\ud835\uddee\ud835\ude00<\/span><br \/>\nAna Figueiras<br \/>\nMariana Garcez<\/p>\n<p style=\"text-align: center;\"><span style=\"text-decoration: underline;\">\ud835\udded\ud835\uddfc\ud835\uddfb\ud835\uddee\ud835\ude00 \ud835\udff0<\/span><br \/>\nAna Rui Monteiro<br \/>\nAlice Clemente<br \/>\nIn\u00eas Campos<br \/>\nMargarida Maia<br \/>\nJoana Milho<\/p>\n<p style=\"text-align: center;\"><span style=\"text-decoration: underline;\"><strong>Lista alargada da comitiva e com detalhes das atletas <a href=\"https:\/\/fpvoleibol.pt\/fpv\/wp-content\/uploads\/2026\/08\/SNSFemininos_EuroVolley2026_gd.jpg\">AQUI<\/a><\/strong><\/span><\/p>\n","protected":false},"excerpt":{"rendered":"<p>Sempre a fazer Hist\u00f3ria! Portugal supera Rom\u00e9nia e avan\u00e7a para os oitavos do Europeu A Sele\u00e7\u00e3o Nacional de Seniores Femininos continua a escrever as p\u00e1ginas mais brilhantes do voleibol portugu\u00eas. [&hellip;]<\/p>\n","protected":false},"author":2,"featured_media":49136,"comment_status":"open","ping_status":"open","sticky":false,"template":"","format":"standard","meta":{"_monsterinsights_skip_tracking":false,"_monsterinsights_sitenote_active":false,"_monsterinsights_sitenote_note":"","_monsterinsights_sitenote_category":0,"footnotes":""},"categories":[13,20,8],"tags":[130,211,196],"class_list":{"0":"post-49126","1":"post","2":"type-post","3":"status-publish","4":"format-standard","5":"has-post-thumbnail","7":"category-arbitragem","8":"category-destaque","9":"category-voleibol","10":"tag-campeonato-da-europa-2026","11":"tag-rtp2","12":"tag-snsf","13":"czr-hentry"},"aioseo_notices":[],"aioseo_head":"\n\t\t<!-- All in One SEO 4.9.10 - aioseo.com -->\n\t<meta name=\"description\" content=\"Sempre a fazer Hist\u00f3ria! Portugal supera Rom\u00e9nia e avan\u00e7a para os oitavos do Europeu A Sele\u00e7\u00e3o Nacional de Seniores Femininos continua a escrever as p\u00e1ginas mais brilhantes do voleibol portugu\u00eas. Depois da conquista da European Silver League em 2024 - o catalisador que abriu caminho para uma nova era de exig\u00eancia e sucesso -, a\" \/>\n\t<meta name=\"robots\" content=\"max-image-preview:large\" \/>\n\t<meta name=\"author\" content=\"Jorge Castro\"\/>\n\t<link rel=\"canonical\" href=\"https:\/\/fpvoleibol.pt\/fpv\/2026\/08\/27\/portuguesas-nos-oitavos-do-europeu\/\" \/>\n\t<meta name=\"generator\" content=\"All in One SEO (AIOSEO) 4.9.10\" \/>\n\t\t<meta property=\"og:locale\" content=\"pt_PT\" \/>\n\t\t<meta property=\"og:site_name\" content=\"Federa\u00e7\u00e3o Portuguesa de Voleibol - Website Oficial da FPV\" \/>\n\t\t<meta property=\"og:type\" content=\"article\" \/>\n\t\t<meta property=\"og:title\" content=\"PORTUGUESAS NOS OITAVOS DO EUROPEU! - Federa\u00e7\u00e3o Portuguesa de Voleibol\" \/>\n\t\t<meta property=\"og:description\" content=\"Sempre a fazer Hist\u00f3ria! Portugal supera Rom\u00e9nia e avan\u00e7a para os oitavos do Europeu A Sele\u00e7\u00e3o Nacional de Seniores Femininos continua a escrever as p\u00e1ginas mais brilhantes do voleibol portugu\u00eas. Depois da conquista da European Silver League em 2024 - o catalisador que abriu caminho para uma nova era de exig\u00eancia e sucesso -, a\" \/>\n\t\t<meta property=\"og:url\" content=\"https:\/\/fpvoleibol.pt\/fpv\/2026\/08\/27\/portuguesas-nos-oitavos-do-europeu\/\" \/>\n\t\t<meta property=\"og:image\" content=\"https:\/\/fpvoleibol.pt\/fpv\/wp-content\/uploads\/2026\/08\/Europeu_PorxRomenia_f1.jpg\" \/>\n\t\t<meta property=\"og:image:secure_url\" content=\"https:\/\/fpvoleibol.pt\/fpv\/wp-content\/uploads\/2026\/08\/Europeu_PorxRomenia_f1.jpg\" \/>\n\t\t<meta property=\"og:image:width\" content=\"640\" \/>\n\t\t<meta property=\"og:image:height\" content=\"380\" \/>\n\t\t<meta property=\"article:published_time\" content=\"2026-08-27T19:12:38+00:00\" \/>\n\t\t<meta property=\"article:modified_time\" content=\"2026-08-29T18:13:42+00:00\" \/>\n\t\t<meta property=\"article:publisher\" content=\"https:\/\/facebook.com\/FPVoleibol\" \/>\n\t\t<meta name=\"twitter:card\" content=\"summary\" \/>\n\t\t<meta name=\"twitter:title\" content=\"PORTUGUESAS NOS OITAVOS DO EUROPEU! - Federa\u00e7\u00e3o Portuguesa de Voleibol\" \/>\n\t\t<meta name=\"twitter:description\" content=\"Sempre a fazer Hist\u00f3ria! Portugal supera Rom\u00e9nia e avan\u00e7a para os oitavos do Europeu A Sele\u00e7\u00e3o Nacional de Seniores Femininos continua a escrever as p\u00e1ginas mais brilhantes do voleibol portugu\u00eas. Depois da conquista da European Silver League em 2024 - o catalisador que abriu caminho para uma nova era de exig\u00eancia e sucesso -, a\" \/>\n\t\t<meta name=\"twitter:image\" content=\"https:\/\/fpvoleibol.pt\/fpv\/wp-content\/uploads\/2026\/08\/Europeu_PorxRomenia_f1.jpg\" \/>\n\t\t<script type=\"application\/ld+json\" class=\"aioseo-schema\">\n\t\t\t{\"@context\":\"https:\\\/\\\/schema.org\",\"@graph\":[{\"@type\":\"BlogPosting\",\"@id\":\"https:\\\/\\\/fpvoleibol.pt\\\/fpv\\\/2026\\\/08\\\/27\\\/portuguesas-nos-oitavos-do-europeu\\\/#blogposting\",\"name\":\"PORTUGUESAS NOS OITAVOS DO EUROPEU! - Federa\\u00e7\\u00e3o Portuguesa de Voleibol\",\"headline\":\"PORTUGUESAS NOS OITAVOS DO EUROPEU!\",\"author\":{\"@id\":\"https:\\\/\\\/fpvoleibol.pt\\\/fpv\\\/author\\\/imprensa\\\/#author\"},\"publisher\":{\"@id\":\"https:\\\/\\\/fpvoleibol.pt\\\/fpv\\\/#organization\"},\"image\":{\"@type\":\"ImageObject\",\"url\":\"https:\\\/\\\/fpvoleibol.pt\\\/fpv\\\/wp-content\\\/uploads\\\/2026\\\/08\\\/Europeu_PorxRomenia_f1.jpg\",\"width\":640,\"height\":380},\"datePublished\":\"2026-08-27T20:12:38+01:00\",\"dateModified\":\"2026-08-29T19:13:42+01:00\",\"inLanguage\":\"pt-PT\",\"mainEntityOfPage\":{\"@id\":\"https:\\\/\\\/fpvoleibol.pt\\\/fpv\\\/2026\\\/08\\\/27\\\/portuguesas-nos-oitavos-do-europeu\\\/#webpage\"},\"isPartOf\":{\"@id\":\"https:\\\/\\\/fpvoleibol.pt\\\/fpv\\\/2026\\\/08\\\/27\\\/portuguesas-nos-oitavos-do-europeu\\\/#webpage\"},\"articleSection\":\"Arbitragem, Destaque, Voleibol, Campeonato da Europa 2026, RTP2, snsf\"},{\"@type\":\"BreadcrumbList\",\"@id\":\"https:\\\/\\\/fpvoleibol.pt\\\/fpv\\\/2026\\\/08\\\/27\\\/portuguesas-nos-oitavos-do-europeu\\\/#breadcrumblist\",\"itemListElement\":[{\"@type\":\"ListItem\",\"@id\":\"https:\\\/\\\/fpvoleibol.pt\\\/fpv#listItem\",\"position\":1,\"name\":\"In\\u00edcio\",\"item\":\"https:\\\/\\\/fpvoleibol.pt\\\/fpv\",\"nextItem\":{\"@type\":\"ListItem\",\"@id\":\"https:\\\/\\\/fpvoleibol.pt\\\/fpv\\\/category\\\/voleibol\\\/#listItem\",\"name\":\"Voleibol\"}},{\"@type\":\"ListItem\",\"@id\":\"https:\\\/\\\/fpvoleibol.pt\\\/fpv\\\/category\\\/voleibol\\\/#listItem\",\"position\":2,\"name\":\"Voleibol\",\"item\":\"https:\\\/\\\/fpvoleibol.pt\\\/fpv\\\/category\\\/voleibol\\\/\",\"nextItem\":{\"@type\":\"ListItem\",\"@id\":\"https:\\\/\\\/fpvoleibol.pt\\\/fpv\\\/2026\\\/08\\\/27\\\/portuguesas-nos-oitavos-do-europeu\\\/#listItem\",\"name\":\"PORTUGUESAS NOS OITAVOS DO EUROPEU!\"},\"previousItem\":{\"@type\":\"ListItem\",\"@id\":\"https:\\\/\\\/fpvoleibol.pt\\\/fpv#listItem\",\"name\":\"In\\u00edcio\"}},{\"@type\":\"ListItem\",\"@id\":\"https:\\\/\\\/fpvoleibol.pt\\\/fpv\\\/2026\\\/08\\\/27\\\/portuguesas-nos-oitavos-do-europeu\\\/#listItem\",\"position\":3,\"name\":\"PORTUGUESAS NOS OITAVOS DO EUROPEU!\",\"previousItem\":{\"@type\":\"ListItem\",\"@id\":\"https:\\\/\\\/fpvoleibol.pt\\\/fpv\\\/category\\\/voleibol\\\/#listItem\",\"name\":\"Voleibol\"}}]},{\"@type\":\"Organization\",\"@id\":\"https:\\\/\\\/fpvoleibol.pt\\\/fpv\\\/#organization\",\"name\":\"Federa\\u00e7\\u00e3o Portuguesa de Voleibol\",\"description\":\"Website Oficial da FPV\",\"url\":\"https:\\\/\\\/fpvoleibol.pt\\\/fpv\\\/\",\"telephone\":\"+351228349570\",\"logo\":{\"@type\":\"ImageObject\",\"url\":\"https:\\\/\\\/fpvoleibol.pt\\\/fpv\\\/wp-content\\\/uploads\\\/2021\\\/05\\\/logotipo_fpvoleibol_2021_site.png\",\"@id\":\"https:\\\/\\\/fpvoleibol.pt\\\/fpv\\\/2026\\\/08\\\/27\\\/portuguesas-nos-oitavos-do-europeu\\\/#organizationLogo\",\"width\":512,\"height\":473},\"image\":{\"@id\":\"https:\\\/\\\/fpvoleibol.pt\\\/fpv\\\/2026\\\/08\\\/27\\\/portuguesas-nos-oitavos-do-europeu\\\/#organizationLogo\"},\"sameAs\":[\"https:\\\/\\\/facebook.com\\\/FPVoleibol\",\"https:\\\/\\\/instagram.com\\\/FPVoleibol\"]},{\"@type\":\"Person\",\"@id\":\"https:\\\/\\\/fpvoleibol.pt\\\/fpv\\\/author\\\/imprensa\\\/#author\",\"url\":\"https:\\\/\\\/fpvoleibol.pt\\\/fpv\\\/author\\\/imprensa\\\/\",\"name\":\"Jorge Castro\",\"image\":{\"@type\":\"ImageObject\",\"@id\":\"https:\\\/\\\/fpvoleibol.pt\\\/fpv\\\/2026\\\/08\\\/27\\\/portuguesas-nos-oitavos-do-europeu\\\/#authorImage\",\"url\":\"https:\\\/\\\/secure.gravatar.com\\\/avatar\\\/b10a3458a4f34f13de2d39b55eb391825aeab00ff209c3fe857e3fd4d3dcb784?s=96&d=mm&r=g\",\"width\":96,\"height\":96,\"caption\":\"Jorge Castro\"}},{\"@type\":\"WebPage\",\"@id\":\"https:\\\/\\\/fpvoleibol.pt\\\/fpv\\\/2026\\\/08\\\/27\\\/portuguesas-nos-oitavos-do-europeu\\\/#webpage\",\"url\":\"https:\\\/\\\/fpvoleibol.pt\\\/fpv\\\/2026\\\/08\\\/27\\\/portuguesas-nos-oitavos-do-europeu\\\/\",\"name\":\"PORTUGUESAS NOS OITAVOS DO EUROPEU! - Federa\\u00e7\\u00e3o Portuguesa de Voleibol\",\"description\":\"Sempre a fazer Hist\\u00f3ria! Portugal supera Rom\\u00e9nia e avan\\u00e7a para os oitavos do Europeu A Sele\\u00e7\\u00e3o Nacional de Seniores Femininos continua a escrever as p\\u00e1ginas mais brilhantes do voleibol portugu\\u00eas. Depois da conquista da European Silver League em 2024 - o catalisador que abriu caminho para uma nova era de exig\\u00eancia e sucesso -, a\",\"inLanguage\":\"pt-PT\",\"isPartOf\":{\"@id\":\"https:\\\/\\\/fpvoleibol.pt\\\/fpv\\\/#website\"},\"breadcrumb\":{\"@id\":\"https:\\\/\\\/fpvoleibol.pt\\\/fpv\\\/2026\\\/08\\\/27\\\/portuguesas-nos-oitavos-do-europeu\\\/#breadcrumblist\"},\"author\":{\"@id\":\"https:\\\/\\\/fpvoleibol.pt\\\/fpv\\\/author\\\/imprensa\\\/#author\"},\"creator\":{\"@id\":\"https:\\\/\\\/fpvoleibol.pt\\\/fpv\\\/author\\\/imprensa\\\/#author\"},\"image\":{\"@type\":\"ImageObject\",\"url\":\"https:\\\/\\\/fpvoleibol.pt\\\/fpv\\\/wp-content\\\/uploads\\\/2026\\\/08\\\/Europeu_PorxRomenia_f1.jpg\",\"@id\":\"https:\\\/\\\/fpvoleibol.pt\\\/fpv\\\/2026\\\/08\\\/27\\\/portuguesas-nos-oitavos-do-europeu\\\/#mainImage\",\"width\":640,\"height\":380},\"primaryImageOfPage\":{\"@id\":\"https:\\\/\\\/fpvoleibol.pt\\\/fpv\\\/2026\\\/08\\\/27\\\/portuguesas-nos-oitavos-do-europeu\\\/#mainImage\"},\"datePublished\":\"2026-08-27T20:12:38+01:00\",\"dateModified\":\"2026-08-29T19:13:42+01:00\"},{\"@type\":\"WebSite\",\"@id\":\"https:\\\/\\\/fpvoleibol.pt\\\/fpv\\\/#website\",\"url\":\"https:\\\/\\\/fpvoleibol.pt\\\/fpv\\\/\",\"name\":\"Federa\\u00e7\\u00e3o Portuguesa de Voleibol\",\"description\":\"Website Oficial da FPV\",\"inLanguage\":\"pt-PT\",\"publisher\":{\"@id\":\"https:\\\/\\\/fpvoleibol.pt\\\/fpv\\\/#organization\"}}]}\n\t\t<\/script>\n\t\t<!-- All in One SEO -->\n\n","aioseo_head_json":{"title":"PORTUGUESAS NOS OITAVOS DO EUROPEU! - Federa\u00e7\u00e3o Portuguesa de Voleibol","description":"Sempre a fazer Hist\u00f3ria! Portugal supera Rom\u00e9nia e avan\u00e7a para os oitavos do Europeu A Sele\u00e7\u00e3o Nacional de Seniores Femininos continua a escrever as p\u00e1ginas mais brilhantes do voleibol portugu\u00eas. Depois da conquista da European Silver League em 2024 - o catalisador que abriu caminho para uma nova era de exig\u00eancia e sucesso -, a","canonical_url":"https:\/\/fpvoleibol.pt\/fpv\/2026\/08\/27\/portuguesas-nos-oitavos-do-europeu\/","robots":"max-image-preview:large","keywords":"","webmasterTools":{"miscellaneous":""},"schema":{"@context":"https:\/\/schema.org","@graph":[{"@type":"BlogPosting","@id":"https:\/\/fpvoleibol.pt\/fpv\/2026\/08\/27\/portuguesas-nos-oitavos-do-europeu\/#blogposting","name":"PORTUGUESAS NOS OITAVOS DO EUROPEU! - Federa\u00e7\u00e3o Portuguesa de Voleibol","headline":"PORTUGUESAS NOS OITAVOS DO EUROPEU!","author":{"@id":"https:\/\/fpvoleibol.pt\/fpv\/author\/imprensa\/#author"},"publisher":{"@id":"https:\/\/fpvoleibol.pt\/fpv\/#organization"},"image":{"@type":"ImageObject","url":"https:\/\/fpvoleibol.pt\/fpv\/wp-content\/uploads\/2026\/08\/Europeu_PorxRomenia_f1.jpg","width":640,"height":380},"datePublished":"2026-08-27T20:12:38+01:00","dateModified":"2026-08-29T19:13:42+01:00","inLanguage":"pt-PT","mainEntityOfPage":{"@id":"https:\/\/fpvoleibol.pt\/fpv\/2026\/08\/27\/portuguesas-nos-oitavos-do-europeu\/#webpage"},"isPartOf":{"@id":"https:\/\/fpvoleibol.pt\/fpv\/2026\/08\/27\/portuguesas-nos-oitavos-do-europeu\/#webpage"},"articleSection":"Arbitragem, Destaque, Voleibol, Campeonato da Europa 2026, RTP2, snsf"},{"@type":"BreadcrumbList","@id":"https:\/\/fpvoleibol.pt\/fpv\/2026\/08\/27\/portuguesas-nos-oitavos-do-europeu\/#breadcrumblist","itemListElement":[{"@type":"ListItem","@id":"https:\/\/fpvoleibol.pt\/fpv#listItem","position":1,"name":"In\u00edcio","item":"https:\/\/fpvoleibol.pt\/fpv","nextItem":{"@type":"ListItem","@id":"https:\/\/fpvoleibol.pt\/fpv\/category\/voleibol\/#listItem","name":"Voleibol"}},{"@type":"ListItem","@id":"https:\/\/fpvoleibol.pt\/fpv\/category\/voleibol\/#listItem","position":2,"name":"Voleibol","item":"https:\/\/fpvoleibol.pt\/fpv\/category\/voleibol\/","nextItem":{"@type":"ListItem","@id":"https:\/\/fpvoleibol.pt\/fpv\/2026\/08\/27\/portuguesas-nos-oitavos-do-europeu\/#listItem","name":"PORTUGUESAS NOS OITAVOS DO EUROPEU!"},"previousItem":{"@type":"ListItem","@id":"https:\/\/fpvoleibol.pt\/fpv#listItem","name":"In\u00edcio"}},{"@type":"ListItem","@id":"https:\/\/fpvoleibol.pt\/fpv\/2026\/08\/27\/portuguesas-nos-oitavos-do-europeu\/#listItem","position":3,"name":"PORTUGUESAS NOS OITAVOS DO EUROPEU!","previousItem":{"@type":"ListItem","@id":"https:\/\/fpvoleibol.pt\/fpv\/category\/voleibol\/#listItem","name":"Voleibol"}}]},{"@type":"Organization","@id":"https:\/\/fpvoleibol.pt\/fpv\/#organization","name":"Federa\u00e7\u00e3o Portuguesa de Voleibol","description":"Website Oficial da FPV","url":"https:\/\/fpvoleibol.pt\/fpv\/","telephone":"+351228349570","logo":{"@type":"ImageObject","url":"https:\/\/fpvoleibol.pt\/fpv\/wp-content\/uploads\/2021\/05\/logotipo_fpvoleibol_2021_site.png","@id":"https:\/\/fpvoleibol.pt\/fpv\/2026\/08\/27\/portuguesas-nos-oitavos-do-europeu\/#organizationLogo","width":512,"height":473},"image":{"@id":"https:\/\/fpvoleibol.pt\/fpv\/2026\/08\/27\/portuguesas-nos-oitavos-do-europeu\/#organizationLogo"},"sameAs":["https:\/\/facebook.com\/FPVoleibol","https:\/\/instagram.com\/FPVoleibol"]},{"@type":"Person","@id":"https:\/\/fpvoleibol.pt\/fpv\/author\/imprensa\/#author","url":"https:\/\/fpvoleibol.pt\/fpv\/author\/imprensa\/","name":"Jorge Castro","image":{"@type":"ImageObject","@id":"https:\/\/fpvoleibol.pt\/fpv\/2026\/08\/27\/portuguesas-nos-oitavos-do-europeu\/#authorImage","url":"https:\/\/secure.gravatar.com\/avatar\/b10a3458a4f34f13de2d39b55eb391825aeab00ff209c3fe857e3fd4d3dcb784?s=96&d=mm&r=g","width":96,"height":96,"caption":"Jorge Castro"}},{"@type":"WebPage","@id":"https:\/\/fpvoleibol.pt\/fpv\/2026\/08\/27\/portuguesas-nos-oitavos-do-europeu\/#webpage","url":"https:\/\/fpvoleibol.pt\/fpv\/2026\/08\/27\/portuguesas-nos-oitavos-do-europeu\/","name":"PORTUGUESAS NOS OITAVOS DO EUROPEU! - Federa\u00e7\u00e3o Portuguesa de Voleibol","description":"Sempre a fazer Hist\u00f3ria! Portugal supera Rom\u00e9nia e avan\u00e7a para os oitavos do Europeu A Sele\u00e7\u00e3o Nacional de Seniores Femininos continua a escrever as p\u00e1ginas mais brilhantes do voleibol portugu\u00eas. Depois da conquista da European Silver League em 2024 - o catalisador que abriu caminho para uma nova era de exig\u00eancia e sucesso -, a","inLanguage":"pt-PT","isPartOf":{"@id":"https:\/\/fpvoleibol.pt\/fpv\/#website"},"breadcrumb":{"@id":"https:\/\/fpvoleibol.pt\/fpv\/2026\/08\/27\/portuguesas-nos-oitavos-do-europeu\/#breadcrumblist"},"author":{"@id":"https:\/\/fpvoleibol.pt\/fpv\/author\/imprensa\/#author"},"creator":{"@id":"https:\/\/fpvoleibol.pt\/fpv\/author\/imprensa\/#author"},"image":{"@type":"ImageObject","url":"https:\/\/fpvoleibol.pt\/fpv\/wp-content\/uploads\/2026\/08\/Europeu_PorxRomenia_f1.jpg","@id":"https:\/\/fpvoleibol.pt\/fpv\/2026\/08\/27\/portuguesas-nos-oitavos-do-europeu\/#mainImage","width":640,"height":380},"primaryImageOfPage":{"@id":"https:\/\/fpvoleibol.pt\/fpv\/2026\/08\/27\/portuguesas-nos-oitavos-do-europeu\/#mainImage"},"datePublished":"2026-08-27T20:12:38+01:00","dateModified":"2026-08-29T19:13:42+01:00"},{"@type":"WebSite","@id":"https:\/\/fpvoleibol.pt\/fpv\/#website","url":"https:\/\/fpvoleibol.pt\/fpv\/","name":"Federa\u00e7\u00e3o Portuguesa de Voleibol","description":"Website Oficial da FPV","inLanguage":"pt-PT","publisher":{"@id":"https:\/\/fpvoleibol.pt\/fpv\/#organization"}}]},"og:locale":"pt_PT","og:site_name":"Federa\u00e7\u00e3o Portuguesa de Voleibol - Website Oficial da FPV","og:type":"article","og:title":"PORTUGUESAS NOS OITAVOS DO EUROPEU! - Federa\u00e7\u00e3o Portuguesa de Voleibol","og:description":"Sempre a fazer Hist\u00f3ria! Portugal supera Rom\u00e9nia e avan\u00e7a para os oitavos do Europeu A Sele\u00e7\u00e3o Nacional de Seniores Femininos continua a escrever as p\u00e1ginas mais brilhantes do voleibol portugu\u00eas. Depois da conquista da European Silver League em 2024 - o catalisador que abriu caminho para uma nova era de exig\u00eancia e sucesso -, a","og:url":"https:\/\/fpvoleibol.pt\/fpv\/2026\/08\/27\/portuguesas-nos-oitavos-do-europeu\/","og:image":"https:\/\/fpvoleibol.pt\/fpv\/wp-content\/uploads\/2026\/08\/Europeu_PorxRomenia_f1.jpg","og:image:secure_url":"https:\/\/fpvoleibol.pt\/fpv\/wp-content\/uploads\/2026\/08\/Europeu_PorxRomenia_f1.jpg","og:image:width":640,"og:image:height":380,"article:published_time":"2026-08-27T19:12:38+00:00","article:modified_time":"2026-08-29T18:13:42+00:00","article:publisher":"https:\/\/facebook.com\/FPVoleibol","twitter:card":"summary","twitter:title":"PORTUGUESAS NOS OITAVOS DO EUROPEU! - Federa\u00e7\u00e3o Portuguesa de Voleibol","twitter:description":"Sempre a fazer Hist\u00f3ria! Portugal supera Rom\u00e9nia e avan\u00e7a para os oitavos do Europeu A Sele\u00e7\u00e3o Nacional de Seniores Femininos continua a escrever as p\u00e1ginas mais brilhantes do voleibol portugu\u00eas. Depois da conquista da European Silver League em 2024 - o catalisador que abriu caminho para uma nova era de exig\u00eancia e sucesso -, a","twitter:image":"https:\/\/fpvoleibol.pt\/fpv\/wp-content\/uploads\/2026\/08\/Europeu_PorxRomenia_f1.jpg"},"aioseo_meta_data":{"post_id":"49126","title":null,"description":null,"keywords":null,"keyphrases":{"focus":{"keyphrase":"","score":0,"analysis":{"keyphraseInTitle":{"score":0,"maxScore":9,"error":1}}},"additional":[]},"primary_term":null,"canonical_url":null,"og_title":null,"og_description":null,"og_object_type":"default","og_image_type":"default","og_image_url":null,"og_image_width":null,"og_image_height":null,"og_image_custom_url":null,"og_image_custom_fields":null,"og_video":"","og_custom_url":null,"og_article_section":null,"og_article_tags":null,"twitter_use_og":false,"twitter_card":"default","twitter_image_type":"default","twitter_image_url":null,"twitter_image_custom_url":null,"twitter_image_custom_fields":null,"twitter_title":null,"twitter_description":null,"schema":{"blockGraphs":[],"customGraphs":[],"default":{"data":{"Article":[],"Course":[],"Dataset":[],"FAQPage":[],"Movie":[],"Person":[],"Product":[],"ProductReview":[],"Car":[],"Recipe":[],"Service":[],"SoftwareApplication":[],"WebPage":[]},"graphName":"BlogPosting","isEnabled":true},"graphs":[]},"schema_type":"default","schema_type_options":null,"pillar_content":false,"robots_default":true,"robots_noindex":false,"robots_noarchive":false,"robots_nosnippet":false,"robots_nofollow":false,"robots_noimageindex":false,"robots_noodp":false,"robots_notranslate":false,"robots_max_snippet":"-1","robots_max_videopreview":"-1","robots_max_imagepreview":"large","priority":null,"frequency":"default","local_seo":null,"breadcrumb_settings":null,"limit_modified_date":false,"ai":{"faqs":[],"keyPoints":[],"schemas":[],"titles":[],"descriptions":[],"socialPosts":{"email":{"subject":"","preview":"","content":""},"linkedin":[],"twitter":[],"facebook":[],"instagram":[]}},"created":"2026-08-27 14:43:10","updated":"2026-08-29 18:14:37","seo_analyzer_scan_date":null},"aioseo_breadcrumb":"<div class=\"aioseo-breadcrumbs\"><span class=\"aioseo-breadcrumb\">\n\t\t\t<a href=\"https:\/\/fpvoleibol.pt\/fpv\" title=\"In\u00edcio\">In\u00edcio<\/a>\n\t\t<\/span><span class=\"aioseo-breadcrumb-separator\">&raquo;<\/span><span class=\"aioseo-breadcrumb\">\n\t\t\t<a href=\"https:\/\/fpvoleibol.pt\/fpv\/category\/voleibol\/\" title=\"Voleibol\">Voleibol<\/a>\n\t\t<\/span><span class=\"aioseo-breadcrumb-separator\">&raquo;<\/span><span class=\"aioseo-breadcrumb\">\n\t\t\tPORTUGUESAS NOS OITAVOS DO EUROPEU!\n\t\t<\/span><\/div>","aioseo_breadcrumb_json":[{"label":"In\u00edcio","link":"https:\/\/fpvoleibol.pt\/fpv"},{"label":"Voleibol","link":"https:\/\/fpvoleibol.pt\/fpv\/category\/voleibol\/"},{"label":"PORTUGUESAS NOS OITAVOS DO EUROPEU!","link":"https:\/\/fpvoleibol.pt\/fpv\/2026\/08\/27\/portuguesas-nos-oitavos-do-europeu\/"}],"_links":{"self":[{"href":"https:\/\/fpvoleibol.pt\/fpv\/wp-json\/wp\/v2\/posts\/49126","targetHints":{"allow":["GET"]}}],"collection":[{"href":"https:\/\/fpvoleibol.pt\/fpv\/wp-json\/wp\/v2\/posts"}],"about":[{"href":"https:\/\/fpvoleibol.pt\/fpv\/wp-json\/wp\/v2\/types\/post"}],"author":[{"embeddable":true,"href":"https:\/\/fpvoleibol.pt\/fpv\/wp-json\/wp\/v2\/users\/2"}],"replies":[{"embeddable":true,"href":"https:\/\/fpvoleibol.pt\/fpv\/wp-json\/wp\/v2\/comments?post=49126"}],"version-history":[{"count":12,"href":"https:\/\/fpvoleibol.pt\/fpv\/wp-json\/wp\/v2\/posts\/49126\/revisions"}],"predecessor-version":[{"id":49141,"href":"https:\/\/fpvoleibol.pt\/fpv\/wp-json\/wp\/v2\/posts\/49126\/revisions\/49141"}],"wp:featuredmedia":[{"embeddable":true,"href":"https:\/\/fpvoleibol.pt\/fpv\/wp-json\/wp\/v2\/media\/49136"}],"wp:attachment":[{"href":"https:\/\/fpvoleibol.pt\/fpv\/wp-json\/wp\/v2\/media?parent=49126"}],"wp:term":[{"taxonomy":"category","embeddable":true,"href":"https:\/\/fpvoleibol.pt\/fpv\/wp-json\/wp\/v2\/categories?post=49126"},{"taxonomy":"post_tag","embeddable":true,"href":"https:\/\/fpvoleibol.pt\/fpv\/wp-json\/wp\/v2\/tags?post=49126"}],"curies":[{"name":"wp","href":"https:\/\/api.w.org\/{rel}","templated":true}]}}