{"id":46976,"date":"2026-04-30T15:42:18","date_gmt":"2026-04-30T15:42:18","guid":{"rendered":"https:\/\/fpvoleibol.pt\/fpv\/?p=46976"},"modified":"2026-04-30T15:42:18","modified_gmt":"2026-04-30T15:42:18","slug":"encontro-regional-avd-santarem","status":"publish","type":"post","link":"https:\/\/fpvoleibol.pt\/fpv\/2026\/04\/30\/encontro-regional-avd-santarem\/","title":{"rendered":"ENCONTRO REGIONAL AVD SANTAR\u00c9M"},"content":{"rendered":"<p style=\"text-align: center;\"><span style=\"font-size: 12px;\"><strong><img loading=\"lazy\" decoding=\"async\" class=\"size-full wp-image-46981 aligncenter\" src=\"https:\/\/fpvoleibol.pt\/fpv\/wp-content\/uploads\/2026\/04\/GV_torresnovasER_0011.jpg\" alt=\"\" width=\"960\" height=\"540\" srcset=\"https:\/\/fpvoleibol.pt\/fpv\/wp-content\/uploads\/2026\/04\/GV_torresnovasER_0011.jpg 960w, https:\/\/fpvoleibol.pt\/fpv\/wp-content\/uploads\/2026\/04\/GV_torresnovasER_0011-300x169.jpg 300w, https:\/\/fpvoleibol.pt\/fpv\/wp-content\/uploads\/2026\/04\/GV_torresnovasER_0011-768x432.jpg 768w, https:\/\/fpvoleibol.pt\/fpv\/wp-content\/uploads\/2026\/04\/GV_torresnovasER_0011-528x297.jpg 528w\" sizes=\"auto, (max-width: 960px) 100vw, 960px\" \/>Torres Novas apura duplas de Santar\u00e9m para o Encontro Nacional<\/strong><\/span><\/p>\n<p>O Encontro Regional organizado pela Associa\u00e7\u00e3o de Voleibol do Distrito de Santar\u00e9m (AVDS) reuniu 48 duplas no Est\u00e1dio Municipal Dr. Alves Vieira, em Torres Novas. Os vencedores garantiram o passaporte para a Guarda, onde se disputar\u00e1 a final nacional.<\/p>\n<p>Torres Novas foi o palco de mais uma etapa vibrante do Gira-Volei, o projeto que continua a ser o grande motor de introdu\u00e7\u00e3o \u00e0 modalidade em Portugal. Sob a \u00e9gide da AVD Santar\u00e9m, o encontro contou com a participa\u00e7\u00e3o de <strong>48 duplas<\/strong>, que competiram n\u00e3o s\u00f3 pela vit\u00f3ria, mas igualmente pelo ambicionado apuramento para o <strong>Encontro Nacional de Gira-Volei<\/strong>, agendado para os dias <strong>30 e 31 de maio<\/strong>, na cidade da Guarda.<\/p>\n<p>Fiel aos seus pilares \u2013 \u00abF\u00e1cil, Divertido, Competitivo e Inclusivo\u00bb \u2013 o Gira-Volei inicia agora uma maratona de encontros regionais que percorrer\u00e1 o pa\u00eds de l\u00e9s a l\u00e9s durante o m\u00eas de maio, passando por localidades como T\u00e1bua, Guimar\u00e3es, Castro Verde, Lisboa e Porto.<\/p>\n<p>Em Torres Novas, o destaque foi para o equil\u00edbrio e o esp\u00edrito desportivo demonstrado pelos jovens atletas, com especial relevo para o dom\u00ednio repartido entre o <strong>AE Alcanena <\/strong>e a <strong>Escola Dr. Manuel Fernandes<\/strong>, que conquistaram a maioria dos primeiros lugares nos diversos escal\u00f5es.<\/p>\n<p style=\"text-align: center;\"><span style=\"background-color: #000000; color: #ffffff;\"><strong><img loading=\"lazy\" decoding=\"async\" class=\"size-full wp-image-46978 aligncenter\" src=\"https:\/\/fpvoleibol.pt\/fpv\/wp-content\/uploads\/2026\/04\/GV_torresnovasER_008.jpg\" alt=\"\" width=\"960\" height=\"540\" srcset=\"https:\/\/fpvoleibol.pt\/fpv\/wp-content\/uploads\/2026\/04\/GV_torresnovasER_008.jpg 960w, https:\/\/fpvoleibol.pt\/fpv\/wp-content\/uploads\/2026\/04\/GV_torresnovasER_008-300x169.jpg 300w, https:\/\/fpvoleibol.pt\/fpv\/wp-content\/uploads\/2026\/04\/GV_torresnovasER_008-768x432.jpg 768w, https:\/\/fpvoleibol.pt\/fpv\/wp-content\/uploads\/2026\/04\/GV_torresnovasER_008-528x297.jpg 528w\" sizes=\"auto, (max-width: 960px) 100vw, 960px\" \/>Classifica\u00e7\u00f5es do Encontro Regional \u2013 Torres Novas<\/strong><\/span><\/p>\n<p><span style=\"background-color: #000000; color: #ffffff;\"><strong>Escal\u00e3o 8-10 Anos<\/strong><\/span><\/p>\n<p><strong>Femininos:<\/strong><\/p>\n<p><strong>.1.\u00ba Lugar:<\/strong> Ana Cruz \/ S\u00f3nia Fonseca (AE Alcanena &#8211; ES Alcanena)<\/p>\n<p><strong>.2.\u00ba Lugar:<\/strong> Matilde Ferreira \/ Mariana Oliveira (Esc. Dr. Manuel Fernandes)<\/p>\n<p><strong>.3.\u00ba Lugar:<\/strong> Carlota Marchante \/ Madalena Santos (Esc. Dr. Manuel Fernandes)<\/p>\n<p><strong>Masculinos:<\/strong><\/p>\n<p><strong>.1.\u00ba Lugar:<\/strong> Crassus Mendes \/ Jo\u00e3o Silva (AE Alcanena &#8211; ES Alcanena)<\/p>\n<p><strong>.2.\u00ba Lugar:<\/strong> Santiago Alexandre \/ Henrique Reis (Esc. Dr. Manuel Fernandes)<\/p>\n<p><strong>.3.\u00ba Lugar:<\/strong> Levi Morais \/ Filipe Fraz\u00e3o (Lucky Motion \u2013 Salinas Sport Clube)<\/p>\n<p><span style=\"background-color: #000000; color: #ffffff;\"><strong>Escal\u00e3o 11-12 Anos<\/strong><\/span><\/p>\n<p><strong>Femininos:<\/strong><\/p>\n<p><strong>.1.\u00ba Lugar:<\/strong> Maria In\u00eas Rodrigues \/ S\u00f3nia Martins (AE Alcanena &#8211; ES Alcanena)<\/p>\n<p><strong>.2.\u00ba Lugar:<\/strong> Vit\u00f3ria Duque \/ Leonor Vieira (CFDLP &#8211; Pedr\u00f3g\u00e3o)<\/p>\n<p><strong>.3.\u00ba Lugar:<\/strong> Francisca Galrinho \/ Maria Francisca Rosa (CFDLP &#8211; Pedr\u00f3g\u00e3o)<\/p>\n<p><strong>Masculinos:<\/strong><\/p>\n<p><strong>.1.\u00ba Lugar:<\/strong> Jo\u00e3o Nuno Lopes \/ Santiago Silva (Esc. Dr. Manuel Fernandes)<\/p>\n<p><strong>.2.\u00ba Lugar:<\/strong> Haodong Lin \/ Jo\u00e3o Rodrigues (AE Alcanena &#8211; ES Alcanena)<\/p>\n<p><strong>.3.\u00ba Lugar:<\/strong> Andr\u00e9 Henriques \/ Duarte Fernandes (Esc. Dr. Manuel Fernandes)<\/p>\n<p><span style=\"color: #ffffff; background-color: #000000;\"><strong>Escal\u00e3o 13-15 Anos (N\u00edvel 1)<\/strong><\/span><\/p>\n<p><strong>Femininos:<\/strong><\/p>\n<p><strong>.1.\u00ba Lugar:<\/strong> Madalena Marques \/ Leonor Jer\u00f3nimo (Agrupamento de Escolas da Chamusca)<\/p>\n<p><strong>.2.\u00ba Lugar:<\/strong> Maria Correia \/ Diana Martins (CFDLP &#8211; Pedr\u00f3g\u00e3o)<\/p>\n<p><strong>.3.\u00ba Lugar:<\/strong> Matilde Francisco \/ M. Beatriz Oliveira (CFDLP &#8211; Pedr\u00f3g\u00e3o)<\/p>\n<p><strong>Masculinos:<\/strong><\/p>\n<p><strong>.1.\u00ba Lugar:<\/strong> Santiago S. Tavares \/ Rundong Lin (AE Alcanena &#8211; ES Alcanena)<\/p>\n<p><strong>.2.\u00ba Lugar:<\/strong> Gon\u00e7alo Dias \/ Rodrigo In\u00e1cio (Agrupamento de Escolas da Chamusca)<\/p>\n<p><span style=\"background-color: #000000; color: #ffffff;\"><strong>Escal\u00e3o 13-15 Anos (N\u00edvel 2)<\/strong><\/span><\/p>\n<p><strong>Femininos:<\/strong><\/p>\n<p><strong>.1.\u00ba Lugar:<\/strong> Alana Pereira \/ Maria Clara Felix (AE Alcanena &#8211; ES Alcanena)<\/p>\n<p><strong>.2.\u00ba Lugar:<\/strong> Juana Tanco \/ Mariana Bispo (Esc. Dr. Manuel Fernandes)<\/p>\n<p><strong>.3.\u00ba Lugar:<\/strong> Sara Cardeiras \/ Leonor Reis (Lucky Motion \u2013 Salinas Sport Clube)<\/p>\n<p><strong>Masculinos:<\/strong><\/p>\n<p><strong>.1.\u00ba Lugar:<\/strong> Tiago Torres Rafael \/ Kalebe Oliveira (AE Alcanena &#8211; ES Alcanena)<\/p>\n<p><strong>.2.\u00ba Lugar:<\/strong> Ciprian Ceapa \/ Daniel Patr\u00edcio (Esc. Dr. Manuel Fernandes)<\/p>\n<p><span style=\"background-color: #000000; color: #ffffff;\"><strong>Escal\u00e3o Gira+ (Maiores de 18 anos)<\/strong><\/span><\/p>\n<p><strong>Femininos:<\/strong><\/p>\n<p><strong>.1.\u00ba Lugar:<\/strong> Diana Rainho Gil \/ Maria In\u00eas Barroso (Esc. Dr. Manuel Fernandes)<\/p>\n<p><strong>.2.\u00ba Lugar:<\/strong> J\u00e9ssica Silva \/ Emily (Lucky Motion \u2013 Salinas Sport Clube)<\/p>\n<p><strong>Masculinos:<\/strong><\/p>\n<p><strong><strong>.1.\u00ba Lu<strong>gar<\/strong><\/strong><\/strong>: Felipe Santos \/ Pedro Costa (Lucky Motion \u2013 Salinas Sport Clube)<strong><strong><br \/>\n<\/strong><\/strong><\/p>\n<p style=\"text-align: center;\"><strong>Mais informa\u00e7\u00f5es: <a href=\"http:\/\/www.giravolei.com\">www.giravolei.com\u00a0<\/a><\/strong><\/p>\n","protected":false},"excerpt":{"rendered":"<p>Torres Novas apura duplas de Santar\u00e9m para o Encontro Nacional O Encontro Regional organizado pela Associa\u00e7\u00e3o de Voleibol do Distrito de Santar\u00e9m (AVDS) reuniu 48 duplas no Est\u00e1dio Municipal Dr. [&hellip;]<\/p>\n","protected":false},"author":2,"featured_media":46979,"comment_status":"open","ping_status":"open","sticky":false,"template":"","format":"standard","meta":{"_monsterinsights_skip_tracking":false,"_monsterinsights_sitenote_active":false,"_monsterinsights_sitenote_note":"","_monsterinsights_sitenote_category":0,"footnotes":""},"categories":[12],"tags":[],"class_list":{"0":"post-46976","1":"post","2":"type-post","3":"status-publish","4":"format-standard","5":"has-post-thumbnail","7":"category-gira-volei","8":"czr-hentry"},"aioseo_notices":[],"_links":{"self":[{"href":"https:\/\/fpvoleibol.pt\/fpv\/wp-json\/wp\/v2\/posts\/46976","targetHints":{"allow":["GET"]}}],"collection":[{"href":"https:\/\/fpvoleibol.pt\/fpv\/wp-json\/wp\/v2\/posts"}],"about":[{"href":"https:\/\/fpvoleibol.pt\/fpv\/wp-json\/wp\/v2\/types\/post"}],"author":[{"embeddable":true,"href":"https:\/\/fpvoleibol.pt\/fpv\/wp-json\/wp\/v2\/users\/2"}],"replies":[{"embeddable":true,"href":"https:\/\/fpvoleibol.pt\/fpv\/wp-json\/wp\/v2\/comments?post=46976"}],"version-history":[{"count":5,"href":"https:\/\/fpvoleibol.pt\/fpv\/wp-json\/wp\/v2\/posts\/46976\/revisions"}],"predecessor-version":[{"id":46985,"href":"https:\/\/fpvoleibol.pt\/fpv\/wp-json\/wp\/v2\/posts\/46976\/revisions\/46985"}],"wp:featuredmedia":[{"embeddable":true,"href":"https:\/\/fpvoleibol.pt\/fpv\/wp-json\/wp\/v2\/media\/46979"}],"wp:attachment":[{"href":"https:\/\/fpvoleibol.pt\/fpv\/wp-json\/wp\/v2\/media?parent=46976"}],"wp:term":[{"taxonomy":"category","embeddable":true,"href":"https:\/\/fpvoleibol.pt\/fpv\/wp-json\/wp\/v2\/categories?post=46976"},{"taxonomy":"post_tag","embeddable":true,"href":"https:\/\/fpvoleibol.pt\/fpv\/wp-json\/wp\/v2\/tags?post=46976"}],"curies":[{"name":"wp","href":"https:\/\/api.w.org\/{rel}","templated":true}]}}