{"id":46959,"date":"2026-04-30T08:50:06","date_gmt":"2026-04-30T08:50:06","guid":{"rendered":"https:\/\/fpvoleibol.pt\/fpv\/?p=46959"},"modified":"2026-04-30T11:42:44","modified_gmt":"2026-04-30T11:42:44","slug":"encontro-nacional-volta-a-guarda","status":"publish","type":"post","link":"https:\/\/fpvoleibol.pt\/fpv\/2026\/04\/30\/encontro-nacional-volta-a-guarda\/","title":{"rendered":"ENCONTRO NACIONAL REGRESSA \u00c0 GUARDA"},"content":{"rendered":"<p style=\"text-align: center;\"><span style=\"font-size: 12px;\"><strong><img loading=\"lazy\" decoding=\"async\" class=\"size-full wp-image-46961 aligncenter\" src=\"https:\/\/fpvoleibol.pt\/fpv\/wp-content\/uploads\/2026\/04\/GV_Guarda_regresso.jpg\" alt=\"\" width=\"960\" height=\"640\" srcset=\"https:\/\/fpvoleibol.pt\/fpv\/wp-content\/uploads\/2026\/04\/GV_Guarda_regresso.jpg 960w, https:\/\/fpvoleibol.pt\/fpv\/wp-content\/uploads\/2026\/04\/GV_Guarda_regresso-300x200.jpg 300w, https:\/\/fpvoleibol.pt\/fpv\/wp-content\/uploads\/2026\/04\/GV_Guarda_regresso-768x512.jpg 768w\" sizes=\"auto, (max-width: 960px) 100vw, 960px\" \/><span style=\"text-decoration: underline;\">Sucesso da edi\u00e7\u00e3o anterior do Encontro Nacional de Gira-Volei garante regresso ao Parque Urbano do Rio Diz. Parceria entre FPV, Associa\u00e7\u00e3o local e Autarquia \u00e9 para manter.<\/span><\/strong><\/span><\/p>\n<p>A <em>cidade mais alta<\/em>\u00a0prepara-se para voltar a vibrar com a energia contagiante do voleibol. Ap\u00f3s o sucesso estrondoso do \u00faltimo ano, a Federa\u00e7\u00e3o Portuguesa de Voleibol (FPV) confirmou que o Encontro Nacional de Gira-Volei regressar\u00e1 \u00e0 Guarda nos dias 30 e 31 de maio de 2026.<\/p>\n<p>O Parque Urbano do Rio Diz ser\u00e1, uma vez mais, o palco de elei\u00e7\u00e3o para o culminar de um projeto que conta j\u00e1 com mais de duas d\u00e9cadas de hist\u00f3ria. A decis\u00e3o da autarquia em dar <em>luz verde<\/em>\u00a0ao evento surge como um reconhecimento natural de uma iniciativa considerada uma &#8220;<em>mais-valia a v\u00e1rios n\u00edveis<\/em>&#8220;, consolidando a Guarda como um destino estrat\u00e9gico para o desporto de forma\u00e7\u00e3o.<\/p>\n<p>O combust\u00edvel desta din\u00e2mica assenta numa colabora\u00e7\u00e3o triangular: entre a FPV, a Associa\u00e7\u00e3o de Voleibol da Guarda (AVG) e a C\u00e2mara Municipal da Guarda (CMG). Esta uni\u00e3o de esfor\u00e7os foi, ali\u00e1s, recentemente coroada na Gala do Desporto da Guarda 2025, onde a AVG e a Federa\u00e7\u00e3o receberam o Pr\u00e9mio Reconhecimento. A distin\u00e7\u00e3o sublinha o &#8220;<em>contributo excecional<\/em>&#8221; na organiza\u00e7\u00e3o da Final Nacional anterior, que levou \u00e0 cidade milhares de atletas e acompanhantes, impulsionando de forma clara a economia local.<\/p>\n<p style=\"text-align: center;\"><span style=\"text-decoration: underline;\"><strong>O caminho para a Final<\/strong><\/span><\/p>\n<p>Antes da grande decis\u00e3o na Guarda, o Gira-Volei \u2013 que se define pelos pilares \u00ab<strong>F\u00e1cil, Divertido, Competitivo e Inclusivo<\/strong>\u00bb \u2013 percorrer\u00e1 o pa\u00eds de l\u00e9s a l\u00e9s. Os Encontros Regionais j\u00e1 arrancaram e prometem voltar a levar a modalidade a milhares de jovens:<\/p>\n<p>29.04.2026 \u2013 <strong>Torres Novas<\/strong> (AV Santar\u00e9m)<br \/>\n02.05.2026 \u2013 <strong>T\u00e1bua<\/strong>, no Est\u00e1dio Municipal da Vila (AV Coimbra)<br \/>\n06.05.2026 \u2013 <strong>Guimar\u00e3es<\/strong> (AV Braga)<br \/>\n06.05.2026 \u2013 <strong>Castro Verde<\/strong>, no Est\u00e1dio Municipal 25 de Abril (AV Alentejo e Algarve)<br \/>\n07.05.2026 \u2013 <strong>Jardins de Bel\u00e9m<\/strong> (AV Lisboa)<br \/>\n09.05.2026 \u2013 <strong>Mogadouro<\/strong> (AV Tr\u00e1s-os-Montes)<br \/>\n09.05.2026 \u2013 <strong>Vila Nova de Paiva<\/strong> (AV Viseu)<br \/>\n12.05.2026 \u2013 <strong>Viana do Castelo<\/strong> (AV Viana do Castelo)<br \/>\n13.05.2026 \u2013 <strong>Loul\u00e9<\/strong>, no Campo Jo\u00e3o Adelino Gon\u00e7alves (AV Alentejo e Algarve) 14.05.2026 \u2013 Guarda, no Parque Urbano do Rio Diz (AV Guarda)<br \/>\n15.05.2026 \u2013 <strong>Marinha Grande<\/strong> (AV Leiria)<br \/>\n23.05.2026 \u2013 <strong>Parque da Cidade do Porto<\/strong> (AV Porto)<\/p>\n<p>O Encontro Nacional representa o expoente m\u00e1ximo de um ano de conv\u00edvio e competi\u00e7\u00e3o, reafirmando o voleibol como uma ferramenta essencial de desenvolvimento e coes\u00e3o social em Portugal.<\/p>\n<p style=\"text-align: center;\"><span style=\"text-decoration: underline;\">Mais informa\u00e7\u00f5es em <a href=\"http:\/\/www.giravolei.com\">www.giravolei.com<\/a><\/span><\/p>\n","protected":false},"excerpt":{"rendered":"<p>Sucesso da edi\u00e7\u00e3o anterior do Encontro Nacional de Gira-Volei garante regresso ao Parque Urbano do Rio Diz. Parceria entre FPV, Associa\u00e7\u00e3o local e Autarquia \u00e9 para manter. A cidade mais [&hellip;]<\/p>\n","protected":false},"author":2,"featured_media":46960,"comment_status":"open","ping_status":"open","sticky":false,"template":"","format":"standard","meta":{"_monsterinsights_skip_tracking":false,"_monsterinsights_sitenote_active":false,"_monsterinsights_sitenote_note":"","_monsterinsights_sitenote_category":0,"footnotes":""},"categories":[12],"tags":[176],"class_list":{"0":"post-46959","1":"post","2":"type-post","3":"status-publish","4":"format-standard","5":"has-post-thumbnail","7":"category-gira-volei","8":"tag-epoca-2025-2026","9":"czr-hentry"},"aioseo_notices":[],"_links":{"self":[{"href":"https:\/\/fpvoleibol.pt\/fpv\/wp-json\/wp\/v2\/posts\/46959","targetHints":{"allow":["GET"]}}],"collection":[{"href":"https:\/\/fpvoleibol.pt\/fpv\/wp-json\/wp\/v2\/posts"}],"about":[{"href":"https:\/\/fpvoleibol.pt\/fpv\/wp-json\/wp\/v2\/types\/post"}],"author":[{"embeddable":true,"href":"https:\/\/fpvoleibol.pt\/fpv\/wp-json\/wp\/v2\/users\/2"}],"replies":[{"embeddable":true,"href":"https:\/\/fpvoleibol.pt\/fpv\/wp-json\/wp\/v2\/comments?post=46959"}],"version-history":[{"count":2,"href":"https:\/\/fpvoleibol.pt\/fpv\/wp-json\/wp\/v2\/posts\/46959\/revisions"}],"predecessor-version":[{"id":46971,"href":"https:\/\/fpvoleibol.pt\/fpv\/wp-json\/wp\/v2\/posts\/46959\/revisions\/46971"}],"wp:featuredmedia":[{"embeddable":true,"href":"https:\/\/fpvoleibol.pt\/fpv\/wp-json\/wp\/v2\/media\/46960"}],"wp:attachment":[{"href":"https:\/\/fpvoleibol.pt\/fpv\/wp-json\/wp\/v2\/media?parent=46959"}],"wp:term":[{"taxonomy":"category","embeddable":true,"href":"https:\/\/fpvoleibol.pt\/fpv\/wp-json\/wp\/v2\/categories?post=46959"},{"taxonomy":"post_tag","embeddable":true,"href":"https:\/\/fpvoleibol.pt\/fpv\/wp-json\/wp\/v2\/tags?post=46959"}],"curies":[{"name":"wp","href":"https:\/\/api.w.org\/{rel}","templated":true}]}}