{"id":46946,"date":"2026-04-29T11:41:48","date_gmt":"2026-04-29T11:41:48","guid":{"rendered":"https:\/\/fpvoleibol.pt\/fpv\/?p=46946"},"modified":"2026-04-29T11:41:48","modified_gmt":"2026-04-29T11:41:48","slug":"final-4-de-juniores-femininos","status":"publish","type":"post","link":"https:\/\/fpvoleibol.pt\/fpv\/2026\/04\/29\/final-4-de-juniores-femininos\/","title":{"rendered":"FINAL 4 DE JUNIORES FEMININOS"},"content":{"rendered":"<p style=\"text-align: center;\"><span style=\"text-decoration: underline;\"><span style=\"font-size: 12px;\"><strong><img loading=\"lazy\" decoding=\"async\" class=\"size-full wp-image-46941 aligncenter\" src=\"https:\/\/fpvoleibol.pt\/fpv\/wp-content\/uploads\/2026\/04\/maio_junfem_divb_da.jpg\" alt=\"\" width=\"960\" height=\"590\" srcset=\"https:\/\/fpvoleibol.pt\/fpv\/wp-content\/uploads\/2026\/04\/maio_junfem_divb_da.jpg 960w, https:\/\/fpvoleibol.pt\/fpv\/wp-content\/uploads\/2026\/04\/maio_junfem_divb_da-300x184.jpg 300w, https:\/\/fpvoleibol.pt\/fpv\/wp-content\/uploads\/2026\/04\/maio_junfem_divb_da-768x472.jpg 768w, https:\/\/fpvoleibol.pt\/fpv\/wp-content\/uploads\/2026\/04\/maio_junfem_divb_da-570x350.jpg 570w\" sizes=\"auto, (max-width: 960px) 100vw, 960px\" \/>Vila do Conde acolhe Fase Final de Juniores A Femininos da Divis\u00e3o B<\/strong><\/span><\/span><\/p>\n<p>A Federa\u00e7\u00e3o Portuguesa de Voleibol vai organizar, de 1 a 3 de maio de 2026, a Fase Final de Juniores A Femininos \u2013 Divis\u00e3o B, no Pavilh\u00e3o de Desportos de Vila do Conde.<br \/>\nA Final 4 ser\u00e1 disputada por AD Sintra Volei, GC Vilacondense, GDC Gueif\u00e3es e Academia de Volei Praia.<\/p>\n<p>O formato da competi\u00e7\u00e3o prev\u00ea a realiza\u00e7\u00e3o de dois jogos di\u00e1rios ao longo de todo o fim de semana prolongado. Na sexta-feira e no s\u00e1bado, as partidas disputam-se \u00e0s 15h00 e \u00e0s 18h00, colocando as equipas em confronto direto num sistema de todos contra todos.<\/p>\n<p>No domingo, o primeiro encontro do dia est\u00e1 marcado para as 15h00, entre o GC Vilacondense e a Academia de Volei Praia, encerrando-se o calend\u00e1rio competitivo \u00e0s 18h00 com o jogo entre a AD Sintra Volei e o GDC Gueif\u00e3es. Esta fase final representa o culminar da \u00e9poca para estas atletas, destacando o crescimento e a competitividade do voleibol feminino de forma\u00e7\u00e3o em Portugal.<\/p>\n<p><img loading=\"lazy\" decoding=\"async\" class=\"size-full wp-image-46939 aligncenter\" src=\"https:\/\/fpvoleibol.pt\/fpv\/wp-content\/uploads\/2026\/04\/maio_junfem_divb_db.jpg\" alt=\"\" width=\"960\" height=\"1357\" srcset=\"https:\/\/fpvoleibol.pt\/fpv\/wp-content\/uploads\/2026\/04\/maio_junfem_divb_db.jpg 960w, https:\/\/fpvoleibol.pt\/fpv\/wp-content\/uploads\/2026\/04\/maio_junfem_divb_db-212x300.jpg 212w, https:\/\/fpvoleibol.pt\/fpv\/wp-content\/uploads\/2026\/04\/maio_junfem_divb_db-724x1024.jpg 724w, https:\/\/fpvoleibol.pt\/fpv\/wp-content\/uploads\/2026\/04\/maio_junfem_divb_db-768x1086.jpg 768w\" sizes=\"auto, (max-width: 960px) 100vw, 960px\" \/><\/p>\n<p style=\"text-align: center;\"><span style=\"text-decoration: underline;\">Mais informa\u00e7\u00f5es <a href=\"https:\/\/fpvoleibol.pt\/fpv\/competicoes\/fases-finais-2025-2026\/\">AQUI<\/a><\/span><\/p>\n","protected":false},"excerpt":{"rendered":"<p>Vila do Conde acolhe Fase Final de Juniores A Femininos da Divis\u00e3o B A Federa\u00e7\u00e3o Portuguesa de Voleibol vai organizar, de 1 a 3 de maio de 2026, a Fase [&hellip;]<\/p>\n","protected":false},"author":2,"featured_media":46940,"comment_status":"open","ping_status":"open","sticky":false,"template":"","format":"standard","meta":{"_monsterinsights_skip_tracking":false,"_monsterinsights_sitenote_active":false,"_monsterinsights_sitenote_note":"","_monsterinsights_sitenote_category":0,"footnotes":""},"categories":[8],"tags":[176,91],"class_list":{"0":"post-46946","1":"post","2":"type-post","3":"status-publish","4":"format-standard","5":"has-post-thumbnail","7":"category-voleibol","8":"tag-epoca-2025-2026","9":"tag-fases-finais","10":"czr-hentry"},"aioseo_notices":[],"_links":{"self":[{"href":"https:\/\/fpvoleibol.pt\/fpv\/wp-json\/wp\/v2\/posts\/46946","targetHints":{"allow":["GET"]}}],"collection":[{"href":"https:\/\/fpvoleibol.pt\/fpv\/wp-json\/wp\/v2\/posts"}],"about":[{"href":"https:\/\/fpvoleibol.pt\/fpv\/wp-json\/wp\/v2\/types\/post"}],"author":[{"embeddable":true,"href":"https:\/\/fpvoleibol.pt\/fpv\/wp-json\/wp\/v2\/users\/2"}],"replies":[{"embeddable":true,"href":"https:\/\/fpvoleibol.pt\/fpv\/wp-json\/wp\/v2\/comments?post=46946"}],"version-history":[{"count":3,"href":"https:\/\/fpvoleibol.pt\/fpv\/wp-json\/wp\/v2\/posts\/46946\/revisions"}],"predecessor-version":[{"id":46950,"href":"https:\/\/fpvoleibol.pt\/fpv\/wp-json\/wp\/v2\/posts\/46946\/revisions\/46950"}],"wp:featuredmedia":[{"embeddable":true,"href":"https:\/\/fpvoleibol.pt\/fpv\/wp-json\/wp\/v2\/media\/46940"}],"wp:attachment":[{"href":"https:\/\/fpvoleibol.pt\/fpv\/wp-json\/wp\/v2\/media?parent=46946"}],"wp:term":[{"taxonomy":"category","embeddable":true,"href":"https:\/\/fpvoleibol.pt\/fpv\/wp-json\/wp\/v2\/categories?post=46946"},{"taxonomy":"post_tag","embeddable":true,"href":"https:\/\/fpvoleibol.pt\/fpv\/wp-json\/wp\/v2\/tags?post=46946"}],"curies":[{"name":"wp","href":"https:\/\/api.w.org\/{rel}","templated":true}]}}