{"id":46938,"date":"2026-04-29T11:42:40","date_gmt":"2026-04-29T11:42:40","guid":{"rendered":"https:\/\/fpvoleibol.pt\/fpv\/?p=46938"},"modified":"2026-04-29T11:42:40","modified_gmt":"2026-04-29T11:42:40","slug":"final-8-de-juniores-masculinos-a","status":"publish","type":"post","link":"https:\/\/fpvoleibol.pt\/fpv\/2026\/04\/29\/final-8-de-juniores-masculinos-a\/","title":{"rendered":"FINAL 8 DE JUNIORES MASCULINOS A"},"content":{"rendered":"<p style=\"text-align: center;\"><span style=\"font-size: 12px;\"><strong><img loading=\"lazy\" decoding=\"async\" class=\"size-full wp-image-46943 aligncenter\" src=\"https:\/\/fpvoleibol.pt\/fpv\/wp-content\/uploads\/2026\/04\/maio_junmasc_da.jpg\" alt=\"\" width=\"960\" height=\"590\" srcset=\"https:\/\/fpvoleibol.pt\/fpv\/wp-content\/uploads\/2026\/04\/maio_junmasc_da.jpg 960w, https:\/\/fpvoleibol.pt\/fpv\/wp-content\/uploads\/2026\/04\/maio_junmasc_da-300x184.jpg 300w, https:\/\/fpvoleibol.pt\/fpv\/wp-content\/uploads\/2026\/04\/maio_junmasc_da-768x472.jpg 768w, https:\/\/fpvoleibol.pt\/fpv\/wp-content\/uploads\/2026\/04\/maio_junmasc_da-570x350.jpg 570w\" sizes=\"auto, (max-width: 960px) 100vw, 960px\" \/><span style=\"text-decoration: underline;\">Espinho recebe F8 do Campeonato Nacional de Juniores Masculinos<\/span><\/strong><\/span><\/p>\n<p>O Pavilh\u00e3o da Associa\u00e7\u00e3o Acad\u00e9mica de Espinho ser\u00e1 o palco, entre os dias 1 e 3 de maio de 2026, da fase final de apuramento do campe\u00e3o nacional de Juniores Masculinos A.<\/p>\n<p>A competi\u00e7\u00e3o, organizada pela Federa\u00e7\u00e3o Portuguesa de Voleibol, tem in\u00edcio marcado para o dia 1 de maio, com a realiza\u00e7\u00e3o dos primeiros quatro encontros.<br \/>\nO programa abre \u00e0s 12h30 com o jogo entre o Leix\u00f5es SC e o CV Oeiras, seguindo-se a partida entre o SL Benfica e o VC Viana \u00e0s 15h00. O per\u00edodo da tarde e noite reserva ainda os jogos Sporting CP com Ala de Nun&#8217;\u00c1lvares de Gondomar (17h30) e da AA Espinho frente ao CN Gin\u00e1stica (20h00).<\/p>\n<p>O segundo dia de prova, 2 de maio, ser\u00e1 dedicado \u00e0s eliminat\u00f3rias e meias-finais, enquanto o dia 3 de maio decidir\u00e1 a classifica\u00e7\u00e3o final.<br \/>\nO ponto alto da competi\u00e7\u00e3o est\u00e1 agendado para as 18:00 de domingo, hora a que se realizar\u00e1 a grande final para apurar o novo campe\u00e3o nacional.<\/p>\n<p><img loading=\"lazy\" decoding=\"async\" class=\"size-full wp-image-46944 aligncenter\" src=\"https:\/\/fpvoleibol.pt\/fpv\/wp-content\/uploads\/2026\/04\/maio_junmasc_db.jpg\" alt=\"\" width=\"960\" height=\"1357\" srcset=\"https:\/\/fpvoleibol.pt\/fpv\/wp-content\/uploads\/2026\/04\/maio_junmasc_db.jpg 960w, https:\/\/fpvoleibol.pt\/fpv\/wp-content\/uploads\/2026\/04\/maio_junmasc_db-212x300.jpg 212w, https:\/\/fpvoleibol.pt\/fpv\/wp-content\/uploads\/2026\/04\/maio_junmasc_db-724x1024.jpg 724w, https:\/\/fpvoleibol.pt\/fpv\/wp-content\/uploads\/2026\/04\/maio_junmasc_db-768x1086.jpg 768w\" sizes=\"auto, (max-width: 960px) 100vw, 960px\" \/><\/p>\n<p style=\"text-align: center;\"><span style=\"text-decoration: underline;\">Mais informa\u00e7\u00f5es <a href=\"https:\/\/fpvoleibol.pt\/fpv\/competicoes\/fases-finais-2025-2026\/\">AQUI<\/a><\/span><\/p>\n","protected":false},"excerpt":{"rendered":"<p>Espinho recebe F8 do Campeonato Nacional de Juniores Masculinos O Pavilh\u00e3o da Associa\u00e7\u00e3o Acad\u00e9mica de Espinho ser\u00e1 o palco, entre os dias 1 e 3 de maio de 2026, da [&hellip;]<\/p>\n","protected":false},"author":2,"featured_media":46942,"comment_status":"open","ping_status":"open","sticky":false,"template":"","format":"standard","meta":{"_monsterinsights_skip_tracking":false,"_monsterinsights_sitenote_active":false,"_monsterinsights_sitenote_note":"","_monsterinsights_sitenote_category":0,"footnotes":""},"categories":[8],"tags":[176,91],"class_list":{"0":"post-46938","1":"post","2":"type-post","3":"status-publish","4":"format-standard","5":"has-post-thumbnail","7":"category-voleibol","8":"tag-epoca-2025-2026","9":"tag-fases-finais","10":"czr-hentry"},"aioseo_notices":[],"_links":{"self":[{"href":"https:\/\/fpvoleibol.pt\/fpv\/wp-json\/wp\/v2\/posts\/46938","targetHints":{"allow":["GET"]}}],"collection":[{"href":"https:\/\/fpvoleibol.pt\/fpv\/wp-json\/wp\/v2\/posts"}],"about":[{"href":"https:\/\/fpvoleibol.pt\/fpv\/wp-json\/wp\/v2\/types\/post"}],"author":[{"embeddable":true,"href":"https:\/\/fpvoleibol.pt\/fpv\/wp-json\/wp\/v2\/users\/2"}],"replies":[{"embeddable":true,"href":"https:\/\/fpvoleibol.pt\/fpv\/wp-json\/wp\/v2\/comments?post=46938"}],"version-history":[{"count":2,"href":"https:\/\/fpvoleibol.pt\/fpv\/wp-json\/wp\/v2\/posts\/46938\/revisions"}],"predecessor-version":[{"id":46949,"href":"https:\/\/fpvoleibol.pt\/fpv\/wp-json\/wp\/v2\/posts\/46938\/revisions\/46949"}],"wp:featuredmedia":[{"embeddable":true,"href":"https:\/\/fpvoleibol.pt\/fpv\/wp-json\/wp\/v2\/media\/46942"}],"wp:attachment":[{"href":"https:\/\/fpvoleibol.pt\/fpv\/wp-json\/wp\/v2\/media?parent=46938"}],"wp:term":[{"taxonomy":"category","embeddable":true,"href":"https:\/\/fpvoleibol.pt\/fpv\/wp-json\/wp\/v2\/categories?post=46938"},{"taxonomy":"post_tag","embeddable":true,"href":"https:\/\/fpvoleibol.pt\/fpv\/wp-json\/wp\/v2\/tags?post=46938"}],"curies":[{"name":"wp","href":"https:\/\/api.w.org\/{rel}","templated":true}]}}