{"id":46884,"date":"2026-04-27T15:51:37","date_gmt":"2026-04-27T15:51:37","guid":{"rendered":"https:\/\/fpvoleibol.pt\/fpv\/?p=46884"},"modified":"2026-04-27T15:51:37","modified_gmt":"2026-04-27T15:51:37","slug":"portugueses-no-mundo-173","status":"publish","type":"post","link":"https:\/\/fpvoleibol.pt\/fpv\/2026\/04\/27\/portugueses-no-mundo-173\/","title":{"rendered":"PORTUGUESES NO MUNDO"},"content":{"rendered":"<p><img loading=\"lazy\" decoding=\"async\" class=\"size-full wp-image-11069 aligncenter\" src=\"https:\/\/fpvoleibol.pt\/fpv\/wp-content\/uploads\/2021\/11\/bandeira_por_mundo_d.jpg\" alt=\"\" width=\"960\" height=\"536\" srcset=\"https:\/\/fpvoleibol.pt\/fpv\/wp-content\/uploads\/2021\/11\/bandeira_por_mundo_d.jpg 960w, https:\/\/fpvoleibol.pt\/fpv\/wp-content\/uploads\/2021\/11\/bandeira_por_mundo_d-300x168.jpg 300w, https:\/\/fpvoleibol.pt\/fpv\/wp-content\/uploads\/2021\/11\/bandeira_por_mundo_d-768x429.jpg 768w\" sizes=\"auto, (max-width: 960px) 100vw, 960px\" \/>O Volley Mulhouse Alsace, de <strong>Andr\u00e9 S\u00e1<\/strong>, foi vencer, por <a href=\"https:\/\/www.lnv.fr\/competitions\/ligue-a-feminine\">3-2 (25-20, 25-19, 20-25, 17-25 e 18-16<\/a>), ao recinto do Levallois Paris e est\u00e1 em vantagem na final da <a href=\"https:\/\/www.lnv.fr\/competitions\/ligue-a-feminine\">Saforelle Power<\/a> 6, o principal campeonato feminino franc\u00eas.<br \/>\nO jogo decisivo est\u00e1 agendado para o dia 1 de maio, no Palais des Sports Mulhouse, e o treinador portugu\u00eas pode fazer o <em>triplet<\/em>e, se conseguir juntar \u00e0 Superta\u00e7a e \u00e0 Ta\u00e7a a vit\u00f3ria no campeonato.<br \/>\nO Mulhouse j\u00e1 venceu o campeonato franc\u00eas em 2017 e 2021, a Ta\u00e7a de Fran\u00e7a em 2021 e 2025 e a Superta\u00e7a em 2017, 2021, 2022 e 2025.<\/p>\n<p>Do outro lado do Atl\u00e2ntico, o Dentil Praia Clube, de <strong>Rui Moreira<\/strong>, vive momentos de gl\u00f3ria. Depois da vit\u00f3ria \u00e9pica (3-2: 25-23, 36-34, 22-25, 11-25 e 15-13) no terceiro e decisivo jogo das meias finais da Superliga brasileira \u2013 em casa do Sesc RJ Flamengo, equipa vencedora da fase regular, orientada por Bernardo Rezende (Bernardinho) \u2013, vai disputar agora o t\u00edtulo de campe\u00e3o com outra equipa mineira, o Gerdau Minas, num cl\u00e1ssico \u00ab<em>p\u00e3o de queijo\u00bb<\/em> \u2013 nome dado pelos adeptos aos jogos entre as equipas de Belo Horizonte e de Uberl\u00e2ndia.<br \/>\nA Final, disputada num \u00fanico jogo, est\u00e1 agendada para o dia 3 de maio, pelas 14h00 em Portugal.<\/p>\n<p>Na Pol\u00f3nia, o\u00a0Aluron CMC Warta Zawiercie, de <strong>Miguel Tavares Rodrigues<\/strong>, venceu, por claros <a href=\"https:\/\/www.plusliga.pl\/games\/id\/1104770.html\">3-0 (25-19, 25-21 e 25-14)<\/a>, na recep\u00e7\u00e3o ao Bogdanka Luk Lublin, antiga equipa de Alexandre Ferreira (2023\/2024), no primeiro jogo da final da<a href=\"https:\/\/www.plusliga.pl\/strona-glowna.html\"> PlusLiga<\/a>.<br \/>\nO pr\u00f3ximo jogo est\u00e1 agendado para 29 de abril (fora) e 2 de maio (casa) e, se necess\u00e1rio, 6 de maio (fora) e 9 de maio (casa).<br \/>\nO Aluron CMC Warta Zawiercie vai ainda disputar a Final 4 da Liga dos Campe\u00f5es 2026 (<a href=\"https:\/\/www-old.cev.eu\/Competition-Area\/Competition.aspx?ID=1799&amp;PID=3330\">CEV Champions League Volley<\/a>), na cidade italiana de Turim nos dias 16 e 17 de maio, onde ir\u00e1 enfrentar os turcos do Ziraat Bankkart Ankara, antiga equipa de Alexandre Ferreira (2014\/2016).<\/p>\n<p><img loading=\"lazy\" decoding=\"async\" class=\" wp-image-46900 alignleft\" src=\"https:\/\/fpvoleibol.pt\/fpv\/wp-content\/uploads\/2026\/04\/cveticanin_dream_ab.jpg\" alt=\"\" width=\"359\" height=\"317\" srcset=\"https:\/\/fpvoleibol.pt\/fpv\/wp-content\/uploads\/2026\/04\/cveticanin_dream_ab.jpg 960w, https:\/\/fpvoleibol.pt\/fpv\/wp-content\/uploads\/2026\/04\/cveticanin_dream_ab-300x265.jpg 300w, https:\/\/fpvoleibol.pt\/fpv\/wp-content\/uploads\/2026\/04\/cveticanin_dream_ab-768x678.jpg 768w\" sizes=\"auto, (max-width: 359px) 100vw, 359px\" \/>Na Rom\u00e9nia, o SCM Zalau, de <strong>Filip Cveticanin<\/strong>, voltou a perder, e novamente pela margem m\u00ednima (<a href=\"https:\/\/frv-web.dataproject.com\/MatchStatistics.aspx?mID=3975&amp;ID=65&amp;CID=144&amp;PID=68&amp;type=LegList\">2-3: 19-25, 23-25, 25-18, 25-20 e 13-15<\/a>), com o CSM Arcada Galati \u2013 equipa que o SL Benfica eliminou nos 16 avos-de-final da Challenge Cup \u2013, no segundo jogo das meias finais da <a href=\"https:\/\/frv-web.dataproject.com\/CompetitionHome.aspx?ID=65\">Divizia A1<\/a>, o principal campeonato romeno, e agora vai lutar pelo terceiro lugar na competi\u00e7\u00e3o. O central da Sele\u00e7\u00e3o Nacional contribuiu com 8 pontos (4 ataques, 3 blocos e 1 servi\u00e7o), tendo sido escolhido para o <em>Dream Team<\/em> da jornada. <span style=\"font-size: 12px;\"><strong>Imagem: <a href=\"https:\/\/frv-web.dataproject.com\/CompetitionHome.aspx?ID=65\">Federac\u00e3o Romena<\/a><br \/>\n<\/strong><\/span>Os jogos com o CSA Steaua Bucuresti pelo \u00faltimo lugar no p\u00f3dio est\u00e3o agendados para 1 de maio (casa), 8 de maio (fora) e, se necess\u00e1rio, 15 de maio (casa).<br \/>\nRecorde-se que, esta \u00e9poca, o <strong>SCM Zalau<\/strong> j\u00e1 ergueu a <strong>Ta\u00e7a da Rom\u00e9nia<\/strong> (<a href=\"https:\/\/frv-web.dataproject.com\/CompetitionHome.aspx?ID=67\">Cupa Romaniei<\/a>). Ver not\u00edcia <a href=\"https:\/\/mailchi.mp\/fpvoleibol\/newsletter_voleibol_303\">AQUI<\/a><\/p>\n<p>O Lindemans Aalst, de <strong>Nuno Marques<\/strong>, perdeu os dois jogos da meia final da <a href=\"https:\/\/lottovolleyleague.be\/nl\/\">Lotto Volley League<\/a> (Liga Belga) com o VC Greenyard Maaseik pela margem m\u00e1xima. O primeiro por <a href=\"https:\/\/lottovolleyleague.be\/nl\/klassement-liga-heren\">0-3 (19-25, 28-30 e 17-25)<\/a>, com 7 pontos do internacional portugu\u00eas, e o segundo por <a href=\"https:\/\/lottovolleyleague.be\/nl\/klassement-liga-heren\">0-3 (15-25, 13-25 e 16-25)<\/a>, com 4 pontos de Marques.<\/p>\n<p>Em It\u00e1lia, o Valsabbina Millenium Brescia, de <strong>J\u00falia Kavalenka<\/strong>, defronta hoje o Nuvol\u00ec Altafratte Padova no terceiro jogo do play-off\u00a0 decisivo de subida \u00e0 I Divis\u00e3o (<a href=\"https:\/\/www.legavolleyfemminile.it\/\">Playoff A2 Tigot\u00e0<\/a>).<br \/>\nDepois de perder em casa por <a href=\"https:\/\/www.legavolleyfemminile.it\/match-center\/747979\/statistiche\/\">1-3 (25-27, 24-26, 25-17 e 19-25)<\/a>, o Brescia foi vencer (<a href=\"https:\/\/www.legavolleyfemminile.it\/match-center\/747980\/statistiche\/\">3-1: 23-25, 26-24, 25-16 e 25-21<\/a>) a casa do seu advers\u00e1rio, remetendo a decis\u00e3o para o terceiro jogo, em que quem sair vitorioso sobe \u00e0 A1.<br \/>\nNo primeiro jogo, a oposta portuguesa contabilizou 17 pontos (16 ataques e 1 bloco) e 7 (4 ataques e 3 blocos) no segundo.<\/p>\n<p>Na <a href=\"https:\/\/www.svleague.jp\/en\/sv_men\/match\/list\">SVLeague<\/a> do Jap\u00e3o, o Tokyo Great Bears, de <strong>Alexandre Ferreira<\/strong>, recebe o JTEKT Stings Aichi (3.\u00ba) nos dias 1 e 2 de maio.<\/p>\n<p>Em Fran\u00e7a, o Martigues VB, de <strong>Andr\u00e9 Pereira<\/strong>, deu um passo atr\u00e1s na corrida ao primeiro lugar da <a href=\"https:\/\/www.lnv.fr\/competitions\/ligue-b-masculine\">Ligue B Masculine<\/a> ao ser surpreendido (<a href=\"https:\/\/www.lnv.fr\/competitions\/ligue-b-masculine\">0-3: 17-25, 22-25 e 22-25<\/a>) em casa pelo Saint-Jean d&#8217;Illac.<br \/>\nDepois de folgar na 31.\u00aa jornada, o Martigues (2.\u00ba) visita o Rennes (9.\u00ba) na ronda seguinte, agendada para 15 de maio.<\/p>\n<p><span style=\"text-decoration: underline;\">Atletas \/ t\u00e9cnicos que actuam no estrangeiro e\/ou com<b> *inscri\u00e7\u00e3o em 2025\/2026<\/b>:<\/span><\/p>\n<p><strong><span style=\"text-decoration: underline;\">Processo conclu\u00eddo<\/span><\/strong><\/p>\n<p><a href=\"https:\/\/tokyo-greatbears.com\/\">Tokyo Great Bears (Jap\u00e3o)<\/a> \u2013 Alexandre Ferreira<br \/>\n<a href=\"https:\/\/www.aluroncmc.pl\/\" target=\"_blank\" rel=\"noopener noreferrer\">Aluron Warta Zawiercie (Pol\u00f3nia)<\/a> \u2013 Miguel Tavares Rodrigues<br \/>\n<a href=\"https:\/\/tourcoing-volley.com\/\">SAEMS Tourcoing Volley-Ball Lille M\u00e9tropole (Fran\u00e7a)<\/a> \u2013 Bruno Dias<br \/>\n<a href=\"https:\/\/www.martiguesvolleyball.fr\/\">Martigues VB (Fran\u00e7a)<\/a> \u2013 Andr\u00e9 Pereira<br \/>\n<a href=\"https:\/\/www.lindemansaalst.be\/\">Lindemans Aalst (B\u00e9lgica<\/a>) \u2013 Nuno Marques<br \/>\n<a href=\"https:\/\/www.volleyballcasalmaggiore.it\/\">Volleyball Casalmaggiore SSDRL (It\u00e1lia)<\/a> \/ <a href=\"https:\/\/www.milleniumbs.com\/\">Volley Millenium Brescia (It\u00e1lia)<\/a> \u2013 J\u00falia Kavalenka<br \/>\n<a href=\"https:\/\/prismatarantovolley.it\/\">Prisma La Cascina Taranto (It\u00e1lia)<\/a> \u2013 Guilherme Maia<br \/>\n<a href=\"https:\/\/www.facebook.com\/LizardsLubbeekLeuven\">Lizards Lubbeek-Leuven (B\u00e9lgica)<\/a> \u2013 Mafalda Br\u00e1s<br \/>\n<a href=\"https:\/\/scmzalau.ro\/volei\/\">Sport Club Municipal Zalau (Rom\u00e9nia)<\/a> \u2013 Filip Cveticanin<br \/>\n<a href=\"https:\/\/homeofgrizzlys.de\/\">Helios Grizzlys Giesen (Alemanha)<\/a> \u2013 Miguel Sinfr\u00f3nio<br \/>\n<a style=\"color: #001b2e;\" href=\"https:\/\/okmaribor.si\/\">OK i-Vent Maribor (Eslov\u00e9nia)<\/a>\u00a0\u2013 Gustavo Cavalcanti<br \/>\n<a href=\"https:\/\/www.uvcgraz.at\/\">UVC Holding Graz (\u00c1ustria)<\/a> \u2013 Jos\u00e9 Jardim<br \/>\n<a href=\"https:\/\/chernomorebask.com\/\">Cherno More (Bulg\u00e1ria)<\/a> \u2013 Andr\u00e9 Medeiros<br \/>\n<a href=\"https:\/\/www.volleynaefels.ch\">Volley Nafels (Su\u00ed\u00e7a)<\/a> \u2013 Manuel Figueiredo<br \/>\n<a href=\"https:\/\/vbcgeneve.ch\/\">VBC Etoile-Gen\u00e8ve (Su\u00ed\u00e7a)<\/a> \u2013Filipe Sousa<br \/>\n<a href=\"https:\/\/www.volleylugano.ch\/\">Volley Lugano (Su\u00ed\u00e7a)\u00a0<\/a>\u2013 Marta Hurst<br \/>\n<a href=\"https:\/\/ssovbc.ch\/\">VBC Servette Star-Onex (Su\u00ed\u00e7a)<\/a> \u2013 Arthur Galipeau<br \/>\n<a href=\"https:\/\/vbcgeneve.ch\/\">VBC Etoile-Gen\u00e8ve (Su\u00ed\u00e7a)<\/a> \u2013 Andr\u00e9 Mata<br \/>\n<a href=\"https:\/\/www.vopap.ch\/\">Volleyball Papiermuhle (Su\u00ed\u00e7a)<\/a> \u2013 Henrique Sousa<br \/>\n<a href=\"https:\/\/volley.sg\/\">STV Saint-Gallen (Su\u00ed\u00e7a)<\/a> \u2013 Dinis Braga da Cruz<br \/>\n<a href=\"https:\/\/volleyball.org.kw\/en\/\">Al-Yarmouk Sports Club (Kuwait)<\/a> \u2013 Jos\u00e9 Gomes<br \/>\n<a href=\"https:\/\/www.volerolecannet.fr\/fr\/\">Volero Le Cannet (Fran\u00e7a)<\/a> \u2013 Nilda Hungulo Matuca<br \/>\n<a href=\"https:\/\/www.uspvolleyball.fr\/senior-feminine\/\">US Palaiseau (Fran\u00e7a)<\/a> \u2013 Sara Teodoro<br \/>\n<a href=\"https:\/\/www.facebook.com\/epinalgolbeyvolleyball\/\">Epinal Golbey VB (Fran\u00e7a)<\/a> \u2013 Andr\u00e9 Mata<br \/>\n<a href=\"https:\/\/evvsm.com\/newsite\/\">Volley Vernon Saint-Marcel (Fran\u00e7a)<\/a> \u2013 Ecaterina Ursu<br \/>\n<a href=\"https:\/\/www.cosf-sports.com\/page\/1546914-accueil\">Club Omnisports de Saint-Fons (Fran\u00e7a<\/a>) \u2013 Natalia Herasymiv<br \/>\n<a href=\"https:\/\/rvb-volleyball.sportsregions.fr\/\">Rieux-Villers-Brenouille Volley (Fran\u00e7a)<\/a> \u2013 Mafalda Baptista Martins<br \/>\n<a href=\"https:\/\/www.facebook.com\/polvolley\">Postillon Olympique Longjumellois (Fran\u00e7a)<\/a> \u2013 Beatriz Silva<br \/>\n<a href=\"https:\/\/www.charentonvolley.fr\/\">CNM Charenton VB (Fran\u00e7a)<\/a> \u2013 Ana Filipa Domingues<br \/>\n<a href=\"https:\/\/abvb.fr\/\">Aix Les Bains VB (Fran\u00e7a)<\/a> \u2013 \u00c2ngelo Sarova Gomes<br \/>\n<a href=\"https:\/\/www.fcschuettorf09.de\/\">FC Sch\u00fcttorf 09 (Alemanha)<\/a> \u2013 Jos\u00e9 Vinha<br \/>\n<a href=\"https:\/\/www.evv2000.de\/\">Erkelenzer Volleyball Verein (Alemanha)<\/a> \u2013 Lu\u00eds Gra\u00e7a<br \/>\n<a href=\"https:\/\/www.ftm-schwabing.org\/volleyball\/\">FTM Schwabing eV (Alemanha)<\/a> \u2013 Gon\u00e7alo Nuno Biltes<br \/>\n<a href=\"https:\/\/www.vfr-umkirch.de\/news\/volleyball\">VfR Umkirch 1923 (Alemanha)<\/a> \u2013 Mariana Guimar\u00e3es<br \/>\n<a href=\"https:\/\/www.vfr-umkirch.de\/news\/volleyball\">VfR Umkirch 1923 (Alemanha)<\/a> \u2013 Andreia Guimar\u00e3es<br \/>\n<a href=\"https:\/\/le-volleys.de\/\">LE Volleys e.V. (Alemanha)<\/a> \u2013 Lorena Silveira<br \/>\n<a href=\"https:\/\/www.facebook.com\/oper.volleyb\/\">Neos Omilos Petosfairisis Rethymnou (Gr\u00e9cia)<\/a> \u2013 Beatriz Machado<br \/>\n<a href=\"https:\/\/www.facebook.com\/bunniesvolley\">Budapest Bunnies (Hungria)<\/a> \u2013 Liliana Almeida<br \/>\n<a href=\"https:\/\/www.littlegiantsvc.com\/\">Little Giants Volleyball Club (Inglaterra)<\/a> \u2013 Mia Lima<br \/>\n<a href=\"https:\/\/www.richmondvolleyball.co.uk\/male\/national-league\">Richmond Volleyball (Inglaterra)<\/a> \u2013 Jo\u00e3o Alves<br \/>\n<a href=\"https:\/\/dartfordvolleyballclub.co.uk\/\">Dartford VB (Inglaterra)<\/a> \u2013 Mariana Santos<br \/>\n<a href=\"https:\/\/southamptonvolleyball.co.uk\/\">Southampton Volleyball Club (Inglaterra)<\/a> \u2013 Dina Grosu<br \/>\n<a href=\"https:\/\/southamptonvolleyball.co.uk\/\">Southampton Volleyball Club (Inglaterra)<\/a>\u00a0\u2013 Ema Sofia Carneiro<br \/>\n<a href=\"https:\/\/southamptonvolleyball.co.uk\/\">Southampton Volleyball Club (Inglaterra)<\/a>\u00a0\u2013 Maria Lima Antunes<br \/>\n<a href=\"https:\/\/southamptonvolleyball.co.uk\/\">Southampton Volleyball Club (Inglaterra)<\/a> \u2013 Iara Amaral<br \/>\n<a href=\"https:\/\/www.nottinghamrocketsvolleyball.co.uk\/\">Nottingham Rockets (Inglaterra)<\/a> \u2013 Vasco Liz\u00e1rio<br \/>\n<a href=\"https:\/\/www.volleyballengland.org\/competitions\/volleyball\">Cambridge ARU (Inglaterra)<\/a> &#8211; Nicoly Weiwanko<br \/>\n<a href=\"https:\/\/www.facebook.com\/stockportvolleyball\/\">Stockport VB (Inglaterra)<\/a> \u2013 Teresa Lima<br \/>\n<a href=\"https:\/\/www.facebook.com\/TeamSouthWales\/\">Team South Wales (Inglaterra)<\/a> \u2013 Jos\u00e9 Castro<br \/>\n<a href=\"https:\/\/spelthornevc.co.uk\/\">Spelthorne VC (Inglaterra)<\/a> \u2013 Jo\u00e3o Moreira<br \/>\n<a href=\"https:\/\/www.inter-volleyball.net\/\">Inter Volleyball Club (Inglaterra)<\/a> \u2013 Genoveva Lopes<br \/>\n<a href=\"https:\/\/www.dartfordvolleyballclub.co.uk\/\">Dartford Volleyball Club (Inglaterra)<\/a> \u2013 Mariana Cruz Santos<br \/>\n<a href=\"http:\/\/www.darkstarvolleyball.com\/our-teams\/male-player\/\">Darkstar Derbyshire (Inglaterra)<\/a> \u2013 Marcelo Goulart<br \/>\n<a href=\"https:\/\/www.rhinos.org.uk\/\">Rhinos Volleyball Cambridge (Inglaterra)<\/a> \u2013 Vasco Lopes<br \/>\n<a href=\"https:\/\/www.facebook.com\/Gentlemenvolleyball\/\">Gentlemen Panthers<\/a> (Esc\u00f3cia) \u2013 Maria Rodrigues Costa<br \/>\n<a href=\"https:\/\/rsrwalfer.lu\/\">RSR Walfer (Luxemburgo)<\/a> \u2013 Ashley Rose Fantazia<br \/>\n<a href=\"https:\/\/vcs.lu\/\">VC Strassen (Luxemburgo)<\/a> \u2013 Jo\u00e3o Pereira<br \/>\n<a href=\"https:\/\/volleyball-echternach.lu\/\">VB Echternach (Luxemburgo)<\/a> \u2013 Daniel Amorim<br \/>\n<a href=\"https:\/\/volley-diekirch.lu\/\">CHEV Diekirch (Luxemburgo)<\/a> \u2013 D\u00e9bora Duarte<br \/>\n<a href=\"https:\/\/www.facebook.com\/VolleyClubBelair\/\">VC Belair (Luxemburgo)<\/a> \u2013 Carlos Castro<br \/>\n<a href=\"https:\/\/vcs.lu\/\">VC Strassen (Luxemburgo)<\/a> \u2013 Miguel Silva<br \/>\n<a href=\"https:\/\/lyngby-gladsaxe.dk\/default.aspx\">Lyngby-Gladsaxe Volley (Dinamarca)<\/a> \u2013\u00a0Luna Santos<br \/>\n<a href=\"https:\/\/lyngby-gladsaxe.dk\/default.aspx\">Lyngby-Gladsaxe Volley (Dinamarca)<\/a> \u2013 Matilde Cerqueira<\/p>\n<p>(&#8230;)<\/p>\n<p><span style=\"text-decoration: underline;\"><span class=\"auto-style7\"><strong>Treinadores\/Scouters<\/strong><\/span><\/span>:<br \/>\n<a href=\"https:\/\/www.facebook.com\/toursvolleyball\">Tours VB (Fran\u00e7a)<\/a> \u2013 David Sousa<br \/>\n<a href=\"https:\/\/www.volleymulhousealsace.fr\/equipe-pro\/composition\/\">Volley Mulhouse Alsace (Fran\u00e7a)<\/a> \u2013 Andr\u00e9 S\u00e1<br \/>\n<a href=\"https:\/\/praiaclube.org.br\/dentil-praia-clube\/\">Dentil Praia Clube (Brasil)<\/a> \u2013 Rui Moreira<br \/>\n<a href=\"https:\/\/praiaclube.org.br\/dentil-praia-clube\/\">Dentil Praia Clube (Brasil)<\/a> \u2013 Diogo Fernandes<br \/>\n<a href=\"https:\/\/cantera.haris.es\/es\">Club Voleibol Haris (CV Tenerife Libby&#8217;s La Laguna \/ Espanha)<\/a> \u2013 Ricardo Lemos<br \/>\n<a href=\"https:\/\/volleyluzern.ch\/leistungssport\/damennl?b=1002373&amp;c=GD1000018&amp;s=djEtbTal9p4VVhMe131XEMJ_U9o1cNNfe0zxan71wdQHJDI=\">Volley Luzern (Su\u00ed\u00e7a)<\/a> \u2013 Filipe Carrasco Soares<br \/>\n<a style=\"color: #001b2e;\" href=\"https:\/\/www.volerolecannet.fr\/fr\/\">Volero Le Cannet (Fran\u00e7a)<\/a>\u00a0\u2013 H\u00e9lder Louren\u00e7o<br \/>\n<a href=\"https:\/\/www.facebook.com\/Cork-Volleyball-Academy-100484505416947\/\">Cork Volleyball Academy (Irlanda)<\/a> \u2013 Ant\u00f3nio Barros<br \/>\nSele\u00e7\u00f5es nacionais do Brasil\u00a0\u2013 Bruno Leite<\/p>\n<p style=\"text-align: center;\"><strong>Supervisores e \u00e1rbitros portugueses em ac\u00e7\u00e3o<br \/>\nnas competi\u00e7\u00f5es internacionais<\/strong><\/p>\n<p><strong>Leonel Salgueiro<\/strong><br \/>\nPresidente do J\u00fari do Campeonato da Europa 2026 &#8211; Seniores Masculinos, de 15 de Setembro a 15 de Outubro.<\/p>\n<p><strong>Avelino Azevedo<\/strong><br \/>\nPresidente do J\u00fari de Arbitragem da fase final do Campeonato da Europa de Sub-18 Masculinos, de 7 a 17 de julho de 2026, em San Giorgio e San Benedetto del Tronto, em It\u00e1lia.<br \/>\nDelegado de Arbitragem na Pool D (Gotemburgo) do Campeonato da Europa de Seniores Femininos, a disputar de 15 de agosto a 15 de setembro no Azerbaij\u00e3o, Su\u00e9cia, Ch\u00e9quia e Turquia.<\/p>\n<p><strong>Raquel Portela<\/strong><br \/>\nLiga das Na\u00e7\u00f5es \u2013 Pool feminina de Hong Kong, na China, na semana 3, que decorrer\u00e1 entre os dias 8 e 12 de julho.<br \/>\nCampeonato da Europa de Seniores Femininos, a disputar de 15 de agosto a 15 de setembro no Azerbaij\u00e3o, Su\u00e9cia, Ch\u00e9quia e Turquia.<\/p>\n<p><strong>Nuno Teixeira<\/strong><br \/>\nFase Final do Campeonato da Europa de Sub-18 Femininos, de 1 a 12 de julho de 2026, na Let\u00f3nia e na Litu\u00e2nia.<\/p>\n<p><strong>Ricardo Ferreira<br \/>\n<\/strong>Liga das Na\u00e7\u00f5es \u2013 Pool masculina de Gliwice, na Pol\u00f3nia, na semana 2, que decorrer\u00e1 entre os dias 24 e 28 de junho.<\/p>\n<p><strong>Jos\u00e9 Caramez<br \/>\n<\/strong>Campeonato da Europa de Sub-22 Masculinos, em Albufeira, de 29 de junho a 4 de julho.<\/p>\n<p style=\"text-align: center;\"><strong>Voleibol de Praia<\/strong><\/p>\n<p><strong>Sandra Deveza<\/strong><br \/>\nBeach Pro Tour Challenge Alanya, na Turquia, de 10 a 14 de junho.<br \/>\nCampeonato da Europa, na Pol\u00f3nia, de 12 a 16 de agosto.<\/p>\n<p><strong>Rui Carvalho<\/strong><br \/>\nBeach Pro Tour BPT Elite Bras\u00edlia, no Brasil, de 28 de abril a 3 de maio.<br \/>\nBeach Pro Tour Elite Gstaad, na Su\u00ed\u00e7a, de 1 a 5 de julho.<br \/>\nBeach Pro Tour BPT Elite Rio de Janeiro, no Brasil, de 29 de julho a 2 de agosto.<\/p>\n<p style=\"text-align: center;\">Mais informa\u00e7\u00f5es em\u00a0<a href=\"http:\/\/www.cev.eu\/\">CEV<\/a><\/p>\n","protected":false},"excerpt":{"rendered":"<p>O Volley Mulhouse Alsace, de Andr\u00e9 S\u00e1, foi vencer, por 3-2 (25-20, 25-19, 20-25, 17-25 e 18-16), ao recinto do Levallois Paris e est\u00e1 em vantagem na final da Saforelle [&hellip;]<\/p>\n","protected":false},"author":2,"featured_media":11070,"comment_status":"open","ping_status":"open","sticky":false,"template":"","format":"standard","meta":{"_monsterinsights_skip_tracking":false,"_monsterinsights_sitenote_active":false,"_monsterinsights_sitenote_note":"","_monsterinsights_sitenote_category":0,"footnotes":""},"categories":[13,8],"tags":[176,52],"class_list":{"0":"post-46884","1":"post","2":"type-post","3":"status-publish","4":"format-standard","5":"has-post-thumbnail","7":"category-arbitragem","8":"category-voleibol","9":"tag-epoca-2025-2026","10":"tag-portugueses-no-mundo","11":"czr-hentry"},"aioseo_notices":[],"_links":{"self":[{"href":"https:\/\/fpvoleibol.pt\/fpv\/wp-json\/wp\/v2\/posts\/46884","targetHints":{"allow":["GET"]}}],"collection":[{"href":"https:\/\/fpvoleibol.pt\/fpv\/wp-json\/wp\/v2\/posts"}],"about":[{"href":"https:\/\/fpvoleibol.pt\/fpv\/wp-json\/wp\/v2\/types\/post"}],"author":[{"embeddable":true,"href":"https:\/\/fpvoleibol.pt\/fpv\/wp-json\/wp\/v2\/users\/2"}],"replies":[{"embeddable":true,"href":"https:\/\/fpvoleibol.pt\/fpv\/wp-json\/wp\/v2\/comments?post=46884"}],"version-history":[{"count":7,"href":"https:\/\/fpvoleibol.pt\/fpv\/wp-json\/wp\/v2\/posts\/46884\/revisions"}],"predecessor-version":[{"id":46901,"href":"https:\/\/fpvoleibol.pt\/fpv\/wp-json\/wp\/v2\/posts\/46884\/revisions\/46901"}],"wp:featuredmedia":[{"embeddable":true,"href":"https:\/\/fpvoleibol.pt\/fpv\/wp-json\/wp\/v2\/media\/11070"}],"wp:attachment":[{"href":"https:\/\/fpvoleibol.pt\/fpv\/wp-json\/wp\/v2\/media?parent=46884"}],"wp:term":[{"taxonomy":"category","embeddable":true,"href":"https:\/\/fpvoleibol.pt\/fpv\/wp-json\/wp\/v2\/categories?post=46884"},{"taxonomy":"post_tag","embeddable":true,"href":"https:\/\/fpvoleibol.pt\/fpv\/wp-json\/wp\/v2\/tags?post=46884"}],"curies":[{"name":"wp","href":"https:\/\/api.w.org\/{rel}","templated":true}]}}