{"id":46869,"date":"2026-04-27T09:26:03","date_gmt":"2026-04-27T09:26:03","guid":{"rendered":"https:\/\/fpvoleibol.pt\/fpv\/?p=46869"},"modified":"2026-04-27T10:57:56","modified_gmt":"2026-04-27T10:57:56","slug":"povoa-e-gueifaes-campeoes-de-veteranos-a","status":"publish","type":"post","link":"https:\/\/fpvoleibol.pt\/fpv\/2026\/04\/27\/povoa-e-gueifaes-campeoes-de-veteranos-a\/","title":{"rendered":"P\u00d3VOA E GUEIF\u00c3ES CAMPE\u00d5ES DE VETERANOS A"},"content":{"rendered":"<p style=\"text-align: center;\"><span style=\"font-size: 14px;\"><strong><img loading=\"lazy\" decoding=\"async\" class=\"size-full wp-image-46880 aligncenter\" src=\"https:\/\/fpvoleibol.pt\/fpv\/wp-content\/uploads\/2026\/04\/Veteranos_003_Povoa.jpg\" alt=\"\" width=\"960\" height=\"570\" srcset=\"https:\/\/fpvoleibol.pt\/fpv\/wp-content\/uploads\/2026\/04\/Veteranos_003_Povoa.jpg 960w, https:\/\/fpvoleibol.pt\/fpv\/wp-content\/uploads\/2026\/04\/Veteranos_003_Povoa-300x178.jpg 300w, https:\/\/fpvoleibol.pt\/fpv\/wp-content\/uploads\/2026\/04\/Veteranos_003_Povoa-768x456.jpg 768w\" sizes=\"auto, (max-width: 960px) 100vw, 960px\" \/>Gueif\u00e3es e P\u00f3voa sagraram-se campe\u00f5es nacionais de Veteranos A<\/strong><\/span><\/p>\n<p>Ap\u00f3s a realiza\u00e7\u00e3o da <a href=\"https:\/\/fpvoleibol.pt\/fpv\/2026\/04\/20\/ala-vence-em-veteranos\/\">final de Veteranos B (+45 anos)<\/a> foi a vez da final do Campeonato Nacional de Veteranos A (+35 anos), disputada nas Caldas das Taipas, com organiza\u00e7\u00e3o da Federa\u00e7\u00e3o Portuguesa de Voleibol e Associa\u00e7\u00e3o de Voleibol de Braga e com o apoio da C\u00e2mara Municipal de Guimar\u00e3es, JF Caldelas e CAR Taipense.<\/p>\n<p>A renhida final feminina foi discutida entre o CD P\u00f3voa e a ACD Perre, com vit\u00f3ria pela margem m\u00ednima das poveiras.<br \/>\nPara se sagrar campe\u00e3o, o CD P\u00f3voa superou, sucessivamente, a Associa\u00e7\u00e3o Acad\u00e9mica de S. Mamede (3-1: 25-23, 25-21, 26-28 e 25-23), o CVO Oeiras Valley (3-2: 25-23, 25-18, 23-25, 16-25 e 15-8) e a Associa\u00e7\u00e3o Desportiva e Cultural de Perre (3-2: 19-25, 11-25, 25-21, 25-16 e 15-11).<\/p>\n<p><img loading=\"lazy\" decoding=\"async\" class=\"size-full wp-image-46878 aligncenter\" src=\"https:\/\/fpvoleibol.pt\/fpv\/wp-content\/uploads\/2026\/04\/Veteranos_001_gueifaes.jpg\" alt=\"\" width=\"960\" height=\"720\" srcset=\"https:\/\/fpvoleibol.pt\/fpv\/wp-content\/uploads\/2026\/04\/Veteranos_001_gueifaes.jpg 960w, https:\/\/fpvoleibol.pt\/fpv\/wp-content\/uploads\/2026\/04\/Veteranos_001_gueifaes-300x225.jpg 300w, https:\/\/fpvoleibol.pt\/fpv\/wp-content\/uploads\/2026\/04\/Veteranos_001_gueifaes-768x576.jpg 768w\" sizes=\"auto, (max-width: 960px) 100vw, 960px\" \/>A final masculina foi vencida pelo GDC Gueif\u00e3es ao derrotar a AA Espinho, num jogo em que esteve em campo uma aut\u00eantica <em>constela\u00e7\u00e3o de estrelas<\/em>, nada mais nada menos do que 8 antigos internacionais A.<br \/>\nPara se sagrar campe\u00e3o, o GDC Gueif\u00e3es venceu, sucessivamente, o Clube Desportivo da P\u00f3voa (25-12, 25-14 e 25-15), o Ala de Nun&#8217;\u00c1lvares de Gondomar (3-0: 25-10, 25-14 e 25-22) e a Associa\u00e7\u00e3o Acad\u00e9mica de Espinho (3-0: 25-19, 25-17 e 25-22).<\/p>\n<p><img loading=\"lazy\" decoding=\"async\" class=\" wp-image-46881 alignleft\" src=\"https:\/\/fpvoleibol.pt\/fpv\/wp-content\/uploads\/2026\/04\/Veteranos_002_Premios.jpg\" alt=\"\" width=\"355\" height=\"267\" srcset=\"https:\/\/fpvoleibol.pt\/fpv\/wp-content\/uploads\/2026\/04\/Veteranos_002_Premios.jpg 960w, https:\/\/fpvoleibol.pt\/fpv\/wp-content\/uploads\/2026\/04\/Veteranos_002_Premios-300x225.jpg 300w, https:\/\/fpvoleibol.pt\/fpv\/wp-content\/uploads\/2026\/04\/Veteranos_002_Premios-768x576.jpg 768w\" sizes=\"auto, (max-width: 355px) 100vw, 355px\" \/>Os trof\u00e9us de campe\u00e3o nacional foram entregues por: Vereador de Desporto da CM Guimar\u00e3es, Alberto Martins; Presidente da Junta de Freguesia de Caldelas, Augusto Mendes; Diretores da FPV, Arnaldo Rocha e Henrique Gomes; Presidente da AV Braga, Miguel Ribeiro; Presidente do CART, Lima Pereira.<\/p>\n<p>No final da prova, o vereador do Desporto da C\u00e2mara Municipal de Guimar\u00e3es, Alberto Martins, referiu que \u201c<em>o Munic\u00edpio entende que as modalidades de pavilh\u00e3o devem ter uma maior centralidade no \u00e2mbito da nossa atua\u00e7\u00e3o. Por isso, em particular o voleibol, que \u00e9 uma das modalidades mais importantes, deve continuar a ser por n\u00f3s valorizada, refor\u00e7ando o nosso apoio e a nossa aposta no seu desenvolvimento. Hoje estamos nas finais de veteranos, nas Caldas das Taipas, mas \u00e9 aposta do Munic\u00edpio poder receber outro tipo de eventos e iniciativas do voleibol nacional. N\u00f3s queremos continuar a trilhar este caminho de afirma\u00e7\u00e3o das modalidades, nomeadamente o voleibol, que os vimaranenses tanto apreciam<\/em>\u201d.<\/p>\n<p><img loading=\"lazy\" decoding=\"async\" class=\" wp-image-46872 alignleft\" src=\"https:\/\/fpvoleibol.pt\/fpv\/wp-content\/uploads\/2026\/04\/PremiosImagem4Vet.jpg\" alt=\"\" width=\"406\" height=\"241\" srcset=\"https:\/\/fpvoleibol.pt\/fpv\/wp-content\/uploads\/2026\/04\/PremiosImagem4Vet.jpg 960w, https:\/\/fpvoleibol.pt\/fpv\/wp-content\/uploads\/2026\/04\/PremiosImagem4Vet-300x178.jpg 300w, https:\/\/fpvoleibol.pt\/fpv\/wp-content\/uploads\/2026\/04\/PremiosImagem4Vet-768x456.jpg 768w\" sizes=\"auto, (max-width: 406px) 100vw, 406px\" \/> <img loading=\"lazy\" decoding=\"async\" class=\" wp-image-46871 alignleft\" src=\"https:\/\/fpvoleibol.pt\/fpv\/wp-content\/uploads\/2026\/04\/Premios_Imagem5Vet.jpg\" alt=\"\" width=\"406\" height=\"243\" srcset=\"https:\/\/fpvoleibol.pt\/fpv\/wp-content\/uploads\/2026\/04\/Premios_Imagem5Vet.jpg 960w, https:\/\/fpvoleibol.pt\/fpv\/wp-content\/uploads\/2026\/04\/Premios_Imagem5Vet-300x179.jpg 300w, https:\/\/fpvoleibol.pt\/fpv\/wp-content\/uploads\/2026\/04\/Premios_Imagem5Vet-768x459.jpg 768w\" sizes=\"auto, (max-width: 406px) 100vw, 406px\" \/>Como habitualmente foram homenageados os atletas mais velhos em competi\u00e7\u00e3o, galardoados com o pr\u00e9mio \u201cVeteranos +\u201d. Este ano a distin\u00e7\u00e3o, entregue pelos diretores da FPV Catarina Costa e Henrique Gomes e pelo presidente da AVB, Miguel Ribeiro, foi para Maria Manuela Franco (ADC Perre) e para Carlos Filipe Freitas (GDC Gueif\u00e3es), com 63 anos de idade.<\/p>\n<p>O <em>hist\u00f3rico<\/em> Carlos Filipe referiu que \u201c<em>\u00e9 uma enorme satisfa\u00e7\u00e3o participar nestes torneios de veteranos, que espero que se continuem a realizar, pois esta rapaziada merece, pela sua dedica\u00e7\u00e3o. Fiquei muito satisfeito pelo pr\u00e9mio que recebi, que vem valorizar a minha participa\u00e7\u00e3o neste escal\u00e3o<\/em>\u201d.<\/p>\n<p style=\"text-align: center;\">Todos os resultados em <a href=\"https:\/\/www.portugalvoleibol.com\/classificacao\/\">https:\/\/www.portugalvoleibol.com\/classificacao<\/a><\/p>\n","protected":false},"excerpt":{"rendered":"<p>Gueif\u00e3es e P\u00f3voa sagraram-se campe\u00f5es nacionais de Veteranos A Ap\u00f3s a realiza\u00e7\u00e3o da final de Veteranos B (+45 anos) foi a vez da final do Campeonato Nacional de Veteranos A [&hellip;]<\/p>\n","protected":false},"author":2,"featured_media":46879,"comment_status":"open","ping_status":"open","sticky":false,"template":"","format":"standard","meta":{"_monsterinsights_skip_tracking":false,"_monsterinsights_sitenote_active":false,"_monsterinsights_sitenote_note":"","_monsterinsights_sitenote_category":0,"footnotes":""},"categories":[8],"tags":[176,70],"class_list":{"0":"post-46869","1":"post","2":"type-post","3":"status-publish","4":"format-standard","5":"has-post-thumbnail","7":"category-voleibol","8":"tag-epoca-2025-2026","9":"tag-veteranos","10":"czr-hentry"},"aioseo_notices":[],"_links":{"self":[{"href":"https:\/\/fpvoleibol.pt\/fpv\/wp-json\/wp\/v2\/posts\/46869","targetHints":{"allow":["GET"]}}],"collection":[{"href":"https:\/\/fpvoleibol.pt\/fpv\/wp-json\/wp\/v2\/posts"}],"about":[{"href":"https:\/\/fpvoleibol.pt\/fpv\/wp-json\/wp\/v2\/types\/post"}],"author":[{"embeddable":true,"href":"https:\/\/fpvoleibol.pt\/fpv\/wp-json\/wp\/v2\/users\/2"}],"replies":[{"embeddable":true,"href":"https:\/\/fpvoleibol.pt\/fpv\/wp-json\/wp\/v2\/comments?post=46869"}],"version-history":[{"count":4,"href":"https:\/\/fpvoleibol.pt\/fpv\/wp-json\/wp\/v2\/posts\/46869\/revisions"}],"predecessor-version":[{"id":46883,"href":"https:\/\/fpvoleibol.pt\/fpv\/wp-json\/wp\/v2\/posts\/46869\/revisions\/46883"}],"wp:featuredmedia":[{"embeddable":true,"href":"https:\/\/fpvoleibol.pt\/fpv\/wp-json\/wp\/v2\/media\/46879"}],"wp:attachment":[{"href":"https:\/\/fpvoleibol.pt\/fpv\/wp-json\/wp\/v2\/media?parent=46869"}],"wp:term":[{"taxonomy":"category","embeddable":true,"href":"https:\/\/fpvoleibol.pt\/fpv\/wp-json\/wp\/v2\/categories?post=46869"},{"taxonomy":"post_tag","embeddable":true,"href":"https:\/\/fpvoleibol.pt\/fpv\/wp-json\/wp\/v2\/tags?post=46869"}],"curies":[{"name":"wp","href":"https:\/\/api.w.org\/{rel}","templated":true}]}}