{"id":46861,"date":"2026-04-27T16:24:15","date_gmt":"2026-04-27T16:24:15","guid":{"rendered":"https:\/\/fpvoleibol.pt\/fpv\/?p=46861"},"modified":"2026-04-27T16:24:15","modified_gmt":"2026-04-27T16:24:15","slug":"estagio-com-belgas-e-suicos","status":"publish","type":"post","link":"https:\/\/fpvoleibol.pt\/fpv\/2026\/04\/27\/estagio-com-belgas-e-suicos\/","title":{"rendered":"EST\u00c1GIO COM BELGAS E SU\u00cd\u00c7OS"},"content":{"rendered":"<p><img loading=\"lazy\" decoding=\"async\" class=\"size-full wp-image-41674 aligncenter\" src=\"https:\/\/fpvoleibol.pt\/fpv\/wp-content\/uploads\/2025\/07\/Campos_Ricardo_Pedrosa.jpg\" alt=\"\" width=\"960\" height=\"640\" srcset=\"https:\/\/fpvoleibol.pt\/fpv\/wp-content\/uploads\/2025\/07\/Campos_Ricardo_Pedrosa.jpg 960w, https:\/\/fpvoleibol.pt\/fpv\/wp-content\/uploads\/2025\/07\/Campos_Ricardo_Pedrosa-300x200.jpg 300w, https:\/\/fpvoleibol.pt\/fpv\/wp-content\/uploads\/2025\/07\/Campos_Ricardo_Pedrosa-768x512.jpg 768w\" sizes=\"auto, (max-width: 960px) 100vw, 960px\" \/>As duplas de elite do Voleibol de Praia internacional voltam a eleger o Centro de Alto Rendimento de Voleibol de Praia (CARVP) da Federa\u00e7\u00e3o Portuguesa de Voleibol, em Cortega\u00e7a, como o quartel-general para a sua prepara\u00e7\u00e3o. Desta vez, a dupla portuguesa tetracampe\u00e3 nacional, composta por <strong>Jo\u00e3o Pedrosa <\/strong>e<strong> Hugo Campos,<\/strong> sob a orienta\u00e7\u00e3o t\u00e9cnica de <span style=\"text-decoration: underline;\">Ricardo Rocha<\/span>, inicia hoje um est\u00e1gio conjunto com as sele\u00e7\u00f5es da B\u00e9lgica e da Su\u00ed\u00e7a.<\/p>\n<p>Entre os parceiros de treino de luxo est\u00e3o os belgas Joppe van Langendonck e Kyan Vercauteren. Esta jovem dupla, que se sagrou campe\u00e3 mundial de Sub-21 em 2023, tem vindo a consolidar o seu espa\u00e7o no circuito mundial, somando resultados de relevo como a vit\u00f3ria no BPT Challenge de Bhubaneswar, na \u00cdndia, j\u00e1 no decorrer deste ano, ap\u00f3s triunfos em Qidong e p\u00f3dios em Leuven em 2025. A comitiva internacional conta ainda com a presen\u00e7a dos su\u00ed\u00e7os Florian Breer, atleta de 28 anos com um hist\u00f3rico de t\u00edtulos europeus nas camadas jovens e conhecido pela sua velocidade defensiva, e Mathis K\u00e4lin, uma das promessas do voleibol helv\u00e9tico que, aos 19 anos e com os seus 1,98 metros de altura, se destaca pela capacidade de bloco.<\/p>\n<p>A escolha do CARVP por parte destas pot\u00eancias europeias n\u00e3o \u00e9 ocasional. A instala\u00e7\u00e3o \u00e9 reconhecida pelas suas condi\u00e7\u00f5es de excel\u00eancia, oferecendo a possibilidade de treinar em recinto coberto com p\u00e9-direito alto, o que permite manter o ritmo competitivo durante os meses de inverno, simulando as condi\u00e7\u00f5es de jogo ideais sem a interfer\u00eancia de fatores climat\u00e9ricos como o vento ou a chuva. Al\u00e9m da qualidade da areia, a possibilidade de interc\u00e2mbio t\u00e9cnico e a realiza\u00e7\u00e3o de jogos-treino contra as duplas nacionais portuguesas s\u00e3o fatores decisivos para a vinda de delega\u00e7\u00f5es que, no passado, j\u00e1 inclu\u00edram pa\u00edses como Fran\u00e7a, Hungria, Ucr\u00e2nia, Venezuela e Paraguai.<\/p>\n<p>Este per\u00edodo de prepara\u00e7\u00e3o intensiva assume uma import\u00e2ncia estrat\u00e9gica para Jo\u00e3o Pedrosa e Hugo Campos. Os atletas portugueses t\u00eam no horizonte imediato a participa\u00e7\u00e3o na fase preliminar da Ta\u00e7a das Na\u00e7\u00f5es 2026. Portugal est\u00e1 inserido no Grupo F, cujas decis\u00f5es ter\u00e3o lugar nos dias 23 e 24 de maio em Constanta, na Rom\u00e9nia. A sele\u00e7\u00e3o nacional ter\u00e1 de medir for\u00e7as com os Pa\u00edses Baixos, a B\u00e9lgica e a Mold\u00e1via para tentar garantir uma das sete vagas dispon\u00edveis para a grande final.<\/p>\n<p><img loading=\"lazy\" decoding=\"async\" class=\" wp-image-45690 alignleft\" src=\"https:\/\/fpvoleibol.pt\/fpv\/wp-content\/uploads\/2026\/02\/Taca_Nacoes_2025_esp2.jpg\" alt=\"\" width=\"337\" height=\"200\" srcset=\"https:\/\/fpvoleibol.pt\/fpv\/wp-content\/uploads\/2026\/02\/Taca_Nacoes_2025_esp2.jpg 640w, https:\/\/fpvoleibol.pt\/fpv\/wp-content\/uploads\/2026\/02\/Taca_Nacoes_2025_esp2-300x178.jpg 300w\" sizes=\"auto, (max-width: 337px) 100vw, 337px\" \/>A fase final da Ta\u00e7a das Na\u00e7\u00f5es deste ano decorrer\u00e1 em Budapeste, na Hungria, entre 16 e 19 de julho. O evento sucede \u00e0 edi\u00e7\u00e3o de 2025, organizada em Espinho, onde as sele\u00e7\u00f5es nacionais de Portugal alcan\u00e7aram o 5.\u00ba lugar em ambos os g\u00e9neros, mantendo a fasquia elevada ap\u00f3s o p\u00f3dio masculino conquistado na Let\u00f3nia em 2024. O est\u00e1gio em Cortega\u00e7a serve, assim, de rampa de lan\u00e7amento para as ambi\u00e7\u00f5es lusas de marcar presen\u00e7a na elite do voleibol europeu no emblem\u00e1tico cen\u00e1rio da Pra\u00e7a dos Her\u00f3is, na capital h\u00fangara.<\/p>\n<p>O\u00a0<strong>Centro de Alto Rendimento de Voleibol de Praia<\/strong>\u00a0(CARVP) da Federa\u00e7\u00e3o Portuguesa de Voleibol \u00e9 uma instala\u00e7\u00e3o desportiva dotada das melhores condi\u00e7\u00f5es para a pr\u00e1tica do Voleibol de Praia que recebeu j\u00e1 as finais dos Campeonatos Nacionais de Voleibol de Praia de 2020 e 2021, bem como do Campeonato de Veteranos 2022 e est\u00e1gios das duplas de Fran\u00e7a, Hungria, \u00a0Israel,\u00a0Ucr\u00e2nia, Venezuela, Inglaterra, Paraguai, B\u00e9lgica ou Cabo Verde e etapas dos circuitos internacionais de Voleibol de Praia.<\/p>\n<p style=\"text-align: center;\"><span style=\"background-color: #000000; color: #ffffff;\">Curr\u00edculo de <strong><a style=\"background-color: #000000; color: #ffffff;\" href=\"https:\/\/www.fivb.com\/players\/players-database\/player\/153921\">Jo\u00e3o Pedrosa<\/a><\/strong>\u00a0e<a style=\"background-color: #000000; color: #ffffff;\" href=\"https:\/\/www.fivb.com\/players\/players-database\/player\/164474\"><strong>\u00a0Hugo Campos:<\/strong><\/a><\/span><\/p>\n<p><strong><span style=\"background-color: #000000; color: #ffffff;\">2026<br \/>\n<\/span><\/strong><strong><a href=\"https:\/\/en.volleyballworld.com\/beachvolleyball\/competitions\/beach-pro-tour\/2026\/challenge\/tlaxcala-mex\/schedule\/#fromDate=2026-03-19\">Beach Pro Tour Challenge de Tlaxcala<\/a> (M\u00e9xico)<\/strong> \u2013 9.\u00ba lugar.<br \/>\n<strong><a href=\"https:\/\/br.volleyballworld.com\/beachvolleyball\/competitions\/beach-pro-tour\/2026\/elite16\/joao-pessoa-bra\/standings\/men\/#round-f\">Beach Pro Tour Elite16 de Jo\u00e3o Pessoa<\/a> (Brasil)<\/strong> \u2013 19.\u00ba lugar.<\/p>\n<p><strong><span style=\"background-color: #000000; color: #ffffff;\">2025<\/span><\/strong><br \/>\n<strong><a href=\"https:\/\/en.volleyballworld.com\/beachvolleyball\/competitions\/beach-volleyball-world-championships\">Campeonato do Mundo 2025<\/a> (Austr\u00e1lia) \u2013 9.\u00ba lugar.<br \/>\n<a href=\"https:\/\/en.volleyballworld.com\/beachvolleyball\/competitions\/beach-pro-tour\/2025\/challenge\/veracruz-mex\/\">Beach Pro Tour Challenge Veracruz<\/a><\/strong> (M\u00e9xico) \u2013 17.\u00ba lugar.<br \/>\n<strong><a href=\"https:\/\/en.volleyballworld.com\/beachvolleyball\/competitions\/beach-pro-tour\/2025\/elite16\/joao-pessoa-bra\/\"><span style=\"text-decoration: underline;\">Beach Pro Tour Elite16 Jo\u00e3o Pesso<\/span>a (Brasil)<\/a><\/strong> \u2013 5.\u00ba lugar.<br \/>\n<a href=\"https:\/\/fpvoleibol.pt\/fpv\/2025\/08\/17\/tetracampeoes-nacionais\/\"><strong>Circuito Nacional Voleibol de Praia<\/strong><\/a> \u2013 1.\u00ba lugar.<strong><br \/>\n<a href=\"https:\/\/en.volleyballworld.com\/beachvolleyball\/competitions\/beach-pro-tour\/2025\/challenge\/baden-aut\/schedule\/#fromDate=2025-08-03&amp;team=portugal\">Beach Pro Tour Challenge Baden<\/a> \u2013 <\/strong>9.\u00ba lugar.<br \/>\n<a href=\"https:\/\/eurobeachvolley.cev.eu\/en\/2025\/men\/\"><strong>CEV EuroBeachVolley 2025 (Dusseldorf, Alemanha)<\/strong><\/a> \u2013 17.\u00ba lugar.<strong><br \/>\n<a href=\"https:\/\/www.cev.eu\/beach\/nations-cup\/2025\/nations-cup-final\/men\/\">Finais Nations Cup 2025<\/a> \u2013<\/strong>5.\u00ba lugar.<strong><br \/>\n<\/strong><strong><a href=\"https:\/\/en.volleyballworld.com\/beachvolleyball\/competitions\/beach-pro-tour\/2025\/elite16\/gstaad-sui\/\">Beach Pro Tour Elite16 de Gstaad<\/a><\/strong> \u201319.\u00ba lugar.<strong><br \/>\n<\/strong><a href=\"https:\/\/en.volleyballworld.com\/beachvolleyball\/competitions\/beach-pro-tour\/2025\/challenge\/alanya-tur\/schedule\/#fromDate=2025-06-05\">Beach Pro Tour Challenge de Alanya<\/a> \u2013 25.\u00ba lugar.<strong><br \/>\n<\/strong><a href=\"https:\/\/en.volleyballworld.com\/beachvolleyball\/competitions\/beach-pro-tour\/2025\/elite16\/ostrava-cze\/schedule\/#fromDate=2025-05-28&amp;gender=men\">Beach<\/a><a href=\"https:\/\/en.volleyballworld.com\/beachvolleyball\/competitions\/beach-pro-tour\/2025\/elite16\/ostrava-cze\/schedule\/#fromDate=2025-05-28&amp;gender=men\"> Pro Tour Elite16 de Ostrava<\/a> \u2013 13.\u00ba lugar.<br \/>\n<a href=\"https:\/\/en.volleyballworld.com\/beachvolleyball\/competitions\/beach-pro-tour\/2025\/challenge\/xiamen-chn\/\">Beach Pro Tour Challenge de Xiamen<\/a> <strong>\u2013 <\/strong>9.\u00ba lugar.<br \/>\n<a href=\"https:\/\/en.volleyballworld.com\/beachvolleyball\/competitions\/beach-pro-tour\/2025\/elite16\/brasilia-bra\/schedule\/#fromDate=2025-04-16\">Beach Pro Tour Elite16 de Bras\u00edlia<\/a> <strong> \u2013 <\/strong>19.\u00ba lugar.<br \/>\n<a href=\"https:\/\/en.volleyballworld.com\/beachvolleyball\/competitions\/beach-pro-tour\/2025\/elite16\/saquarema-bra\/\">Beach Pro Tour Elite16 de Saquarema<\/a><strong> \u2013 <\/strong>9.\u00ba lugar.<br \/>\n<a href=\"https:\/\/en.volleyballworld.com\/beachvolleyball\/competitions\/beach-pro-tour\/2025\/challenge\/yucatan-mex\/schedule\/#fromDate=2025-03-17\">Beach Pro Tour Challenge de Yucat\u00e1n<\/a> (M\u00e9xico) \u2013 3.\u00ba lugar.<br \/>\n<strong><span style=\"background-color: #000000; color: #ffffff;\">2024<\/span><br \/>\n<\/strong><strong><a href=\"https:\/\/en.volleyballworld.com\/beachvolleyball\/competitions\/beach-pro-tour\/2024\/challenge\/nuvali-phi\/schedule\/#fromDate=2024-12-01\">Beach Pro Tour de Nuvali<\/a> \u2013 <\/strong>13.\u00ba lugar.<br \/>\n<a href=\"https:\/\/en.volleyballworld.com\/beachvolleyball\/competitions\/beach-pro-tour\/2024\/elite16\/joao-pessoa-bra\/schedule\/#fromDate=2024-10-17\">Beach Pro Tour Elite16 Jo\u00e3o Pessoa<\/a>\u00a0(Brasil) \u2013 9.\u00ba lugar.<br \/>\n<a href=\"https:\/\/beachsports2024.fisu.net\/\">FISU World University Championship Beach Sports 2024<\/a>\u00a0(Brasil) \u2013 3.\u00ba lugar.<br \/>\n<a href=\"https:\/\/en.volleyballworld.com\/beachvolleyball\/competitions\/beach-pro-tour\/2024\/elite16\/hamburg-ger\/\">Beach Pro Tour Elite16 de Hamburgo<\/a>\u00a0(Alemanha) \u2013 13.\u00ba lugar.<br \/>\nCampeonato da Europa (Pa\u00edses Baixos)\u00a0\u2013 25.\u00ba lugar.<br \/>\nCircuito Lipton Kombucha \u2013 Final em Esmoriz\u00a0\u2013 1.\u00ba lugar.<br \/>\nFinais da Ta\u00e7a das Na\u00e7\u00f5es (Let\u00f3nia)\u00a0\u2013 3.\u00ba lugar.<br \/>\nBPT Challenge Stare Jablonki (Pol\u00f3nia) \u2013 9.\u00ba lugar.<br \/>\nBPT Elite16 Espinho\u00a0\u2013 13.\u00ba lugar.<br \/>\nPool D da Ta\u00e7a das Na\u00e7\u00f5es (Turquia)\u00a0\u2013 1.\u00ba lugar.<br \/>\nBPT Challenge Xiamen (China) \u2013 17.\u00ba lugar.<br \/>\nBPT Challenge Guadalajara (M\u00e9xico) \u2013 19.\u00ba lugar.<br \/>\nBeach Pro Tour Challenge de Recife (Brasil) \u201325.\u00ba lugar.<br \/>\nBeach Pro Tour Elite16 Doha (Catar) \u2013 21.\u00ba lugar.<br \/>\n<strong><span style=\"background-color: #000000; color: #ffffff;\">2023<\/span><br \/>\n<\/strong><strong><a href=\"https:\/\/en.volleyballworld.com\/beachvolleyball\/competitions\/beach-pro-tour\/2023\/challenge\/nuvali-phi\/\">Beach Pro Tour de Nuvali<\/a>\u00a0\u2013 5.\u00ba lugar<br \/>\n<\/strong><a href=\"https:\/\/en.volleyballworld.com\/beachvolleyball\/competitions\/beach-pro-tour\/2023\/challenge\/chiang-mai-tha\/\">Beach Pro Tour Challenge de Chiang Mai<\/a> (Tail\u00e2ndia) \u2013 9.\u00ba lugar<strong><br \/>\n<\/strong><a href=\"https:\/\/en.volleyballworld.com\/beachvolleyball\/competitions\/beach-pro-tour\/2023\/challenge\/haikou-chn\/schedule\/\">Beach Pro Tour Challenge de Haikou<\/a> (China) \u2013 19.\u00ba lugar<br \/>\n<a href=\"https:\/\/en.volleyballworld.com\/beachvolleyball\/competitions\/beach-pro-tour\/2023\/challenge\/goa-ind\/schedule\/\">Beach Pro Tour Challenge de Goa<\/a> (\u00cdndia) \u2013 9.\u00ba lugar\u00a0<strong><br \/>\n<a href=\"https:\/\/pt.volleyballworld.com\/beachvolleyball\/competitions\/beach-volleyball-world-championships-tlaxcala-2023\/\">FIVB Beach Volleyball World Championships<\/a>\u00a0\u2013 33.\u00ba lugar<br \/>\n<\/strong><a href=\"https:\/\/en.volleyballworld.com\/beachvolleyball\/competitions\/beach-pro-tour\/2023\/elite16\/paris-fra\/schedule\/\">Beach Pro Tour Elite 16 Paris<\/a> (Fran\u00e7a) \u2013 21.\u00ba lugar<strong><br \/>\n<\/strong><a href=\"https:\/\/heraklion23.gr\/\">III Jogos do Mediterr\u00e2neo de Praia<\/a> (Gr\u00e9cia) \u2013 3.\u00ba lugar<br \/>\n<strong><a href=\"https:\/\/fpvoleibol.pt\/cnvpc2023\/\">Campeonato Nacional \u2013 Final em Portim\u00e3o<\/a>\u00a0\u2013 1.\u00ba lugar<br \/>\n<\/strong><strong><a href=\"https:\/\/en.volleyballworld.com\/beachvolleyball\/competitions\/beach-pro-tour\/2023\/challenge\/edmonton-can\/schedule\/\">Beach Pro Tour Challenge de Edmonton<\/a><\/strong> (Canad\u00e1) <strong>\u2013 1.\u00ba lugar<\/strong><strong><br \/>\n<\/strong><a href=\"https:\/\/fpvoleibol.pt\/fpv\/features\/beach-pro-tour-2023\/\">\u00a0Beach Pro Tour Challenge de Espinho<\/a>\u00a0\u2013 9.\u00ba lugar<br \/>\n<a href=\"https:\/\/en.volleyballworld.com\/beachvolleyball\/competitions\/beach-pro-tour\/2023\/challenge\/jurmala-lat\/standings\/men\/\">Beach Pro Tour Challenge Jurmala (Let\u00f3nia)<\/a>\u00a0\u2013 19.\u00ba lugar<br \/>\nTa\u00e7a das Na\u00e7\u00f5es \u2013 Pool G (Hungria) \u2013 3.\u00ba lugar<br \/>\nBeach Pro Tour Elite 16 de Uberl\u00e2ndia (Brasil) \u2013 21.\u00ba lugar<strong><br \/>\n<\/strong>Beach Pro Tour Challenge de Saquarema (Brasil) \u2013 17.\u00ba lugar<strong><br \/>\n<\/strong>Beach Pro Tour Challenge de Itapema (Brasil) \u2013 19.\u00ba lugar<br \/>\nBeach Pro Tour Challenge de La Paz \u2013 19.\u00ba lugar<br \/>\n<strong><span style=\"background-color: #000000; color: #ffffff;\">2022<\/span><br \/>\n<\/strong>Beach Pro Tour Challenge de Torquay \u2013 4.\u00ba lugar<br \/>\nBeach Pro Tour Challenge do Dubai \u2013 9.\u00ba lugar<br \/>\nBeach Pro Tour Challenge do Dubai \u2013 9.\u00ba lugar<br \/>\n<strong>Mundiais Universit\u00e1rios de Voleibol de Praia, em Macei\u00f3\/Brasil \u2013 1.\u00ba lugar<\/strong><br \/>\nBeach Pro Tour Future de Cortega\u00e7a\/Portugal \u2013 2.\u00ba lugar<br \/>\nCampeonato Nacional \u2013 Lidl, em Cortega\u00e7a \u2013 1.\u00ba lugar<br \/>\nBeach Pro Tour Challenge de Agadir\/Marrocos \u2013 33.\u00ba lugar\u00a0<strong><br \/>\n<\/strong>Beach Pro Tour Espinho Challenge\/Portugal \u2013 19.\u00ba lugar<br \/>\nBeach Pro Tour Giardini Naxos Future\/It\u00e1lia \u2013 9.\u00ba lugar<br \/>\nBeach Pro Tour Madrid Future\/Espanha \u2013 17.\u00ba lugar<br \/>\nBeach Pro Tour Doha Challenge\/Catar \u2013 25.\u00ba lugar<br \/>\nBeach Pro Tour Itapema Challenge\/Brasil \u2013 33.\u00ba lugar<br \/>\nBeach Pro Tour Tlaxcala Challenge\/M\u00e9xico \u2013 33.\u00ba lugar<br \/>\n<strong><span style=\"background-color: #000000; color: #ffffff;\">2021<\/span><br \/>\n<\/strong>World Tour 2* (Praga\/Rep. Checa) \u2013 21.\u00ba lugar<br \/>\nWorld Tour 1* (Cortega\u00e7a\/Portugal) \u2013 2.\u00ba lugar<strong><br \/>\n<\/strong>World Tour 1* (S\u00f3fia 2\/Bulg\u00e1ria) \u2013 2.\u00ba lugar<br \/>\nWorld Tour 1* (S\u00f3fia 1\/Bulg\u00e1ria) \u2013 3.\u00ba lugar<br \/>\nEuropeu Sub-22 (Baden\/\u00c1ustria) \u2013 9.\u00ba lugar<br \/>\nWorld Tour 4* (Ostrava\/Rep. Checa) \u2013 41.\u00ba lugar<br \/>\n<span style=\"background-color: #000000; color: #ffffff;\"><strong>2020<\/strong><\/span><br \/>\nEuropeu Sub-22 (Izmir\/Turquia) \u2013 17.\u00ba lugar<br \/>\nWorld Tour 1* (Montpellier\/Fran\u00e7a) \u2013 9.\u00ba lugar<br \/>\n<span style=\"background-color: #000000; color: #ffffff;\"><strong>2019<\/strong><\/span><br \/>\nJogos do Mediterr\u00e2neo \u2013 5.\u00ba lugar<br \/>\nWorld Tour 1* (Knokke-Heist\/B\u00e9lgica) \u2013 21.\u00ba lugar<br \/>\nWorld Tour 4* (Espinho\/Portugal) \u2013 25.\u00ba lugar<br \/>\nEuropeu Sub-20 (Gotemburgo\/Su\u00e9cia) \u2013 17.\u00ba lugar<br \/>\n<span style=\"background-color: #000000; color: #ffffff;\"><strong>2018<\/strong><\/span><br \/>\nTorneio WEVZA (Quarteira\/Portugal) \u2013 4.\u00ba lugar<br \/>\nEuropeu Sub-20 (Anapa\/R\u00fassia) \u2013 25.\u00ba lugar<br \/>\nEuropeu Sub-18 (Kazan\/R\u00fassia) \u2013 17.\u00ba lugar<br \/>\n<span style=\"background-color: #000000; color: #ffffff;\"><strong>2017<\/strong><\/span><br \/>\nCEV Youth Continental Cup \u2013 3.\u00ba lugar<\/p>\n<p style=\"text-align: center;\"><span style=\"background-color: #000000; color: #ffffff;\"><strong>\u00c1rbitros portugueses em ac\u00e7\u00e3o<br \/>\nno Voleibol de Praia<\/strong><\/span><\/p>\n<p><strong>Sandra Deveza<\/strong><br \/>\nBeach Pro Tour Challenge Alanya, na Turquia, de 10 a 14 de junho.<br \/>\nCampeonato da Europa, na Pol\u00f3nia, de 12 a 16 de agosto.<\/p>\n<p><strong>Rui Carvalho<\/strong><br \/>\nBeach Pro Tour BPT Elite Bras\u00edlia, no Brasil, de 28 de abril a 3 de maio.<br \/>\nBeach Pro Tour Elite Gstaad, na Su\u00ed\u00e7a, de 1 a 5 de julho.<br \/>\nFinal da Ta\u00e7a das Na\u00e7\u00f5es &#8211; masculinos, de 16 a 19 de julho em Budapeste (Hungria).<br \/>\nBeach Pro Tour BPT Elite Rio de Janeiro, no Brasil, de 29 de julho a 2 de agosto.<\/p>\n","protected":false},"excerpt":{"rendered":"<p>As duplas de elite do Voleibol de Praia internacional voltam a eleger o Centro de Alto Rendimento de Voleibol de Praia (CARVP) da Federa\u00e7\u00e3o Portuguesa de Voleibol, em Cortega\u00e7a, como [&hellip;]<\/p>\n","protected":false},"author":2,"featured_media":41677,"comment_status":"open","ping_status":"open","sticky":false,"template":"","format":"standard","meta":{"_monsterinsights_skip_tracking":false,"_monsterinsights_sitenote_active":false,"_monsterinsights_sitenote_note":"","_monsterinsights_sitenote_category":0,"footnotes":""},"categories":[13,9],"tags":[74,86],"class_list":{"0":"post-46861","1":"post","2":"type-post","3":"status-publish","4":"format-standard","5":"has-post-thumbnail","7":"category-arbitragem","8":"category-voleibol-de-praia","9":"tag-beach-pro-tour","10":"tag-taca-das-nacoes-v-praia","11":"czr-hentry"},"aioseo_notices":[],"_links":{"self":[{"href":"https:\/\/fpvoleibol.pt\/fpv\/wp-json\/wp\/v2\/posts\/46861","targetHints":{"allow":["GET"]}}],"collection":[{"href":"https:\/\/fpvoleibol.pt\/fpv\/wp-json\/wp\/v2\/posts"}],"about":[{"href":"https:\/\/fpvoleibol.pt\/fpv\/wp-json\/wp\/v2\/types\/post"}],"author":[{"embeddable":true,"href":"https:\/\/fpvoleibol.pt\/fpv\/wp-json\/wp\/v2\/users\/2"}],"replies":[{"embeddable":true,"href":"https:\/\/fpvoleibol.pt\/fpv\/wp-json\/wp\/v2\/comments?post=46861"}],"version-history":[{"count":2,"href":"https:\/\/fpvoleibol.pt\/fpv\/wp-json\/wp\/v2\/posts\/46861\/revisions"}],"predecessor-version":[{"id":46906,"href":"https:\/\/fpvoleibol.pt\/fpv\/wp-json\/wp\/v2\/posts\/46861\/revisions\/46906"}],"wp:featuredmedia":[{"embeddable":true,"href":"https:\/\/fpvoleibol.pt\/fpv\/wp-json\/wp\/v2\/media\/41677"}],"wp:attachment":[{"href":"https:\/\/fpvoleibol.pt\/fpv\/wp-json\/wp\/v2\/media?parent=46861"}],"wp:term":[{"taxonomy":"category","embeddable":true,"href":"https:\/\/fpvoleibol.pt\/fpv\/wp-json\/wp\/v2\/categories?post=46861"},{"taxonomy":"post_tag","embeddable":true,"href":"https:\/\/fpvoleibol.pt\/fpv\/wp-json\/wp\/v2\/tags?post=46861"}],"curies":[{"name":"wp","href":"https:\/\/api.w.org\/{rel}","templated":true}]}}