{"id":46841,"date":"2026-04-24T09:08:05","date_gmt":"2026-04-24T09:08:05","guid":{"rendered":"https:\/\/fpvoleibol.pt\/fpv\/?p=46841"},"modified":"2026-04-24T09:08:05","modified_gmt":"2026-04-24T09:08:05","slug":"dar-asas-a-autonomia","status":"publish","type":"post","link":"https:\/\/fpvoleibol.pt\/fpv\/2026\/04\/24\/dar-asas-a-autonomia\/","title":{"rendered":"DAR ASAS \u00c0 AUTONOMIA"},"content":{"rendered":"<p style=\"text-align: center;\"><span style=\"text-decoration: underline;\"><span style=\"font-size: 12px;\"><strong><a href=\"https:\/\/projetoasas.pt\/\"><img loading=\"lazy\" decoding=\"async\" class=\" wp-image-46843 aligncenter\" src=\"https:\/\/fpvoleibol.pt\/fpv\/wp-content\/uploads\/2026\/04\/mobilidade_ASAS_d.jpg\" alt=\"\" width=\"684\" height=\"632\" srcset=\"https:\/\/fpvoleibol.pt\/fpv\/wp-content\/uploads\/2026\/04\/mobilidade_ASAS_d.jpg 960w, https:\/\/fpvoleibol.pt\/fpv\/wp-content\/uploads\/2026\/04\/mobilidade_ASAS_d-300x277.jpg 300w, https:\/\/fpvoleibol.pt\/fpv\/wp-content\/uploads\/2026\/04\/mobilidade_ASAS_d-768x710.jpg 768w, https:\/\/fpvoleibol.pt\/fpv\/wp-content\/uploads\/2026\/04\/mobilidade_ASAS_d-270x250.jpg 270w\" sizes=\"auto, (max-width: 684px) 100vw, 684px\" \/><\/a>Estudo nacional sobre mobilidade infantil<\/strong><\/span><\/span><\/p>\n<p><span style=\"font-size: 14px;\"><strong>O projeto ASAS quer saber como os jovens portugueses se deslocam entre a casa e a escola. Se \u00e9 encarregado de educa\u00e7\u00e3o, a sua resposta pode ajudar a desenhar o futuro da mobilidade ativa em Portugal.<\/strong><\/span><\/p>\n<p>Como \u00e9 que os nossos filhos chegam \u00e0 escola ou ao treino? V\u00e3o a p\u00e9, de bicicleta ou o carro continua a ser o meio de transporte predominante? Para responder a estas e outras quest\u00f5es, a <strong>Faculdade de Motricidade Humana (FMH)<\/strong>, em parceria com a <strong>Federa\u00e7\u00e3o Portuguesa de Futebol (FPF)<\/strong>, est\u00e1 a desenvolver o <a href=\"https:\/\/projetoasas.pt\/\"><strong>Projeto ASAS<\/strong><\/a>.<\/p>\n<p>O grande objetivo deste estudo \u00e9 compreender os padr\u00f5es de desloca\u00e7\u00e3o e o n\u00edvel de autonomia das crian\u00e7as e jovens em Portugal, com idades compreendidas entre os <strong>5 e os 17 anos<\/strong>.<\/p>\n<p><strong>Porqu\u00ea participar?<\/strong><\/p>\n<p>A mobilidade ativa \u2013 como andar a p\u00e9 ou de bicicleta \u2013 n\u00e3o \u00e9 apenas uma quest\u00e3o de transporte; \u00e9 um pilar fundamental para a sa\u00fade f\u00edsica, o desenvolvimento da independ\u00eancia e a sustentabilidade ambiental. Ao participar, estar\u00e1 a fornecer dados preciosos para que especialistas possam identificar os fatores que influenciam (ou impedem) as crian\u00e7as de se deslocarem de forma mais livre e saud\u00e1vel.<\/p>\n<p>O contributo dos pais e encarregados de educa\u00e7\u00e3o \u00e9 essencial. O preenchimento do question\u00e1rio \u00e9:<\/p>\n<ul>\n<li><strong>R\u00e1pido:<\/strong> Demora apenas cerca de 5 minutos.<\/li>\n<li><strong>Seguro:<\/strong> A participa\u00e7\u00e3o \u00e9 totalmente an\u00f3nima.<\/li>\n<li><strong>Direto:<\/strong> Pode responder atrav\u00e9s de qualquer dispositivo com acesso \u00e0 internet.<\/li>\n<\/ul>\n<p><strong>Responda aqui ao question\u00e1rio:<\/strong> <a href=\"https:\/\/questionarios.fmh.ulisboa.pt\/index.php\/271944?lang=pt\">Link de Acesso Direto<\/a><\/p>\n<p><strong><span style=\"text-decoration: underline;\">Passe a palavra!<\/span>\u00a0<\/strong>A ci\u00eancia faz-se com n\u00fameros e vozes. Al\u00e9m de preencher o question\u00e1rio, a equipa do projeto ASAS solicita a partilha desta iniciativa junto de outros encarregados de educa\u00e7\u00e3o, grupos de pais ou comunidades escolares. Quanto mais abrangente for a amostra, melhor conheceremos a realidade nacional.<\/p>\n<p>Para saber mais sobre os objetivos e a equipa por tr\u00e1s desta iniciativa, visite o site oficial em <a href=\"https:\/\/projetoasas.pt\/\">projetoasas.pt<\/a>.<\/p>\n<p style=\"text-align: center;\"><span style=\"text-decoration: underline;\"><strong>D\u00ea &#8220;asas&#8221; \u00e0 autonomia dos mais novos. Participe!<\/strong><\/span><\/p>\n","protected":false},"excerpt":{"rendered":"<p>Estudo nacional sobre mobilidade infantil O projeto ASAS quer saber como os jovens portugueses se deslocam entre a casa e a escola. Se \u00e9 encarregado de educa\u00e7\u00e3o, a sua resposta [&hellip;]<\/p>\n","protected":false},"author":2,"featured_media":46842,"comment_status":"open","ping_status":"open","sticky":false,"template":"","format":"standard","meta":{"_monsterinsights_skip_tracking":false,"_monsterinsights_sitenote_active":false,"_monsterinsights_sitenote_note":"","_monsterinsights_sitenote_category":0,"footnotes":""},"categories":[15,14],"tags":[200],"class_list":{"0":"post-46841","1":"post","2":"type-post","3":"status-publish","4":"format-standard","5":"has-post-thumbnail","7":"category-diversos","8":"category-institucional","9":"tag-inquerito","10":"czr-hentry"},"aioseo_notices":[],"_links":{"self":[{"href":"https:\/\/fpvoleibol.pt\/fpv\/wp-json\/wp\/v2\/posts\/46841","targetHints":{"allow":["GET"]}}],"collection":[{"href":"https:\/\/fpvoleibol.pt\/fpv\/wp-json\/wp\/v2\/posts"}],"about":[{"href":"https:\/\/fpvoleibol.pt\/fpv\/wp-json\/wp\/v2\/types\/post"}],"author":[{"embeddable":true,"href":"https:\/\/fpvoleibol.pt\/fpv\/wp-json\/wp\/v2\/users\/2"}],"replies":[{"embeddable":true,"href":"https:\/\/fpvoleibol.pt\/fpv\/wp-json\/wp\/v2\/comments?post=46841"}],"version-history":[{"count":2,"href":"https:\/\/fpvoleibol.pt\/fpv\/wp-json\/wp\/v2\/posts\/46841\/revisions"}],"predecessor-version":[{"id":46845,"href":"https:\/\/fpvoleibol.pt\/fpv\/wp-json\/wp\/v2\/posts\/46841\/revisions\/46845"}],"wp:featuredmedia":[{"embeddable":true,"href":"https:\/\/fpvoleibol.pt\/fpv\/wp-json\/wp\/v2\/media\/46842"}],"wp:attachment":[{"href":"https:\/\/fpvoleibol.pt\/fpv\/wp-json\/wp\/v2\/media?parent=46841"}],"wp:term":[{"taxonomy":"category","embeddable":true,"href":"https:\/\/fpvoleibol.pt\/fpv\/wp-json\/wp\/v2\/categories?post=46841"},{"taxonomy":"post_tag","embeddable":true,"href":"https:\/\/fpvoleibol.pt\/fpv\/wp-json\/wp\/v2\/tags?post=46841"}],"curies":[{"name":"wp","href":"https:\/\/api.w.org\/{rel}","templated":true}]}}