{"id":46827,"date":"2026-04-24T15:12:35","date_gmt":"2026-04-24T15:12:35","guid":{"rendered":"https:\/\/fpvoleibol.pt\/fpv\/?p=46827"},"modified":"2026-04-24T16:48:20","modified_gmt":"2026-04-24T16:48:20","slug":"liga-solverde-pt-69","status":"publish","type":"post","link":"https:\/\/fpvoleibol.pt\/fpv\/2026\/04\/24\/liga-solverde-pt-69\/","title":{"rendered":"LIGA SOLVERDE.pt"},"content":{"rendered":"<p><img loading=\"lazy\" decoding=\"async\" class=\"size-full wp-image-28511 aligncenter\" src=\"https:\/\/fpvoleibol.pt\/fpv\/wp-content\/uploads\/2023\/10\/website_ligasolverde2_d.jpg\" alt=\"\" width=\"960\" height=\"542\" srcset=\"https:\/\/fpvoleibol.pt\/fpv\/wp-content\/uploads\/2023\/10\/website_ligasolverde2_d.jpg 960w, https:\/\/fpvoleibol.pt\/fpv\/wp-content\/uploads\/2023\/10\/website_ligasolverde2_d-300x169.jpg 300w, https:\/\/fpvoleibol.pt\/fpv\/wp-content\/uploads\/2023\/10\/website_ligasolverde2_d-768x434.jpg 768w, https:\/\/fpvoleibol.pt\/fpv\/wp-content\/uploads\/2023\/10\/website_ligasolverde2_d-528x297.jpg 528w\" sizes=\"auto, (max-width: 960px) 100vw, 960px\" \/>Os <a href=\"https:\/\/fpvoleibol.pt\/fpv\/wp-content\/uploads\/2026\/03\/Reg_esc_senioresIDiv_2025_2026.pdf\">play-offs* da 3.\u00aa Fase (Meias-finais) da Liga Solverde.pt<\/a>:<\/p>\n<p style=\"text-align: center;\"><span style=\"background-color: #000000; color: #ffffff;\"><strong>Final \u2013 Apuramento Campe\u00e3o Nacional<br \/>\n<\/strong><\/span><strong>Play-Off #9 (Venc.#5 \/ Venc.#6)<\/strong><strong>\u00a0<\/strong><\/p>\n<p>Jogo n.\u00ba 4345: FC Porto x SC Braga \u2013 26.abril.2026 (<strong>20:30<\/strong>*), no Drag\u00e3o Arena.<br \/>\nJogo n.\u00ba 4346: SC Braga x FC Porto \u2013 03.maio.2026 (<strong>15:00*<\/strong>), na AMCO Arena.<br \/>\nJogo n.\u00ba 4347: FC Porto x SC Braga \u2013 07.maio.2026 (<strong>20:00<\/strong>*), no Drag\u00e3o Arena.<\/p>\n<p><span style=\"text-decoration: underline;\"><strong>Se necess\u00e1rio<\/strong><\/span><br \/>\nJogo n.\u00ba 4348: SC Braga x FC Porto \u2013 10.maio.2026 (<strong>15:00*<\/strong>), na AMCO Arena.<br \/>\nJogo n.\u00ba 4349: FC Porto x SC Braga \u2013 14.maio.2026 (<strong>20:00<\/strong>), no Drag\u00e3o Arena.<\/p>\n<p style=\"text-align: center;\"><span style=\"background-color: #000000; color: #ffffff;\">Apuramento de 3.\u00ba \/ 4.\u00ba Classificados<\/span><br \/>\n<strong>Play-Off #10 (Der. #5 \/ Der. #6)<\/strong><\/p>\n<p>Jogo n.\u00ba 4342: Sporting CP x SL Benfica \u2013 26.abril.2026 (<strong>15:00<\/strong>*), no Pav. Jo\u00e3o Rocha.<br \/>\nJogo n.\u00ba 4343: SL Benfica x Sporting CP \u2013 03.maio.2026 (<strong>18:30<\/strong>*), no Pav. N.\u00ba 2 do Est\u00e1dio da Luz.<\/p>\n<p><span style=\"text-decoration: underline;\"><strong>Se necess\u00e1rio<br \/>\n<\/strong><\/span>Jogo n.\u00ba 4344: Sporting CP x SL Benfica \u2013 07.maio.2026 (<strong>20:00<\/strong>*), no Pav. Jo\u00e3o Rocha.<\/p>\n<p style=\"text-align: center;\"><span style=\"background-color: #000000; color: #ffffff;\"><strong>Apuramento de 5.\u00ba \/ 6.\u00ba Classificados<br \/>\n<\/strong><\/span><strong>Play-Off #11 (Venc.#7 \/ Venc.#8)<\/strong><strong>\u00a0<\/strong><\/p>\n<table style=\"border-collapse: collapse; width: 100%; height: 132px;\">\n<tbody>\n<tr style=\"height: 24px;\">\n<td style=\"width: 12.7589%; text-align: center; height: 24px;\">n.\u00ba 4350<\/td>\n<td style=\"width: 30.1375%; text-align: center; height: 24px;\">Leix\u00f5es SC x PV\/C. Efanor<\/td>\n<td style=\"width: 22.6792%; text-align: center; height: 24px;\">26.abr.2026<\/td>\n<td style=\"width: 13.1934%; text-align: center; height: 24px;\">16:00<\/td>\n<td style=\"width: 21.231%; text-align: center; height: 24px;\">CDC Matosinhos<\/td>\n<\/tr>\n<tr style=\"height: 24px;\">\n<td style=\"width: 12.7589%; text-align: center; height: 24px;\">n.\u00ba 4351<\/td>\n<td style=\"width: 30.1375%; text-align: center; height: 24px;\">Vit\u00f3ria SC x Leix\u00f5es SC<\/td>\n<td style=\"width: 22.6792%; text-align: center; height: 24px;\">3.maio.2026<\/td>\n<td style=\"width: 13.1934%; text-align: center; height: 24px;\">16:00<\/td>\n<td style=\"width: 21.231%; text-align: center; height: 24px;\">Pav. Col\u00e9gio Efanor<\/td>\n<\/tr>\n<tr style=\"height: 60px;\">\n<td style=\"width: 12.7589%; text-align: center; height: 60px;\" colspan=\"5\">Se necess\u00e1rio<\/td>\n<\/tr>\n<tr style=\"height: 24px;\">\n<td style=\"width: 12.7589%; text-align: center; height: 24px;\">n.\u00ba 4352<\/td>\n<td style=\"width: 30.1375%; text-align: center; height: 24px;\">Leix\u00f5es SC x PV\/C. Efanor<\/td>\n<td style=\"width: 22.6792%; text-align: center; height: 24px;\">7.maio.2026<\/td>\n<td style=\"width: 13.1934%; text-align: center; height: 24px;\">20:30<\/td>\n<td style=\"width: 21.231%; text-align: center; height: 24px;\">CDC Matosinhos<\/td>\n<\/tr>\n<\/tbody>\n<\/table>\n<p style=\"text-align: center;\"><span style=\"background-color: #000000; color: #ffffff;\"><strong>Apuramento de 7.\u00ba \/ 8.\u00ba Classificados<br \/>\n<\/strong><\/span><strong>Play-Off #12 (Der.#7 \/ Der.#8)<\/strong><strong>\u00a0<\/strong><\/p>\n<table style=\"border-collapse: collapse; width: 100%; height: 131px;\">\n<tbody>\n<tr style=\"height: 24px;\">\n<td style=\"width: 12.7589%; text-align: center; height: 24px;\">n.\u00ba 4353<\/td>\n<td style=\"width: 30.1375%; text-align: center; height: 24px;\">Vit\u00f3ria SC x Clube K<\/td>\n<td style=\"width: 22.6792%; text-align: center; height: 24px;\">26.abr.2026<\/td>\n<td style=\"width: 13.1934%; text-align: center; height: 24px;\">16:00<\/td>\n<td style=\"width: 21.231%; text-align: center; height: 24px;\">Pav. Desp. Un. Vimaranense<\/td>\n<\/tr>\n<tr style=\"height: 24px;\">\n<td style=\"width: 12.7589%; text-align: center; height: 24px;\">n.\u00ba 4354<\/td>\n<td style=\"width: 30.1375%; text-align: center; height: 24px;\">Clube K x Vit\u00f3ria SC<\/td>\n<td style=\"width: 22.6792%; text-align: center; height: 24px;\">02.maio.2026<\/td>\n<td style=\"width: 13.1934%; text-align: center; height: 24px;\">17:00<\/td>\n<td style=\"width: 21.231%; text-align: center; height: 24px;\">CD Laranjeiras<\/td>\n<\/tr>\n<tr style=\"height: 59px;\">\n<td style=\"width: 12.7589%; text-align: center; height: 59px;\" colspan=\"5\">Se necess\u00e1rio<\/td>\n<\/tr>\n<tr style=\"height: 24px;\">\n<td style=\"width: 12.7589%; text-align: center; height: 24px;\">n.\u00ba 4355<\/td>\n<td style=\"width: 30.1375%; text-align: center; height: 24px;\">Clube K x Vit\u00f3ria SC<\/td>\n<td style=\"width: 22.6792%; text-align: center; height: 24px;\">3.maio.2026<\/td>\n<td style=\"width: 13.1934%; text-align: center; height: 24px;\">16:00<\/td>\n<td style=\"width: 21.231%; text-align: center; height: 24px;\">CD Laranjeiras<\/td>\n<\/tr>\n<\/tbody>\n<\/table>\n<p style=\"text-align: center;\"><span style=\"background-color: #000000; color: #ffffff;\"><strong>S\u00e9rie A2<\/strong><\/span><\/p>\n<p><span style=\"background-color: #000000; color: #ffffff;\"><strong>6.\u00aa Jornada<\/strong><\/span><br \/>\n<span style=\"text-decoration: underline;\"><strong>26.04.2026<\/strong><\/span><br \/>\n<strong>16h00<\/strong> \u2013 Esmoriz GC x Cast\u00ealo da Maia GC, no Pav. Esmoriz GC.<br \/>\n<strong>16h00<\/strong> \u2013 CD Fi\u00e3es x AA S. Mamede, no Pav. Municipal de Fi\u00e3es.<\/p>\n<p style=\"text-align: center;\"><span style=\"background-color: #000000; color: #ffffff;\">Play-Off de Manuten\u00e7\u00e3o<\/span><br \/>\n<span style=\"background-color: #000000; color: #ffffff;\">Subida \u00e0 I Divis\u00e3o de Seniores Femininos<\/span><\/p>\n<p>Jogo n.\u00ba 4645: CF \u00abOs Belenenses\u00bb x CD Fi\u00e3es \u2013 3.05.2026 (16h00), no Pav. Ac\u00e1cio Rosa.<br \/>\nJogo n.\u00ba 4346: CD Fi\u00e3es x CF \u00abOs Belenenses\u00bb \u2013 9.05.2026 (16h00), no Pav. Municipal de Fi\u00e3es.<br \/>\n<span style=\"text-decoration: underline;\">Se necess\u00e1rio<\/span><br \/>\nJogo n.\u00ba 4647: CD Fi\u00e3es x CF \u00abOs Belenenses\u00bb \u2013 10.05.2026 (16h00), no Pav. Municipal de Fi\u00e3es.<\/p>\n<p style=\"text-align: center;\"><span style=\"background-color: #000000; color: #ffffff;\">TODAS AS INFORMA\u00c7\u00d5ES<\/span><\/p>\n<p style=\"text-align: center;\"><strong>Resultados<\/strong>,<strong>\u00a0Live Streaming\u00a0<\/strong>e<strong>\u00a0Estat\u00edstica<\/strong> em <a href=\"https:\/\/fpv-web.dataproject.com\/CompetitionHome.aspx?ID=127\">https:\/\/fpv-web.dataproject.com\/CompetitionHome.aspx?ID=127<\/a><br \/>\n<strong>**Calend\u00e1rio\u00a0<\/strong>e<strong>\u00a0Classifica\u00e7\u00e3o<\/strong>\u00a0em\u00a0<a href=\"https:\/\/www.portugalvoleibol.com\/classificacao\/\">https:\/\/www.portugalvoleibol.com\/classificacao\/<\/a><br \/>\n<strong>\u00c1rbitros nomeados<\/strong>\u00a0(actualizado \u00e0 quinta-feira) em\u00a0<a href=\"https:\/\/fpvoleibol.pt\/fpv\/arbitragem\/nomeacoes\/\">https:\/\/fpvoleibol.pt\/fpv\/arbitragem\/nomeacoes\/<\/a><br \/>\n<strong>Regulamento de Seniores<\/strong>\u00a0<a href=\"https:\/\/www.fpvoleibol.pt\/regulamentos\/reg_esc_seniores_.pdf\">AQUI<\/a><br \/>\n<span style=\"font-size: 8pt;\"><strong>*Hor\u00e1rios poder\u00e3o sofrer altera\u00e7\u00f5es<\/strong><\/span><\/p>\n","protected":false},"excerpt":{"rendered":"<p>Os play-offs* da 3.\u00aa Fase (Meias-finais) da Liga Solverde.pt: Final \u2013 Apuramento Campe\u00e3o Nacional Play-Off #9 (Venc.#5 \/ Venc.#6)\u00a0 Jogo n.\u00ba 4345: FC Porto x SC Braga \u2013 26.abril.2026 (20:30*), [&hellip;]<\/p>\n","protected":false},"author":2,"featured_media":28213,"comment_status":"open","ping_status":"open","sticky":false,"template":"","format":"standard","meta":{"_monsterinsights_skip_tracking":false,"_monsterinsights_sitenote_active":false,"_monsterinsights_sitenote_note":"","_monsterinsights_sitenote_category":0,"footnotes":""},"categories":[13,8,31],"tags":[176,113],"class_list":{"0":"post-46827","1":"post","2":"type-post","3":"status-publish","4":"format-standard","5":"has-post-thumbnail","7":"category-arbitragem","8":"category-voleibol","9":"category-voleitv","10":"tag-epoca-2025-2026","11":"tag-liga-solverde-pt","12":"czr-hentry"},"aioseo_notices":[],"_links":{"self":[{"href":"https:\/\/fpvoleibol.pt\/fpv\/wp-json\/wp\/v2\/posts\/46827","targetHints":{"allow":["GET"]}}],"collection":[{"href":"https:\/\/fpvoleibol.pt\/fpv\/wp-json\/wp\/v2\/posts"}],"about":[{"href":"https:\/\/fpvoleibol.pt\/fpv\/wp-json\/wp\/v2\/types\/post"}],"author":[{"embeddable":true,"href":"https:\/\/fpvoleibol.pt\/fpv\/wp-json\/wp\/v2\/users\/2"}],"replies":[{"embeddable":true,"href":"https:\/\/fpvoleibol.pt\/fpv\/wp-json\/wp\/v2\/comments?post=46827"}],"version-history":[{"count":10,"href":"https:\/\/fpvoleibol.pt\/fpv\/wp-json\/wp\/v2\/posts\/46827\/revisions"}],"predecessor-version":[{"id":46859,"href":"https:\/\/fpvoleibol.pt\/fpv\/wp-json\/wp\/v2\/posts\/46827\/revisions\/46859"}],"wp:featuredmedia":[{"embeddable":true,"href":"https:\/\/fpvoleibol.pt\/fpv\/wp-json\/wp\/v2\/media\/28213"}],"wp:attachment":[{"href":"https:\/\/fpvoleibol.pt\/fpv\/wp-json\/wp\/v2\/media?parent=46827"}],"wp:term":[{"taxonomy":"category","embeddable":true,"href":"https:\/\/fpvoleibol.pt\/fpv\/wp-json\/wp\/v2\/categories?post=46827"},{"taxonomy":"post_tag","embeddable":true,"href":"https:\/\/fpvoleibol.pt\/fpv\/wp-json\/wp\/v2\/tags?post=46827"}],"curies":[{"name":"wp","href":"https:\/\/api.w.org\/{rel}","templated":true}]}}