{"id":46814,"date":"2026-04-23T09:25:20","date_gmt":"2026-04-23T09:25:20","guid":{"rendered":"https:\/\/fpvoleibol.pt\/fpv\/?p=46814"},"modified":"2026-04-23T09:25:20","modified_gmt":"2026-04-23T09:25:20","slug":"portuguesa-arbitra-jogos-decisivos","status":"publish","type":"post","link":"https:\/\/fpvoleibol.pt\/fpv\/2026\/04\/23\/portuguesa-arbitra-jogos-decisivos\/","title":{"rendered":"PORTUGUESA ARBITRA JOGOS DECISIVOS"},"content":{"rendered":"<p style=\"text-align: center;\"><span style=\"font-size: 12px;\"><strong><img loading=\"lazy\" decoding=\"async\" class=\"size-full wp-image-46819 aligncenter\" src=\"https:\/\/fpvoleibol.pt\/fpv\/wp-content\/uploads\/2026\/04\/PiacenzaxLuneburg_d1.jpg\" alt=\"\" width=\"960\" height=\"570\" srcset=\"https:\/\/fpvoleibol.pt\/fpv\/wp-content\/uploads\/2026\/04\/PiacenzaxLuneburg_d1.jpg 960w, https:\/\/fpvoleibol.pt\/fpv\/wp-content\/uploads\/2026\/04\/PiacenzaxLuneburg_d1-300x178.jpg 300w, https:\/\/fpvoleibol.pt\/fpv\/wp-content\/uploads\/2026\/04\/PiacenzaxLuneburg_d1-768x456.jpg 768w\" sizes=\"auto, (max-width: 960px) 100vw, 960px\" \/><span style=\"text-decoration: underline;\">Raquel Portela esteve no jogo decisivo da Ta\u00e7a CEV e arbitra hoje no Drag\u00e3o Arena<\/span><\/strong><\/span><\/p>\n<p>A arbitragem portuguesa vive um momento de particular destaque no panorama internacional, com <strong>Raquel Portela<\/strong> a assumir-se como uma das figuras centrais da modalidade. A \u00e1rbitra da Associa\u00e7\u00e3o de Voleibol do Porto integrou, ontem \u00e0 noite, a equipa de arbitragem, como segundo \u00e1rbitro, na final da Ta\u00e7a CEV masculina, onde os italianos do Gas Sales Bluenergy Piacenza se sagraram campe\u00f5es europeus ao vencerem os alem\u00e3es do SVG L\u00fcneburg por 3-0.<\/p>\n<p>Num jogo dominado pela forma\u00e7\u00e3o italiana, com parciais de 25-20, 25-17 e 25-21, o Piacenza confirmou o favoritismo que j\u00e1 trazia da primeira m\u00e3o na Alemanha. Alessandro Bovolenta, com 12 pontos, e Robertlandy Simon, eleito MVP com uma efic\u00e1cia ofensiva de 82 por cento, foram os grandes obreiros de um t\u00edtulo que coroa uma caminhada de supera\u00e7\u00e3o, ap\u00f3s um in\u00edcio dif\u00edcil na prova que obrigou a equipa a ultrapassar um Golden Set logo nos oitavos de final.<\/p>\n<p><em>Sem perder tempo<\/em>, Raquel Portela regressou a Portugal para dirigir hoje um dos jogos mais importantes da \u00e9poca a n\u00edvel nacional. Pelas 20h30, a <em>ju\u00edza<\/em> lusa estar\u00e1 no Drag\u00e3o Arena para apitar o quinto e decisivo encontro das meias-finais da Liga Solverde.pt entre as equipas femininas do FC Porto e do SL Benfica. Com a eliminat\u00f3ria empatada em duas vit\u00f3rias para cada lado, este duelo determinar\u00e1 quem segue para a final do campeonato para defrontar o SC Braga.<\/p>\n<p><img loading=\"lazy\" decoding=\"async\" class=\" wp-image-46820 alignleft\" src=\"https:\/\/fpvoleibol.pt\/fpv\/wp-content\/uploads\/2026\/04\/PiacenzaxLuneburg_f1.jpg\" alt=\"\" width=\"375\" height=\"223\" srcset=\"https:\/\/fpvoleibol.pt\/fpv\/wp-content\/uploads\/2026\/04\/PiacenzaxLuneburg_f1.jpg 640w, https:\/\/fpvoleibol.pt\/fpv\/wp-content\/uploads\/2026\/04\/PiacenzaxLuneburg_f1-300x178.jpg 300w\" sizes=\"auto, (max-width: 375px) 100vw, 375px\" \/>Em declara\u00e7\u00f5es sobre este momento da carreira, <strong>Raquel Portela<\/strong> sublinhou que \u201c<em>esta \u00e9poca tem sido incr\u00edvel<\/em>\u201d, destacando a import\u00e2ncia da sua integra\u00e7\u00e3o \u201c<em>no grupo de mentoria da Liga dos Campe\u00f5es<\/em>\u201d e a \u201c<em>felicidade por terminar a temporada europeia com esta final\u201d<\/em>.<\/p>\n<p>A \u00e1rbitra da AV Porto referiu que a sua carreira \u201c<em>est\u00e1 em crescendo<\/em>\u201d e que estas nomea\u00e7\u00f5es \u201c<em>s\u00e3o o reconhecimento do seu valor e do trabalho desenvolvido pela Federa\u00e7\u00e3o Portuguesa de Voleibol e pelo Conselho de Arbitragem<\/em>\u201d.<\/p>\n<p>Relativamente ao cl\u00e1ssico desta noite, a ju\u00edza espera \u201c<em>um excelente jogo<\/em>\u201d, desejando que \u201c<em>os \u00e1rbitros passem despercebidos e que ven\u00e7a a melhor equipa<\/em>\u201d.<\/p>\n<p>O prest\u00edgio de Raquel Portela estende-se ainda \u00e0 Liga das Na\u00e7\u00f5es, competi\u00e7\u00e3o para a qual foi nomeada juntamente com Ricardo Ferreira, tamb\u00e9m da AV Porto. A \u00e1rbitra descreve como \u201c<em>um sonho tornado realidade<\/em>\u201d a presen\u00e7a na Pool feminina de Hong Kong, na China, entre 8 e 12 de julho.<\/p>\n<p>Estas escolhas refor\u00e7am a compet\u00eancia da arbitragem nacional, colocando Portugal no epicentro das competi\u00e7\u00f5es mais prestigiadas do calend\u00e1rio mundial do voleibol.<\/p>\n<p style=\"text-align: center;\"><strong>Supervisores e \u00e1rbitros portugueses em ac\u00e7\u00e3o<br \/>\nnas competi\u00e7\u00f5es internacionais<\/strong><\/p>\n<p><strong>Leonel Salgueiro<\/strong><br \/>\nPresidente do J\u00fari do Campeonato da Europa 2026 &#8211; Seniores Masculinos, de 15 de Setembro a 15 de Outubro.<\/p>\n<p><strong>Avelino Azevedo<\/strong><br \/>\nPresidente do J\u00fari de Arbitragem da fase final do Campeonato da Europa de Sub-18 Masculinos, de 7 a 17 de julho de 2026, em San Giorgio e San Benedetto del Tronto, em It\u00e1lia.<\/p>\n<p><strong>Nuno Teixeira<\/strong><br \/>\nFase Final do Campeonato da Europa de Sub-18 Femininos, de 1 a 12 de julho de 2026, na Let\u00f3nia e na Litu\u00e2nia.<\/p>\n<p><strong>Ricardo Ferreira<br \/>\n<\/strong>Liga das Na\u00e7\u00f5es \u2013 Pool masculina de Gliwice, na Pol\u00f3nia, na semana 2, que decorrer\u00e1 entre os dias 24 e 28 de junho.<\/p>\n<p><strong>Raquel Portela<\/strong><br \/>\nLiga das Na\u00e7\u00f5es \u2013 Pool feminina de Hong Kong, na China, na semana 3, que decorrer\u00e1 entre os dias 8 e 12 de julho.<\/p>\n<p><strong>Jos\u00e9 Caramez<br \/>\n<\/strong>Campeonato da Europa de Sub-22 Masculinos, em Albufeira, de 29 de junho a 4 de julho.<\/p>\n<p style=\"text-align: center;\"><strong>Voleibol de Praia<\/strong><\/p>\n<p><strong>Sandra Deveza<\/strong><br \/>\nBeach Pro Tour Challenge Alanya, na Turquia, de 10 a 14 de junho.<br \/>\nCampeonato da Europa, na Pol\u00f3nia, de 12 a 16 de agosto.<\/p>\n<p><strong>Rui Carvalho<\/strong><br \/>\nBeach Pro Tour BPT Elite Bras\u00edlia, no Brasil, de 28 de abril a 3 de maio.<br \/>\nBeach Pro Tour Elite Gstaad, na Su\u00ed\u00e7a, de 1 a 5 de julho.<br \/>\nBeach Pro Tour BPT Elite Rio de Janeiro, no Brasil, de 29 de julho a 2 de agosto.<\/p>\n<p style=\"text-align: center;\">Mais informa\u00e7\u00f5es em\u00a0<a href=\"http:\/\/www.cev.eu\/\">CEV<\/a><\/p>\n","protected":false},"excerpt":{"rendered":"<p>Raquel Portela esteve no jogo decisivo da Ta\u00e7a CEV e arbitra hoje no Drag\u00e3o Arena A arbitragem portuguesa vive um momento de particular destaque no panorama internacional, com Raquel Portela [&hellip;]<\/p>\n","protected":false},"author":2,"featured_media":46820,"comment_status":"open","ping_status":"open","sticky":false,"template":"","format":"standard","meta":{"_monsterinsights_skip_tracking":false,"_monsterinsights_sitenote_active":false,"_monsterinsights_sitenote_note":"","_monsterinsights_sitenote_category":0,"footnotes":""},"categories":[13,8,9],"tags":[176,53],"class_list":{"0":"post-46814","1":"post","2":"type-post","3":"status-publish","4":"format-standard","5":"has-post-thumbnail","7":"category-arbitragem","8":"category-voleibol","9":"category-voleibol-de-praia","10":"tag-epoca-2025-2026","11":"tag-taca-cev","12":"czr-hentry"},"aioseo_notices":[],"_links":{"self":[{"href":"https:\/\/fpvoleibol.pt\/fpv\/wp-json\/wp\/v2\/posts\/46814","targetHints":{"allow":["GET"]}}],"collection":[{"href":"https:\/\/fpvoleibol.pt\/fpv\/wp-json\/wp\/v2\/posts"}],"about":[{"href":"https:\/\/fpvoleibol.pt\/fpv\/wp-json\/wp\/v2\/types\/post"}],"author":[{"embeddable":true,"href":"https:\/\/fpvoleibol.pt\/fpv\/wp-json\/wp\/v2\/users\/2"}],"replies":[{"embeddable":true,"href":"https:\/\/fpvoleibol.pt\/fpv\/wp-json\/wp\/v2\/comments?post=46814"}],"version-history":[{"count":3,"href":"https:\/\/fpvoleibol.pt\/fpv\/wp-json\/wp\/v2\/posts\/46814\/revisions"}],"predecessor-version":[{"id":46822,"href":"https:\/\/fpvoleibol.pt\/fpv\/wp-json\/wp\/v2\/posts\/46814\/revisions\/46822"}],"wp:featuredmedia":[{"embeddable":true,"href":"https:\/\/fpvoleibol.pt\/fpv\/wp-json\/wp\/v2\/media\/46820"}],"wp:attachment":[{"href":"https:\/\/fpvoleibol.pt\/fpv\/wp-json\/wp\/v2\/media?parent=46814"}],"wp:term":[{"taxonomy":"category","embeddable":true,"href":"https:\/\/fpvoleibol.pt\/fpv\/wp-json\/wp\/v2\/categories?post=46814"},{"taxonomy":"post_tag","embeddable":true,"href":"https:\/\/fpvoleibol.pt\/fpv\/wp-json\/wp\/v2\/tags?post=46814"}],"curies":[{"name":"wp","href":"https:\/\/api.w.org\/{rel}","templated":true}]}}