{"id":46526,"date":"2026-04-07T00:01:20","date_gmt":"2026-04-07T00:01:20","guid":{"rendered":"https:\/\/fpvoleibol.pt\/fpv\/?p=46526"},"modified":"2026-04-08T09:10:19","modified_gmt":"2026-04-08T09:10:19","slug":"fpvoleibol-de-parabens-2","status":"publish","type":"post","link":"https:\/\/fpvoleibol.pt\/fpv\/2026\/04\/07\/fpvoleibol-de-parabens-2\/","title":{"rendered":"FPVOLEIBOL DE PARAB\u00c9NS!"},"content":{"rendered":"<p><img loading=\"lazy\" decoding=\"async\" class=\"size-full wp-image-46530 aligncenter\" src=\"https:\/\/fpvoleibol.pt\/fpv\/wp-content\/uploads\/2026\/04\/aniv_fpv_79d.jpg\" alt=\"\" width=\"960\" height=\"696\" srcset=\"https:\/\/fpvoleibol.pt\/fpv\/wp-content\/uploads\/2026\/04\/aniv_fpv_79d.jpg 960w, https:\/\/fpvoleibol.pt\/fpv\/wp-content\/uploads\/2026\/04\/aniv_fpv_79d-300x218.jpg 300w, https:\/\/fpvoleibol.pt\/fpv\/wp-content\/uploads\/2026\/04\/aniv_fpv_79d-768x557.jpg 768w\" sizes=\"auto, (max-width: 960px) 100vw, 960px\" \/>No momento em que comemora 79 anos, a <strong>Federa\u00e7\u00e3o Portuguesa de Voleibol<\/strong> agradece a &#8220;<em>todos aqueles que, como n\u00f3s, amam o Voleibol e sempre foram ac\u00e9rrimos defensores dos valores que a modalidade defende, quer no dom\u00ednio desportivo quer no \u00e2mbito social<\/em>&#8220;.<\/p>\n<p style=\"text-align: center;\">(&#8230;)<\/p>\n<p class=\"descricaonoticia\" align=\"justify\">Assim reza, na hist\u00f3ria do Voleibol portugu\u00eas, a cria\u00e7\u00e3o da Federa\u00e7\u00e3o Portuguesa de Voleibol (FPV), cuja legaliza\u00e7\u00e3o foi publicada no Di\u00e1rio do Governo de 02\/06\/1947:<\/p>\n<p class=\"descricaonoticia\" align=\"justify\">&#8220;<em>Aos 7 dias de Abril de 1947 reuniram-se, pelas 17h30 na sede da Associa\u00e7\u00e3o de Voleibol de Lisboa, sita na Rua Jardim do Regedor, n\u00b0 5 &#8211; 4\u00b0 andar, os delegados das associa\u00e7\u00f5es de Voleibol de Coimbra, Funchal, Lisboa e Porto, tendo resolvido o seguinte:<br \/>\n1.\u00b0 Aprovar os Estatutos da FPV<br \/>\n2.\u00b0 Aceitar o oferecimento da Associa\u00e7\u00e3o de Voleibol de Lisboa, para que a sede da Federa\u00e7\u00e3o seja na da referida Associa\u00e7\u00e3o<br \/>\n3.\u00b0 Propor \u00e0 Direc\u00e7\u00e3o Geral dos Desportos a nomea\u00e7\u00e3o da seguinte Comiss\u00e3o Diretora da FPV at\u00e9 ao fim da presente \u00e9poca:<br \/>\nPresidente: Guilherme Castro Sousa Martins Secret\u00e1rio: Manuel Gagliardini Gra\u00e7a;<br \/>\nTesoureiro: Jo\u00e3o Encarna\u00e7\u00e3o Drumond Ferreira; 1.\u00b0 Vogal: Manuel Macedo Franco; 2.\u00b0 Vogal: Manuel Camacho L\u00facio<\/em>&#8220;.<\/p>\n<p class=\"descricaonoticia\" style=\"text-align: center;\" align=\"justify\"><span style=\"text-decoration: underline;\">Uma semana ap\u00f3s o seu nascimento, a FPV tornava-se, em Paris, um dos 14 fundadores da Federa\u00e7\u00e3o Internacional do Voleibol (FIVB).<\/span><\/p>\n<p class=\"descricaonoticia\" align=\"justify\">Prestes a cumprir <strong>oito d\u00e9cadas ao servi\u00e7o do Voleibol<\/strong>, e condecorada com a <strong>Medalha de Bons Servi\u00e7os Desportivos<\/strong> e a <a href=\"https:\/\/fpvoleibol.pt\/fpv\/2023\/03\/12\/fpv-agraciada-com-medalha-de-honra-e-merito-desportivo\/\"><strong>Medalha de Honra ao M\u00e9rito Desportivo<\/strong><\/a>, a Federa\u00e7\u00e3o Portuguesa de Voleibol mant\u00e9m a vitalidade e o esp\u00edrito de pioneiro pr\u00f3prios da juventude que lhe permitem criar projetos desportivos e sociais t\u00e3o importantes quanto populares, como o Gira-Volei (Gira+), o Gira-Praia ou, mais recentemente, o ParaVolei (inVolei e Voleibol Sentado).<br \/>\nA Federa\u00e7\u00e3o Portuguesa de Voleibol (FPV) foi, em 2025, uma vez mais, agraciada com o Pr\u00e9mio Cart\u00e3o Branco \u2013 Entidades pelo Instituto Portugu\u00eas do Desporto e Juventude (IPDJ), no \u00e2mbito do Plano Nacional de \u00c9tica no Desporto. A distin\u00e7\u00e3o reconheceu as organiza\u00e7\u00f5es que mais se destacaram na promo\u00e7\u00e3o do Cart\u00e3o Branco e dos valores \u00e9ticos no desporto durante a \u00e9poca 2024\/2025.<br \/>\nEste foi um reconhecimento repetido para a FPV, que j\u00e1 havia sido premiada na categoria de Entidades na \u00e9poca 2022\/2023, cimentando o seu compromisso cont\u00ednuo com o fair-play e as boas pr\u00e1ticas.<\/p>\n<p class=\"descricaonoticia\" align=\"justify\">A n\u00edvel internacional, a FPV \u00e9 considerada, pelas entidades m\u00e1ximas da modalidade, como uma das mais prestigiadas federa\u00e7\u00f5es de Voleibol e uma das mais prestigiantes institui\u00e7\u00f5es do desporto portugu\u00eas.<\/p>\n<p align=\"justify\"><img loading=\"lazy\" decoding=\"async\" class=\"size-full wp-image-3272 aligncenter\" src=\"https:\/\/fpvoleibol.pt\/fpv\/wp-content\/uploads\/2021\/02\/voleibol_anivers_d.jpg\" alt=\"\" width=\"960\" height=\"540\" srcset=\"https:\/\/fpvoleibol.pt\/fpv\/wp-content\/uploads\/2021\/02\/voleibol_anivers_d.jpg 960w, https:\/\/fpvoleibol.pt\/fpv\/wp-content\/uploads\/2021\/02\/voleibol_anivers_d-300x169.jpg 300w, https:\/\/fpvoleibol.pt\/fpv\/wp-content\/uploads\/2021\/02\/voleibol_anivers_d-768x432.jpg 768w, https:\/\/fpvoleibol.pt\/fpv\/wp-content\/uploads\/2021\/02\/voleibol_anivers_d-528x297.jpg 528w\" sizes=\"auto, (max-width: 960px) 100vw, 960px\" \/><\/p>\n<p>Voleibol comemora em 2026 o seu 131.\u00ba anivers\u00e1rio.<br \/>\nCriado pelo norte-americano William George Morgan em 9 de Fevereiro de 1895, o Voleibol foi introduzido em Portugal pelas tropas norte-americanas que estiveram estacionadas nas ilhas dos A\u00e7ores durante a I Grande Guerra Mundial. [Ver <a href=\"https:\/\/fpvoleibol.pt\/fpv\/menu-voleibol\/historia-em-portugal\/\">Hist\u00f3ria do Voleibol<\/a>]<\/p>\n<p>O primeiro Congresso Mundial da Federa\u00e7\u00e3o Internacional de Voleibol (FIVB) realizou-se em Paris no dia 18 de Abril de 1947 e nele participaram 14 pa\u00edses: B\u00e9lgica, Brasil, Checoslov\u00e1quia, Fran\u00e7a, Holanda, Israel, It\u00e1lia, L\u00edbano, Pol\u00f3nia, Portugal, Rom\u00e9nia, Turquia, Uruguai e Estados Unidos da Am\u00e9rica.<br \/>\nO franc\u00eas Paul Libaud foi eleito o primeiro Presidente.<\/p>\n<p>O facto de a modalidade ter crescido exponencialmente ao longo dos anos ficou bem patente no 29.\u00ba Congresso Mundial organizado em Portugal e que acolheu Timor-Leste na grande fam\u00edlia do Voleibol. Volvidos 57 anos da realiza\u00e7\u00e3o do primeiro congresso, estiveram presentes no Porto representantes das ent\u00e3o 218 federa\u00e7\u00f5es filiadas na FIVB.<\/p>\n<p>No ano em que se comemora o 131.\u00ba anivers\u00e1rio do Voleibol, a FIVB tem filiadas 5 Confedera\u00e7\u00f5es Continentais, que, no total, compreendem 222 federa\u00e7\u00f5es nacionais: \u00c1frica, \u00c1sia, Europa, NORCECA e Am\u00e9rica do Sul.<\/p>\n<p style=\"text-align: center;\"><img loading=\"lazy\" decoding=\"async\" class=\" wp-image-46527 aligncenter\" src=\"https:\/\/fpvoleibol.pt\/fpv\/wp-content\/uploads\/2026\/04\/fpv_79anos_NL.jpg\" alt=\"\" width=\"199\" height=\"299\" srcset=\"https:\/\/fpvoleibol.pt\/fpv\/wp-content\/uploads\/2026\/04\/fpv_79anos_NL.jpg 640w, https:\/\/fpvoleibol.pt\/fpv\/wp-content\/uploads\/2026\/04\/fpv_79anos_NL-200x300.jpg 200w\" sizes=\"auto, (max-width: 199px) 100vw, 199px\" \/><span style=\"font-size: 10px;\"><strong>Imagem: NLemos<\/strong><\/span><br \/>\nInforma\u00e7\u00f5es adicionais:\u00a0<a href=\"https:\/\/fpvoleibol.pt\/fpv\/\">www.fpvoleibol.pt<\/a>\u00a0\/\u00a0<a href=\"http:\/\/www.fivb.com\/\">www.fivb.com<\/a>\u00a0\/<a href=\"http:\/\/www.cev.eu\/\">\u00a0www.cev.eu<\/a>\u00a0\/\u00a0<a href=\"http:\/\/www.facebook.com\/fpvoleibol\">www.facebook.com\/fpvoleibol<\/a><\/p>\n","protected":false},"excerpt":{"rendered":"<p>No momento em que comemora 79 anos, a Federa\u00e7\u00e3o Portuguesa de Voleibol agradece a &#8220;todos aqueles que, como n\u00f3s, amam o Voleibol e sempre foram ac\u00e9rrimos defensores dos valores que [&hellip;]<\/p>\n","protected":false},"author":2,"featured_media":46531,"comment_status":"open","ping_status":"open","sticky":false,"template":"","format":"standard","meta":{"_monsterinsights_skip_tracking":false,"_monsterinsights_sitenote_active":false,"_monsterinsights_sitenote_note":"","_monsterinsights_sitenote_category":0,"footnotes":""},"categories":[15,14],"tags":[],"class_list":{"0":"post-46526","1":"post","2":"type-post","3":"status-publish","4":"format-standard","5":"has-post-thumbnail","7":"category-diversos","8":"category-institucional","9":"czr-hentry"},"aioseo_notices":[],"_links":{"self":[{"href":"https:\/\/fpvoleibol.pt\/fpv\/wp-json\/wp\/v2\/posts\/46526","targetHints":{"allow":["GET"]}}],"collection":[{"href":"https:\/\/fpvoleibol.pt\/fpv\/wp-json\/wp\/v2\/posts"}],"about":[{"href":"https:\/\/fpvoleibol.pt\/fpv\/wp-json\/wp\/v2\/types\/post"}],"author":[{"embeddable":true,"href":"https:\/\/fpvoleibol.pt\/fpv\/wp-json\/wp\/v2\/users\/2"}],"replies":[{"embeddable":true,"href":"https:\/\/fpvoleibol.pt\/fpv\/wp-json\/wp\/v2\/comments?post=46526"}],"version-history":[{"count":3,"href":"https:\/\/fpvoleibol.pt\/fpv\/wp-json\/wp\/v2\/posts\/46526\/revisions"}],"predecessor-version":[{"id":46532,"href":"https:\/\/fpvoleibol.pt\/fpv\/wp-json\/wp\/v2\/posts\/46526\/revisions\/46532"}],"wp:featuredmedia":[{"embeddable":true,"href":"https:\/\/fpvoleibol.pt\/fpv\/wp-json\/wp\/v2\/media\/46531"}],"wp:attachment":[{"href":"https:\/\/fpvoleibol.pt\/fpv\/wp-json\/wp\/v2\/media?parent=46526"}],"wp:term":[{"taxonomy":"category","embeddable":true,"href":"https:\/\/fpvoleibol.pt\/fpv\/wp-json\/wp\/v2\/categories?post=46526"},{"taxonomy":"post_tag","embeddable":true,"href":"https:\/\/fpvoleibol.pt\/fpv\/wp-json\/wp\/v2\/tags?post=46526"}],"curies":[{"name":"wp","href":"https:\/\/api.w.org\/{rel}","templated":true}]}}