{"id":46459,"date":"2026-04-03T14:32:00","date_gmt":"2026-04-03T14:32:00","guid":{"rendered":"https:\/\/fpvoleibol.pt\/fpv\/?p=46459"},"modified":"2026-04-06T16:20:05","modified_gmt":"2026-04-06T16:20:05","slug":"gira-volei-em-canas-de-senhorim","status":"publish","type":"post","link":"https:\/\/fpvoleibol.pt\/fpv\/2026\/04\/03\/gira-volei-em-canas-de-senhorim\/","title":{"rendered":"GIRA-VOLEI EM CANAS DE SENHORIM"},"content":{"rendered":"<p><img loading=\"lazy\" decoding=\"async\" class=\"size-full wp-image-46466 aligncenter\" src=\"https:\/\/fpvoleibol.pt\/fpv\/wp-content\/uploads\/2026\/04\/GV_Canas_Senhorim_003_d.jpg\" alt=\"\" width=\"960\" height=\"720\" srcset=\"https:\/\/fpvoleibol.pt\/fpv\/wp-content\/uploads\/2026\/04\/GV_Canas_Senhorim_003_d.jpg 960w, https:\/\/fpvoleibol.pt\/fpv\/wp-content\/uploads\/2026\/04\/GV_Canas_Senhorim_003_d-300x225.jpg 300w, https:\/\/fpvoleibol.pt\/fpv\/wp-content\/uploads\/2026\/04\/GV_Canas_Senhorim_003_d-768x576.jpg 768w\" sizes=\"auto, (max-width: 960px) 100vw, 960px\" \/>A <a href=\"https:\/\/www.avviseu.pt\/\">Associa\u00e7\u00e3o de Voleibol de Viseu<\/a> organizou, no dia 26 de mar\u00e7o, o torneio de Gira-Volei 2026, que teve por palco o Agrupamento de Escolas de Canas de Senhorim, no concelho de Nelas, distrito de Viseu.<\/p>\n<p>Este ano 54 duplas, dos v\u00e1rios escal\u00f5es, a festa do Voleibol registou algumas jogadas fant\u00e1sticas, num ambiente onde a amizade e o respeito pelos advers\u00e1rios esteve sempre presente, como \u00e9 apan\u00e1gio das iniciativas ligadas \u00e0 modalidade.<\/p>\n<p>Este torneio teve ainda outro aliciante, pois apurou as duplas que ir\u00e3o participar no Encontro Regional de Gira-Volei a organizar pela Associa\u00e7\u00e3o de Voleibol de Viseu em\u00a0Vila Nova de Paiva.<\/p>\n<p><u><strong>Encontros Regionais<\/strong><\/u><\/p>\n<p>29.04.2026 \u2013 Torres Novas (AV Santar\u00e9m).<br \/>\n2.05.2026 \u2013 T\u00e1bua no Est\u00e1dio Municipal da Vila (AV Coimbra).<br \/>\n6.05.2026 \u2013 Guimar\u00e3es (AV Braga).<br \/>\n6.05.2026 \u2013 Castro Verde, no Est\u00e1dio Municipal 25 de Abril (AV Alentejo e Algarve).<br \/>\n7.05.2026 \u2013 Bel\u00e9m, nos Jardins de Bel\u00e9m (AV Lisboa).<br \/>\n9.05.2026 \u2013 Mogadouro (AV Tr\u00e1s-os-Montes).<br \/>\n9.05.2026 \u2013 Vila Nova de Paiva\u00a0 (AV Viseu).<br \/>\n12.05.2026 \u2013 Viana do Castelo (AV Viana do Castelo).<br \/>\n13.05.2026 \u2013 Loul\u00e9, no Campo Jo\u00e3o Adelino Gon\u00e7alves (AV Alentejo e Algarve).<br \/>\n14.05.2026 \u2013 Guarda, no Parque Urbano do Rio Diz (AV Guarda).<br \/>\n15.05.2026 \u2013 Marinha Grande (AV Leiria).<br \/>\n23.05.2026 \u2013 Parque da Cidade do Porto (AV Porto).<\/p>\n","protected":false},"excerpt":{"rendered":"<p>A Associa\u00e7\u00e3o de Voleibol de Viseu organizou, no dia 26 de mar\u00e7o, o torneio de Gira-Volei 2026, que teve por palco o Agrupamento de Escolas de Canas de Senhorim, no [&hellip;]<\/p>\n","protected":false},"author":2,"featured_media":46465,"comment_status":"open","ping_status":"open","sticky":false,"template":"","format":"standard","meta":{"_monsterinsights_skip_tracking":false,"_monsterinsights_sitenote_active":false,"_monsterinsights_sitenote_note":"","_monsterinsights_sitenote_category":0,"footnotes":""},"categories":[16],"tags":[],"class_list":{"0":"post-46459","1":"post","2":"type-post","3":"status-publish","4":"format-standard","5":"has-post-thumbnail","7":"category-gira-praia","8":"czr-hentry"},"aioseo_notices":[],"_links":{"self":[{"href":"https:\/\/fpvoleibol.pt\/fpv\/wp-json\/wp\/v2\/posts\/46459","targetHints":{"allow":["GET"]}}],"collection":[{"href":"https:\/\/fpvoleibol.pt\/fpv\/wp-json\/wp\/v2\/posts"}],"about":[{"href":"https:\/\/fpvoleibol.pt\/fpv\/wp-json\/wp\/v2\/types\/post"}],"author":[{"embeddable":true,"href":"https:\/\/fpvoleibol.pt\/fpv\/wp-json\/wp\/v2\/users\/2"}],"replies":[{"embeddable":true,"href":"https:\/\/fpvoleibol.pt\/fpv\/wp-json\/wp\/v2\/comments?post=46459"}],"version-history":[{"count":3,"href":"https:\/\/fpvoleibol.pt\/fpv\/wp-json\/wp\/v2\/posts\/46459\/revisions"}],"predecessor-version":[{"id":46515,"href":"https:\/\/fpvoleibol.pt\/fpv\/wp-json\/wp\/v2\/posts\/46459\/revisions\/46515"}],"wp:featuredmedia":[{"embeddable":true,"href":"https:\/\/fpvoleibol.pt\/fpv\/wp-json\/wp\/v2\/media\/46465"}],"wp:attachment":[{"href":"https:\/\/fpvoleibol.pt\/fpv\/wp-json\/wp\/v2\/media?parent=46459"}],"wp:term":[{"taxonomy":"category","embeddable":true,"href":"https:\/\/fpvoleibol.pt\/fpv\/wp-json\/wp\/v2\/categories?post=46459"},{"taxonomy":"post_tag","embeddable":true,"href":"https:\/\/fpvoleibol.pt\/fpv\/wp-json\/wp\/v2\/tags?post=46459"}],"curies":[{"name":"wp","href":"https:\/\/api.w.org\/{rel}","templated":true}]}}