{"id":46097,"date":"2026-03-18T11:18:40","date_gmt":"2026-03-18T11:18:40","guid":{"rendered":"https:\/\/fpvoleibol.pt\/fpv\/?p=46097"},"modified":"2026-03-18T11:18:40","modified_gmt":"2026-03-18T11:18:40","slug":"involei-na-guarda","status":"publish","type":"post","link":"https:\/\/fpvoleibol.pt\/fpv\/2026\/03\/18\/involei-na-guarda\/","title":{"rendered":"inVOLEI NA GUARDA"},"content":{"rendered":"<p style=\"text-align: center;\"><span style=\"font-size: 12px;\"><strong><img loading=\"lazy\" decoding=\"async\" class=\" wp-image-46100 aligncenter\" src=\"https:\/\/fpvoleibol.pt\/fpv\/wp-content\/uploads\/2026\/03\/inVolei_cartaz_guarda_marco2026.jpg\" alt=\"\" width=\"750\" height=\"1106\" srcset=\"https:\/\/fpvoleibol.pt\/fpv\/wp-content\/uploads\/2026\/03\/inVolei_cartaz_guarda_marco2026.jpg 960w, https:\/\/fpvoleibol.pt\/fpv\/wp-content\/uploads\/2026\/03\/inVolei_cartaz_guarda_marco2026-203x300.jpg 203w, https:\/\/fpvoleibol.pt\/fpv\/wp-content\/uploads\/2026\/03\/inVolei_cartaz_guarda_marco2026-694x1024.jpg 694w, https:\/\/fpvoleibol.pt\/fpv\/wp-content\/uploads\/2026\/03\/inVolei_cartaz_guarda_marco2026-768x1133.jpg 768w\" sizes=\"auto, (max-width: 750px) 100vw, 750px\" \/>Desporto inclusivo est\u00e1 a conquistar o pa\u00eds<\/strong><\/span><\/p>\n<p>A cidade da Guarda prepara-se para acolher, no pr\u00f3ximo dia <strong>30 de mar\u00e7o<\/strong>, uma a\u00e7\u00e3o de forma\u00e7\u00e3o dedicada ao <strong>inVolei<\/strong>, um projeto inovador que est\u00e1 a transformar o panorama do desporto adaptado em Portugal. A iniciativa, organizada pela Federa\u00e7\u00e3o Portuguesa de Voleibol (FPV) em parceria com a APPACDM de Viana do Castelo e a Associa\u00e7\u00e3o de Voleibol da Guarda, ter\u00e1 lugar na <strong>Escola Carolina Beatriz \u00c2ngelo<\/strong>, entre as 14h00 e as 17h00.<\/p>\n<p>O inVolei surge como uma resposta inclusiva, desenhada para promover a pr\u00e1tica desportiva entre pessoas com defici\u00eancia ou incapacidade, independentemente da idade. Pela sua versatilidade, o projeto pode ser implementado em diversos contextos, desde clubes e associa\u00e7\u00f5es a escolas e munic\u00edpios, adaptando-se \u00e0s necessidades de cada praticante.<\/p>\n<p><strong>Forma\u00e7\u00e3o para a comunidade educativa e desportiva.\u00a0<\/strong>Esta sess\u00e3o na Guarda \u00e9 dirigida a um p\u00fablico abrangente, incluindo professores de todos os grupos de recrutamento, treinadores, t\u00e9cnicos e outros interessados em dinamizar a modalidade. \u00c9 importante notar que a a\u00e7\u00e3o est\u00e1 em processo de an\u00e1lise para acredita\u00e7\u00e3o como <strong>A\u00e7\u00e3o de Forma\u00e7\u00e3o de Curta Dura\u00e7\u00e3o (ACD)<\/strong> pelo CFAE Guarda Raia, o que refor\u00e7a o seu valor para a progress\u00e3o e atualiza\u00e7\u00e3o de docentes.<\/p>\n<p>As inscri\u00e7\u00f5es est\u00e3o abertas at\u00e9 ao dia <strong>26 de mar\u00e7o<\/strong> e devem ser formalizadas atrav\u00e9s do <a href=\"https:\/\/forms.office.com\/e\/0KEjdy8fWB\">formul\u00e1rio online oficial<\/a>.<\/p>\n<p style=\"text-align: center;\"><strong>Um projeto em crescimento exponencial<\/strong><\/p>\n<p>A escolha da Guarda para esta forma\u00e7\u00e3o n\u00e3o \u00e9 casual, surgindo numa altura em que o inVolei regista um crescimento impressionante. Em dezembro de 2025, Viana do Castelo foi o palco do hist\u00f3rico <strong>I Encontro Nacional de inVolei<\/strong>, que reuniu dezenas de participantes de v\u00e1rias delega\u00e7\u00f5es, como as da APPACDM de Viana do Castelo e da Trofa, provando que a flexibilidade das regras \u00e9 a chave para o sucesso e para a ades\u00e3o massiva de novos praticantes.<\/p>\n<p>Segundo <strong>Leonel Salgueiro<\/strong>, Diretor T\u00e9cnico Nacional da FPV, o inVolei veio preencher uma lacuna fundamental no desporto adaptado portugu\u00eas, que muitas vezes foca excessivamente no rendimento paral\u00edmpico, esquecendo aqueles que n\u00e3o se enquadram nessas categorias.<\/p>\n<p>&#8220;O primeiro objetivo \u00e9 massific\u00e1-lo, para dar oportunidade a todas as pessoas que s\u00e3o portadoras de defici\u00eancia intelectual. Os atletas de InVolei conseguem jogar, conseguem-se divertir e isso \u00e9 que \u00e9 o mais importante, pois o Voleibol n\u00e3o \u00e9 s\u00f3 competi\u00e7\u00e3o&#8221;, afirma o respons\u00e1vel.<\/p>\n<p>Ap\u00f3s algumas dificuldades na implementa\u00e7\u00e3o do Voleibol Sentado devido \u00e0 escassez de praticantes, a Federa\u00e7\u00e3o aposta agora as fichas no inVolei como a solu\u00e7\u00e3o para levar o desporto a todos, garantindo que o prazer do jogo e a inclus\u00e3o social caminham de m\u00e3os dadas.<\/p>\n<p><img loading=\"lazy\" decoding=\"async\" class=\"size-full wp-image-44647 aligncenter\" src=\"https:\/\/fpvoleibol.pt\/fpv\/wp-content\/uploads\/2025\/12\/ENiV_d_2.jpg\" alt=\"\" width=\"960\" height=\"640\" srcset=\"https:\/\/fpvoleibol.pt\/fpv\/wp-content\/uploads\/2025\/12\/ENiV_d_2.jpg 960w, https:\/\/fpvoleibol.pt\/fpv\/wp-content\/uploads\/2025\/12\/ENiV_d_2-300x200.jpg 300w, https:\/\/fpvoleibol.pt\/fpv\/wp-content\/uploads\/2025\/12\/ENiV_d_2-768x512.jpg 768w\" sizes=\"auto, (max-width: 960px) 100vw, 960px\" \/>Tendo como principal objectivo integrar social e desportivamente pessoas com defici\u00eancia ou com incapacidade, o inVolei promove a igualdade de oportunidades de participa\u00e7\u00e3o activa e de interven\u00e7\u00e3o de todos os cidad\u00e3os, possibilitando a ocupa\u00e7\u00e3o dos tempos livres atrav\u00e9s da pr\u00e1tica de uma modalidade colectiva que cultiva os valores c\u00edvicos, aumentando os n\u00edveis de integra\u00e7\u00e3o ps\u00edquica e social, bem como da qualidade de vida.<\/p>\n<p>Nesse sentido, urge integrar o inVolei como actividade regular e competitiva, possibilitando assim o surgimento de um novo enquadramento no movimento associativo e agilizando o processo de interac\u00e7\u00e3o entre as Institui\u00e7\u00f5es Particulares de Solidariedade Social (IPSS) e Organiza\u00e7\u00f5es N\u00e3o-Governamentais das Pessoas com Defici\u00eancia (ONGPD) e a Federa\u00e7\u00e3o Portuguesa de Voleibol (FPV).<\/p>\n<p>A Federa\u00e7\u00e3o Portuguesa de Voleibol ir\u00e1 desenvolver este projecto ao longo de 2026, iniciando a parte competitiva com a organiza\u00e7\u00e3o de encontros locais e regionais. Ver mais informa\u00e7\u00f5es <a href=\"https:\/\/paravolei.fpvoleibol.pt\/wp\/involei\/involei-inscricoes\/\">AQUI<\/a><\/p>\n<p><span style=\"background-color: #000000; color: #ffffff;\"><img loading=\"lazy\" decoding=\"async\" class=\" wp-image-37842 alignleft\" src=\"https:\/\/fpvoleibol.pt\/fpv\/wp-content\/uploads\/2025\/01\/INVOLEI_d2.jpg\" alt=\"\" width=\"183\" height=\"270\" srcset=\"https:\/\/fpvoleibol.pt\/fpv\/wp-content\/uploads\/2025\/01\/INVOLEI_d2.jpg 803w, https:\/\/fpvoleibol.pt\/fpv\/wp-content\/uploads\/2025\/01\/INVOLEI_d2-203x300.jpg 203w, https:\/\/fpvoleibol.pt\/fpv\/wp-content\/uploads\/2025\/01\/INVOLEI_d2-694x1024.jpg 694w, https:\/\/fpvoleibol.pt\/fpv\/wp-content\/uploads\/2025\/01\/INVOLEI_d2-768x1132.jpg 768w\" sizes=\"auto, (max-width: 183px) 100vw, 183px\" \/>Regulamento B\u00e1sico<\/span><\/p>\n<p>. Campeonato de inVolei \u2013 formado por equipas at\u00e9 6 elementos e com 4 jogadores em campo;<br \/>\n. Dimens\u00f5es do campo: 12m x 6m;<br \/>\n. Todos os atletas em campo t\u00eam de ser portadores de defici\u00eancia intelectual, devidamente comprovada por declara\u00e7\u00e3o m\u00e9dica.<br \/>\n. Os jogos ser\u00e3o disputados \u00e0 melhor de 3 ou 5 sets, dependendo do formato da competi\u00e7\u00e3o.<\/p>\n<p><span style=\"background-color: #000000; color: #ffffff;\">Quem se pode candidatar\/inscrever?<\/span><\/p>\n<p>\u2022 Autarquias;<br \/>\n\u2022 Escolas;<br \/>\n\u2022 Institui\u00e7\u00f5es Particulares de Solidariedade Social (IPSS); Organiza\u00e7\u00f5es N\u00e3o-Governamentais das Pessoas com Defici\u00eancia (ONGPD);<br \/>\n\u2022 Estruturas desportivas e culturais;<br \/>\n\u2022 Organiza\u00e7\u00f5es dotadas de estatuto jur\u00eddico.<\/p>\n<p><span style=\"background-color: #000000; color: #ffffff;\">Como se pode candidatar?<\/span><br \/>\nAtrav\u00e9s do preenchimento da ficha de candidatura e do seu posterior envio para a Federa\u00e7\u00e3o atrav\u00e9s do email <a href=\"mailto:paravolei@federacaoportuguesavoleibol.pt\">paravolei@federacaoportuguesavoleibol.pt<\/a><\/p>\n","protected":false},"excerpt":{"rendered":"<p>Desporto inclusivo est\u00e1 a conquistar o pa\u00eds A cidade da Guarda prepara-se para acolher, no pr\u00f3ximo dia 30 de mar\u00e7o, uma a\u00e7\u00e3o de forma\u00e7\u00e3o dedicada ao inVolei, um projeto inovador [&hellip;]<\/p>\n","protected":false},"author":2,"featured_media":46101,"comment_status":"open","ping_status":"open","sticky":false,"template":"","format":"standard","meta":{"_monsterinsights_skip_tracking":false,"_monsterinsights_sitenote_active":false,"_monsterinsights_sitenote_note":"","_monsterinsights_sitenote_category":0,"footnotes":""},"categories":[10],"tags":[155],"class_list":{"0":"post-46097","1":"post","2":"type-post","3":"status-publish","4":"format-standard","5":"has-post-thumbnail","7":"category-paravolei","8":"tag-involei","9":"czr-hentry"},"aioseo_notices":[],"_links":{"self":[{"href":"https:\/\/fpvoleibol.pt\/fpv\/wp-json\/wp\/v2\/posts\/46097","targetHints":{"allow":["GET"]}}],"collection":[{"href":"https:\/\/fpvoleibol.pt\/fpv\/wp-json\/wp\/v2\/posts"}],"about":[{"href":"https:\/\/fpvoleibol.pt\/fpv\/wp-json\/wp\/v2\/types\/post"}],"author":[{"embeddable":true,"href":"https:\/\/fpvoleibol.pt\/fpv\/wp-json\/wp\/v2\/users\/2"}],"replies":[{"embeddable":true,"href":"https:\/\/fpvoleibol.pt\/fpv\/wp-json\/wp\/v2\/comments?post=46097"}],"version-history":[{"count":4,"href":"https:\/\/fpvoleibol.pt\/fpv\/wp-json\/wp\/v2\/posts\/46097\/revisions"}],"predecessor-version":[{"id":46103,"href":"https:\/\/fpvoleibol.pt\/fpv\/wp-json\/wp\/v2\/posts\/46097\/revisions\/46103"}],"wp:featuredmedia":[{"embeddable":true,"href":"https:\/\/fpvoleibol.pt\/fpv\/wp-json\/wp\/v2\/media\/46101"}],"wp:attachment":[{"href":"https:\/\/fpvoleibol.pt\/fpv\/wp-json\/wp\/v2\/media?parent=46097"}],"wp:term":[{"taxonomy":"category","embeddable":true,"href":"https:\/\/fpvoleibol.pt\/fpv\/wp-json\/wp\/v2\/categories?post=46097"},{"taxonomy":"post_tag","embeddable":true,"href":"https:\/\/fpvoleibol.pt\/fpv\/wp-json\/wp\/v2\/tags?post=46097"}],"curies":[{"name":"wp","href":"https:\/\/api.w.org\/{rel}","templated":true}]}}