{"id":45860,"date":"2026-03-09T17:59:47","date_gmt":"2026-03-09T17:59:47","guid":{"rendered":"https:\/\/fpvoleibol.pt\/fpv\/?p=45860"},"modified":"2026-03-09T17:59:47","modified_gmt":"2026-03-09T17:59:47","slug":"portugueses-no-mundo-167","status":"publish","type":"post","link":"https:\/\/fpvoleibol.pt\/fpv\/2026\/03\/09\/portugueses-no-mundo-167\/","title":{"rendered":"PORTUGUESES NO MUNDO"},"content":{"rendered":"<p><img loading=\"lazy\" decoding=\"async\" class=\" wp-image-45898 aligncenter\" src=\"https:\/\/fpvoleibol.pt\/fpv\/wp-content\/uploads\/2026\/03\/Julia_Kavalenka_MVP02.jpg\" alt=\"\" width=\"610\" height=\"822\" srcset=\"https:\/\/fpvoleibol.pt\/fpv\/wp-content\/uploads\/2026\/03\/Julia_Kavalenka_MVP02.jpg 960w, https:\/\/fpvoleibol.pt\/fpv\/wp-content\/uploads\/2026\/03\/Julia_Kavalenka_MVP02-223x300.jpg 223w, https:\/\/fpvoleibol.pt\/fpv\/wp-content\/uploads\/2026\/03\/Julia_Kavalenka_MVP02-760x1024.jpg 760w, https:\/\/fpvoleibol.pt\/fpv\/wp-content\/uploads\/2026\/03\/Julia_Kavalenka_MVP02-768x1034.jpg 768w\" sizes=\"auto, (max-width: 610px) 100vw, 610px\" \/>Em It\u00e1lia, dupla vit\u00f3ria para o Valsabbina Millenium Brescia, de <strong>J\u00falia Kavalenka<\/strong>, que se mant\u00e9m na lideran\u00e7a isolada da <a href=\"https:\/\/www.legavolleyfemminile.it\/\"><em>Pool Promozione<\/em> \u00e0 A1<\/a>. Ganhou em casa <a href=\"https:\/\/www.legavolleyfemminile.it\/match-center\/747844\/\">3-2 (25-16, 25-12, 17-25, 22-25 e 15-12)<\/a> ao Itas Trentino, com a oposta portuguesa a contabilizar 23 pontos (22 ataques e 1 servi\u00e7o) e mais uma nomea\u00e7\u00e3o como MVP (<em>Most Valuable Player<\/em>) do jogo \u2013 <span style=\"font-size: 12px;\">Imagem: <a href=\"https:\/\/www.legavolleyfemminile.it\/match-center\/747838\/photogallery\/\">LeggaPallavolo<\/a><\/span> \u2013, e tamb\u00e9m na recep\u00e7\u00e3o ao Gruppo Formula 3 Messina, desta feita por <a href=\"https:\/\/www.legavolleyfemminile.it\/match-center\/747846\/statistiche\/\">3-0 (25-10, 25-23 e 25-22)<\/a>, com J\u00falia a rubricar 17 pontos (12 ataques, 4 servi\u00e7os e 1 bloco)<span style=\"font-size: 12px;\">.<br \/>\n<\/span>Na pr\u00f3xima jornada, agendada para o dia 15 de mar\u00e7o, o Brescia visita o SMI Roma Volley (5.\u00ba).<br \/>\nA Pool Promozione da Serie A2 Tigot\u00e0 \u00e9 a fase decisiva do campeonato italiano de voleibol feminino onde se define o acesso \u00e0 elite da S\u00e9rie A1. Participam as 10 equipas melhor classificadas da fase regular (as 5 primeiras de cada um dos dois grupos iniciais). Cada equipa defronta apenas os advers\u00e1rios que pertenciam ao outro grupo na fase anterior, em jogos de ida e volta e as equipas iniciam esta fase mantendo os pontos conquistados* durante a temporada regular frente aos outros clubes que tamb\u00e9m se qualificaram para a Pool Promozione. A equipa que terminar em 1.\u00ba lugar ao fim das 10 jornadas da Pool Promozione \u00e9 coroada campe\u00e3 da Serie A2 e garante a subida direta para a S\u00e9rie A1.<\/p>\n<p>O Lindemans Aalst, de <strong>Nuno Marques<\/strong>, saiu vitorioso (<a href=\"https:\/\/lottovolleyleague.be\/nl\/klassement-liga-heren\">3-1: 22-25, 25-20, 25-20 e 25-19<\/a>) da visita ao Thuismakers Brabo Antwerp VT e regressou \u00e0 lideran\u00e7a do Challenge Play Off, fase da <a href=\"https:\/\/lottovolleyleague.be\/nl\/\">Lotto Volley League<\/a> (Liga Belga). O zona 4 portugu\u00eas rubricou 17 pontos (12 ataques, 3 blocos e 2 servi\u00e7os).<br \/>\nNa pr\u00f3xima jornada, agendada para o dia 14 de mar\u00e7o, o Aalst recebe o Caruur Volley Gent, atualmente no 2.\u00ba lugar, visitando o Waremme Volley (4.\u00ba) no dia 18.<br \/>\nNas meias-finais da Challenge Cup, os belgas recebem, j\u00e1 no dia 11 de mar\u00e7o, os eslovacos do VK Slovan Bratislava, depois de terem trazido uma vit\u00f3ria (<a href=\"https:\/\/www-old.cev.eu\/Competition-Area\/MatchStatistics.aspx?ID=82197\">3-2<\/a>) do jogo da primeira m\u00e3o, disputado na Eslov\u00e1quia.<\/p>\n<p>Na Pol\u00f3nia, o Aluron CMC Warta Zawiercie, de <strong>Miguel Tavares Rodrigues<\/strong>, recebeu e venceu (<a href=\"https:\/\/www.plusliga.pl\/games\/action\/show\/id\/1104692.html#stats\">3-1: 25-19, 21-25, 25-8 e 25-17<\/a>) o Cuprum Stilon Gorz\u00f3w e mant\u00e9m-se na lideran\u00e7a isolada da <a href=\"https:\/\/www.plusliga.pl\/strona-glowna.html\">PlusLiga<\/a>. O distribuidor da Sele\u00e7\u00e3o Nacional rubricou 4 pontos (2 blocos, 1 servi\u00e7o e 1 ataque).<br \/>\nNo dia 13 de mar\u00e7o, o Warta Zawiercie visita o campe\u00e3o em t\u00edtulo, Bogdanka LUK Lublin, antiga equipa de Alexandre Ferreira e que ocupa atualmente o 3.\u00ba lugar na classifica\u00e7\u00e3o.<br \/>\nNa <a href=\"https:\/\/championsleague.cev.eu\/en\/men\/\">CEV Champions League<\/a>, os polacos come\u00e7am a defrontar no dia 25 de mar\u00e7o os italianos do Cucine Lube Civitanova. O jogo da primeira m\u00e3o, a disputar em It\u00e1lia, contar\u00e1 com a arbitragem do portugu\u00eas Ricardo Ferreira.<\/p>\n<p>Na Rom\u00e9nia, o SCM Zalau, de <strong>Filip Cveticanin<\/strong>, recebeu e derrotou (<a href=\"https:\/\/frv-web.dataproject.com\/MatchStatistics.aspx?mID=3622&amp;ID=65&amp;CID=142&amp;PID=68&amp;type=LegList\">3-0: 28-26, 25-23 e 25-18<\/a>) o CS Unirea Dej e subiu ao 3.\u00ba lugar da tabela classificativa da <a href=\"https:\/\/frv-web.dataproject.com\/CompetitionHome.aspx?ID=65\">Divizia A1<\/a>.\u00a0O central portugu\u00eas assinou 4 pontos (2 servi\u00e7os, 1 ataque e 1 bloco).<br \/>\nNa 21.\u00ba jornada da I Divis\u00e3o Romena, o Zalau visita no dia 14 de mar\u00e7o CSM Bucuresti (11.\u00ba).<\/p>\n<p>No Jap\u00e3o, o Tokyo Great Bears, de <strong>Alexandre Ferreira<\/strong>, visitou o VC Nagano Tridents, tendo vencido os dois jogos e conseguido manter o 5.\u00ba lugar na <a href=\"https:\/\/www.svleague.jp\/en\/sv_men\/match\/list\">SV.League<\/a>. O primeiro jogo ficou <a href=\"https:\/\/www.svleague.jp\/en\/form\/b\/33231\">3-0 (25-22, 25-20 e 25-20)<\/a> e o segundo <a href=\"https:\/\/www.svleague.jp\/en\/form\/b\/33232\">3-1 (25-27, 32-30, 25-23 e 25-21)<\/a>. O capit\u00e3o da Sele\u00e7\u00e3o Nacional foi poupado nesta jornada, tendo sido pouco utilizado.<br \/>\nNa pr\u00f3xima jornada, agendada para os dias 14 e 15 de mar\u00e7o, o Tokyo Great Bears visita o Wolfdogs Nagoya, 3.\u00ba classificado.<\/p>\n<p>Em Fran\u00e7a, o SAEMS Tourcoing Volley-Ball Lille M\u00e9tropole, de <strong>Bruno Dias<\/strong>, visitou o l\u00edder Tours VB, atual campe\u00e3o e que integra nas suas fileiras o t\u00e9cnico portugu\u00eas David Sousa, tendo sa\u00eddo derrotado pela margem m\u00ednima (<a href=\"https:\/\/www.lnv.fr\/pdf\/2025\/DataVolley\/Men\/MSL166-2026.pdf\">2-3: 17-25, 25-20, 25-21, 22-25 e 12-15<\/a>), mas mant\u00e9m-se na persegui\u00e7\u00e3o ao segundo lugar da <a href=\"https:\/\/www.lnv.fr\/accueil\">Marmara SpikeLeague<\/a>. O distribuidor portugu\u00eas contribuiu com 4 pontos no ataque (efic\u00e1cia de 100 por cento).<br \/>\nNa 25.\u00aa ronda, a disputar no dia 13 de mar\u00e7o, o Tourcoing recebe o Plessis Robinson (7.\u00ba).<br \/>\nPor seu turno, o Martigues VB, de <strong>Andr\u00e9 Pereira<\/strong>, venceu pela diferen\u00e7a m\u00ednima (<a href=\"https:\/\/www.lnv.fr\/pdf\/2025\/DataVolley\/Men\/LBM134-2026.pdf\">3-2: 26-24, 23-25, 32-24, 25-20 e 19-17<\/a>) na visita ao Saint-Quentin, mas ainda conseguiu refor\u00e7ar a lideran\u00e7a na <a href=\"https:\/\/www.lnv.fr\/competitions\/ligue-b-masculine\">Ligue B Masculine<\/a>. O zona 4 luso contabilizou 18 pontos (16 ataques e 2 servi\u00e7os).<br \/>\nNa pr\u00f3xima ronda, agendada para 14 de mar\u00e7o, o Martigues recebe o Grand Nancy (6.\u00ba).<\/p>\n<p>Na Alemanha, o Helios Grizzlys Giesen, de <strong>Miguel Sinfr\u00f3nio<\/strong>, clube que ocupa o 5.\u00ba lugar na <a href=\"https:\/\/www.volleyball-bundesliga.de\/cms\/home\/2_bundesliga_maenner.xhtml\">Bundesliga 1<\/a>, venceu por <a href=\"https:\/\/www.volleyball-bundesliga.de\/uploads\/21057965-f838-41f6-9735-eb2898df6400\">3-2 (25-20, 25-19, 16-25, 22-25 e 15-12)<\/a> na desloca\u00e7\u00e3o ao recinto do ASV Dachau. O central luso registou 5 pontos no ataque.<br \/>\nNo dia 15 de mar\u00e7o, o Giesen recebe o Baden Volleys SSC Karlsruhe (10.\u00ba) e tr\u00eas dias depois visita o VfB Friedrichshafen (3.\u00ba), antiga equipa do Selecionador Nacional Jo\u00e3o Jos\u00e9.<\/p>\n<p><span style=\"text-decoration: underline;\">Atletas \/ t\u00e9cnicos que actuam no estrangeiro e\/ou com<b> *inscri\u00e7\u00e3o em 2025\/2026<\/b>:<\/span><\/p>\n<p><strong><span style=\"text-decoration: underline;\">Processo conclu\u00eddo<\/span><\/strong><\/p>\n<p><a href=\"https:\/\/tokyo-greatbears.com\/\">Tokyo Great Bears (Jap\u00e3o)<\/a> \u2013 Alexandre Ferreira<br \/>\n<a href=\"https:\/\/www.aluroncmc.pl\/\" target=\"_blank\" rel=\"noopener noreferrer\">Aluron Warta Zawiercie (Pol\u00f3nia)<\/a> \u2013 Miguel Tavares Rodrigues<br \/>\n<a href=\"https:\/\/tourcoing-volley.com\/\">SAEMS Tourcoing Volley-Ball Lille M\u00e9tropole (Fran\u00e7a)<\/a> \u2013 Bruno Dias<br \/>\n<a href=\"https:\/\/www.martiguesvolleyball.fr\/\">Martigues VB (Fran\u00e7a)<\/a> \u2013 Andr\u00e9 Pereira<br \/>\n<a href=\"https:\/\/www.lindemansaalst.be\/\">Lindemans Aalst (B\u00e9lgica<\/a>) \u2013 Nuno Marques<br \/>\n<a href=\"https:\/\/www.volleyballcasalmaggiore.it\/\">Volleyball Casalmaggiore SSDRL (It\u00e1lia)<\/a> \/ <a href=\"https:\/\/www.milleniumbs.com\/\">Volley Millenium Brescia (It\u00e1lia)<\/a> \u2013 J\u00falia Kavalenka<br \/>\n<a href=\"https:\/\/prismatarantovolley.it\/\">Prisma La Cascina Taranto (It\u00e1lia)<\/a> \u2013 Guilherme Maia<br \/>\n<a href=\"https:\/\/www.facebook.com\/LizardsLubbeekLeuven\">Lizards Lubbeek-Leuven (B\u00e9lgica)<\/a> \u2013 Mafalda Br\u00e1s<br \/>\n<a href=\"https:\/\/scmzalau.ro\/volei\/\">Sport Club Municipal Zalau (Rom\u00e9nia)<\/a>\u00a0\u2013 Filip Cveticanin<br \/>\n<a href=\"https:\/\/knackvolley.be\/knack-b-2\/\">Knack Volley Roeselare (B\u00e9lgica)<\/a> \u2013 Eduardo Brito<br \/>\n<a href=\"https:\/\/homeofgrizzlys.de\/\">Helios Grizzlys Giesen (Alemanha)<\/a> \u2013 Miguel Sinfr\u00f3nio<br \/>\n<a style=\"color: #001b2e;\" href=\"https:\/\/okmaribor.si\/\">OK i-Vent Maribor (Eslov\u00e9nia)<\/a>\u00a0\u2013 Gustavo Cavalcanti<br \/>\n<a href=\"https:\/\/www.uvcgraz.at\/\">UVC Holding Graz (\u00c1ustria)<\/a> \u2013 Jos\u00e9 Jardim<br \/>\n<a href=\"https:\/\/chernomorebask.com\/\">Cherno More (Bulg\u00e1ria)<\/a> \u2013 Andr\u00e9 Medeiros<br \/>\n<a href=\"https:\/\/www.volleynaefels.ch\">Volley Nafels (Su\u00ed\u00e7a)<\/a> \u2013 Manuel Figueiredo<br \/>\n<a href=\"https:\/\/vbcgeneve.ch\/\">VBC Etoile-Gen\u00e8ve (Su\u00ed\u00e7a)<\/a> \u2013Filipe Sousa<br \/>\n<a href=\"https:\/\/www.volleylugano.ch\/\">Volley Lugano (Su\u00ed\u00e7a)\u00a0<\/a>\u2013 Marta Hurst<br \/>\n<a href=\"https:\/\/ssovbc.ch\/\">VBC Servette Star-Onex (Su\u00ed\u00e7a)<\/a> \u2013 Arthur Galipeau<br \/>\n<a href=\"https:\/\/vbcgeneve.ch\/\">VBC Etoile-Gen\u00e8ve (Su\u00ed\u00e7a)<\/a> \u2013 Andr\u00e9 Mata<br \/>\n<a href=\"https:\/\/www.vopap.ch\/\">Volleyball Papiermuhle (Su\u00ed\u00e7a)<\/a> \u2013 Henrique Sousa<br \/>\n<a href=\"https:\/\/volley.sg\/\">STV Saint-Gallen (Su\u00ed\u00e7a)<\/a> \u2013 Dinis Braga da Cruz<br \/>\n<a href=\"https:\/\/volleyball.org.kw\/en\/\">Al-Yarmouk Sports Club (Kuwait)<\/a> \u2013 Jos\u00e9 Gomes<br \/>\n<a href=\"https:\/\/www.volerolecannet.fr\/fr\/\">Volero Le Cannet (Fran\u00e7a)<\/a> \u2013 Nilda Hungulo Matuca<br \/>\n<a href=\"https:\/\/www.uspvolleyball.fr\/senior-feminine\/\">US Palaiseau (Fran\u00e7a)<\/a> \u2013 Sara Teodoro<br \/>\n<a href=\"https:\/\/www.facebook.com\/epinalgolbeyvolleyball\/\">Epinal Golbey VB (Fran\u00e7a)<\/a> \u2013 Andr\u00e9 Mata<br \/>\n<a href=\"https:\/\/evvsm.com\/newsite\/\">Volley Vernon Saint-Marcel (Fran\u00e7a)<\/a> \u2013 Ecaterina Ursu<br \/>\n<a href=\"https:\/\/www.cosf-sports.com\/page\/1546914-accueil\">Club Omnisports de Saint-Fons (Fran\u00e7a<\/a>) \u2013 Natalia Herasymiv<br \/>\n<a href=\"https:\/\/rvb-volleyball.sportsregions.fr\/\">Rieux-Villers-Brenouille Volley (Fran\u00e7a)<\/a> \u2013 Mafalda Baptista Martins<br \/>\n<a href=\"https:\/\/www.facebook.com\/polvolley\">Postillon Olympique Longjumellois (Fran\u00e7a)<\/a> \u2013 Beatriz Silva<br \/>\n<a href=\"https:\/\/www.charentonvolley.fr\/\">CNM Charenton VB (Fran\u00e7a)<\/a> \u2013 Ana Filipa Domingues<br \/>\n<a href=\"https:\/\/abvb.fr\/\">Aix Les Bains VB (Fran\u00e7a)<\/a> \u2013 \u00c2ngelo Sarova Gomes<br \/>\n<a href=\"https:\/\/www.fcschuettorf09.de\/\">FC Sch\u00fcttorf 09 (Alemanha)<\/a> \u2013 Jos\u00e9 Vinha<br \/>\n<a href=\"https:\/\/www.evv2000.de\/\">Erkelenzer Volleyball Verein (Alemanha)<\/a> \u2013 Lu\u00eds Gra\u00e7a<br \/>\n<a href=\"https:\/\/www.ftm-schwabing.org\/volleyball\/\">FTM Schwabing eV (Alemanha)<\/a> \u2013 Gon\u00e7alo Nuno Biltes<br \/>\n<a href=\"https:\/\/www.vfr-umkirch.de\/news\/volleyball\">VfR Umkirch 1923 (Alemanha)<\/a> \u2013 Mariana Guimar\u00e3es<br \/>\n<a href=\"https:\/\/www.vfr-umkirch.de\/news\/volleyball\">VfR Umkirch 1923 (Alemanha)<\/a> \u2013 Andreia Guimar\u00e3es<br \/>\n<a href=\"https:\/\/le-volleys.de\/\">LE Volleys e.V. (Alemanha)<\/a> \u2013 Lorena Silveira<br \/>\n<a href=\"https:\/\/www.facebook.com\/oper.volleyb\/\">Neos Omilos Petosfairisis Rethymnou (Gr\u00e9cia)<\/a> \u2013 Beatriz Machado<br \/>\n<a href=\"https:\/\/www.facebook.com\/bunniesvolley\">Budapest Bunnies (Hungria)<\/a> \u2013 Liliana Almeida<br \/>\n<a href=\"https:\/\/www.littlegiantsvc.com\/\">Little Giants Volleyball Club (Inglaterra)<\/a> \u2013 Mia Lima<br \/>\n<a href=\"https:\/\/www.richmondvolleyball.co.uk\/male\/national-league\">Richmond Volleyball (Inglaterra)<\/a> \u2013 Jo\u00e3o Alves<br \/>\n<a href=\"https:\/\/dartfordvolleyballclub.co.uk\/\">Dartford VB (Inglaterra)<\/a> \u2013 Mariana Santos<br \/>\n<a href=\"https:\/\/southamptonvolleyball.co.uk\/\">Southampton Volleyball Club (Inglaterra)<\/a> \u2013 Dina Grosu<br \/>\n<a href=\"https:\/\/southamptonvolleyball.co.uk\/\">Southampton Volleyball Club (Inglaterra)<\/a>\u00a0\u2013 Ema Sofia Carneiro<br \/>\n<a href=\"https:\/\/southamptonvolleyball.co.uk\/\">Southampton Volleyball Club (Inglaterra)<\/a>\u00a0\u2013 Maria Lima Antunes<br \/>\n<a href=\"https:\/\/southamptonvolleyball.co.uk\/\">Southampton Volleyball Club (Inglaterra)<\/a> \u2013 Iara Amaral<br \/>\n<a href=\"https:\/\/www.nottinghamrocketsvolleyball.co.uk\/\">Nottingham Rockets (Inglaterra)<\/a> \u2013 Vasco Liz\u00e1rio<br \/>\n<a href=\"https:\/\/www.volleyballengland.org\/competitions\/volleyball\">Cambridge ARU (Inglaterra)<\/a> &#8211; Nicoly Weiwanko<br \/>\n<a href=\"https:\/\/www.facebook.com\/stockportvolleyball\/\">Stockport VB (Inglaterra)<\/a> \u2013 Teresa Lima<br \/>\n<a href=\"https:\/\/www.facebook.com\/TeamSouthWales\/\">Team South Wales (Inglaterra)<\/a> \u2013 Jos\u00e9 Castro<br \/>\n<a href=\"https:\/\/spelthornevc.co.uk\/\">Spelthorne VC (Inglaterra)<\/a> \u2013 Jo\u00e3o Moreira<br \/>\n<a href=\"https:\/\/www.inter-volleyball.net\/\">Inter Volleyball Club (Inglaterra)<\/a> \u2013 Genoveva Lopes<br \/>\n<a href=\"https:\/\/www.dartfordvolleyballclub.co.uk\/\">Dartford Volleyball Club (Inglaterra)<\/a> \u2013 Mariana Cruz Santos<br \/>\n<a href=\"http:\/\/www.darkstarvolleyball.com\/our-teams\/male-player\/\">Darkstar Derbyshire (Inglaterra)<\/a> \u2013 Marcelo Goulart<br \/>\n<a href=\"https:\/\/www.rhinos.org.uk\/\">Rhinos Volleyball Cambridge (Inglaterra)<\/a> \u2013 Vasco Lopes<br \/>\n<a href=\"https:\/\/www.facebook.com\/Gentlemenvolleyball\/\">Gentlemen Panthers<\/a> (Esc\u00f3cia) \u2013 Maria Rodrigues Costa<br \/>\n<a href=\"https:\/\/rsrwalfer.lu\/\">RSR Walfer (Luxemburgo)<\/a> \u2013 Ashley Rose Fantazia<br \/>\n<a href=\"https:\/\/volleyball-echternach.lu\/\">VB Echternach (Luxemburgo)<\/a> \u2013 Daniel Amorim<br \/>\n<a href=\"https:\/\/volley-diekirch.lu\/\">CHEV Diekirch (Luxemburgo)<\/a> \u2013 D\u00e9bora Duarte<br \/>\n<a href=\"https:\/\/www.facebook.com\/VolleyClubBelair\/\">VC Belair (Luxemburgo)<\/a> \u2013 Carlos Castro<br \/>\n<a href=\"https:\/\/vcs.lu\/\">VC Strassen (Luxemburgo)<\/a> \u2013 Miguel Silva<br \/>\n<a href=\"https:\/\/lyngby-gladsaxe.dk\/default.aspx\">Lyngby-Gladsaxe Volley (Dinamarca)<\/a> \u2013\u00a0Luna Santos<br \/>\n<a href=\"https:\/\/lyngby-gladsaxe.dk\/default.aspx\">Lyngby-Gladsaxe Volley (Dinamarca)<\/a> \u2013 Matilde Cerqueira<\/p>\n<p>(&#8230;)<\/p>\n<p><span style=\"text-decoration: underline;\"><span class=\"auto-style7\"><strong>Treinadores\/Scouters<\/strong><\/span><\/span>:<br \/>\n<a href=\"https:\/\/www.facebook.com\/toursvolleyball\">Tours VB (Fran\u00e7a)<\/a> \u2013 David Sousa<br \/>\n<a href=\"https:\/\/www.volleymulhousealsace.fr\/equipe-pro\/composition\/\">Volley Mulhouse Alsace (Fran\u00e7a)<\/a> \u2013 Andr\u00e9 S\u00e1<br \/>\n<a href=\"https:\/\/praiaclube.org.br\/dentil-praia-clube\/\">Dentil Praia Clube (Brasil)<\/a> \u2013 Rui Moreira<br \/>\n<a href=\"https:\/\/cantera.haris.es\/es\">Club Voleibol Haris (CV Tenerife Libby&#8217;s La Laguna \/ Espanha)<\/a> \u2013 Ricardo Lemos<br \/>\n<a href=\"https:\/\/volleyluzern.ch\/leistungssport\/damennl?b=1002373&amp;c=GD1000018&amp;s=djEtbTal9p4VVhMe131XEMJ_U9o1cNNfe0zxan71wdQHJDI=\">Volley Luzern (Su\u00ed\u00e7a)<\/a> \u2013 Filipe Carrasco Soares<br \/>\n<a style=\"color: #001b2e;\" href=\"https:\/\/www.volerolecannet.fr\/fr\/\">Volero Le Cannet (Fran\u00e7a)<\/a>\u00a0\u2013 H\u00e9lder Louren\u00e7o<br \/>\n<a href=\"https:\/\/www.facebook.com\/Cork-Volleyball-Academy-100484505416947\/\">Cork Volleyball Academy (Irlanda)<\/a> \u2013 Ant\u00f3nio Barros<br \/>\n<a style=\"color: #001b2e;\" href=\"http:\/\/bvc-volei.org\/site\/\">Barueri Volleyball Club (Brasil)<\/a>\u00a0\u2013 Bruno Leite<\/p>\n<p style=\"text-align: center;\"><strong>Supervisores e \u00e1rbitros portugueses em ac\u00e7\u00e3o<br \/>\nnas competi\u00e7\u00f5es internacionais<\/strong><\/p>\n<p><strong>Leonel Salgueiro<\/strong><br \/>\nPresidente do J\u00fari do Campeonato da Europa 2026 &#8211; Seniores Masculinos, de 15 de Setembro a 15 de Outubro.<\/p>\n<p><strong>Avelino Azevedo<\/strong><br \/>\nDelegado de Arbitragem no Ankara Zeren (Turquia) x Doc Conegliano (It\u00e1lia), da primeira m\u00e3o dos quartos de final da Liga dos Campe\u00f5es \u2013 femininos, no dia 11 de mar\u00e7o.<br \/>\nDelegado de Arbitragem no Warta Zawiercie (Pol\u00f3nia) x Lube Civitanova (It\u00e1lia), da segunda m\u00e3o dos quartos de final da Liga dos Campe\u00f5es \u2013 masculinos, no dia 1 de abril.<\/p>\n<p><strong>Nuno Maia<\/strong><br \/>\nDresdner SC (Alemanha) x Reale Mutua Fenera (It\u00e1lia), da primeira m\u00e3o das meias finais da Ta\u00e7a CEV \u2013 femininos, no dia 12 de mar\u00e7o.<\/p>\n<p><strong>Pedro Pinto<\/strong><br \/>\nVakifbank Istambul (Turquia) x Numia Vero Volley Milano (It\u00e1lia), da segunda m\u00e3o dos quartos de final da Liga dos Campe\u00f5es \u2013 femininos, no dia 19 de mar\u00e7o.<\/p>\n<p><strong>Raquel Portela<\/strong><br \/>\nEczacibasi Dynavit Istanbul (Turquia) x KS Developres Rzesz\u00f3w (Pol\u00f3nia), dos quartos-de-final da Liga dos Campe\u00f5es &#8211; femininos, no dia 11 de mar\u00e7o.<\/p>\n<p><strong>Ricardo Ferreira<br \/>\n<\/strong>Cucine Lube Civitanova (It\u00e1lia) x Aluron CMC Warta Zawiercie (Pol\u00f3nia), da primeira m\u00e3o dos quartos de final da Liga dos Campe\u00f5es &#8211; masculinos, no dia 25 de mar\u00e7o.<\/p>\n<p><strong>Jos\u00e9 Caramez<br \/>\n<\/strong>Pool C da 2.\u00aa Ronda de Qualifica\u00e7\u00e3o para o Campeonato de Sub-18 Femininos, em Espanha, de 27 a 29 de mar\u00e7o.<\/p>\n<p style=\"text-align: center;\"><strong>Voleibol de Praia<\/strong><\/p>\n<p><strong>Sandra Deveza<\/strong><br \/>\nBeach Pro Tour Challenge Bhubaneswar, na \u00cdndia, de 4 a 8 de mar\u00e7o.<br \/>\nBeach Pro Tour Challenge Alanya, na Turquia, de 10 a 14 de junho.<\/p>\n<p><strong>Rui Carvalho<\/strong><br \/>\nBeach Pro Tour BPT Elite Jo\u00e3o Pessoa, no Brasil, de 11 a 15 de mar\u00e7o.<br \/>\nBeach Pro Tour BPT Elite Bras\u00edlia, no Brasil, de 28 de abril a 3 de maio.<br \/>\nBeach Pro Tour Elite Gstaad, na Su\u00ed\u00e7a, de 1 a 5 de julho.<br \/>\nBeach Pro Tour BPT Elite Rio de Janeiro, no Brasil, de 29 de julho a 2 de agosto.<\/p>\n<p style=\"text-align: center;\">Mais informa\u00e7\u00f5es em\u00a0<a href=\"http:\/\/www.cev.eu\/\">cev.eu<\/a><\/p>\n","protected":false},"excerpt":{"rendered":"<p>Em It\u00e1lia, dupla vit\u00f3ria para o Valsabbina Millenium Brescia, de J\u00falia Kavalenka, que se mant\u00e9m na lideran\u00e7a isolada da Pool Promozione \u00e0 A1. Ganhou em casa 3-2 (25-16, 25-12, 17-25, [&hellip;]<\/p>\n","protected":false},"author":2,"featured_media":22286,"comment_status":"open","ping_status":"open","sticky":false,"template":"","format":"standard","meta":{"_monsterinsights_skip_tracking":false,"_monsterinsights_sitenote_active":false,"_monsterinsights_sitenote_note":"","_monsterinsights_sitenote_category":0,"footnotes":""},"categories":[13,8,9],"tags":[176,52],"class_list":{"0":"post-45860","1":"post","2":"type-post","3":"status-publish","4":"format-standard","5":"has-post-thumbnail","7":"category-arbitragem","8":"category-voleibol","9":"category-voleibol-de-praia","10":"tag-epoca-2025-2026","11":"tag-portugueses-no-mundo","12":"czr-hentry"},"aioseo_notices":[],"_links":{"self":[{"href":"https:\/\/fpvoleibol.pt\/fpv\/wp-json\/wp\/v2\/posts\/45860","targetHints":{"allow":["GET"]}}],"collection":[{"href":"https:\/\/fpvoleibol.pt\/fpv\/wp-json\/wp\/v2\/posts"}],"about":[{"href":"https:\/\/fpvoleibol.pt\/fpv\/wp-json\/wp\/v2\/types\/post"}],"author":[{"embeddable":true,"href":"https:\/\/fpvoleibol.pt\/fpv\/wp-json\/wp\/v2\/users\/2"}],"replies":[{"embeddable":true,"href":"https:\/\/fpvoleibol.pt\/fpv\/wp-json\/wp\/v2\/comments?post=45860"}],"version-history":[{"count":4,"href":"https:\/\/fpvoleibol.pt\/fpv\/wp-json\/wp\/v2\/posts\/45860\/revisions"}],"predecessor-version":[{"id":45900,"href":"https:\/\/fpvoleibol.pt\/fpv\/wp-json\/wp\/v2\/posts\/45860\/revisions\/45900"}],"wp:featuredmedia":[{"embeddable":true,"href":"https:\/\/fpvoleibol.pt\/fpv\/wp-json\/wp\/v2\/media\/22286"}],"wp:attachment":[{"href":"https:\/\/fpvoleibol.pt\/fpv\/wp-json\/wp\/v2\/media?parent=45860"}],"wp:term":[{"taxonomy":"category","embeddable":true,"href":"https:\/\/fpvoleibol.pt\/fpv\/wp-json\/wp\/v2\/categories?post=45860"},{"taxonomy":"post_tag","embeddable":true,"href":"https:\/\/fpvoleibol.pt\/fpv\/wp-json\/wp\/v2\/tags?post=45860"}],"curies":[{"name":"wp","href":"https:\/\/api.w.org\/{rel}","templated":true}]}}