{"id":45583,"date":"2026-02-18T17:53:39","date_gmt":"2026-02-18T17:53:39","guid":{"rendered":"https:\/\/fpvoleibol.pt\/fpv\/?p=45583"},"modified":"2026-02-18T17:56:28","modified_gmt":"2026-02-18T17:56:28","slug":"portugueses-no-mundo-164","status":"publish","type":"post","link":"https:\/\/fpvoleibol.pt\/fpv\/2026\/02\/18\/portugueses-no-mundo-164\/","title":{"rendered":"PORTUGUESES NO MUNDO"},"content":{"rendered":"<p><img loading=\"lazy\" decoding=\"async\" class=\"size-full wp-image-43476 aligncenter\" src=\"https:\/\/fpvoleibol.pt\/fpv\/wp-content\/uploads\/2025\/10\/nunomarques_pormund_d.jpg\" alt=\"\" width=\"960\" height=\"570\" srcset=\"https:\/\/fpvoleibol.pt\/fpv\/wp-content\/uploads\/2025\/10\/nunomarques_pormund_d.jpg 960w, https:\/\/fpvoleibol.pt\/fpv\/wp-content\/uploads\/2025\/10\/nunomarques_pormund_d-300x178.jpg 300w, https:\/\/fpvoleibol.pt\/fpv\/wp-content\/uploads\/2025\/10\/nunomarques_pormund_d-768x456.jpg 768w\" sizes=\"auto, (max-width: 960px) 100vw, 960px\" \/>Os belgas do Lindemans Aalst, de <strong>Nuno Marques<\/strong>, apuraram-se para as meias-finais da Challenge Cup ao vencerem, novamente pela margem m\u00ednima (<a href=\"https:\/\/www-old.cev.eu\/Competition-Area\/MatchStatistics.aspx?ID=82194\">3-2: 25-20, 25-21, 19-25, 23-25 e 15-12<\/a>), os gregos do PAOK de Sal\u00f3nica. O zona 4 da Sele\u00e7\u00e3o Nacional contabilizou 23 pontos,\u00a0 repartidos pelo ataque (19), bloco (3) e servi\u00e7o (1).<br \/>\nNas meias-finais, os belgas v\u00e3o defrontar os vencedores da eliminat\u00f3ria entre o VK Slovan Bratislava (Eslov\u00e1quia) e o Maccabi Tel-Aviv (Israel). No primeiro jogo dos quartos-de-final, disputado na capital eslovaca, os israelitas venceram pela margem m\u00ednima.<br \/>\nNa <a href=\"https:\/\/lottovolleyleague.be\/nl\/\">Lotto Volley League<\/a> (Liga Belga), o Aalst perdeu (<a href=\"https:\/\/lottovolleyleague.be\/nl\/klassement-liga-heren\">0-3: 22-25, 18-25 e 18-25<\/a>) na recep\u00e7\u00e3o ao VC Greenyard Maaseik e, apesar dos 13 pontos (10 ataques, 2 servi\u00e7os e 1 bloco) de Nuno Marques, caiu para o 5.\u00ba lugar e foi relegado para o Challenge Play off, ficando afastado da BeNe Conference (campeonato entre as quatro primeiras equipas da B\u00e9lgica e as quatro primeiras dos Pa\u00edses Baixos).<\/p>\n<p>Os polacos do Aluron CMC Warta Zawiercie, de <strong>Miguel Tavares Rodrigues<\/strong>,\u00a0recebem hoje (18h00 locais), na posi\u00e7\u00e3o de l\u00edderes isolados, os alem\u00e3es do SVG Luneburg na \u00faltima jornada da Pool D da <a href=\"https:\/\/championsleague.cev.eu\/en\/men\/\">CEV Champions League<\/a>. No outro jogo do grupo, o Sporting CP \u00e9 o anfitri\u00e3o (19h30) dos polacos do Asseco Resovia Rzesz\u00f3w.<br \/>\nNo dia 21 de fevereiro, o Warta Zawiercie, que tamb\u00e9m lidera isolado a <a href=\"https:\/\/www.plusliga.pl\/strona-glowna.html\">PlusLiga<\/a>, recebe o Energa Trefl Gdansk na 22.\u00aa ronda do principal campeonato da Pol\u00f3nia.<\/p>\n<p>Os romenos do SCM Zalau, de\u00a0 <strong>Filip Cveticanin<\/strong>, visitam hoje os turcos do Altekma SK Izmir, <em>carrascos<\/em> do SL Benfica na Challenge Cup. No primeiro jogo dos quartos-de-final, os otomanos foram vencer (3-2: 19-25, 25-11, 18-25, 25-22 e 15-12) \u00e0 Rom\u00e9nia.<br \/>\nNa <a href=\"https:\/\/frv-web.dataproject.com\/CompetitionHome.aspx?ID=65\">Divizia A1<\/a>, e ap\u00f3s a derrota (<a href=\"https:\/\/frv-web.dataproject.com\/MatchStatistics.aspx?mID=3605&amp;ID=65&amp;CID=142&amp;PID=68&amp;type=LegList\">1-3: 26-24, 22-25, 20-25 e 22-25<\/a>) averbada no recinto do CSM Corona Brasov, ocupa agora a 4.\u00aa posi\u00e7\u00e3o na tabela classificativa na I Divis\u00e3o Romena.<br \/>\nNa <a href=\"https:\/\/frv-web.dataproject.com\/CompetitionHome.aspx?ID=67\">Ta\u00e7a da Rom\u00e9nia<\/a>, o Zalau est\u00e1 j\u00e1 apurado para as meias-finais da prova.<\/p>\n<p>No Jap\u00e3o, o Tokyo Great Bears, de <strong>Alexandre Ferreira<\/strong>, que ocupa o sexto lugar na <a href=\"https:\/\/www.svleague.jp\/en\/sv_men\/match\/list\">SV.League<\/a>, recebeu o Jtekt Stings Aichi e perdeu o primeiro jogo por <a href=\"https:\/\/www.svleague.jp\/en\/form\/b\/33211\">1-3 (23-25, 19-25, 25-18 e 17-25)<\/a>, com o capit\u00e3o da Sele\u00e7\u00e3o Nacional a rubricar 5 pontos no ataque. No segundo jogo, a equipa da capital nip\u00f3nica venceu por <a href=\"https:\/\/www.svleague.jp\/en\/form\/b\/33212\">3-0 (25-19, 25-20 e 25-20)<\/a>.<br \/>\nNa pr\u00f3xima jornada do campeonato nip\u00f3nico, agendada para os dias 21 e 22 de fevereiro, o Tokyo Great Bears recebe o Toray Arrows Shizuoka (7.\u00ba).<\/p>\n<p>Em Fran\u00e7a, o SAEMS Tourcoing Volley-Ball Lille M\u00e9tropole, de <strong>Bruno Dias<\/strong>, visita amanh\u00e3 o Toulouse (5.\u00ba) na <a href=\"https:\/\/www.lnv.fr\/accueil\">Marmara SpikeLeague<\/a>.\u00a0Na \u00faltima jornada, o Tourcoing recebeu e derrotou (<a href=\"https:\/\/www.lnv.fr\/pdf\/2025\/DataVolley\/Men\/MSL145-2026.pdf\">3-0: 25-23, 25-19 e 25-23<\/a>) o Nice, mantendo-se no 4.\u00ba lugar da principal Liga francesa. O distribuidor portugu\u00eas contribuiu com mais uma boa exibi\u00e7\u00e3o e 3 pontos.<br \/>\nPor seu turno, o Martigues VB, de <strong>Andr\u00e9 Pereira<\/strong>, foi vencer (<a href=\"https:\/\/www.lnv.fr\/pdf\/2025\/DataVolley\/Men\/LBM115-2026.pdf\">3-0: 25-22, 25-16 e 25-20)<\/a> a casa do France Avenir, 11.\u00ba e \u00faltimo classificado, e mant\u00e9m-se, isolado, na lideran\u00e7a da <a href=\"https:\/\/www.lnv.fr\/competitions\/ligue-b-masculine\">Ligue B Masculine<\/a>. O zona 4 internacional contabilizou 10 pontos no ataque.<br \/>\nNa 22.\u00aa ronda, a disputar no dia 28 de fevereiro, o Martigues recebe o Rennes (9.\u00ba).<\/p>\n<p>Em It\u00e1lia, o l\u00edder Valsabbina Millenium Brescia, de <strong>J\u00falia Kavalenka<\/strong>, <em>iniciou*<\/em> a disputa da <a href=\"https:\/\/www.legavolleyfemminile.it\/\"><em>Pool Promozione<\/em> \u00e0 A1<\/a> com uma vit\u00f3ria por <a href=\"https:\/\/www.legavolleyfemminile.it\/match-center\/747821\/statistiche\/\">3-1 (23-25, 25-16, 25-12 e 25-20)<\/a> no recinto do Gruppo Formula 3 Messina e prepara-se para receber hoje o SMI Roma Volley (4.\u00ba). A oposta da Sele\u00e7\u00e3o Nacional contabilizou 16 pontos (11 ataques, 3 servi\u00e7os e 2 blocos).<br \/>\nA Pool Promozione da Serie A2 Tigot\u00e0 \u00e9 a fase decisiva do campeonato italiano de voleibol feminino onde se define o acesso \u00e0 elite da S\u00e9rie A1. Participam as 10 equipas melhor classificadas da fase regular (as 5 primeiras de cada um dos dois grupos iniciais). Cada equipa defronta apenas os advers\u00e1rios que pertenciam ao outro grupo na fase anterior, em jogos de ida e volta e as equipas iniciam esta fase mantendo os pontos conquistados* durante a temporada regular frente aos outros clubes que tamb\u00e9m se qualificaram para a Pool Promozione. A equipa que terminar em 1.\u00ba lugar ao fim das 10 jornadas da Pool Promozione \u00e9 coroada campe\u00e3 da Serie A2 e garante a subida direta para a S\u00e9rie A1.<\/p>\n<p><img loading=\"lazy\" decoding=\"async\" class=\" wp-image-45592 alignleft\" src=\"https:\/\/fpvoleibol.pt\/fpv\/wp-content\/uploads\/2026\/02\/guilherme_maia_MVP.jpg\" alt=\"\" width=\"173\" height=\"230\" srcset=\"https:\/\/fpvoleibol.pt\/fpv\/wp-content\/uploads\/2026\/02\/guilherme_maia_MVP.jpg 640w, https:\/\/fpvoleibol.pt\/fpv\/wp-content\/uploads\/2026\/02\/guilherme_maia_MVP-225x300.jpg 225w\" sizes=\"auto, (max-width: 173px) 100vw, 173px\" \/>Ainda em It\u00e1lia, <strong>Guilherme Maia<\/strong>, filho de Miguel Maia, foi o MVP no triunfo (<a href=\"https:\/\/www.legavolley.it\/match\/39475\">3-1: 21-25, 25-19, 25-21 e 25-15<\/a>) do Prisma Taranto Volley no terreno do Campi Real Cant\u00f9, na <a href=\"https:\/\/prismatarantovolley.it\/\">Serie A2<\/a>. Segundo o site do <a href=\"https:\/\/prismatarantovolley.it\/\">clube transalpino<\/a>, &#8220;<em>o ponto de viragem do jogo aconteceu com a entrada em jogo de Guilherme Maia, o verdadeiro MVP da noite: mudou o ritmo, a distribui\u00e7\u00e3o e a intensidade do jogo. O craque portugu\u00eas trouxe ordem e imprevisibilidade, orquestrando a rea\u00e7\u00e3o com calma e vis\u00e3o de jogo<\/em>&#8220;.<\/p>\n<p>Na Alemanha, o Helios Grizzlys Giesen, de <strong>Miguel Sinfr\u00f3nio<\/strong>, perdeu (<a href=\"https:\/\/www.volleyball-bundesliga.de\/uploads\/b3216f7b-631e-4165-b3fd-ec893456ac89\">0-3: 20-25, 21-25 e 18-25)<\/a> no recinto do l\u00edder SVG Luneburg, mas continua a ocupar o 5.\u00ba lugar na <a href=\"https:\/\/www.volleyball-bundesliga.de\/\">Bundesliga 1<\/a>. O central portugu\u00eas rubricou 5 pontos no ataque. No dia 21 de fevereiro, o Giesen recebe o\u00a0 FT 1844 Freiburg (9.\u00ba).<\/p>\n<p><span style=\"text-decoration: underline;\">Atletas \/ t\u00e9cnicos que actuam no estrangeiro e\/ou com<b> *inscri\u00e7\u00e3o em 2025\/2026<\/b>:<\/span><\/p>\n<p><strong><span style=\"text-decoration: underline;\">Processo conclu\u00eddo<\/span><\/strong><\/p>\n<p><a href=\"https:\/\/tokyo-greatbears.com\/\">Tokyo Great Bears (Jap\u00e3o)<\/a> \u2013 Alexandre Ferreira<br \/>\n<a href=\"https:\/\/www.aluroncmc.pl\/\" target=\"_blank\" rel=\"noopener noreferrer\">Aluron Warta Zawiercie (Pol\u00f3nia)<\/a> \u2013 Miguel Tavares Rodrigues<br \/>\n<a href=\"https:\/\/tourcoing-volley.com\/\">SAEMS Tourcoing Volley-Ball Lille M\u00e9tropole (Fran\u00e7a)<\/a> \u2013 Bruno Dias<br \/>\n<a href=\"https:\/\/www.martiguesvolleyball.fr\/\">Martigues VB (Fran\u00e7a)<\/a> \u2013 Andr\u00e9 Pereira<br \/>\n<a href=\"https:\/\/www.lindemansaalst.be\/\">Lindemans Aalst (B\u00e9lgica<\/a>) \u2013 Nuno Marques<br \/>\n<a href=\"https:\/\/www.volleyballcasalmaggiore.it\/\">Volleyball Casalmaggiore SSDRL (It\u00e1lia)<\/a> \/ <a href=\"https:\/\/www.milleniumbs.com\/\">Volley Millenium Brescia (It\u00e1lia)<\/a> \u2013 J\u00falia Kavalenka<br \/>\n<a href=\"https:\/\/prismatarantovolley.it\/\">Prisma La Cascina Taranto (It\u00e1lia)<\/a> \u2013 Guilherme Maia<br \/>\n<a href=\"https:\/\/www.facebook.com\/LizardsLubbeekLeuven\">Lizards Lubbeek-Leuven (B\u00e9lgica)<\/a> \u2013 Mafalda Br\u00e1s<br \/>\n<a href=\"https:\/\/scmzalau.ro\/volei\/\">Sport Club Municipal Zalau (Rom\u00e9nia)<\/a>\u00a0\u2013 Filip Cveticanin<br \/>\n<a href=\"https:\/\/knackvolley.be\/knack-b-2\/\">Knack Volley Roeselare (B\u00e9lgica)<\/a> \u2013 Eduardo Brito<br \/>\n<a href=\"https:\/\/homeofgrizzlys.de\/\">Helios Grizzlys Giesen (Alemanha)<\/a> \u2013 Miguel Sinfr\u00f3nio<br \/>\n<a style=\"color: #001b2e;\" href=\"https:\/\/okmaribor.si\/\">OK i-Vent Maribor (Eslov\u00e9nia)<\/a>\u00a0\u2013 Gustavo Cavalcanti<br \/>\n<a href=\"https:\/\/www.uvcgraz.at\/\">UVC Holding Graz (\u00c1ustria)<\/a> \u2013 Jos\u00e9 Jardim<br \/>\n<a href=\"https:\/\/chernomorebask.com\/\">Cherno More (Bulg\u00e1ria)<\/a> \u2013 Andr\u00e9 Medeiros<br \/>\n<a href=\"https:\/\/www.volleynaefels.ch\">Volley Nafels (Su\u00ed\u00e7a)<\/a> \u2013 Manuel Figueiredo<br \/>\n<a href=\"https:\/\/vbcgeneve.ch\/\">VBC Etoile-Gen\u00e8ve (Su\u00ed\u00e7a)<\/a> \u2013Filipe Sousa<br \/>\n<a href=\"https:\/\/www.volleylugano.ch\/\">Volley Lugano (Su\u00ed\u00e7a)\u00a0<\/a>\u2013 Marta Hurst<br \/>\n<a href=\"https:\/\/ssovbc.ch\/\">VBC Servette Star-Onex (Su\u00ed\u00e7a)<\/a> \u2013 Arthur Galipeau<br \/>\n<a href=\"https:\/\/vbcgeneve.ch\/\">VBC Etoile-Gen\u00e8ve (Su\u00ed\u00e7a)<\/a> \u2013 Andr\u00e9 Mata<br \/>\n<a href=\"https:\/\/www.vopap.ch\/\">Volleyball Papiermuhle (Su\u00ed\u00e7a)<\/a> \u2013 Henrique Sousa<br \/>\n<a href=\"https:\/\/volley.sg\/\">STV Saint-Gallen (Su\u00ed\u00e7a)<\/a> \u2013 Dinis Braga da Cruz<br \/>\n<a href=\"https:\/\/volleyball.org.kw\/en\/\">Al-Yarmouk Sports Club (Kuwait)<\/a> \u2013 Jos\u00e9 Gomes<br \/>\n<a href=\"https:\/\/www.volerolecannet.fr\/fr\/\">Volero Le Cannet (Fran\u00e7a)<\/a> \u2013 Nilda Hungulo Matuca<br \/>\n<a href=\"https:\/\/www.uspvolleyball.fr\/senior-feminine\/\">US Palaiseau (Fran\u00e7a)<\/a> \u2013 Sara Teodoro<br \/>\n<a href=\"https:\/\/www.facebook.com\/epinalgolbeyvolleyball\/\">Epinal Golbey VB (Fran\u00e7a)<\/a> \u2013 Andr\u00e9 Mata<br \/>\n<a href=\"https:\/\/evvsm.com\/newsite\/\">Volley Vernon Saint-Marcel (Fran\u00e7a)<\/a> \u2013 Ecaterina Ursu<br \/>\n<a href=\"https:\/\/www.cosf-sports.com\/page\/1546914-accueil\">Club Omnisports de Saint-Fons (Fran\u00e7a<\/a>) \u2013 Natalia Herasymiv<br \/>\n<a href=\"https:\/\/rvb-volleyball.sportsregions.fr\/\">Rieux-Villers-Brenouille Volley (Fran\u00e7a)<\/a> \u2013 Mafalda Baptista Martins<br \/>\n<a href=\"https:\/\/www.facebook.com\/polvolley\">Postillon Olympique Longjumellois (Fran\u00e7a)<\/a> \u2013 Beatriz Silva<br \/>\n<a href=\"https:\/\/www.charentonvolley.fr\/\">CNM Charenton VB (Fran\u00e7a)<\/a> \u2013 Ana Filipa Domingues<br \/>\n<a href=\"https:\/\/abvb.fr\/\">Aix Les Bains VB (Fran\u00e7a)<\/a> \u2013 \u00c2ngelo Sarova Gomes<br \/>\n<a href=\"https:\/\/www.fcschuettorf09.de\/\">FC Sch\u00fcttorf 09 (Alemanha)<\/a> \u2013 Jos\u00e9 Vinha<br \/>\n<a href=\"https:\/\/www.evv2000.de\/\">Erkelenzer Volleyball Verein (Alemanha)<\/a> \u2013 Lu\u00eds Gra\u00e7a<br \/>\n<a href=\"https:\/\/www.ftm-schwabing.org\/volleyball\/\">FTM Schwabing eV (Alemanha)<\/a> \u2013 Gon\u00e7alo Nuno Biltes<br \/>\n<a href=\"https:\/\/www.vfr-umkirch.de\/news\/volleyball\">VfR Umkirch 1923 (Alemanha)<\/a> \u2013 Mariana Guimar\u00e3es<br \/>\n<a href=\"https:\/\/www.vfr-umkirch.de\/news\/volleyball\">VfR Umkirch 1923 (Alemanha)<\/a> \u2013 Andreia Guimar\u00e3es<br \/>\n<a href=\"https:\/\/le-volleys.de\/\">LE Volleys e.V. (Alemanha)<\/a> \u2013 Lorena Silveira<br \/>\n<a href=\"https:\/\/www.facebook.com\/oper.volleyb\/\">Neos Omilos Petosfairisis Rethymnou (Gr\u00e9cia)<\/a> \u2013 Beatriz Machado<br \/>\n<a href=\"https:\/\/www.facebook.com\/bunniesvolley\">Budapest Bunnies (Hungria)<\/a> \u2013 Liliana Almeida<br \/>\n<a href=\"https:\/\/www.littlegiantsvc.com\/\">Little Giants Volleyball Club (Inglaterra)<\/a> \u2013 Mia Lima<br \/>\n<a href=\"https:\/\/www.richmondvolleyball.co.uk\/male\/national-league\">Richmond Volleyball (Inglaterra)<\/a> \u2013 Jo\u00e3o Alves<br \/>\n<a href=\"https:\/\/dartfordvolleyballclub.co.uk\/\">Dartford VB (Inglaterra)<\/a> \u2013 Mariana Santos<br \/>\n<a href=\"https:\/\/southamptonvolleyball.co.uk\/\">Southampton Volleyball Club (Inglaterra)<\/a> \u2013 Dina Grosu<br \/>\n<a href=\"https:\/\/southamptonvolleyball.co.uk\/\">Southampton Volleyball Club (Inglaterra)<\/a>\u00a0\u2013 Ema Sofia Carneiro<br \/>\n<a href=\"https:\/\/southamptonvolleyball.co.uk\/\">Southampton Volleyball Club (Inglaterra)<\/a>\u00a0\u2013 Maria Lima Antunes<br \/>\n<a href=\"https:\/\/southamptonvolleyball.co.uk\/\">Southampton Volleyball Club (Inglaterra)<\/a> \u2013 Iara Amaral<br \/>\n<a href=\"https:\/\/www.nottinghamrocketsvolleyball.co.uk\/\">Nottingham Rockets (Inglaterra)<\/a> \u2013 Vasco Liz\u00e1rio<br \/>\n<a href=\"https:\/\/www.volleyballengland.org\/competitions\/volleyball\">Cambridge ARU (Inglaterra)<\/a> &#8211; Nicoly Weiwanko<br \/>\n<a href=\"https:\/\/www.facebook.com\/stockportvolleyball\/\">Stockport VB (Inglaterra)<\/a> \u2013 Teresa Lima<br \/>\n<a href=\"https:\/\/www.facebook.com\/TeamSouthWales\/\">Team South Wales (Inglaterra)<\/a> \u2013 Jos\u00e9 Castro<br \/>\n<a href=\"https:\/\/spelthornevc.co.uk\/\">Spelthorne VC (Inglaterra)<\/a> \u2013 Jo\u00e3o Moreira<br \/>\n<a href=\"https:\/\/www.inter-volleyball.net\/\">Inter Volleyball Club (Inglaterra)<\/a> \u2013 Genoveva Lopes<br \/>\n<a href=\"https:\/\/www.dartfordvolleyballclub.co.uk\/\">Dartford Volleyball Club (Inglaterra)<\/a> \u2013 Mariana Cruz Santos<br \/>\n<a href=\"http:\/\/www.darkstarvolleyball.com\/our-teams\/male-player\/\">Darkstar Derbyshire (Inglaterra)<\/a> \u2013 Marcelo Goulart<br \/>\n<a href=\"https:\/\/www.rhinos.org.uk\/\">Rhinos Volleyball Cambridge (Inglaterra)<\/a> \u2013 Vasco Lopes<br \/>\n<a href=\"https:\/\/rsrwalfer.lu\/\">RSR Walfer (Luxemburgo)<\/a> \u2013 Ashley Rose Fantazia<br \/>\n<a href=\"https:\/\/volleyball-echternach.lu\/\">VB Echternach (Luxemburgo)<\/a> \u2013 Daniel Amorim<br \/>\n<a href=\"https:\/\/volley-diekirch.lu\/\">CHEV Diekirch (Luxemburgo)<\/a> \u2013 D\u00e9bora Duarte<br \/>\n<a href=\"https:\/\/www.facebook.com\/VolleyClubBelair\/\">VC Belair (Luxemburgo)<\/a> \u2013 Carlos Castro<br \/>\n<a href=\"https:\/\/vcs.lu\/\">VC Strassen (Luxemburgo)<\/a> \u2013 Miguel Silva<br \/>\n<a href=\"https:\/\/lyngby-gladsaxe.dk\/default.aspx\">Lyngby-Gladsaxe Volley (Dinamarca)<\/a> \u2013\u00a0Luna Santos<br \/>\n<a href=\"https:\/\/lyngby-gladsaxe.dk\/default.aspx\">Lyngby-Gladsaxe Volley (Dinamarca)<\/a> \u2013 Matilde Cerqueira<\/p>\n<p>(&#8230;)<\/p>\n<p><span style=\"text-decoration: underline;\"><span class=\"auto-style7\"><strong>Treinadores\/Scouters<\/strong><\/span><\/span>:<br \/>\n<a href=\"https:\/\/www.facebook.com\/toursvolleyball\">Tours VB (Fran\u00e7a)<\/a> \u2013 David Sousa<br \/>\n<a href=\"https:\/\/www.volleymulhousealsace.fr\/equipe-pro\/composition\/\">Volley Mulhouse Alsace (Fran\u00e7a)<\/a> \u2013 Andr\u00e9 S\u00e1<br \/>\n<a href=\"https:\/\/praiaclube.org.br\/dentil-praia-clube\/\">Dentil Praia Clube (Brasil)<\/a> \u2013 Rui Moreira<br \/>\n<a href=\"https:\/\/cantera.haris.es\/es\">Club Voleibol Haris (CV Tenerife Libby&#8217;s La Laguna \/ Espanha)<\/a> \u2013 Ricardo Lemos<br \/>\n<a href=\"https:\/\/volleyluzern.ch\/leistungssport\/damennl?b=1002373&amp;c=GD1000018&amp;s=djEtbTal9p4VVhMe131XEMJ_U9o1cNNfe0zxan71wdQHJDI=\">Volley Luzern (Su\u00ed\u00e7a)<\/a> \u2013 Filipe Carrasco Soares<br \/>\n<a style=\"color: #001b2e;\" href=\"https:\/\/www.volerolecannet.fr\/fr\/\">Volero Le Cannet (Fran\u00e7a)<\/a>\u00a0\u2013 H\u00e9lder Louren\u00e7o<br \/>\n<a href=\"https:\/\/www.facebook.com\/Cork-Volleyball-Academy-100484505416947\/\">Cork Volleyball Academy (Irlanda)<\/a> \u2013 Ant\u00f3nio Barros<br \/>\n<a style=\"color: #001b2e;\" href=\"http:\/\/bvc-volei.org\/site\/\">Barueri Volleyball Club (Brasil)<\/a>\u00a0\u2013 Bruno Leite<\/p>\n<p style=\"text-align: center;\"><strong>Supervisores e \u00e1rbitros portugueses em ac\u00e7\u00e3o<br \/>\nnas competi\u00e7\u00f5es internacionais<\/strong><\/p>\n<p><strong>Leonel Salgueiro<\/strong><br \/>\nPresidente do J\u00fari do Campeonato da Europa 2026 &#8211; Seniores Masculinos, de 15 de Setembro a 15 de Outubro.<\/p>\n<p><strong>Teodemiro Carvalho<\/strong><br \/>\nSupervisor CEV no Megabox group Vallefoglia (It\u00e1lia) x KHG Kaposv\u00e1ri NRC (Hungria), das meias-finais da Challenge Cup &#8211; femininos, no dia 25 de fevereiro.<\/p>\n<p><strong>Nuno Teixeira<\/strong><br \/>\nAlterna SPVB Poitiers (Fran\u00e7a) x VfB Friedrichshafen (Alemanha), dos Playoffs da Ta\u00e7a CEV &#8211; masculinos, no dia 18 de fevereiro.<br \/>\nReale Mutua Fenera Chieri&#8217;76 (It\u00e1lia) x PGE Budowlani Lodz (Pol\u00f3nia), dos quartos-de-final da Ta\u00e7a CEV &#8211; femininos, no dia 25 de fevereiro.<\/p>\n<p><strong>Raquel Portela<\/strong><br \/>\nEczacibasi Dynavit Istanbul (Turquia) x KS Developres Rzesz\u00f3w (Pol\u00f3nia), dos quartos-de-final da Liga dos Campe\u00f5es &#8211; femininos, no dia 10, 11 ou 12 de mar\u00e7o.<\/p>\n<p><strong>Sofia Costa<\/strong><br \/>\nPanathinaikos Athens (Gr\u00e9cia) x GS Panionios Nea Smyrni (Gr\u00e9cia), das meias-finais da Challenge Cup &#8211; femininos, no dia 19 de fevereiro.<\/p>\n<p><strong>Ricardo Ferreira<br \/>\n<\/strong>Volley Haasrode Leuven (B\u00e9lgica) x Montpellier (Fran\u00e7a), da Pool E da Liga dos Campe\u00f5es masculinos, no dia 18 de fevereiro.<\/p>\n<p><strong>Jos\u00e9 Caramez<br \/>\n<\/strong>Pool C da 2.\u00aa Ronda de Qualifica\u00e7\u00e3o para o Campeonato de Sub-18 Femininos, em Espanha, de 27 a 29 de mar\u00e7o.<\/p>\n<p style=\"text-align: center;\"><strong>Voleibol de Praia<\/strong><\/p>\n<p><strong>Sandra Deveza<\/strong><br \/>\nBeach Pro Tour Challenge Bhubaneswar, na \u00cdndia, de 4 a 8 de mar\u00e7o.<\/p>\n<p><strong>Rui Carvalho<\/strong><br \/>\nBeach Pro Tour BPT Elite Jo\u00e3o Pessoa, no Brasil, de 11 a 15 de mar\u00e7o.<\/p>\n<p style=\"text-align: center;\">Mais informa\u00e7\u00f5es em\u00a0<a href=\"http:\/\/www.cev.eu\/\">cev.eu<\/a><\/p>\n","protected":false},"excerpt":{"rendered":"<p>Os belgas do Lindemans Aalst, de Nuno Marques, apuraram-se para as meias-finais da Challenge Cup ao vencerem, novamente pela margem m\u00ednima (3-2: 25-20, 25-21, 19-25, 23-25 e 15-12), os gregos [&hellip;]<\/p>\n","protected":false},"author":2,"featured_media":43478,"comment_status":"open","ping_status":"open","sticky":false,"template":"","format":"standard","meta":{"_monsterinsights_skip_tracking":false,"_monsterinsights_sitenote_active":false,"_monsterinsights_sitenote_note":"","_monsterinsights_sitenote_category":0,"footnotes":""},"categories":[13,8],"tags":[],"class_list":{"0":"post-45583","1":"post","2":"type-post","3":"status-publish","4":"format-standard","5":"has-post-thumbnail","7":"category-arbitragem","8":"category-voleibol","9":"czr-hentry"},"aioseo_notices":[],"_links":{"self":[{"href":"https:\/\/fpvoleibol.pt\/fpv\/wp-json\/wp\/v2\/posts\/45583","targetHints":{"allow":["GET"]}}],"collection":[{"href":"https:\/\/fpvoleibol.pt\/fpv\/wp-json\/wp\/v2\/posts"}],"about":[{"href":"https:\/\/fpvoleibol.pt\/fpv\/wp-json\/wp\/v2\/types\/post"}],"author":[{"embeddable":true,"href":"https:\/\/fpvoleibol.pt\/fpv\/wp-json\/wp\/v2\/users\/2"}],"replies":[{"embeddable":true,"href":"https:\/\/fpvoleibol.pt\/fpv\/wp-json\/wp\/v2\/comments?post=45583"}],"version-history":[{"count":9,"href":"https:\/\/fpvoleibol.pt\/fpv\/wp-json\/wp\/v2\/posts\/45583\/revisions"}],"predecessor-version":[{"id":45596,"href":"https:\/\/fpvoleibol.pt\/fpv\/wp-json\/wp\/v2\/posts\/45583\/revisions\/45596"}],"wp:featuredmedia":[{"embeddable":true,"href":"https:\/\/fpvoleibol.pt\/fpv\/wp-json\/wp\/v2\/media\/43478"}],"wp:attachment":[{"href":"https:\/\/fpvoleibol.pt\/fpv\/wp-json\/wp\/v2\/media?parent=45583"}],"wp:term":[{"taxonomy":"category","embeddable":true,"href":"https:\/\/fpvoleibol.pt\/fpv\/wp-json\/wp\/v2\/categories?post=45583"},{"taxonomy":"post_tag","embeddable":true,"href":"https:\/\/fpvoleibol.pt\/fpv\/wp-json\/wp\/v2\/tags?post=45583"}],"curies":[{"name":"wp","href":"https:\/\/api.w.org\/{rel}","templated":true}]}}